{"id":295080,"date":"2026-01-26T11:39:51","date_gmt":"2026-01-26T08:39:51","guid":{"rendered":"https:\/\/www.tgrthaber.com\/mavikadin\/?p=295080"},"modified":"2026-01-26T11:39:52","modified_gmt":"2026-01-26T08:39:52","slug":"merve-eryigit-kimdir-kac-yasinda-merve-eryigit-meslegi-nedir","status":"publish","type":"post","link":"https:\/\/www.tgrthaber.com\/mavikadin\/merve-eryigit-kimdir-kac-yasinda-merve-eryigit-meslegi-nedir\/","title":{"rendered":"Merve Eryi\u011fit kimdir ka\u00e7 ya\u015f\u0131nda? Merve Eryi\u011fit mesle\u011fi nedir?"},"content":{"rendered":"<p>\u00dcnl\u00fc isimlere y\u00f6nelik yap\u0131lan soru\u015fturma kapsam\u0131nda dikkatleri \u00fczerine \u00e7eken Merve Eryi\u011fit, hayat\u0131yla merak edildi. Arama motorlar\u0131nda Merve Eryi\u011fit hakk\u0131nda merak edilenler ara\u015ft\u0131r\u0131lmaya ba\u015fland\u0131. Peki, Merve Eryi\u011fit <a href=\"https:\/\/www.tgrthaber.com\/mavikadin\/bilal-hanci-kimdir-kac-yasinda-bilal-hanci-ve-esi-neden-ayrildi\/\">kimdir<\/a> ka\u00e7 ya\u015f\u0131nda? Merve Eryi\u011fit mesle\u011fi nedir? sorular\u0131n\u0131 sizin i\u00e7in ara\u015ft\u0131rd\u0131k. \u0130\u015fte detaylar\u2026<\/p>\n<h3>MERVE ERY\u0130\u011e\u0130T K\u0130MD\u0130R?<\/h3>\n<p>Kamuoyunda merakla takip edilen isimlerden biri olan Merve Eryi\u011fit, hayat\u0131yla merak edildi. \u0130stanbul\u2019da d\u00fczenlenen operasyon kapsam\u0131nda g\u00f6zalt\u0131na al\u0131nan Merve Eryi\u011fit, dikkatleri \u00fczerine \u00e7ekti. Yasakl\u0131 madde soru\u015fturmas\u0131yla g\u00f6zalt\u0131na al\u0131nan 23 \u015f\u00fcpheli hakk\u0131nda i\u015flem yap\u0131l\u0131rken Merve Eryi\u011fit hakk\u0131nda da g\u00f6zalt\u0131 karar\u0131 bulunuyordu.<\/p>\n<p><img loading=\"lazy\" decoding=\"async\" class=\"alignnone size-full wp-image-295088\" src=\"https:\/\/www.tgrthaber.com\/mavikadin\/wp-content\/uploads\/2026\/01\/merve-eryigit-2.jpg\" alt=\"Merve Eryi\u011fit kimdir ka\u00e7 ya\u015f\u0131nda? Merve Eryi\u011fit mesle\u011fi nedir?\" width=\"1208\" height=\"680\" title=\"\" srcset=\"https:\/\/www.tgrthaber.com\/mavikadin\/wp-content\/uploads\/2026\/01\/merve-eryigit-2.jpg 1208w, https:\/\/www.tgrthaber.com\/mavikadin\/wp-content\/uploads\/2026\/01\/merve-eryigit-2-300x169.jpg 300w, https:\/\/www.tgrthaber.com\/mavikadin\/wp-content\/uploads\/2026\/01\/merve-eryigit-2-1024x576.jpg 1024w, https:\/\/www.tgrthaber.com\/mavikadin\/wp-content\/uploads\/2026\/01\/merve-eryigit-2-768x432.jpg 768w\" sizes=\"(max-width: 1208px) 100vw, 1208px\" \/><\/p>\n<hr \/>\n<p>Merve Eryi\u011fit hayat\u0131yla merak edilirken, kamuoyunda kendisi hakk\u0131nda detayl\u0131 bilgiler bulunmuyor. Okudu\u011fu okullar ya da hayat\u0131yla ilgili bir bilgi bulunmayan Merve Eryi\u011fit, soru\u015fturma kapsam\u0131nda g\u00f6zalt\u0131na al\u0131nan ki\u015filerden biri oldu.<\/p>\n<h3><img loading=\"lazy\" decoding=\"async\" class=\"alignnone size-full wp-image-295093\" src=\"https:\/\/www.tgrthaber.com\/mavikadin\/wp-content\/uploads\/2026\/01\/merve-eryigit-7.jpg\" alt=\"Merve Eryi\u011fit kimdir ka\u00e7 ya\u015f\u0131nda? Merve Eryi\u011fit mesle\u011fi nedir?\" width=\"1208\" height=\"680\" title=\"\" srcset=\"https:\/\/www.tgrthaber.com\/mavikadin\/wp-content\/uploads\/2026\/01\/merve-eryigit-7.jpg 1208w, https:\/\/www.tgrthaber.com\/mavikadin\/wp-content\/uploads\/2026\/01\/merve-eryigit-7-300x169.jpg 300w, https:\/\/www.tgrthaber.com\/mavikadin\/wp-content\/uploads\/2026\/01\/merve-eryigit-7-1024x576.jpg 1024w, https:\/\/www.tgrthaber.com\/mavikadin\/wp-content\/uploads\/2026\/01\/merve-eryigit-7-768x432.jpg 768w\" sizes=\"(max-width: 1208px) 100vw, 1208px\" \/><\/h3>\n<hr \/>\n<h3>MERVE ERY\u0130\u011e\u0130T KA\u00c7 YA\u015eINDA?<\/h3>\n<p>Merve Eryi\u011fit ka\u00e7 ya\u015f\u0131nda? sorusu da merak edilirken konu hakk\u0131nda kamuoyunda detayl\u0131 bir bilgi bulunmuyor. Merve Eryi\u011fit hakk\u0131nda sosyal medyada yer alan isimlerden biri oldu\u011fu kamuoyunda yazan bilgiler aras\u0131nda yer al\u0131yor.<\/p>\n<p><img loading=\"lazy\" decoding=\"async\" class=\"alignnone size-full wp-image-295092\" src=\"https:\/\/www.tgrthaber.com\/mavikadin\/wp-content\/uploads\/2026\/01\/merve-eryigit-6.jpg\" alt=\"Merve Eryi\u011fit kimdir ka\u00e7 ya\u015f\u0131nda? Merve Eryi\u011fit mesle\u011fi nedir?\" width=\"1208\" height=\"680\" title=\"\" srcset=\"https:\/\/www.tgrthaber.com\/mavikadin\/wp-content\/uploads\/2026\/01\/merve-eryigit-6.jpg 1208w, https:\/\/www.tgrthaber.com\/mavikadin\/wp-content\/uploads\/2026\/01\/merve-eryigit-6-300x169.jpg 300w, https:\/\/www.tgrthaber.com\/mavikadin\/wp-content\/uploads\/2026\/01\/merve-eryigit-6-1024x576.jpg 1024w, https:\/\/www.tgrthaber.com\/mavikadin\/wp-content\/uploads\/2026\/01\/merve-eryigit-6-768x432.jpg 768w\" sizes=\"(max-width: 1208px) 100vw, 1208px\" \/><\/p>\n<hr \/>\n<p>Merve Eryi\u011fit\u2019in do\u011fum y\u0131l\u0131 ve do\u011fum yeri bilinmedi\u011finden ka\u00e7 ya\u015f\u0131nda ya da nereli sorular\u0131na kamuoyunda yan\u0131t bulunamad\u0131. \u0130stanbul, \u0130zmir, Denizli ve Mu\u011fla\u2019da e\u015f zamanl\u0131 olarak d\u00fczenlenen operasyonla g\u00f6zalt\u0131na al\u0131nan ki\u015filer aras\u0131nda yer alan Merve Eryi\u011fit, ifadesine verdi\u011fi ek ifadeyle dikkatleri \u00fczerine \u00e7ekti.<\/p>\n<h3><img loading=\"lazy\" decoding=\"async\" class=\"alignnone size-full wp-image-295089\" src=\"https:\/\/www.tgrthaber.com\/mavikadin\/wp-content\/uploads\/2026\/01\/merve-eryigit-3.jpg\" alt=\"Merve Eryi\u011fit kimdir ka\u00e7 ya\u015f\u0131nda? Merve Eryi\u011fit mesle\u011fi nedir?\" width=\"1208\" height=\"680\" title=\"\" srcset=\"https:\/\/www.tgrthaber.com\/mavikadin\/wp-content\/uploads\/2026\/01\/merve-eryigit-3.jpg 1208w, https:\/\/www.tgrthaber.com\/mavikadin\/wp-content\/uploads\/2026\/01\/merve-eryigit-3-300x169.jpg 300w, https:\/\/www.tgrthaber.com\/mavikadin\/wp-content\/uploads\/2026\/01\/merve-eryigit-3-1024x576.jpg 1024w, https:\/\/www.tgrthaber.com\/mavikadin\/wp-content\/uploads\/2026\/01\/merve-eryigit-3-768x432.jpg 768w\" sizes=\"(max-width: 1208px) 100vw, 1208px\" \/><\/h3>\n<hr \/>\n<h3>MERVE ERY\u0130\u011e\u0130T\u2019\u0130N MESLE\u011e\u0130 NE?<\/h3>\n<p>\u00dcnl\u00fc isimlere yap\u0131lan yasakl\u0131 madde operasyonlar\u0131 dikkatleri \u00fczerine \u00e7ekerek g\u00fcndem olmaya devam ediyor. G\u00f6zalt\u0131na al\u0131narak dikkatleri \u00fczerine \u00e7eken Merve Eryi\u011fit, ek ifadesiyle g\u00fcndemdeki yerini ald\u0131. Merve Eryi\u011fit\u2019in mesle\u011fi de merak edilen sorular aras\u0131nda yer ald\u0131.<\/p>\n<p><img loading=\"lazy\" decoding=\"async\" class=\"alignnone size-full wp-image-295090\" src=\"https:\/\/www.tgrthaber.com\/mavikadin\/wp-content\/uploads\/2026\/01\/merve-eryigit-4.jpg\" alt=\"Merve Eryi\u011fit kimdir ka\u00e7 ya\u015f\u0131nda? Merve Eryi\u011fit mesle\u011fi nedir?\" width=\"1208\" height=\"680\" title=\"\" srcset=\"https:\/\/www.tgrthaber.com\/mavikadin\/wp-content\/uploads\/2026\/01\/merve-eryigit-4.jpg 1208w, https:\/\/www.tgrthaber.com\/mavikadin\/wp-content\/uploads\/2026\/01\/merve-eryigit-4-300x169.jpg 300w, https:\/\/www.tgrthaber.com\/mavikadin\/wp-content\/uploads\/2026\/01\/merve-eryigit-4-1024x576.jpg 1024w, https:\/\/www.tgrthaber.com\/mavikadin\/wp-content\/uploads\/2026\/01\/merve-eryigit-4-768x432.jpg 768w\" sizes=\"(max-width: 1208px) 100vw, 1208px\" \/><\/p>\n<hr \/>\n<p>Ancak Merve Eryi\u011fit\u2019in mesle\u011fine dair bilgiler kamuoyunda bulunmuyor. Sosyal medyada ve g\u00fcndem de merak edilerek ara\u015ft\u0131r\u0131lan ki\u015filerden biri olan Merve Eryi\u011fit, g\u00fcndeme bomba gibi d\u00fc\u015fen a\u00e7\u0131klamalar\u0131yla g\u00fcn\u00fcn en \u00e7ok merak edileni oldu.<\/p>\n<p><img loading=\"lazy\" decoding=\"async\" class=\"alignnone size-full wp-image-295087\" src=\"https:\/\/www.tgrthaber.com\/mavikadin\/wp-content\/uploads\/2026\/01\/merve-eryigit-1.jpg\" alt=\"Merve Eryi\u011fit kimdir ka\u00e7 ya\u015f\u0131nda? Merve Eryi\u011fit mesle\u011fi nedir?\" width=\"1208\" height=\"680\" title=\"\" srcset=\"https:\/\/www.tgrthaber.com\/mavikadin\/wp-content\/uploads\/2026\/01\/merve-eryigit-1.jpg 1208w, https:\/\/www.tgrthaber.com\/mavikadin\/wp-content\/uploads\/2026\/01\/merve-eryigit-1-300x169.jpg 300w, https:\/\/www.tgrthaber.com\/mavikadin\/wp-content\/uploads\/2026\/01\/merve-eryigit-1-1024x576.jpg 1024w, https:\/\/www.tgrthaber.com\/mavikadin\/wp-content\/uploads\/2026\/01\/merve-eryigit-1-768x432.jpg 768w\" sizes=\"(max-width: 1208px) 100vw, 1208px\" \/><\/p>\n<hr \/>\n<p>Kamuoyunda Merve Eryi\u011fit hakk\u0131nda detayl\u0131 bilgiler bulunmazken, g\u00fcndemde merak edilerek ara\u015ft\u0131ran ki\u015filer aras\u0131nda yer al\u0131yor. Ancak kendisi hakk\u0131nda detayl\u0131 bir bilgi bulunmuyor<\/p>\n","protected":false},"excerpt":{"rendered":"<p>\u0130stanbul\u2019da d\u00fczenlenen soru\u015fturma kapsam\u0131nda g\u00f6zalt\u0131na al\u0131nan Merve Eryi\u011fit, hayat\u0131yla merak edildi. Peki, Merve Eryi\u011fit kimdir ka\u00e7 ya\u015f\u0131nda? Merve Eryi\u011fit mesle\u011fi nedir? \u0130\u015fte detaylar\u2026<\/p>\n","protected":false},"author":34,"featured_media":295091,"comment_status":"closed","ping_status":"closed","sticky":false,"template":"","format":"standard","meta":{"rank_math_lock_modified_date":false,"footnotes":""},"categories":[491],"tags":[16521,133,71460,71461],"class_list":["post-295080","post","type-post","status-publish","format-standard","has-post-thumbnail","hentry","category-biyografi","tag-biyografi-haberleri","tag-magazin","tag-merve-eryigit","tag-merve-eryigit-kimdir"],"_links":{"self":[{"href":"https:\/\/www.tgrthaber.com\/mavikadin\/wp-json\/wp\/v2\/posts\/295080"}],"collection":[{"href":"https:\/\/www.tgrthaber.com\/mavikadin\/wp-json\/wp\/v2\/posts"}],"about":[{"href":"https:\/\/www.tgrthaber.com\/mavikadin\/wp-json\/wp\/v2\/types\/post"}],"author":[{"embeddable":true,"href":"https:\/\/www.tgrthaber.com\/mavikadin\/wp-json\/wp\/v2\/users\/34"}],"replies":[{"embeddable":true,"href":"https:\/\/www.tgrthaber.com\/mavikadin\/wp-json\/wp\/v2\/comments?post=295080"}],"version-history":[{"count":2,"href":"https:\/\/www.tgrthaber.com\/mavikadin\/wp-json\/wp\/v2\/posts\/295080\/revisions"}],"predecessor-version":[{"id":295095,"href":"https:\/\/www.tgrthaber.com\/mavikadin\/wp-json\/wp\/v2\/posts\/295080\/revisions\/295095"}],"wp:featuredmedia":[{"embeddable":true,"href":"https:\/\/www.tgrthaber.com\/mavikadin\/wp-json\/wp\/v2\/media\/295091"}],"wp:attachment":[{"href":"https:\/\/www.tgrthaber.com\/mavikadin\/wp-json\/wp\/v2\/media?parent=295080"}],"wp:term":[{"taxonomy":"category","embeddable":true,"href":"https:\/\/www.tgrthaber.com\/mavikadin\/wp-json\/wp\/v2\/categories?post=295080"},{"taxonomy":"post_tag","embeddable":true,"href":"https:\/\/www.tgrthaber.com\/mavikadin\/wp-json\/wp\/v2\/tags?post=295080"}],"curies":[{"name":"wp","href":"https:\/\/api.w.org\/{rel}","templated":true}]}}