{"id":295096,"date":"2026-01-26T11:52:46","date_gmt":"2026-01-26T08:52:46","guid":{"rendered":"https:\/\/www.tgrthaber.com\/mavikadin\/?p=295096"},"modified":"2026-01-26T11:52:47","modified_gmt":"2026-01-26T08:52:47","slug":"galatasaray-marsini-yasemin-sakallioglu-mu-yapti-yasemin-sakallioglundan-bomba-galatasaray-itiraflari","status":"publish","type":"post","link":"https:\/\/www.tgrthaber.com\/mavikadin\/galatasaray-marsini-yasemin-sakallioglu-mu-yapti-yasemin-sakallioglundan-bomba-galatasaray-itiraflari\/","title":{"rendered":"Galatasaray mar\u015f\u0131n\u0131 Yasemin Sakall\u0131o\u011flu mu yapt\u0131? Yasemin Sakall\u0131o\u011flu\u2019ndan bomba Galatasaray itiraflar\u0131"},"content":{"rendered":"<p>\u00dcnl\u00fc komedyen ki\u015fili\u011fiyle ad\u0131ndan s\u00f6z ettiren <a href=\"https:\/\/www.tgrthaber.com\/mavikadin\/yasemin-sakallioglundan-altin-kelebek-itirafi-sahneye-terapi-alip-ciktim-konusmami-tek-bir-isme-bakarak-yaptim\/\">Yasemin Sakall\u0131o\u011flu<\/a>, ge\u00e7ti\u011fimiz y\u0131l may\u0131s ay\u0131nda d\u00fczenlenen Galatasaray kutlamalar\u0131nda sunucu olarak sahnede yer alm\u0131\u015ft\u0131. Birbirinden ba\u015far\u0131l\u0131 sanat\u00e7\u0131lar\u0131n kat\u0131l\u0131m\u0131yla ger\u00e7ekle\u015fen unutulmaz gecede Galatasaray\u2019\u0131n 25. \u015fampiyonluk kutlamas\u0131 ya\u015fanm\u0131\u015ft\u0131. Geceye damga vuranlar aras\u0131nda Galatasaray mar\u015f\u0131 da vard\u0131. Galatasaray\u2019\u0131n \u015fampiyonluk kutlamalar\u0131nda sunuculuk yapan Yasemin Sakall\u0131o\u011flu\u2019nun Galatasaray mar\u015f\u0131n\u0131 kendi yaz\u0131p yazmad\u0131\u011f\u0131 merak edildi. Peki, Galatasaray mar\u015f\u0131n\u0131 Yasemin Sakall\u0131o\u011flu mu yapt\u0131? Yasemin Sakall\u0131o\u011flu, kat\u0131ld\u0131\u011f\u0131 programda bomba Galatasaray itiraflar\u0131nda bulundu. \u0130\u015fte Yasemin Sakall\u0131o\u011flu\u2019ndan samimi a\u00e7\u0131klamalar\u2026<\/p>\n<h3>GALATASARAY MAR\u015eINI YASEM\u0130N SAKALLIO\u011eLU MU YAPTI?<\/h3>\n<p>Galatasaray\u2019\u0131n ge\u00e7ti\u011fimiz y\u0131l may\u0131s ay\u0131nda Yenikap\u0131\u2019da ger\u00e7ekle\u015fen \u015fampiyonluk kutlamalar\u0131nda <a href=\"https:\/\/www.tgrthaber.com\/mavikadin\/yasemin-sakallioglunun-antalyadaki-gosterisine-binlerce-kisi-akin-etti-unlu-komedyen-40-derece-sicakta-3-kilo-verdi\/\">Yasemin Sakall\u0131o\u011flu<\/a>, sunuculuk yapm\u0131\u015ft\u0131. Ba\u015far\u0131l\u0131 komedyen ki\u015fili\u011fiyle dikkatleri \u00fczerine \u00e7eken Sakall\u0131o\u011flu, unutulmaz bir geceye imza atm\u0131\u015ft\u0131. Ayn\u0131 zamanda mar\u015f performans\u0131yla da g\u00fcndeme gelen \u00fcnl\u00fc komedyen, bir s\u00fcre g\u00fcndemden d\u00fc\u015fmemi\u015fti.<\/p>\n<p><img loading=\"lazy\" decoding=\"async\" class=\"size-full wp-image-295098\" src=\"https:\/\/www.tgrthaber.com\/mavikadin\/wp-content\/uploads\/2026\/01\/Yasemin-Sakallioglu-Galatasaray-2.jpg\" alt=\"Galatasaray mar\u015f\u0131n\u0131 Yasemin Sakall\u0131o\u011flu mu yapt\u0131? Yasemin Sakall\u0131o\u011flu\u2019ndan bomba Galatasaray itiraflar\u0131\" width=\"1208\" height=\"680\" title=\"\" srcset=\"https:\/\/www.tgrthaber.com\/mavikadin\/wp-content\/uploads\/2026\/01\/Yasemin-Sakallioglu-Galatasaray-2.jpg 1208w, https:\/\/www.tgrthaber.com\/mavikadin\/wp-content\/uploads\/2026\/01\/Yasemin-Sakallioglu-Galatasaray-2-300x169.jpg 300w, https:\/\/www.tgrthaber.com\/mavikadin\/wp-content\/uploads\/2026\/01\/Yasemin-Sakallioglu-Galatasaray-2-1024x576.jpg 1024w, https:\/\/www.tgrthaber.com\/mavikadin\/wp-content\/uploads\/2026\/01\/Yasemin-Sakallioglu-Galatasaray-2-768x432.jpg 768w\" sizes=\"(max-width: 1208px) 100vw, 1208px\" \/><\/p>\n<hr \/>\n<p>Galatasaray\u2019\u0131n \u015fampiyonluk kutlamalarnda mar\u015f performans\u0131yla g\u00fcndeme gelen Yasemin Sakall\u0131o\u011flu\u2019nun Galatasaray mar\u015f\u0131n\u0131 kendi yaz\u0131p yazmad\u0131\u011f\u0131 merak edildi. \u00dcnl\u00fc komedyen, Galatasaray mar\u015f\u0131n\u0131 kendisi yazd\u0131\u011f\u0131n\u0131 itiraf etti. Galatasaray kutlamalar\u0131yla ilgili ilk kez konu\u015fan Sakall\u0131o\u011flu, Adem Metan&#8217;\u0131n YouTube kanal\u0131ndaki Peki Sonra? program\u0131na konuk oldu.<\/p>\n<p><img loading=\"lazy\" decoding=\"async\" class=\"size-full wp-image-295105\" src=\"https:\/\/www.tgrthaber.com\/mavikadin\/wp-content\/uploads\/2026\/01\/Yasemin-Sakallioglu-Galatasaray-9.jpg\" alt=\"Galatasaray mar\u015f\u0131n\u0131 Yasemin Sakall\u0131o\u011flu mu yapt\u0131? Yasemin Sakall\u0131o\u011flu\u2019ndan bomba Galatasaray itiraflar\u0131\" width=\"1208\" height=\"680\" title=\"\" srcset=\"https:\/\/www.tgrthaber.com\/mavikadin\/wp-content\/uploads\/2026\/01\/Yasemin-Sakallioglu-Galatasaray-9.jpg 1208w, https:\/\/www.tgrthaber.com\/mavikadin\/wp-content\/uploads\/2026\/01\/Yasemin-Sakallioglu-Galatasaray-9-300x169.jpg 300w, https:\/\/www.tgrthaber.com\/mavikadin\/wp-content\/uploads\/2026\/01\/Yasemin-Sakallioglu-Galatasaray-9-1024x576.jpg 1024w, https:\/\/www.tgrthaber.com\/mavikadin\/wp-content\/uploads\/2026\/01\/Yasemin-Sakallioglu-Galatasaray-9-768x432.jpg 768w\" sizes=\"(max-width: 1208px) 100vw, 1208px\" \/><\/p>\n<hr \/>\n<p>Konuk oldu\u011fu programda dikkat \u00e7eken a\u00e7\u0131klamalarda bulunan Yasemin Sakall\u0131o\u011flu, samimi itiraflar\u0131yla da herkesi g\u00fcld\u00fcrd\u00fc. Galatasaray mar\u015f\u0131n\u0131 kendisinin besteledi\u011fini dile getiren \u00fcnl\u00fc komedyen, \u201cBeni organizasyondan 1,5 g\u00fcn \u00f6nce arad\u0131lar ve be\u015f dakika i\u00e7inde yan\u0131t beklediler. Yenikap\u0131\u2019ya gittim, elimde k\u00e2\u011f\u0131t bile yoktu. Hi\u00e7 kimseyi ele\u015ftirmiyorum; organizasyon \u00e7ok aceleye gelmi\u015fti\u201d \u015feklinde konu\u015ftu.<\/p>\n<p><img loading=\"lazy\" decoding=\"async\" class=\"size-full wp-image-295100\" src=\"https:\/\/www.tgrthaber.com\/mavikadin\/wp-content\/uploads\/2026\/01\/Yasemin-Sakallioglu-Galatasaray-4.jpg\" alt=\"Galatasaray mar\u015f\u0131n\u0131 Yasemin Sakall\u0131o\u011flu mu yapt\u0131? Yasemin Sakall\u0131o\u011flu\u2019ndan bomba Galatasaray itiraflar\u0131\" width=\"1208\" height=\"680\" title=\"\" srcset=\"https:\/\/www.tgrthaber.com\/mavikadin\/wp-content\/uploads\/2026\/01\/Yasemin-Sakallioglu-Galatasaray-4.jpg 1208w, https:\/\/www.tgrthaber.com\/mavikadin\/wp-content\/uploads\/2026\/01\/Yasemin-Sakallioglu-Galatasaray-4-300x169.jpg 300w, https:\/\/www.tgrthaber.com\/mavikadin\/wp-content\/uploads\/2026\/01\/Yasemin-Sakallioglu-Galatasaray-4-1024x576.jpg 1024w, https:\/\/www.tgrthaber.com\/mavikadin\/wp-content\/uploads\/2026\/01\/Yasemin-Sakallioglu-Galatasaray-4-768x432.jpg 768w\" sizes=\"(max-width: 1208px) 100vw, 1208px\" \/><\/p>\n<hr \/>\n<p>Okudu\u011fu Galatasaray mar\u015f\u0131n\u0131 bir g\u00fcn \u00f6nce kendisinin besteledi\u011fini belirten Yasemin Sakall\u0131o\u011flu, \u201cMar\u015f\u0131 ilk okudu\u011fumda taraftarlar \u00e7ok sevdi, bir daha diye tezah\u00fcrat yapt\u0131. \u0130kinci kez okudum. \u0130\u015fte ikinci kez okudu\u011fumda organizasyon oraya borozan sesi koymu\u015f. Haliyle sosyal medyada b\u00f6yle yay\u0131mlanm\u0131\u015f oldu.\u201d ifadelerine yer verdi.<\/p>\n<p><img loading=\"lazy\" decoding=\"async\" class=\"size-full wp-image-295107\" src=\"https:\/\/www.tgrthaber.com\/mavikadin\/wp-content\/uploads\/2026\/01\/Yasemin-Sakallioglu-Galatasaray-11.jpg\" alt=\"Galatasaray mar\u015f\u0131n\u0131 Yasemin Sakall\u0131o\u011flu mu yapt\u0131? Yasemin Sakall\u0131o\u011flu\u2019ndan bomba Galatasaray itiraflar\u0131\" width=\"1208\" height=\"680\" title=\"\" srcset=\"https:\/\/www.tgrthaber.com\/mavikadin\/wp-content\/uploads\/2026\/01\/Yasemin-Sakallioglu-Galatasaray-11.jpg 1208w, https:\/\/www.tgrthaber.com\/mavikadin\/wp-content\/uploads\/2026\/01\/Yasemin-Sakallioglu-Galatasaray-11-300x169.jpg 300w, https:\/\/www.tgrthaber.com\/mavikadin\/wp-content\/uploads\/2026\/01\/Yasemin-Sakallioglu-Galatasaray-11-1024x576.jpg 1024w, https:\/\/www.tgrthaber.com\/mavikadin\/wp-content\/uploads\/2026\/01\/Yasemin-Sakallioglu-Galatasaray-11-768x432.jpg 768w\" sizes=\"(max-width: 1208px) 100vw, 1208px\" \/><\/p>\n<hr \/>\n<h3>YASEM\u0130N SAKALLIO\u011eLU\u2019NDAN BOMBA GALATASARAY \u0130T\u0130RAFLARI!<\/h3>\n<p>Adem Metan&#8217;\u0131n Peki Sonra? Adl\u0131 YouTube program\u0131na konuk olan <a href=\"https:\/\/www.tgrthaber.com\/mavikadin\/yasemin-sakallioglundan-alkislanacak-hareket-hayranina-buyuk-jest-yapti\/?p=2\">Yasemin Sakall\u0131o\u011flu<\/a>, bomba Galatasaray itiraflar\u0131nda bulundu. Yazd\u0131\u011f\u0131 Galatasaray mar\u015f\u0131n\u0131n g\u00fczel oldu\u011funu fakat k\u00f6t\u00fc okudu\u011funu belirten \u00fcnl\u00fc komedyen \u015fu \u015fekilde konu\u015ftu:<\/p>\n<p><img loading=\"lazy\" decoding=\"async\" class=\"size-full wp-image-295106\" src=\"https:\/\/www.tgrthaber.com\/mavikadin\/wp-content\/uploads\/2026\/01\/Yasemin-Sakallioglu-Galatasaray-10.jpg\" alt=\"Galatasaray mar\u015f\u0131n\u0131 Yasemin Sakall\u0131o\u011flu mu yapt\u0131? Yasemin Sakall\u0131o\u011flu\u2019ndan bomba Galatasaray itiraflar\u0131\" width=\"1208\" height=\"680\" title=\"\" srcset=\"https:\/\/www.tgrthaber.com\/mavikadin\/wp-content\/uploads\/2026\/01\/Yasemin-Sakallioglu-Galatasaray-10.jpg 1208w, https:\/\/www.tgrthaber.com\/mavikadin\/wp-content\/uploads\/2026\/01\/Yasemin-Sakallioglu-Galatasaray-10-300x169.jpg 300w, https:\/\/www.tgrthaber.com\/mavikadin\/wp-content\/uploads\/2026\/01\/Yasemin-Sakallioglu-Galatasaray-10-1024x576.jpg 1024w, https:\/\/www.tgrthaber.com\/mavikadin\/wp-content\/uploads\/2026\/01\/Yasemin-Sakallioglu-Galatasaray-10-768x432.jpg 768w\" sizes=\"(max-width: 1208px) 100vw, 1208px\" \/><\/p>\n<hr \/>\n<p>\u201cBen yazd\u0131\u011f\u0131m s\u00f6zlerin, mar\u015f\u0131m\u0131n arkas\u0131nday\u0131m. G\u00fczel bir mar\u015f yazd\u0131m, \u00e7ok k\u00f6t\u00fc okudum. Ses sisteminin acizli\u011fine u\u011frad\u0131m. Ben sunucu de\u011filim komedyenim. Benden bir \u015fey rica ettiler ben de gittim. Yine olsun yine giderim. Ben Galatasaray&#8217;\u0131 seviyorum. Galatasaray taraftar\u0131n\u0131, futbolcular\u0131n\u0131, ailesini seviyorum. Bu konuyu ilk defa a\u00e7\u0131kl\u0131yorum. Bana haks\u0131zl\u0131k yap\u0131ld\u0131 biraz.\u201d<\/p>\n<p><img loading=\"lazy\" decoding=\"async\" class=\"size-full wp-image-295103\" src=\"https:\/\/www.tgrthaber.com\/mavikadin\/wp-content\/uploads\/2026\/01\/Yasemin-Sakallioglu-Galatasaray-7.jpg\" alt=\"Galatasaray mar\u015f\u0131n\u0131 Yasemin Sakall\u0131o\u011flu mu yapt\u0131? Yasemin Sakall\u0131o\u011flu\u2019ndan bomba Galatasaray itiraflar\u0131\" width=\"1208\" height=\"680\" title=\"\" srcset=\"https:\/\/www.tgrthaber.com\/mavikadin\/wp-content\/uploads\/2026\/01\/Yasemin-Sakallioglu-Galatasaray-7.jpg 1208w, https:\/\/www.tgrthaber.com\/mavikadin\/wp-content\/uploads\/2026\/01\/Yasemin-Sakallioglu-Galatasaray-7-300x169.jpg 300w, https:\/\/www.tgrthaber.com\/mavikadin\/wp-content\/uploads\/2026\/01\/Yasemin-Sakallioglu-Galatasaray-7-1024x576.jpg 1024w, https:\/\/www.tgrthaber.com\/mavikadin\/wp-content\/uploads\/2026\/01\/Yasemin-Sakallioglu-Galatasaray-7-768x432.jpg 768w\" sizes=\"(max-width: 1208px) 100vw, 1208px\" \/><\/p>\n<hr \/>\n<h3>\u201cBEN O G\u00dcN PARA ALMADIM\u201d<\/h3>\n<p>Kat\u0131ld\u0131\u011f\u0131 programdaki samimi a\u00e7\u0131klamalar\u0131yla hem g\u00fcld\u00fcren hem de Galatasaray kutlamalar\u0131ndaki ger\u00e7ekleri g\u00fcn y\u00fcz\u00fcne \u00e7\u0131karan <a href=\"https:\/\/www.tgrthaber.com\/mavikadin\/yasemin-sakallioglu-galatasaray-sampiyonluk-kutlamalarinin-sunuculugunu-yapacak\/?p=1\">Yasemin Sakall\u0131o\u011flu<\/a>, organizasyondaki eksikliklere dikkat \u00e7ekerek, \u015fu ifadelere yer verdi:<\/p>\n<p><img loading=\"lazy\" decoding=\"async\" class=\"size-full wp-image-295102\" src=\"https:\/\/www.tgrthaber.com\/mavikadin\/wp-content\/uploads\/2026\/01\/Yasemin-Sakallioglu-Galatasaray-6.jpg\" alt=\"Galatasaray mar\u015f\u0131n\u0131 Yasemin Sakall\u0131o\u011flu mu yapt\u0131? Yasemin Sakall\u0131o\u011flu\u2019ndan bomba Galatasaray itiraflar\u0131\" width=\"1208\" height=\"680\" title=\"\" srcset=\"https:\/\/www.tgrthaber.com\/mavikadin\/wp-content\/uploads\/2026\/01\/Yasemin-Sakallioglu-Galatasaray-6.jpg 1208w, https:\/\/www.tgrthaber.com\/mavikadin\/wp-content\/uploads\/2026\/01\/Yasemin-Sakallioglu-Galatasaray-6-300x169.jpg 300w, https:\/\/www.tgrthaber.com\/mavikadin\/wp-content\/uploads\/2026\/01\/Yasemin-Sakallioglu-Galatasaray-6-1024x576.jpg 1024w, https:\/\/www.tgrthaber.com\/mavikadin\/wp-content\/uploads\/2026\/01\/Yasemin-Sakallioglu-Galatasaray-6-768x432.jpg 768w\" sizes=\"(max-width: 1208px) 100vw, 1208px\" \/><\/p>\n<hr \/>\n<p>\u201cHi\u00e7 kimseyi ele\u015ftirmiyorum. \u0130lk defa yap\u0131lan bir \u015fey, \u00e7ok h\u0131zl\u0131 karar verilmi\u015f. Ben o g\u00fcn para filan da almad\u0131m. Yine olsun yine para almadan giderim. \u00c7ok aceleye gelmi\u015f, organizasyon a\u00e7\u0131s\u0131ndan problem vard\u0131. \u00c7\u00fcnk\u00fc oraya gelen seyirci sunucuyu g\u00f6rmek istemiyor, Osimhen&#8217;i g\u00f6rmek istiyor.\u201d<\/p>\n","protected":false},"excerpt":{"rendered":"<p>Ge\u00e7ti\u011fimiz y\u0131l may\u0131s ay\u0131nda Galatasaray\u2019\u0131n \u015fampiyonluk kutlamalar\u0131nda sunuculuk yapan Yasemin Sakall\u0131o\u011flu\u2019nun Galatasaray mar\u015f\u0131n\u0131 kendi yaz\u0131p yazmad\u0131\u011f\u0131 merak edildi. Peki, Galatasaray mar\u015f\u0131n\u0131 Yasemin Sakall\u0131o\u011flu mu yapt\u0131? \u0130\u015fte Yasemin Sakall\u0131o\u011flu\u2019ndan bomba Galatasaray itiraflar\u0131\u2026<\/p>\n","protected":false},"author":26,"featured_media":295099,"comment_status":"closed","ping_status":"closed","sticky":false,"template":"","format":"standard","meta":{"rank_math_lock_modified_date":false,"footnotes":""},"categories":[76],"tags":[133,2218,3725,71463,71462],"class_list":["post-295096","post","type-post","status-publish","format-standard","has-post-thumbnail","hentry","category-magazin","tag-magazin","tag-magazin-haberleri","tag-yasemin-sakallioglu","tag-yasemin-sakallioglu-galatasaray-itiraf","tag-yasemin-sakallioglu-galatasaray-marsi"],"_links":{"self":[{"href":"https:\/\/www.tgrthaber.com\/mavikadin\/wp-json\/wp\/v2\/posts\/295096"}],"collection":[{"href":"https:\/\/www.tgrthaber.com\/mavikadin\/wp-json\/wp\/v2\/posts"}],"about":[{"href":"https:\/\/www.tgrthaber.com\/mavikadin\/wp-json\/wp\/v2\/types\/post"}],"author":[{"embeddable":true,"href":"https:\/\/www.tgrthaber.com\/mavikadin\/wp-json\/wp\/v2\/users\/26"}],"replies":[{"embeddable":true,"href":"https:\/\/www.tgrthaber.com\/mavikadin\/wp-json\/wp\/v2\/comments?post=295096"}],"version-history":[{"count":1,"href":"https:\/\/www.tgrthaber.com\/mavikadin\/wp-json\/wp\/v2\/posts\/295096\/revisions"}],"predecessor-version":[{"id":295114,"href":"https:\/\/www.tgrthaber.com\/mavikadin\/wp-json\/wp\/v2\/posts\/295096\/revisions\/295114"}],"wp:featuredmedia":[{"embeddable":true,"href":"https:\/\/www.tgrthaber.com\/mavikadin\/wp-json\/wp\/v2\/media\/295099"}],"wp:attachment":[{"href":"https:\/\/www.tgrthaber.com\/mavikadin\/wp-json\/wp\/v2\/media?parent=295096"}],"wp:term":[{"taxonomy":"category","embeddable":true,"href":"https:\/\/www.tgrthaber.com\/mavikadin\/wp-json\/wp\/v2\/categories?post=295096"},{"taxonomy":"post_tag","embeddable":true,"href":"https:\/\/www.tgrthaber.com\/mavikadin\/wp-json\/wp\/v2\/tags?post=295096"}],"curies":[{"name":"wp","href":"https:\/\/api.w.org\/{rel}","templated":true}]}}