{"id":295097,"date":"2026-01-26T12:00:25","date_gmt":"2026-01-26T09:00:25","guid":{"rendered":"https:\/\/www.tgrthaber.com\/mavikadin\/?p=295097"},"modified":"2026-01-26T12:00:26","modified_gmt":"2026-01-26T09:00:26","slug":"tarkan-konseri-bitti-mi-tarkan-konseri-bilet-satislari-devam-ediyor-mu","status":"publish","type":"post","link":"https:\/\/www.tgrthaber.com\/mavikadin\/tarkan-konseri-bitti-mi-tarkan-konseri-bilet-satislari-devam-ediyor-mu\/","title":{"rendered":"Tarkan konseri bitti mi? Tarkan konseri bilet sat\u0131\u015flar\u0131 devam ediyor mu?"},"content":{"rendered":"<p>\u201c<a href=\"https:\/\/www.tgrthaber.com\/mavikadin\/tarkan-ve-cem-yilmaz-ayni-sahnede-kahkaha-ve-muzik-bir-aradaydi\/\">Tarkan<\/a> konseri bitti mi? Bilet sat\u0131\u015flar\u0131 h\u00e2l\u00e2 devam ediyor mu?\u201d gibi sorular hayranlar aras\u0131nda merak konusu oldu. Ocak 2026 boyunca \u0130stanbul\u2019da planlanan konserlerle sahneye d\u00f6nen Tarkan, uzun bir aran\u0131n ard\u0131ndan hayranlar\u0131yla yeniden bulu\u015ftu.<\/p>\n<h3>TARKAN KONSER\u0130 B\u0130TT\u0130 M\u0130?<\/h3>\n<p><a href=\"https:\/\/www.tgrthaber.com\/mavikadin\/tarkanin-konserine-unluler-gidebildi-konser-fiyatlari-asgari-ucrete-yakin\/\">Tarkan<\/a>\u2019\u0131n konserleri Ocak itibariyle ba\u015flad\u0131 ve devam ediyor. Tarkan, Ocak 2026 boyunca \u0130stanbul i\u00e7in planlanan \u00e7ok say\u0131da konserle hayranlar\u0131na merhaba dedi. Her konserde eski ve yeni hitlerinden olu\u015fan repertuar\u0131yla sahne performans\u0131n\u0131 s\u00fcrd\u00fcrd\u00fc.<\/p>\n<p><img loading=\"lazy\" decoding=\"async\" class=\"aligncenter size-full wp-image-295109\" src=\"https:\/\/www.tgrthaber.com\/mavikadin\/wp-content\/uploads\/2026\/01\/Tarkan-1-1.jpg\" alt=\"\" width=\"1280\" height=\"720\" title=\"\" srcset=\"https:\/\/www.tgrthaber.com\/mavikadin\/wp-content\/uploads\/2026\/01\/Tarkan-1-1.jpg 1280w, https:\/\/www.tgrthaber.com\/mavikadin\/wp-content\/uploads\/2026\/01\/Tarkan-1-1-300x169.jpg 300w, https:\/\/www.tgrthaber.com\/mavikadin\/wp-content\/uploads\/2026\/01\/Tarkan-1-1-1024x576.jpg 1024w, https:\/\/www.tgrthaber.com\/mavikadin\/wp-content\/uploads\/2026\/01\/Tarkan-1-1-768x432.jpg 768w\" sizes=\"(max-width: 1280px) 100vw, 1280px\" \/><\/p>\n<hr \/>\n<h3>TARKAN KONSER\u0130 B\u0130LET SATI\u015eLARI DEVAM ED\u0130YOR MU?<\/h3>\n<p>Megastar Tarkan 2026 konser program\u0131n\u0131 duyurdu. \u00dcnl\u00fc sanat\u00e7\u0131, \u0130stanbul Volkswagen Arena\u2019da 16, 17, 20 ve 23 Ocak tarihlerinde sahne ald\u0131. \u00dcnl\u00fc ismin di\u011fer konser tarihleri ise 27, 30, 31 Ocak, 3,4 \u015eubat olarak planland\u0131.<br \/>\nBunlara ek olarak, 17 Nisan 2026\u2019da Birle\u015fik Arap Emirlikleri\u2019nin Abu Dabi kentinde Etihad Arena\u2019da da bir konser vermesi planlanm\u0131\u015f g\u00f6r\u00fcn\u00fcyor.<\/p>\n<p><img loading=\"lazy\" decoding=\"async\" class=\"aligncenter size-full wp-image-295110\" src=\"https:\/\/www.tgrthaber.com\/mavikadin\/wp-content\/uploads\/2026\/01\/Tarkan-2-1.jpg\" alt=\"\" width=\"1280\" height=\"720\" title=\"\" srcset=\"https:\/\/www.tgrthaber.com\/mavikadin\/wp-content\/uploads\/2026\/01\/Tarkan-2-1.jpg 1280w, https:\/\/www.tgrthaber.com\/mavikadin\/wp-content\/uploads\/2026\/01\/Tarkan-2-1-300x169.jpg 300w, https:\/\/www.tgrthaber.com\/mavikadin\/wp-content\/uploads\/2026\/01\/Tarkan-2-1-1024x576.jpg 1024w, https:\/\/www.tgrthaber.com\/mavikadin\/wp-content\/uploads\/2026\/01\/Tarkan-2-1-768x432.jpg 768w\" sizes=\"(max-width: 1280px) 100vw, 1280px\" \/><\/p>\n<hr \/>\n<h3>D\u00d6N\u00dc\u015e HEYECANINI PAYLA\u015eMI\u015eTI<\/h3>\n<p>53 ya\u015f\u0131ndaki Tarkan uzun bir s\u00fcredir g\u00f6zlerden uzak bir ya\u015fam s\u00fcr\u00fcyordu. Sanat\u00e7\u0131, sosyal medya hesab\u0131ndan yapt\u0131\u011f\u0131 a\u00e7\u0131klamayla 2026\u2019da sahnelere d\u00f6n\u00fc\u015f heyecan\u0131n\u0131 payla\u015fm\u0131\u015ft\u0131. \u201cHepsi Senin Mi?\u201d, \u201c\u015e\u0131mar\u0131k\u201d, \u201cYolla\u201d, \u201cDudu\u201d gibi hitleriyle tan\u0131nan Tarkan\u2019\u0131n konserleri i\u00e7in yo\u011fun talep bekleniyor.<\/p>\n<p><img loading=\"lazy\" decoding=\"async\" class=\"aligncenter size-full wp-image-295111\" src=\"https:\/\/www.tgrthaber.com\/mavikadin\/wp-content\/uploads\/2026\/01\/Tarkan-2.webp\" alt=\"\" width=\"1600\" height=\"900\" title=\"\" srcset=\"https:\/\/www.tgrthaber.com\/mavikadin\/wp-content\/uploads\/2026\/01\/Tarkan-2.webp 1600w, https:\/\/www.tgrthaber.com\/mavikadin\/wp-content\/uploads\/2026\/01\/Tarkan-2-300x169.webp 300w, https:\/\/www.tgrthaber.com\/mavikadin\/wp-content\/uploads\/2026\/01\/Tarkan-2-1024x576.webp 1024w, https:\/\/www.tgrthaber.com\/mavikadin\/wp-content\/uploads\/2026\/01\/Tarkan-2-768x432.webp 768w, https:\/\/www.tgrthaber.com\/mavikadin\/wp-content\/uploads\/2026\/01\/Tarkan-2-1536x864.webp 1536w\" sizes=\"(max-width: 1600px) 100vw, 1600px\" \/><\/p>\n<hr \/>\n<h3>TARKAN K\u0130MD\u0130R?<\/h3>\n<p>Tarkan Teveto\u011flu 17 Ekim 1972 y\u0131l\u0131nda d\u00fcnyaya geldi. T\u00fcrk \u015fark\u0131c\u0131, s\u00f6z yazar\u0131 olan Tarkan konserlerine halen devam ediyor.<\/p>\n<p>Tarkan, Ne\u015fe ve Ali Teveto\u011flu \u00e7iftinin \u00e7ocu\u011fu olarak Almanya\u2019n\u0131n Renanya-Palatina eyaletindeki Alzey kasabas\u0131nda d\u00fcnyaya geldi. Annesi Ne\u015fe Teveto\u011flu, o\u011fluna \u201cTarkan\u201d ad\u0131n\u0131, ayn\u0131 isimli \u00e7izgi roman karakterinden esinlenerek verdi. M\u00fczik ilgisi \u00e7ocukluk y\u0131llar\u0131nda ba\u015flad\u0131.<\/p>\n<p><img loading=\"lazy\" decoding=\"async\" class=\"aligncenter size-full wp-image-295112\" src=\"https:\/\/www.tgrthaber.com\/mavikadin\/wp-content\/uploads\/2026\/01\/Tarkan-3-1.jpg\" alt=\"\" width=\"512\" height=\"282\" title=\"\" srcset=\"https:\/\/www.tgrthaber.com\/mavikadin\/wp-content\/uploads\/2026\/01\/Tarkan-3-1.jpg 512w, https:\/\/www.tgrthaber.com\/mavikadin\/wp-content\/uploads\/2026\/01\/Tarkan-3-1-300x165.jpg 300w\" sizes=\"(max-width: 512px) 100vw, 512px\" \/><\/p>\n<hr \/>\n<p>Ailenin toplam alt\u0131 \u00e7ocu\u011fu vard\u0131 ve 1986\u2019da T\u00fcrkiye\u2019ye d\u00f6nerek Kocaeli\u2019nin Karam\u00fcrsel il\u00e7esine yerle\u015ftiler. Lise y\u0131llar\u0131na burada ba\u015flayan Tarkan, Karam\u00fcrsel \u0130leri Musiki Derne\u011fi\u2019nde T\u00fcrk Sanat M\u00fczi\u011fi e\u011fitimi ald\u0131. Ailesi \u0130stanbul\u2019a ta\u015f\u0131n\u0131nca, \u00dcsk\u00fcdar Musiki Cemiyeti\u2019nde e\u011fitimini s\u00fcrd\u00fcrd\u00fc ve \u00e7e\u015fitli mekanlarda sahne almaya ba\u015flad\u0131.<br \/>\nLise sonras\u0131 istedi\u011fi \u00fcniversite b\u00f6l\u00fcm\u00fcn\u00fc kazanamayan Tarkan, Almanya\u2019ya gitmeyi planlarken \u0130stanbul Plak sahibi Mehmet S\u00f6\u011f\u00fcto\u011flu ile tan\u0131\u015ft\u0131 ve alb\u00fcm anla\u015fmas\u0131 imzalad\u0131.<\/p>\n<h3>Kariyeri<\/h3>\n<p>Tarkan, ilk st\u00fcdyo alb\u00fcm\u00fc \u201cYine Sensiz\u201di 26 Aral\u0131k 1992\u2019de \u0130stanbul Plak etiketiyle yay\u0131mlad\u0131. Alb\u00fcmde \u00fc\u00e7 \u015fark\u0131n\u0131n s\u00f6zlerini yazd\u0131 ve \u00fc\u00e7 \u015fark\u0131n\u0131n bestesini \u00fcstlendi. \u201cK\u0131l Oldum\u201d ile \u00e7\u0131k\u0131\u015f yapt\u0131. Alb\u00fcm toplam 700.000 adet satt\u0131.<\/p>\n<p>\u0130kinci alb\u00fcm\u00fc \u201cAacayipsin\u201d 1994\u2019te T\u00fcrkiye\u2019de, 1996\u2019da Almanya\u2019da ve 1998\u2019de Rusya\u2019da yay\u0131mland\u0131. Alb\u00fcmde Sezen Aksu, \u00dcmit Say\u0131n, Ozan \u00c7olako\u011flu ve Y\u0131ld\u0131z Tilbe gibi isimler yer ald\u0131. Alb\u00fcm, iki bu\u00e7uk milyon sat\u0131\u015f rakam\u0131na ula\u015farak Tarkan\u2019a 1995\u2019te 1. Kral TV Video M\u00fczik \u00d6d\u00fclleri\u2019nde En \u0130yi Pop M\u00fczik Erkek Sanat\u00e7\u0131 \u00f6d\u00fcl\u00fcn\u00fc kazand\u0131rd\u0131.<\/p>\n<p><img loading=\"lazy\" decoding=\"async\" class=\"aligncenter size-full wp-image-295113\" src=\"https:\/\/www.tgrthaber.com\/mavikadin\/wp-content\/uploads\/2026\/01\/Tarkan-3.webp\" alt=\"\" width=\"1280\" height=\"720\" title=\"\" srcset=\"https:\/\/www.tgrthaber.com\/mavikadin\/wp-content\/uploads\/2026\/01\/Tarkan-3.webp 1280w, https:\/\/www.tgrthaber.com\/mavikadin\/wp-content\/uploads\/2026\/01\/Tarkan-3-300x169.webp 300w, https:\/\/www.tgrthaber.com\/mavikadin\/wp-content\/uploads\/2026\/01\/Tarkan-3-1024x576.webp 1024w, https:\/\/www.tgrthaber.com\/mavikadin\/wp-content\/uploads\/2026\/01\/Tarkan-3-768x432.webp 768w\" sizes=\"(max-width: 1280px) 100vw, 1280px\" \/><\/p>\n<hr \/>\n<p>2003\u2019te Dudu EP\u2019si, T\u00fcrkiye d\u0131\u015f\u0131nda Ukrayna, Rusya ve Japonya\u2019da da yay\u0131mland\u0131. EP, bir milyon sat\u0131\u015f rakam\u0131na ula\u015ft\u0131 ve \u201cDudu\u201d, \u201cSorma Kalbim\u201d, \u201cG\u00fcl\u00fcmse Kaderine\u201d gibi \u015fark\u0131lar kliplendi.<\/p>\n<p>2006 y\u0131l\u0131nda ilk \u0130ngilizce alb\u00fcm\u00fc \u201cCome Closer\u201d yay\u0131mland\u0131. Alb\u00fcm, Avrupa listelerinde ba\u015far\u0131 elde etti ve T\u00fcrkiye\u2019de 110.000 kopya satt\u0131.<\/p>\n<p>2016\u2019da Tarkan, \u201cAhde Vefa\u201d adl\u0131 ilk sanat m\u00fczi\u011fi alb\u00fcm\u00fcn\u00fc yay\u0131mlad\u0131 ve alb\u00fcm ilk haftas\u0131nda 170.000 sat\u0131\u015f rakam\u0131na ula\u015ft\u0131. Ayn\u0131 y\u0131l yay\u0131mlad\u0131\u011f\u0131 \u201cCuppa\u201d single\u2019\u0131 ve projeleriyle Alt\u0131n Kelebek \u00d6d\u00fclleri\u2019nde En \u0130yi Proje \u00f6d\u00fcl\u00fcn\u00fc kazand\u0131.<\/p>\n<p>2017\u2019de \u201c10\u201d alb\u00fcm\u00fc yay\u0131mland\u0131 ve alb\u00fcmden ilk klip, Tarkan\u2019\u0131n s\u00f6zlerini yazd\u0131\u011f\u0131, Ozan \u00c7olako\u011flu\u2019nun besteledi\u011fi \u201cYolla\u201d \u015fark\u0131s\u0131na \u00e7ekildi.<\/p>\n<p><img loading=\"lazy\" decoding=\"async\" class=\"aligncenter size-full wp-image-295115\" src=\"https:\/\/www.tgrthaber.com\/mavikadin\/wp-content\/uploads\/2026\/01\/Tarkan-4.webp\" alt=\"\" width=\"1865\" height=\"1200\" title=\"\" srcset=\"https:\/\/www.tgrthaber.com\/mavikadin\/wp-content\/uploads\/2026\/01\/Tarkan-4.webp 1865w, https:\/\/www.tgrthaber.com\/mavikadin\/wp-content\/uploads\/2026\/01\/Tarkan-4-300x193.webp 300w, https:\/\/www.tgrthaber.com\/mavikadin\/wp-content\/uploads\/2026\/01\/Tarkan-4-1024x659.webp 1024w, https:\/\/www.tgrthaber.com\/mavikadin\/wp-content\/uploads\/2026\/01\/Tarkan-4-768x494.webp 768w, https:\/\/www.tgrthaber.com\/mavikadin\/wp-content\/uploads\/2026\/01\/Tarkan-4-1536x988.webp 1536w\" sizes=\"(max-width: 1865px) 100vw, 1865px\" \/><\/p>\n<hr \/>\n<h3>\u00d6zel Hayat\u0131<\/h3>\n<p>Tarkan, 29 Nisan 2016\u2019da P\u0131nar Dilek ile evlendi.<\/p>\n<h3>Diskografi<\/h3>\n<p>Yine Sensiz (1992)<\/p>\n<p>Aacayipsin (1994)<\/p>\n<p>\u00d6l\u00fcr\u00fcm Sana (1997)<\/p>\n<p>Karma (2001)<\/p>\n<p>Come Closer (2006)<\/p>\n<p>Metamorfoz (2007)<\/p>\n<p>Ad\u0131m\u0131 Kalbine Yaz (2010)<\/p>\n<p>Ahde Vefa (2016)<\/p>\n<p>10 (2017)<\/p>\n","protected":false},"excerpt":{"rendered":"<p>\u2018Tarkan konseri bitti mi? Tarkan konseri bilet sat\u0131\u015flar\u0131 devam ediyor mu?\u2019 gibi sorular\u0131n cevaplar\u0131 merak ediliyor. Ocak 2026 boyunca \u0130stanbul i\u00e7in planlanan \u00e7ok say\u0131da konsere merhaba diyen Tarkan uzun bir aran\u0131n ard\u0131ndan hayranlar\u0131yla bir araya geldi.<\/p>\n","protected":false},"author":5,"featured_media":295116,"comment_status":"closed","ping_status":"closed","sticky":false,"template":"","format":"standard","meta":{"rank_math_lock_modified_date":false,"footnotes":""},"categories":[76],"tags":[133,2941,66966],"class_list":["post-295097","post","type-post","status-publish","format-standard","has-post-thumbnail","hentry","category-magazin","tag-magazin","tag-tarkan","tag-tarkan-konser"],"_links":{"self":[{"href":"https:\/\/www.tgrthaber.com\/mavikadin\/wp-json\/wp\/v2\/posts\/295097"}],"collection":[{"href":"https:\/\/www.tgrthaber.com\/mavikadin\/wp-json\/wp\/v2\/posts"}],"about":[{"href":"https:\/\/www.tgrthaber.com\/mavikadin\/wp-json\/wp\/v2\/types\/post"}],"author":[{"embeddable":true,"href":"https:\/\/www.tgrthaber.com\/mavikadin\/wp-json\/wp\/v2\/users\/5"}],"replies":[{"embeddable":true,"href":"https:\/\/www.tgrthaber.com\/mavikadin\/wp-json\/wp\/v2\/comments?post=295097"}],"version-history":[{"count":3,"href":"https:\/\/www.tgrthaber.com\/mavikadin\/wp-json\/wp\/v2\/posts\/295097\/revisions"}],"predecessor-version":[{"id":295119,"href":"https:\/\/www.tgrthaber.com\/mavikadin\/wp-json\/wp\/v2\/posts\/295097\/revisions\/295119"}],"wp:featuredmedia":[{"embeddable":true,"href":"https:\/\/www.tgrthaber.com\/mavikadin\/wp-json\/wp\/v2\/media\/295116"}],"wp:attachment":[{"href":"https:\/\/www.tgrthaber.com\/mavikadin\/wp-json\/wp\/v2\/media?parent=295097"}],"wp:term":[{"taxonomy":"category","embeddable":true,"href":"https:\/\/www.tgrthaber.com\/mavikadin\/wp-json\/wp\/v2\/categories?post=295097"},{"taxonomy":"post_tag","embeddable":true,"href":"https:\/\/www.tgrthaber.com\/mavikadin\/wp-json\/wp\/v2\/tags?post=295097"}],"curies":[{"name":"wp","href":"https:\/\/api.w.org\/{rel}","templated":true}]}}