{"id":295128,"date":"2026-01-26T13:09:18","date_gmt":"2026-01-26T10:09:18","guid":{"rendered":"https:\/\/www.tgrthaber.com\/mavikadin\/?p=295128"},"modified":"2026-01-26T13:09:18","modified_gmt":"2026-01-26T10:09:18","slug":"hem-sapka-hem-atki-2026-yilina-damga-vuran-yeni-orgu-modelleri","status":"publish","type":"post","link":"https:\/\/www.tgrthaber.com\/mavikadin\/hem-sapka-hem-atki-2026-yilina-damga-vuran-yeni-orgu-modelleri\/","title":{"rendered":"Hem \u015fapka hem atk\u0131! 2026 y\u0131l\u0131na damga vuran yeni \u00f6rg\u00fc modelleri"},"content":{"rendered":"<p>2026 k\u0131\u015f ve ge\u00e7i\u015f sezonu, \u00f6rg\u00fc aksesuarlar\u0131 basit bir trend olmaktan \u00e7\u0131kar\u0131p adeta k\u00fclt\u00fcrel bir fenomene d\u00f6n\u00fc\u015ft\u00fcrd\u00fc. \u00d6zellikle <a href=\"https:\/\/www.tgrthaber.com\/mavikadin\/bebek-ceyizinin-vazgecilmez-parcasi-en-yeni-orgu-bere-modelleri-2025\/\">\u015fapka<\/a> ve atk\u0131 modelleri, sokak modas\u0131ndan podyumlara uzanan geni\u015f bir yelpazede, hem estetik hem de i\u015flevselli\u011fi bir arada sunuyor. Bu y\u0131l\u0131n \u00f6rg\u00fc trendleri, yaln\u0131zca so\u011fu\u011fa kar\u015f\u0131 koruma sa\u011flam\u0131yor ayn\u0131 zamanda ki\u015fisel tarz\u0131 \u00f6n plana \u00e7\u0131karan, hik\u00e2yesi olan tasar\u0131mlarla moda d\u00fcnyas\u0131nda kendine g\u00fc\u00e7l\u00fc bir yer ediniyor.<\/p>\n<h3>HEM \u015eAPKA HEM ATKI!<\/h3>\n<p>2026\u2019da \u00f6rg\u00fc <a href=\"https:\/\/www.tgrthaber.com\/mavikadin\/elle-orulmus-atki-modelleri-2025-en-iyi-yeni-yil-hediyesi\/\">\u015fapka<\/a> ve atk\u0131lar, s\u0131cak tutman\u0131n \u00f6tesine ge\u00e7erek stilin merkezine yerle\u015fti. Moda edit\u00f6rleri ve trend raporlar\u0131, sezonun ba\u015fl\u0131ca aksesuar trendlerini oversize boyutlar, dokusal detaylar ve ki\u015fisel anlat\u0131m olarak tan\u0131ml\u0131yor. Bu par\u00e7alar, kullan\u0131c\u0131lar\u0131n g\u00fcnl\u00fck kombinlerine kolayca uyum sa\u011flarken, ayn\u0131 zamanda dikkat \u00e7ekici bir ifade sunuyor.<\/p>\n<p><img loading=\"lazy\" decoding=\"async\" class=\"aligncenter size-full wp-image-295130\" src=\"https:\/\/www.tgrthaber.com\/mavikadin\/wp-content\/uploads\/2026\/01\/atki-sapka-1.png\" alt=\"\" width=\"1208\" height=\"680\" title=\"\" srcset=\"https:\/\/www.tgrthaber.com\/mavikadin\/wp-content\/uploads\/2026\/01\/atki-sapka-1.png 1208w, https:\/\/www.tgrthaber.com\/mavikadin\/wp-content\/uploads\/2026\/01\/atki-sapka-1-300x169.png 300w, https:\/\/www.tgrthaber.com\/mavikadin\/wp-content\/uploads\/2026\/01\/atki-sapka-1-1024x576.png 1024w, https:\/\/www.tgrthaber.com\/mavikadin\/wp-content\/uploads\/2026\/01\/atki-sapka-1-768x432.png 768w\" sizes=\"(max-width: 1208px) 100vw, 1208px\" \/><\/p>\n<hr \/>\n<h3>2026\u2019NIN \u00d6NE \u00c7IKAN \u015eAPKA MODELLER\u0130<\/h3>\n<p>Kad\u0131n ve erkek modas\u0131nda \u00f6rg\u00fc \u015fapkalar, nostaljik ve modern \u00e7izgileri birle\u015ftiren \u00e7e\u015fitlilikle kar\u015f\u0131m\u0131za \u00e7\u0131k\u0131yor:<\/p>\n<p>Klasik beanie\u2019ler bu y\u0131l da pop\u00fclerli\u011fini koruyor. Farkl\u0131 doku ve renk se\u00e7enekleriyle sade g\u00fcnl\u00fck stilin vazge\u00e7ilmezi h\u00e2line geldi.<\/p>\n<p><img loading=\"lazy\" decoding=\"async\" class=\"aligncenter size-full wp-image-295131\" src=\"https:\/\/www.tgrthaber.com\/mavikadin\/wp-content\/uploads\/2026\/01\/atki-sapka-2.png\" alt=\"\" width=\"1208\" height=\"680\" title=\"\" srcset=\"https:\/\/www.tgrthaber.com\/mavikadin\/wp-content\/uploads\/2026\/01\/atki-sapka-2.png 1208w, https:\/\/www.tgrthaber.com\/mavikadin\/wp-content\/uploads\/2026\/01\/atki-sapka-2-300x169.png 300w, https:\/\/www.tgrthaber.com\/mavikadin\/wp-content\/uploads\/2026\/01\/atki-sapka-2-1024x576.png 1024w, https:\/\/www.tgrthaber.com\/mavikadin\/wp-content\/uploads\/2026\/01\/atki-sapka-2-768x432.png 768w\" sizes=\"(max-width: 1208px) 100vw, 1208px\" \/><\/p>\n<hr \/>\n<p>Retro esintili modeller, bucket hat ve pillbox tarz\u0131 \u00f6rg\u00fclerle yeniden g\u00fcndemde. 1930\u2019lar\u0131n zarafetini modern \u00f6rg\u00fc teknikleriyle harmanlayan bu tasar\u0131mlar, hem g\u00fcnl\u00fck hem de \u00f6zel kombinlere retro bir hava kat\u0131yor.<\/p>\n<p>Tekst\u00fcr odakl\u0131 \u00f6rg\u00fcler, kabartmal\u0131 ve \u00fc\u00e7 boyutlu desenlerle modern duru\u015fu g\u00fc\u00e7lendiriyor. S\u0131radan\u0131n d\u0131\u015f\u0131na \u00e7\u0131kan moda tutkunlar\u0131 i\u00e7in bu par\u00e7alar vazge\u00e7ilmez.<\/p>\n<p>Bu modeller, sokak stilinden k\u0131rm\u0131z\u0131 hal\u0131ya kadar farkl\u0131 alanlarda kendine yer buluyor ve \u00f6rg\u00fc \u015fapkalar\u0131n yeniden \u201cmodan\u0131n y\u0131ld\u0131z aksesuar\u0131\u201d oldu\u011funu g\u00f6steriyor.<\/p>\n<p><img loading=\"lazy\" decoding=\"async\" class=\"aligncenter size-full wp-image-295132\" src=\"https:\/\/www.tgrthaber.com\/mavikadin\/wp-content\/uploads\/2026\/01\/atki-sapka-3.png\" alt=\"\" width=\"1208\" height=\"680\" title=\"\" srcset=\"https:\/\/www.tgrthaber.com\/mavikadin\/wp-content\/uploads\/2026\/01\/atki-sapka-3.png 1208w, https:\/\/www.tgrthaber.com\/mavikadin\/wp-content\/uploads\/2026\/01\/atki-sapka-3-300x169.png 300w, https:\/\/www.tgrthaber.com\/mavikadin\/wp-content\/uploads\/2026\/01\/atki-sapka-3-1024x576.png 1024w, https:\/\/www.tgrthaber.com\/mavikadin\/wp-content\/uploads\/2026\/01\/atki-sapka-3-768x432.png 768w\" sizes=\"(max-width: 1208px) 100vw, 1208px\" \/><\/p>\n<hr \/>\n<h3>ATKI MODASINDA \u00d6NE \u00c7IKAN TRENDLER<\/h3>\n<p>Atk\u0131 trendleri ise \u00f6rg\u00fc modellerin sofistike ve \u00e7ok y\u00f6nl\u00fc y\u00fcz\u00fcn\u00fc yans\u0131t\u0131yor:<\/p>\n<p>Oversize ve chunky tarzdaki atk\u0131lar, kal\u0131n \u00f6rg\u00fc dokular\u0131yla hem s\u0131cakl\u0131k hem de dramatik stil vurgusu sa\u011fl\u0131yor.<\/p>\n<p>Renk paleti iki ana gruba ayr\u0131l\u0131yor: do\u011fal tonlar (bej, krem, ta\u015f) ve canl\u0131, cesur renkler (mor, z\u00fcmr\u00fct ye\u015fili, turuncu, kobalt mavi). Bu z\u0131tl\u0131k, ki\u015fisel stilin s\u0131n\u0131rlar\u0131n\u0131 zorlayan kombinlere ilham veriyor.<\/p>\n<p>El \u00f6rg\u00fcs\u00fc ve s\u00fcrd\u00fcr\u00fclebilirlik, bu sezonun kilit noktas\u0131. \u0130nsan eme\u011fini ve k\u00fc\u00e7\u00fck kusurlar\u0131 ta\u015f\u0131yan modeller, fabrika \u00fcretimi standart par\u00e7alar\u0131n yerini al\u0131yor.<\/p>\n<p><img loading=\"lazy\" decoding=\"async\" class=\"aligncenter size-full wp-image-295133\" src=\"https:\/\/www.tgrthaber.com\/mavikadin\/wp-content\/uploads\/2026\/01\/atki-sapka-4.png\" alt=\"\" width=\"1208\" height=\"680\" title=\"\" srcset=\"https:\/\/www.tgrthaber.com\/mavikadin\/wp-content\/uploads\/2026\/01\/atki-sapka-4.png 1208w, https:\/\/www.tgrthaber.com\/mavikadin\/wp-content\/uploads\/2026\/01\/atki-sapka-4-300x169.png 300w, https:\/\/www.tgrthaber.com\/mavikadin\/wp-content\/uploads\/2026\/01\/atki-sapka-4-1024x576.png 1024w, https:\/\/www.tgrthaber.com\/mavikadin\/wp-content\/uploads\/2026\/01\/atki-sapka-4-768x432.png 768w\" sizes=\"(max-width: 1208px) 100vw, 1208px\" \/><\/p>\n<hr \/>\n<h3>TRENDLER\u0130N K\u00dcLT\u00dcREL YANSIMASI<\/h3>\n<p>Moda d\u00fcnyas\u0131 2026\u2019y\u0131 \u201c\u00f6zg\u00fcn ifadelerin y\u0131l\u0131\u201d olarak tan\u0131ml\u0131yor. \u00d6rg\u00fc aksesuarlar, sokak stilinden sosyal medya panolar\u0131na kadar ki\u015fisel hik\u00e2ye ve s\u00fcrd\u00fcr\u00fclebilir tercihlerin g\u00f6rsel g\u00f6stergesi h\u00e2line geldi. Art\u0131k insanlar sadece g\u00f6r\u00fcn\u00fc\u015fleriyle de\u011fil, tasar\u0131m\u0131n ard\u0131ndaki anlamla da moda olu\u015fturmay\u0131 \u00f6nemsiyor.<\/p>\n<p><img loading=\"lazy\" decoding=\"async\" class=\"aligncenter size-full wp-image-295134\" src=\"https:\/\/www.tgrthaber.com\/mavikadin\/wp-content\/uploads\/2026\/01\/atki-sapka-7.png\" alt=\"\" width=\"1208\" height=\"680\" title=\"\" srcset=\"https:\/\/www.tgrthaber.com\/mavikadin\/wp-content\/uploads\/2026\/01\/atki-sapka-7.png 1208w, https:\/\/www.tgrthaber.com\/mavikadin\/wp-content\/uploads\/2026\/01\/atki-sapka-7-300x169.png 300w, https:\/\/www.tgrthaber.com\/mavikadin\/wp-content\/uploads\/2026\/01\/atki-sapka-7-1024x576.png 1024w, https:\/\/www.tgrthaber.com\/mavikadin\/wp-content\/uploads\/2026\/01\/atki-sapka-7-768x432.png 768w\" sizes=\"(max-width: 1208px) 100vw, 1208px\" \/><\/p>\n<hr \/>\n<h3>\u00d6rG\u00dc AKSESUARLARLA YEN\u0130 B\u0130R ST\u0130L D\u00d6NEM\u0130<\/h3>\n<p>2026, \u00f6rg\u00fc \u015fapkalar ve atk\u0131lar a\u00e7\u0131s\u0131ndan sadece k\u0131\u015f sezonunun de\u011fil, y\u0131l boyunca stilin \u00f6nemli bir par\u00e7as\u0131 olacak modellerin y\u0131l\u0131. Bu par\u00e7alar, art\u0131k s\u0131radan so\u011fuk hava aksesuarlar\u0131 de\u011fil ki\u015fisel tarz\u0131n g\u00fc\u00e7l\u00fc temsilcileri. Renk, doku ve form \u00e7e\u015fitlili\u011fiyle klasik, retro ve modern esteti\u011fi birle\u015ftiren bu trendler, gard\u0131roplara yeni bir soluk getiriyor.<\/p>\n<p><img loading=\"lazy\" decoding=\"async\" class=\"aligncenter size-full wp-image-295135\" src=\"https:\/\/www.tgrthaber.com\/mavikadin\/wp-content\/uploads\/2026\/01\/atki-sapka-6.png\" alt=\"\" width=\"1208\" height=\"680\" title=\"\" srcset=\"https:\/\/www.tgrthaber.com\/mavikadin\/wp-content\/uploads\/2026\/01\/atki-sapka-6.png 1208w, https:\/\/www.tgrthaber.com\/mavikadin\/wp-content\/uploads\/2026\/01\/atki-sapka-6-300x169.png 300w, https:\/\/www.tgrthaber.com\/mavikadin\/wp-content\/uploads\/2026\/01\/atki-sapka-6-1024x576.png 1024w, https:\/\/www.tgrthaber.com\/mavikadin\/wp-content\/uploads\/2026\/01\/atki-sapka-6-768x432.png 768w\" sizes=\"(max-width: 1208px) 100vw, 1208px\" \/><\/p>\n<hr \/>\n<p>Gard\u0131robunu g\u00fcncellemek isteyenler i\u00e7in, \u00f6rg\u00fc \u015fapka ve atk\u0131lara yat\u0131r\u0131m yapmak hem fonksiyon hem de karakter katman\u0131n en g\u00fcncel yolu olarak \u00f6ne \u00e7\u0131k\u0131yor.<\/p>\n","protected":false},"excerpt":{"rendered":"<p>2026 k\u0131\u015f ve ge\u00e7i\u015f sezonunda \u00f6rg\u00fc aksesuarlar, s\u0131radan bir trend olmaktan \u00e7\u0131karak k\u00fclt\u00fcrel bir fenomen h\u00e2line geldi. \u00d6zellikle \u015fapka ve atk\u0131 modelleri, sokak stilinden podyumlara kadar geni\u015f bir yelpazede hem estetik hem de fonksiyonel ifadeyi bir arada sunuyor. Bu y\u0131l\u0131n \u00f6rg\u00fc trendleri, yaln\u0131zca so\u011fu\u011fa kar\u015f\u0131 koruma sa\u011flam\u0131yor. Ayn\u0131 zamanda ki\u015fisel tarz\u0131 g\u00fc\u00e7lendiren, hik\u00e2yesi olan tasar\u0131mlar olarak \u00f6ne \u00e7\u0131k\u0131yor.<\/p>\n","protected":false},"author":5,"featured_media":295136,"comment_status":"closed","ping_status":"closed","sticky":false,"template":"","format":"standard","meta":{"rank_math_lock_modified_date":false,"footnotes":""},"categories":[1797],"tags":[58988,24835,71464,71465],"class_list":["post-295128","post","type-post","status-publish","format-standard","has-post-thumbnail","hentry","category-orgu-hobi","tag-orgu-bere","tag-orgu-hobi","tag-orgu-sapka","tag-sapka-modelleri-orgu"],"_links":{"self":[{"href":"https:\/\/www.tgrthaber.com\/mavikadin\/wp-json\/wp\/v2\/posts\/295128"}],"collection":[{"href":"https:\/\/www.tgrthaber.com\/mavikadin\/wp-json\/wp\/v2\/posts"}],"about":[{"href":"https:\/\/www.tgrthaber.com\/mavikadin\/wp-json\/wp\/v2\/types\/post"}],"author":[{"embeddable":true,"href":"https:\/\/www.tgrthaber.com\/mavikadin\/wp-json\/wp\/v2\/users\/5"}],"replies":[{"embeddable":true,"href":"https:\/\/www.tgrthaber.com\/mavikadin\/wp-json\/wp\/v2\/comments?post=295128"}],"version-history":[{"count":2,"href":"https:\/\/www.tgrthaber.com\/mavikadin\/wp-json\/wp\/v2\/posts\/295128\/revisions"}],"predecessor-version":[{"id":295149,"href":"https:\/\/www.tgrthaber.com\/mavikadin\/wp-json\/wp\/v2\/posts\/295128\/revisions\/295149"}],"wp:featuredmedia":[{"embeddable":true,"href":"https:\/\/www.tgrthaber.com\/mavikadin\/wp-json\/wp\/v2\/media\/295136"}],"wp:attachment":[{"href":"https:\/\/www.tgrthaber.com\/mavikadin\/wp-json\/wp\/v2\/media?parent=295128"}],"wp:term":[{"taxonomy":"category","embeddable":true,"href":"https:\/\/www.tgrthaber.com\/mavikadin\/wp-json\/wp\/v2\/categories?post=295128"},{"taxonomy":"post_tag","embeddable":true,"href":"https:\/\/www.tgrthaber.com\/mavikadin\/wp-json\/wp\/v2\/tags?post=295128"}],"curies":[{"name":"wp","href":"https:\/\/api.w.org\/{rel}","templated":true}]}}