{"id":295129,"date":"2026-01-26T13:12:52","date_gmt":"2026-01-26T10:12:52","guid":{"rendered":"https:\/\/www.tgrthaber.com\/mavikadin\/?p=295129"},"modified":"2026-01-26T13:12:52","modified_gmt":"2026-01-26T10:12:52","slug":"cocuklarin-bagisikligini-guclendiren-ibn-i-sina-tarifi-okullar-acilmadan-deneyin","status":"publish","type":"post","link":"https:\/\/www.tgrthaber.com\/mavikadin\/cocuklarin-bagisikligini-guclendiren-ibn-i-sina-tarifi-okullar-acilmadan-deneyin\/","title":{"rendered":"\u00c7ocuklar\u0131n ba\u011f\u0131\u015f\u0131kl\u0131\u011f\u0131n\u0131 g\u00fc\u00e7lendiren \u0130bn-i Sina tarifi! Okullar a\u00e7\u0131lmadan deneyin"},"content":{"rendered":"<p>\u00c7ocuklar\u0131n\u0131n ba\u011f\u0131\u015f\u0131kl\u0131\u011f\u0131n\u0131 g\u00fc\u00e7lendirmek isteyenler <a href=\"https:\/\/www.tgrthaber.com\/mavikadin\/ibni-sinadan-gunumuze-ulasan-receteler-yeni-anneler-icin-super-fikirler\/\">\u0130bn-i Sina\u2019n\u0131n<\/a> muhte\u015fem tarifine bir \u015fans verebilir. Sizde okullar a\u00e7\u0131lmadan \u00e7ocuklar\u0131n\u0131z\u0131n ba\u011f\u0131\u015f\u0131kl\u0131\u011f\u0131n\u0131 sa\u011flama almak istiyorsan\u0131z, do\u011fru yerdesiniz. Sizin i\u00e7in \u0130bn-i Sina\u2019n\u0131n ba\u011f\u0131\u015f\u0131kl\u0131k g\u00fc\u00e7lendiren form\u00fcl\u00fcn\u00fc ara\u015ft\u0131rd\u0131k. \u00c7ocu\u011funuz s\u00fcrekli hasta oluyor ve ba\u011f\u0131\u015f\u0131kl\u0131\u011f\u0131n\u0131 bir t\u00fcrl\u00fc toparlayam\u0131yorsan\u0131z, dikkat! \u0130\u015fte \u00e7ocuklar\u0131n ba\u011f\u0131\u015f\u0131kl\u0131\u011f\u0131n\u0131 g\u00fc\u00e7lendiren \u0130bn-i Sina tarifi\u2026<\/p>\n<h3>\u00c7OCUKLARIN BA\u011eI\u015eIKLI\u011eINI G\u00dc\u00c7LEND\u0130REN \u0130BN-\u0130 S\u0130NA TAR\u0130F\u0130!<\/h3>\n<p><a href=\"https:\/\/www.tgrthaber.com\/mavikadin\/ibn-i-sina-asirlar-once-yazmis-receteyi-siddetli-bas-agrisina-dogal-yontem\/\">\u0130bn-i Sina<\/a>, \u00e7ocuklar\u0131n ba\u011f\u0131\u015f\u0131kl\u0131\u011f\u0131n\u0131 g\u00fc\u00e7lendiren muhte\u015fem tarifi as\u0131rlar \u00f6nce bulmu\u015f! Gerek t\u0131p gerek felsefe alan\u0131nda yapm\u0131\u015f oldu\u011fu ba\u015far\u0131l\u0131 \u00e7al\u0131\u015fmalarla ad\u0131ndan s\u00f6z ettiren \u0130bn-i Sina, bu kez \u00e7ocuklar\u0131n ba\u011f\u0131\u015f\u0131kl\u0131\u011f\u0131n\u0131 g\u00fc\u00e7lendirmeye geliyor. \u00d6zellikle \u00e7ocuklarda s\u0131kl\u0131kla g\u00f6r\u00fclen d\u00fc\u015f\u00fck ba\u011f\u0131\u015f\u0131kl\u0131k, bir\u00e7ok \u00e7e\u015fitli hastal\u0131\u011fa da davetiye \u00e7\u0131kar\u0131yor.<\/p>\n<p><img loading=\"lazy\" decoding=\"async\" class=\"size-full wp-image-295143\" src=\"https:\/\/www.tgrthaber.com\/mavikadin\/wp-content\/uploads\/2026\/01\/cocuklarda-bagisiklik-guclendirme-8.jpg\" alt=\"\u00c7ocuklar\u0131n ba\u011f\u0131\u015f\u0131kl\u0131\u011f\u0131n\u0131 g\u00fc\u00e7lendiren \u0130bn-i Sina tarifi! Okullar a\u00e7\u0131lmadan deneyin\" width=\"1208\" height=\"680\" title=\"\" srcset=\"https:\/\/www.tgrthaber.com\/mavikadin\/wp-content\/uploads\/2026\/01\/cocuklarda-bagisiklik-guclendirme-8.jpg 1208w, https:\/\/www.tgrthaber.com\/mavikadin\/wp-content\/uploads\/2026\/01\/cocuklarda-bagisiklik-guclendirme-8-300x169.jpg 300w, https:\/\/www.tgrthaber.com\/mavikadin\/wp-content\/uploads\/2026\/01\/cocuklarda-bagisiklik-guclendirme-8-1024x576.jpg 1024w, https:\/\/www.tgrthaber.com\/mavikadin\/wp-content\/uploads\/2026\/01\/cocuklarda-bagisiklik-guclendirme-8-768x432.jpg 768w\" sizes=\"(max-width: 1208px) 100vw, 1208px\" \/><\/p>\n<hr \/>\n<p>Y\u00fczy\u0131llar boyunca g\u00fcn\u00fcm\u00fcze \u0131\u015f\u0131k tutmaya devam eden \u0130bni Sina, re\u00e7eteleriyle de hastalara \u015fifa kayna\u011f\u0131 olmaya devam ediyor. \u0130bn-i Sina\u2019n\u0131n ba\u011f\u0131\u015f\u0131kl\u0131\u011f\u0131 g\u00fc\u00e7lendiren muhte\u015fem tarifi \u015fifa kitab\u0131nda yer al\u0131yor. Sizde \u00e7ocu\u011funuzda d\u00fc\u015f\u00fck ba\u011f\u0131\u015f\u0131kl\u0131k problemiyle kar\u015f\u0131 kar\u015f\u0131ya kal\u0131yorsan\u0131z, do\u011fru yerdesiniz. \u0130bn-i Sina\u2019n\u0131n muhte\u015fem tarifiyle ba\u011f\u0131\u015f\u0131kl\u0131\u011f\u0131 g\u00fc\u00e7lendirmek art\u0131k \u00e7ok kolay!<\/p>\n<p><img loading=\"lazy\" decoding=\"async\" class=\"size-full wp-image-295145\" src=\"https:\/\/www.tgrthaber.com\/mavikadin\/wp-content\/uploads\/2026\/01\/cocuklarda-bagisiklik-guclendirme-1.jpg\" alt=\"\u00c7ocuklar\u0131n ba\u011f\u0131\u015f\u0131kl\u0131\u011f\u0131n\u0131 g\u00fc\u00e7lendiren \u0130bn-i Sina tarifi! Okullar a\u00e7\u0131lmadan deneyin\" width=\"1208\" height=\"680\" title=\"\" srcset=\"https:\/\/www.tgrthaber.com\/mavikadin\/wp-content\/uploads\/2026\/01\/cocuklarda-bagisiklik-guclendirme-1.jpg 1208w, https:\/\/www.tgrthaber.com\/mavikadin\/wp-content\/uploads\/2026\/01\/cocuklarda-bagisiklik-guclendirme-1-300x169.jpg 300w, https:\/\/www.tgrthaber.com\/mavikadin\/wp-content\/uploads\/2026\/01\/cocuklarda-bagisiklik-guclendirme-1-1024x576.jpg 1024w, https:\/\/www.tgrthaber.com\/mavikadin\/wp-content\/uploads\/2026\/01\/cocuklarda-bagisiklik-guclendirme-1-768x432.jpg 768w\" sizes=\"(max-width: 1208px) 100vw, 1208px\" \/><\/p>\n<hr \/>\n<p>\u0130nsan sa\u011fl\u0131\u011f\u0131 ve beslenme aras\u0131ndaki ili\u015fkiyi El-Kanun fi\u2019t-T\u0131bb adl\u0131 kitab\u0131nda ayr\u0131nt\u0131l\u0131 olarak ele alan \u00fcnl\u00fc t\u0131p bilgini \u0130bn-i Sina, sa\u011fl\u0131k alan\u0131ndaki tavsiyeleri \u015fimdilerde b\u00fcy\u00fck bir ilgiyle takip ediliyor. Bu noktada \u0130bn-i Sina\u2019n\u0131n ba\u011f\u0131\u015f\u0131kl\u0131\u011f\u0131 g\u00fc\u00e7lendiren \u00e7e\u015fitli tarifleri de bulunuyor. Ba\u011f\u0131\u015f\u0131kl\u0131k sistemini g\u00fc\u00e7lendirmenin en \u00f6nemli yolu ise do\u011fru ve dengeli beslenmeden ge\u00e7iyor.<\/p>\n<p><img loading=\"lazy\" decoding=\"async\" class=\"size-full wp-image-295146\" src=\"https:\/\/www.tgrthaber.com\/mavikadin\/wp-content\/uploads\/2026\/01\/Ibn-i-Sina-corbasi-1-2.jpg\" alt=\"\u00c7ocuklar\u0131n ba\u011f\u0131\u015f\u0131kl\u0131\u011f\u0131n\u0131 g\u00fc\u00e7lendiren \u0130bn-i Sina tarifi! Okullar a\u00e7\u0131lmadan deneyin\" width=\"1600\" height=\"900\" title=\"\" srcset=\"https:\/\/www.tgrthaber.com\/mavikadin\/wp-content\/uploads\/2026\/01\/Ibn-i-Sina-corbasi-1-2.jpg 1600w, https:\/\/www.tgrthaber.com\/mavikadin\/wp-content\/uploads\/2026\/01\/Ibn-i-Sina-corbasi-1-2-300x169.jpg 300w, https:\/\/www.tgrthaber.com\/mavikadin\/wp-content\/uploads\/2026\/01\/Ibn-i-Sina-corbasi-1-2-1024x576.jpg 1024w, https:\/\/www.tgrthaber.com\/mavikadin\/wp-content\/uploads\/2026\/01\/Ibn-i-Sina-corbasi-1-2-768x432.jpg 768w, https:\/\/www.tgrthaber.com\/mavikadin\/wp-content\/uploads\/2026\/01\/Ibn-i-Sina-corbasi-1-2-1536x864.jpg 1536w\" sizes=\"(max-width: 1600px) 100vw, 1600px\" \/><\/p>\n<hr \/>\n<p>\u0130bn-i Sina, El-Kanun fi\u2019t-T\u0131bb (T\u0131bb\u0131n Kanunu) adl\u0131 kitab\u0131nda yer verdi\u011fi birbirinden faydal\u0131 form\u00fcller ve tariflerle ad\u0131ndan s\u00f6z ettiriyor. Modern t\u0131bb\u0131n yerini geleneksel t\u0131bb\u0131n ald\u0131\u011f\u0131 son zamanlarda \u0130bn-i Sina\u2019n\u0131n sa\u011fl\u0131k alan\u0131ndaki tavsiyeleri dikkat \u00e7ekiyor. \u00d6zellikle \u00e7ocuklu anneler \u0130bn-i Sina\u2019n\u0131n ba\u011f\u0131\u015f\u0131kl\u0131k g\u00fc\u00e7lendiren tariflerini merakla ara\u015ft\u0131r\u0131yor.<\/p>\n<p><img loading=\"lazy\" decoding=\"async\" class=\"size-full wp-image-295147\" src=\"https:\/\/www.tgrthaber.com\/mavikadin\/wp-content\/uploads\/2026\/01\/Ibn-i-Sina-1-2.jpg\" alt=\"\u00c7ocuklar\u0131n ba\u011f\u0131\u015f\u0131kl\u0131\u011f\u0131n\u0131 g\u00fc\u00e7lendiren \u0130bn-i Sina tarifi! Okullar a\u00e7\u0131lmadan deneyin\" width=\"1600\" height=\"900\" title=\"\" srcset=\"https:\/\/www.tgrthaber.com\/mavikadin\/wp-content\/uploads\/2026\/01\/Ibn-i-Sina-1-2.jpg 1600w, https:\/\/www.tgrthaber.com\/mavikadin\/wp-content\/uploads\/2026\/01\/Ibn-i-Sina-1-2-300x169.jpg 300w, https:\/\/www.tgrthaber.com\/mavikadin\/wp-content\/uploads\/2026\/01\/Ibn-i-Sina-1-2-1024x576.jpg 1024w, https:\/\/www.tgrthaber.com\/mavikadin\/wp-content\/uploads\/2026\/01\/Ibn-i-Sina-1-2-768x432.jpg 768w, https:\/\/www.tgrthaber.com\/mavikadin\/wp-content\/uploads\/2026\/01\/Ibn-i-Sina-1-2-1536x864.jpg 1536w\" sizes=\"(max-width: 1600px) 100vw, 1600px\" \/><\/p>\n<hr \/>\n<p>\u00c7ocuklarda ba\u011f\u0131\u015f\u0131kl\u0131k sistemini g\u00fc\u00e7lendirmenin en etkili sonu\u00e7lar\u0131ndan biri do\u011fal y\u00f6ntemler oluyor. Bu noktada \u0130bn-i Sina\u2019n\u0131n as\u0131rlar \u00f6nce yazd\u0131\u011f\u0131 birbirinden \u015fifal\u0131 tarifler g\u00fcn y\u00fcz\u00fcne \u00e7\u0131k\u0131yor. Her derde farkl\u0131 re\u00e7etelerle \u015fifa kayna\u011f\u0131 olan \u00fcnl\u00fc t\u0131p bilgini, insan sa\u011fl\u0131\u011f\u0131na \u0131\u015f\u0131k tutuyor. Peki, \u0130bn-i Sina\u2019n\u0131n ba\u011f\u0131\u015f\u0131kl\u0131\u011f\u0131 g\u00fc\u00e7lendiren tarifi ne? \u0130\u015fte \u00e7ocuklar\u0131n ba\u011f\u0131\u015f\u0131kl\u0131\u011f\u0131n\u0131 g\u00fc\u00e7lendiren \u0130bn-i Sina tarifi\u2026<\/p>\n<p><img loading=\"lazy\" decoding=\"async\" class=\"size-full wp-image-295141\" src=\"https:\/\/www.tgrthaber.com\/mavikadin\/wp-content\/uploads\/2026\/01\/cocuklarda-bagisiklik-guclendirme-6.jpg\" alt=\"\u00c7ocuklar\u0131n ba\u011f\u0131\u015f\u0131kl\u0131\u011f\u0131n\u0131 g\u00fc\u00e7lendiren \u0130bn-i Sina tarifi! Okullar a\u00e7\u0131lmadan deneyin\" width=\"1208\" height=\"680\" title=\"\" srcset=\"https:\/\/www.tgrthaber.com\/mavikadin\/wp-content\/uploads\/2026\/01\/cocuklarda-bagisiklik-guclendirme-6.jpg 1208w, https:\/\/www.tgrthaber.com\/mavikadin\/wp-content\/uploads\/2026\/01\/cocuklarda-bagisiklik-guclendirme-6-300x169.jpg 300w, https:\/\/www.tgrthaber.com\/mavikadin\/wp-content\/uploads\/2026\/01\/cocuklarda-bagisiklik-guclendirme-6-1024x576.jpg 1024w, https:\/\/www.tgrthaber.com\/mavikadin\/wp-content\/uploads\/2026\/01\/cocuklarda-bagisiklik-guclendirme-6-768x432.jpg 768w\" sizes=\"(max-width: 1208px) 100vw, 1208px\" \/><\/p>\n<hr \/>\n<h3>\u0130BN-\u0130 S\u0130NA\u2019NIN BA\u011eI\u015eIKLIK G\u00dc\u00c7LEND\u0130REN TAR\u0130F\u0130N\u0130 OKULLAR A\u00c7ILMADAN \u00c7OCUKLARINIZA DENEY\u0130N!<\/h3>\n<p>G\u00fcn\u00fcm\u00fczde do\u011fall\u0131\u011f\u0131n bir hayli \u00f6nemli oldu bu s\u00fcre\u00e7te kimyasal ila\u00e7lar\u0131n yerini <a href=\"https:\/\/www.tgrthaber.com\/mavikadin\/kepekli-sac-problemine-ibn-i-sina-cozumu-sac-derisini-temizliyor\/\">\u0130bn-i Sina\u2019n\u0131n<\/a> do\u011fal tarifleri ve re\u00e7eteleri al\u0131yor. Hastal\u0131klar\u0131n kol gezdi\u011fi \u015fu d\u00f6nemde bir\u00e7ok anne \u00f6zellikle \u00e7ocuklarda ba\u011f\u0131\u015f\u0131kl\u0131\u011f\u0131 g\u00fc\u00e7lendiren tarif aray\u0131\u015f\u0131na giriyor. Bu noktada en etkili ve en kolay y\u00f6ntem \u0130bn-i Sina\u2019dan geliyor.<\/p>\n<p><img loading=\"lazy\" decoding=\"async\" class=\"size-full wp-image-295138\" src=\"https:\/\/www.tgrthaber.com\/mavikadin\/wp-content\/uploads\/2026\/01\/cocuklarda-bagisiklik-guclendirme-3.jpg\" alt=\"\u00c7ocuklar\u0131n ba\u011f\u0131\u015f\u0131kl\u0131\u011f\u0131n\u0131 g\u00fc\u00e7lendiren \u0130bn-i Sina tarifi! Okullar a\u00e7\u0131lmadan deneyin\" width=\"1208\" height=\"680\" title=\"\" srcset=\"https:\/\/www.tgrthaber.com\/mavikadin\/wp-content\/uploads\/2026\/01\/cocuklarda-bagisiklik-guclendirme-3.jpg 1208w, https:\/\/www.tgrthaber.com\/mavikadin\/wp-content\/uploads\/2026\/01\/cocuklarda-bagisiklik-guclendirme-3-300x169.jpg 300w, https:\/\/www.tgrthaber.com\/mavikadin\/wp-content\/uploads\/2026\/01\/cocuklarda-bagisiklik-guclendirme-3-1024x576.jpg 1024w, https:\/\/www.tgrthaber.com\/mavikadin\/wp-content\/uploads\/2026\/01\/cocuklarda-bagisiklik-guclendirme-3-768x432.jpg 768w\" sizes=\"(max-width: 1208px) 100vw, 1208px\" \/><\/p>\n<hr \/>\n<p>\u0130bn-i Sina\u2019n\u0131n, \u00e7ocuklar\u0131n ba\u011f\u0131\u015f\u0131kl\u0131\u011f\u0131n\u0131 g\u00fc\u00e7lendiren tarifleri aras\u0131nda; nar \u015furubu tarifi geliyor. G\u00fc\u00e7l\u00fc bir antioksidan yap\u0131s\u0131na sahip olan nar, v\u00fccutta zararl\u0131 olan serbest radikallere kar\u015f\u0131 sava\u015f\u0131yor ve ba\u011f\u0131\u015f\u0131kl\u0131\u011f\u0131n\u0131z\u0131 g\u00fc\u00e7lendirmeye yard\u0131mc\u0131 oluyor. \u00c7ocuklar\u0131n\u0131za her g\u00fcn bir bardak d\u00fczenli olarak nar suyu verirseniz, ba\u011f\u0131\u015f\u0131kl\u0131\u011f\u0131 g\u00fc\u00e7lenecek ve bir\u00e7ok hastal\u0131\u011fa kar\u015f\u0131 kalkan olu\u015fturacak.<\/p>\n<p><img loading=\"lazy\" decoding=\"async\" class=\"size-full wp-image-295144\" src=\"https:\/\/www.tgrthaber.com\/mavikadin\/wp-content\/uploads\/2026\/01\/cocuklarda-bagisiklik-guclendirme-9.jpg\" alt=\"\u00c7ocuklar\u0131n ba\u011f\u0131\u015f\u0131kl\u0131\u011f\u0131n\u0131 g\u00fc\u00e7lendiren \u0130bn-i Sina tarifi! Okullar a\u00e7\u0131lmadan deneyin\" width=\"1208\" height=\"680\" title=\"\" srcset=\"https:\/\/www.tgrthaber.com\/mavikadin\/wp-content\/uploads\/2026\/01\/cocuklarda-bagisiklik-guclendirme-9.jpg 1208w, https:\/\/www.tgrthaber.com\/mavikadin\/wp-content\/uploads\/2026\/01\/cocuklarda-bagisiklik-guclendirme-9-300x169.jpg 300w, https:\/\/www.tgrthaber.com\/mavikadin\/wp-content\/uploads\/2026\/01\/cocuklarda-bagisiklik-guclendirme-9-1024x576.jpg 1024w, https:\/\/www.tgrthaber.com\/mavikadin\/wp-content\/uploads\/2026\/01\/cocuklarda-bagisiklik-guclendirme-9-768x432.jpg 768w\" sizes=\"(max-width: 1208px) 100vw, 1208px\" \/><\/p>\n<hr \/>\n<p><strong>\u0130\u015fte \u0130bn-i Sina\u2019n\u0131n \u00e7ocuklarda ba\u011f\u0131\u015f\u0131kl\u0131\u011f\u0131 g\u00fc\u00e7lendiren etkili tarifleri\u2026<\/strong><\/p>\n<h3>H\u0131yar \u015ferbeti<\/h3>\n<p>Ek\u015fi meyve + g\u00fcl suyu + bal kar\u0131\u015f\u0131m\u0131<\/p>\n<p>Serinletici ve ate\u015f d\u00fc\u015f\u00fcr\u00fcc\u00fc etkisiyle hem ba\u011f\u0131\u015f\u0131kl\u0131\u011f\u0131 g\u00fc\u00e7lendiriyor hem de hastal\u0131klara kar\u015f\u0131 koruyor.<\/p>\n<h3>Tar\u00e7\u0131nl\u0131 bal<\/h3>\n<p>Do\u011fal bir antimikrobiyal etkisi olan bal ve tar\u00e7\u0131n kar\u0131\u015f\u0131m\u0131, hazm\u0131 kolayla\u015ft\u0131r\u0131r ve ba\u011f\u0131\u015f\u0131kl\u0131\u011f\u0131 g\u00fc\u00e7lendirir.<\/p>\n<h3>Ku\u015fburnu<\/h3>\n<p>Tam anlam\u0131yla C vitamini bombas\u0131 olarak kar\u015f\u0131m\u0131za \u00e7\u0131kan ku\u015fburnu, \u0130bn-i Sina\u2019ya g\u00f6re kan\u0131 temizliyor, cildi gen\u00e7le\u015ftiriyor ve ba\u011f\u0131\u015f\u0131kl\u0131\u011f\u0131 g\u00fc\u00e7lendiriyor.<\/p>\n<h3>Zencefil<\/h3>\n<p>Dola\u015f\u0131m\u0131 h\u0131zland\u0131ran ve mideyi \u0131s\u0131tan zencefil, ayn\u0131 zamanda g\u00fc\u00e7l\u00fc antioksidan yap\u0131s\u0131yla ba\u011f\u0131\u015f\u0131kl\u0131\u011f\u0131 g\u00fc\u00e7lendirmeye yard\u0131mc\u0131 oluyor.<\/p>\n","protected":false},"excerpt":{"rendered":"<p>\u0130bn-i Sina, as\u0131rlar \u00f6nce yazd\u0131\u011f\u0131 re\u00e7etelerle \u00e7ocuklar\u0131n ba\u011f\u0131\u015f\u0131kl\u0131\u011f\u0131n\u0131 g\u00fc\u00e7lendirmeye geliyor. Sizde okullar a\u00e7\u0131lmadan \u00e7ocuklar\u0131n\u0131z\u0131n ba\u011f\u0131\u015f\u0131kl\u0131\u011f\u0131n\u0131 g\u00fc\u00e7lendirmek istiyorsan\u0131z, do\u011fru yerdesiniz. \u0130\u015fte detaylar\u2026<\/p>\n","protected":false},"author":26,"featured_media":295137,"comment_status":"closed","ping_status":"closed","sticky":false,"template":"","format":"standard","meta":{"rank_math_lock_modified_date":false,"footnotes":""},"categories":[111,1991],"tags":[22924,71466,6637,173,16668],"class_list":["post-295129","post","type-post","status-publish","format-standard","has-post-thumbnail","hentry","category-anne-cocuk","category-saglik","tag-bagisiklik","tag-cocuklarda-bagisiklik-guclendirme","tag-ibni-sina","tag-saglik","tag-saglik-haberleri"],"_links":{"self":[{"href":"https:\/\/www.tgrthaber.com\/mavikadin\/wp-json\/wp\/v2\/posts\/295129"}],"collection":[{"href":"https:\/\/www.tgrthaber.com\/mavikadin\/wp-json\/wp\/v2\/posts"}],"about":[{"href":"https:\/\/www.tgrthaber.com\/mavikadin\/wp-json\/wp\/v2\/types\/post"}],"author":[{"embeddable":true,"href":"https:\/\/www.tgrthaber.com\/mavikadin\/wp-json\/wp\/v2\/users\/26"}],"replies":[{"embeddable":true,"href":"https:\/\/www.tgrthaber.com\/mavikadin\/wp-json\/wp\/v2\/comments?post=295129"}],"version-history":[{"count":2,"href":"https:\/\/www.tgrthaber.com\/mavikadin\/wp-json\/wp\/v2\/posts\/295129\/revisions"}],"predecessor-version":[{"id":295151,"href":"https:\/\/www.tgrthaber.com\/mavikadin\/wp-json\/wp\/v2\/posts\/295129\/revisions\/295151"}],"wp:featuredmedia":[{"embeddable":true,"href":"https:\/\/www.tgrthaber.com\/mavikadin\/wp-json\/wp\/v2\/media\/295137"}],"wp:attachment":[{"href":"https:\/\/www.tgrthaber.com\/mavikadin\/wp-json\/wp\/v2\/media?parent=295129"}],"wp:term":[{"taxonomy":"category","embeddable":true,"href":"https:\/\/www.tgrthaber.com\/mavikadin\/wp-json\/wp\/v2\/categories?post=295129"},{"taxonomy":"post_tag","embeddable":true,"href":"https:\/\/www.tgrthaber.com\/mavikadin\/wp-json\/wp\/v2\/tags?post=295129"}],"curies":[{"name":"wp","href":"https:\/\/api.w.org\/{rel}","templated":true}]}}