{"id":295171,"date":"2026-01-26T14:05:29","date_gmt":"2026-01-26T11:05:29","guid":{"rendered":"https:\/\/www.tgrthaber.com\/mavikadin\/?p=295171"},"modified":"2026-01-26T14:48:46","modified_gmt":"2026-01-26T11:48:46","slug":"kizilcik-serbeti-dizisinin-yeni-fatihi-belli-oldu-mu-emre-dinler-kizilcik-serbetinin-oyuncu-kadrosuna-mi-katildi","status":"publish","type":"post","link":"https:\/\/www.tgrthaber.com\/mavikadin\/kizilcik-serbeti-dizisinin-yeni-fatihi-belli-oldu-mu-emre-dinler-kizilcik-serbetinin-oyuncu-kadrosuna-mi-katildi\/","title":{"rendered":"K\u0131z\u0131lc\u0131k \u015eerbeti dizisinin yeni Fatih\u2019i belli oldu mu? Emre Dinler K\u0131z\u0131lc\u0131k \u015eerbeti\u2019nin oyuncu kadrosuna m\u0131 kat\u0131ld\u0131?"},"content":{"rendered":"<p><a href=\"https:\/\/www.tgrthaber.com\/mavikadin\/alper-saldiran-kizilcik-serbeti-dizisine-mi-dahil-oluyor-alper-saldiran-kizilcik-serbetinin-yeni-fatihi-mi-olacak\/\">K\u0131z\u0131lc\u0131k \u015eerbeti<\/a> dizisinde 4 sezon boyunca \u2018Fatih\u2019 karakteriyle ekranlara gelen Do\u011fukan G\u00fcng\u00f6r\u2019\u00fcn diziden \u00e7\u0131kar\u0131lmas\u0131n\u0131n ard\u0131ndan yeni Fatih\u2019in kim oldu\u011fu duyuruldu. Yasakl\u0131 madde kullanmas\u0131 sebebiyle yap\u0131m \u015firketi taraf\u0131ndan K\u0131z\u0131lc\u0131k \u015eerbeti dizisinden \u00e7\u0131kar\u0131lan Do\u011fukan G\u00fcng\u00f6r\u2019\u00fcn yerine kimin gelece\u011fi merak konusuydu. Show TV ekranlar\u0131n\u0131n fenomen dizisi K\u0131z\u0131lc\u0131k \u015eerbeti\u2019nin yeni \u2018Fatih\u2019i belli oldu. B\u00fcy\u00fck bir ilgiyle takip edilen dizide Do\u011fukan G\u00fcng\u00f6r\u2019\u00fcn yerini kimin ald\u0131\u011f\u0131 ara\u015ft\u0131r\u0131l\u0131yordu. Peki, K\u0131z\u0131lc\u0131k \u015eerbeti dizisinin yeni Fatih\u2019i belli oldu mu! Emre Dinler K\u0131z\u0131lc\u0131k \u015eerbeti\u2019nin oyuncu kadrosuna m\u0131 kat\u0131ld\u0131? \u00a0K\u0131z\u0131lc\u0131k \u015eerbeti dizisine gelecek yeni Fatih hakk\u0131nda merak edilenleri sizin i\u00e7in ara\u015ft\u0131rd\u0131k. \u0130\u015fte K\u0131z\u0131lc\u0131k \u015eerbeti dizisinin yeni Fatih\u2019ine dair bilinmeyenler\u2026<\/p>\n<h3>KIZILCIK \u015eERBET\u0130 D\u0130Z\u0130S\u0130N\u0130N YEN\u0130 FAT\u0130H\u2019\u0130 BELL\u0130 OLDU MU?<\/h3>\n<p>Show TV ekranlar\u0131n\u0131n b\u00fcy\u00fck bir ilgiyle takip edilen dizisi <a href=\"https:\/\/www.tgrthaber.com\/mavikadin\/reyting-yarisinda-zirvede-buyuk-degisiklik-kizilcik-serbeti-tasacak-bu-denizin-liderligini-elinden-aliyor\/\">K\u0131z\u0131lc\u0131k \u015eerbeti\u2019nin<\/a> yeni Fatih\u2019i belli oldu. Yay\u0131nland\u0131\u011f\u0131 g\u00fcnden bu yana seyirciyi ekran ba\u015f\u0131na kilitlemeyi ba\u015faran K\u0131z\u0131lc\u0131k \u015eerbeti, cuma ak\u015famlar\u0131n\u0131n fenomen dizisi haline geldi. \u015eimdilerde 4. sezonuyla ekranlara gelen K\u0131z\u0131lc\u0131k \u015eerbeti\u2019nin yeni sezonun ba\u015flamas\u0131ndan bu yana oyuncu kadrosunda bir\u00e7ok de\u011fi\u015fiklikler ya\u015fanm\u0131\u015ft\u0131.<\/p>\n<p><img loading=\"lazy\" decoding=\"async\" class=\"size-full wp-image-295179\" src=\"https:\/\/www.tgrthaber.com\/mavikadin\/wp-content\/uploads\/2026\/01\/Kizilcik-Serbeti-Fatih-15.jpg\" alt=\"K\u0131z\u0131lc\u0131k \u015eerbeti dizisinin yeni Fatih\u2019i belli oldu! Emre Dinler K\u0131z\u0131lc\u0131k \u015eerbeti\u2019nin oyuncu kadrosuna kat\u0131ld\u0131\" width=\"1208\" height=\"680\" title=\"\" srcset=\"https:\/\/www.tgrthaber.com\/mavikadin\/wp-content\/uploads\/2026\/01\/Kizilcik-Serbeti-Fatih-15.jpg 1208w, https:\/\/www.tgrthaber.com\/mavikadin\/wp-content\/uploads\/2026\/01\/Kizilcik-Serbeti-Fatih-15-300x169.jpg 300w, https:\/\/www.tgrthaber.com\/mavikadin\/wp-content\/uploads\/2026\/01\/Kizilcik-Serbeti-Fatih-15-1024x576.jpg 1024w, https:\/\/www.tgrthaber.com\/mavikadin\/wp-content\/uploads\/2026\/01\/Kizilcik-Serbeti-Fatih-15-768x432.jpg 768w\" sizes=\"(max-width: 1208px) 100vw, 1208px\" \/><\/p>\n<hr \/>\n<p>Ge\u00e7ti\u011fimiz aylarda K\u0131z\u0131lc\u0131k \u015eerbeti dizisinin oyuncu kadrosunda k\u00f6kl\u00fc de\u011fi\u015fiklikler ya\u015fanm\u0131\u015f ve birbirinden ba\u015far\u0131l\u0131 oyuncular senaryo gere\u011fi diziye veda etmi\u015fti. Di\u011fer yandan oyuncu kadrosunu geni\u015fleten fenomen diziye bir\u00e7ok ba\u015far\u0131l\u0131 isimde dahil olmu\u015ftu.<\/p>\n<p><img loading=\"lazy\" decoding=\"async\" class=\"size-full wp-image-295174\" src=\"https:\/\/www.tgrthaber.com\/mavikadin\/wp-content\/uploads\/2026\/01\/Adsiz-tasarim-45-2.jpg\" alt=\"K\u0131z\u0131lc\u0131k \u015eerbeti dizisinin yeni Fatih\u2019i belli oldu! Emre Dinler K\u0131z\u0131lc\u0131k \u015eerbeti\u2019nin oyuncu kadrosuna kat\u0131ld\u0131\" width=\"1208\" height=\"680\" title=\"\" srcset=\"https:\/\/www.tgrthaber.com\/mavikadin\/wp-content\/uploads\/2026\/01\/Adsiz-tasarim-45-2.jpg 1208w, https:\/\/www.tgrthaber.com\/mavikadin\/wp-content\/uploads\/2026\/01\/Adsiz-tasarim-45-2-300x169.jpg 300w, https:\/\/www.tgrthaber.com\/mavikadin\/wp-content\/uploads\/2026\/01\/Adsiz-tasarim-45-2-1024x576.jpg 1024w, https:\/\/www.tgrthaber.com\/mavikadin\/wp-content\/uploads\/2026\/01\/Adsiz-tasarim-45-2-768x432.jpg 768w\" sizes=\"(max-width: 1208px) 100vw, 1208px\" \/><\/p>\n<hr \/>\n<p>Oyuncu kadrosuna birbirinden ba\u015far\u0131l\u0131 isimleri dahil eden K\u0131z\u0131lc\u0131k \u015eerbeti\u2019nde, bu kez dizinin ba\u015frol oyuncular\u0131ndan \u2018Fatih\u2019 karakterini oynayan Do\u011fukan G\u00fcng\u00f6r, yasakl\u0131 madde kullanmas\u0131 sebebiyle yap\u0131m \u015firketi taraf\u0131ndan K\u0131z\u0131lc\u0131k \u015eerbeti dizisinden \u00e7\u0131kar\u0131lm\u0131\u015ft\u0131.<\/p>\n<p><img loading=\"lazy\" decoding=\"async\" class=\"size-full wp-image-295183\" src=\"https:\/\/www.tgrthaber.com\/mavikadin\/wp-content\/uploads\/2026\/01\/Kizilcik-Serbeti-Fatih-1-1.jpg\" alt=\"K\u0131z\u0131lc\u0131k \u015eerbeti dizisinin yeni Fatih\u2019i belli oldu! Emre Dinler K\u0131z\u0131lc\u0131k \u015eerbeti\u2019nin oyuncu kadrosuna kat\u0131ld\u0131\" width=\"1208\" height=\"680\" title=\"\" srcset=\"https:\/\/www.tgrthaber.com\/mavikadin\/wp-content\/uploads\/2026\/01\/Kizilcik-Serbeti-Fatih-1-1.jpg 1208w, https:\/\/www.tgrthaber.com\/mavikadin\/wp-content\/uploads\/2026\/01\/Kizilcik-Serbeti-Fatih-1-1-300x169.jpg 300w, https:\/\/www.tgrthaber.com\/mavikadin\/wp-content\/uploads\/2026\/01\/Kizilcik-Serbeti-Fatih-1-1-1024x576.jpg 1024w, https:\/\/www.tgrthaber.com\/mavikadin\/wp-content\/uploads\/2026\/01\/Kizilcik-Serbeti-Fatih-1-1-768x432.jpg 768w\" sizes=\"(max-width: 1208px) 100vw, 1208px\" \/><\/p>\n<hr \/>\n<p>Do\u011fukan G\u00fcng\u00f6r\u2019\u00fcn yasakl\u0131 madde kulland\u0131\u011f\u0131na dair \u00e7\u0131kan haberler do\u011frulan\u0131nca, K\u0131z\u0131lc\u0131k \u015eerbeti dizisinin yap\u0131m \u015firketinden beklenmedik bir hamle geldi. Ge\u00e7ti\u011fimiz g\u00fcnlerde 4 sezon boyunca fenomen dizide \u2018Fatih\u2019 karakterini oynayan Do\u011fukan G\u00fcng\u00f6r\u2019\u00fcn diziden \u00e7\u0131kar\u0131ld\u0131\u011f\u0131 \u00f6\u011frenildi.<\/p>\n<p><img loading=\"lazy\" decoding=\"async\" class=\"size-full wp-image-295185\" src=\"https:\/\/www.tgrthaber.com\/mavikadin\/wp-content\/uploads\/2026\/01\/Kizilcik-Serbeti-Fatih-8-1.jpg\" alt=\"K\u0131z\u0131lc\u0131k \u015eerbeti dizisinin yeni Fatih\u2019i belli oldu! Emre Dinler K\u0131z\u0131lc\u0131k \u015eerbeti\u2019nin oyuncu kadrosuna kat\u0131ld\u0131\" width=\"1208\" height=\"680\" title=\"\" srcset=\"https:\/\/www.tgrthaber.com\/mavikadin\/wp-content\/uploads\/2026\/01\/Kizilcik-Serbeti-Fatih-8-1.jpg 1208w, https:\/\/www.tgrthaber.com\/mavikadin\/wp-content\/uploads\/2026\/01\/Kizilcik-Serbeti-Fatih-8-1-300x169.jpg 300w, https:\/\/www.tgrthaber.com\/mavikadin\/wp-content\/uploads\/2026\/01\/Kizilcik-Serbeti-Fatih-8-1-1024x576.jpg 1024w, https:\/\/www.tgrthaber.com\/mavikadin\/wp-content\/uploads\/2026\/01\/Kizilcik-Serbeti-Fatih-8-1-768x432.jpg 768w\" sizes=\"(max-width: 1208px) 100vw, 1208px\" \/><\/p>\n<hr \/>\n<p>Ge\u00e7ti\u011fimiz haftalarda evinde yap\u0131lan arama sonucu yasakl\u0131 madde kulland\u0131\u011f\u0131 tespit edilen Do\u011fukan G\u00fcng\u00f6r, test sonu\u00e7lar\u0131n\u0131n da ortaya \u00e7\u0131kmas\u0131yla magazin g\u00fcndemine bomba gibi d\u00fc\u015ft\u00fc. K\u0131z\u0131lc\u0131k \u015eerbeti dizisindeki rol\u00fcnden de olan \u00fcnl\u00fc oyuncunun yerine kimin gelece\u011fi belli oldu.<\/p>\n<p>K\u0131z\u0131lc\u0131k \u015eerbeti dizisinin s\u0131k\u0131 takip\u00e7ileri yeni Fatih\u2019in kim oldu\u011funu b\u00fcy\u00fck bir merakla ara\u015ft\u0131r\u0131rken, sosyal medyada \u00e7e\u015fitli iddialarda g\u00fcndeme geldi. Gazeteci Birsen Altunta\u015f ise K\u0131z\u0131lc\u0131k \u015eerbeti dizisinin yeni Fatih\u2019inin kim oldu\u011funu a\u00e7\u0131klad\u0131.<\/p>\n<p><img loading=\"lazy\" decoding=\"async\" class=\"size-full wp-image-295177\" src=\"https:\/\/www.tgrthaber.com\/mavikadin\/wp-content\/uploads\/2026\/01\/Kizilcik-Serbeti-Fatih-13.jpg\" alt=\"K\u0131z\u0131lc\u0131k \u015eerbeti dizisinin yeni Fatih\u2019i belli oldu! Emre Dinler K\u0131z\u0131lc\u0131k \u015eerbeti\u2019nin oyuncu kadrosuna kat\u0131ld\u0131\" width=\"1208\" height=\"680\" title=\"\" srcset=\"https:\/\/www.tgrthaber.com\/mavikadin\/wp-content\/uploads\/2026\/01\/Kizilcik-Serbeti-Fatih-13.jpg 1208w, https:\/\/www.tgrthaber.com\/mavikadin\/wp-content\/uploads\/2026\/01\/Kizilcik-Serbeti-Fatih-13-300x169.jpg 300w, https:\/\/www.tgrthaber.com\/mavikadin\/wp-content\/uploads\/2026\/01\/Kizilcik-Serbeti-Fatih-13-1024x576.jpg 1024w, https:\/\/www.tgrthaber.com\/mavikadin\/wp-content\/uploads\/2026\/01\/Kizilcik-Serbeti-Fatih-13-768x432.jpg 768w\" sizes=\"(max-width: 1208px) 100vw, 1208px\" \/><\/p>\n<hr \/>\n<h3>EMRE D\u0130NLER KIZILCIK \u015eERBET\u0130\u2019N\u0130N OYUNCU KADROSUNA MI KATILDI?<\/h3>\n<p>Son olarak ATV ekranlar\u0131nda izleyici kar\u015f\u0131s\u0131na \u00e7\u0131kan Zembilli dizisinde ba\u015frol oynayan Emre Dinler, <a href=\"https:\/\/www.tgrthaber.com\/mavikadin\/kizilcik-serbetinin-yeni-fatihi-kim-olacak-kizilcik-serbeti-fatihe-ne-oldu\/\">K\u0131z\u0131lc\u0131k \u015eerbeti<\/a> dizisinin oyuncu kadrosuna dahil oldu. Gazeteci Birsen Altunta\u015f\u2019\u0131n haberine g\u00f6re; ge\u00e7en cuma g\u00fcn\u00fcnden beri yap\u0131lan g\u00f6r\u00fc\u015fmelerin ard\u0131ndan K\u0131z\u0131lc\u0131k \u015eerbeti dizisinin yeni Fatih&#8217;i ba\u015far\u0131l\u0131 oyuncu Emre Dinler oldu.<\/p>\n<p><img loading=\"lazy\" decoding=\"async\" class=\"size-full wp-image-295180\" src=\"https:\/\/www.tgrthaber.com\/mavikadin\/wp-content\/uploads\/2026\/01\/Kizilcik-Serbeti-Fatih-16.jpg\" alt=\"K\u0131z\u0131lc\u0131k \u015eerbeti dizisinin yeni Fatih\u2019i belli oldu! Emre Dinler K\u0131z\u0131lc\u0131k \u015eerbeti\u2019nin oyuncu kadrosuna kat\u0131ld\u0131\" width=\"1208\" height=\"680\" title=\"\" srcset=\"https:\/\/www.tgrthaber.com\/mavikadin\/wp-content\/uploads\/2026\/01\/Kizilcik-Serbeti-Fatih-16.jpg 1208w, https:\/\/www.tgrthaber.com\/mavikadin\/wp-content\/uploads\/2026\/01\/Kizilcik-Serbeti-Fatih-16-300x169.jpg 300w, https:\/\/www.tgrthaber.com\/mavikadin\/wp-content\/uploads\/2026\/01\/Kizilcik-Serbeti-Fatih-16-1024x576.jpg 1024w, https:\/\/www.tgrthaber.com\/mavikadin\/wp-content\/uploads\/2026\/01\/Kizilcik-Serbeti-Fatih-16-768x432.jpg 768w\" sizes=\"(max-width: 1208px) 100vw, 1208px\" \/><\/p>\n<hr \/>\n<p>Emre Dinler, K\u0131z\u0131lc\u0131k \u015eerbeti dizisinin oyuncu kadrosuna dahil oldu. Daha \u00f6nce Zembilli dizisindeki ba\u015far\u0131s\u0131yla dikkatleri \u00fczerine \u00e7eken Emre Dinler\u2019in K\u0131z\u0131lc\u0131k \u015eerbeti dizisindeki performans\u0131 ise \u015fimdiden merak konusu oldu.<\/p>\n","protected":false},"excerpt":{"rendered":"<p>Show TV ekranlar\u0131n\u0131n fenomen dizisi K\u0131z\u0131lc\u0131k \u015eerbeti\u2019nin yeni \u2018Fatih\u2019i Emre Dinler oldu. B\u00fcy\u00fck bir ilgiyle takip edilen dizide Do\u011fukan G\u00fcng\u00f6r\u2019\u00fcn yerini Emre Dinler ald\u0131. \u0130\u015fte detaylar\u2026<\/p>\n","protected":false},"author":26,"featured_media":295181,"comment_status":"closed","ping_status":"closed","sticky":false,"template":"","format":"standard","meta":{"rank_math_lock_modified_date":false,"footnotes":""},"categories":[602],"tags":[32159,2628,3602,4112,5496,71472,157,4276],"class_list":["post-295171","post","type-post","status-publish","format-standard","has-post-thumbnail","hentry","category-diziler","tag-dizi","tag-dizi-haberleri","tag-diziler","tag-dogukan-gungor","tag-emre-dinler","tag-emre-dinler-kizilcik-serbeti","tag-kizilcik-serbeti","tag-kizilcik-serbeti-fatih"],"_links":{"self":[{"href":"https:\/\/www.tgrthaber.com\/mavikadin\/wp-json\/wp\/v2\/posts\/295171"}],"collection":[{"href":"https:\/\/www.tgrthaber.com\/mavikadin\/wp-json\/wp\/v2\/posts"}],"about":[{"href":"https:\/\/www.tgrthaber.com\/mavikadin\/wp-json\/wp\/v2\/types\/post"}],"author":[{"embeddable":true,"href":"https:\/\/www.tgrthaber.com\/mavikadin\/wp-json\/wp\/v2\/users\/26"}],"replies":[{"embeddable":true,"href":"https:\/\/www.tgrthaber.com\/mavikadin\/wp-json\/wp\/v2\/comments?post=295171"}],"version-history":[{"count":4,"href":"https:\/\/www.tgrthaber.com\/mavikadin\/wp-json\/wp\/v2\/posts\/295171\/revisions"}],"predecessor-version":[{"id":295228,"href":"https:\/\/www.tgrthaber.com\/mavikadin\/wp-json\/wp\/v2\/posts\/295171\/revisions\/295228"}],"wp:featuredmedia":[{"embeddable":true,"href":"https:\/\/www.tgrthaber.com\/mavikadin\/wp-json\/wp\/v2\/media\/295181"}],"wp:attachment":[{"href":"https:\/\/www.tgrthaber.com\/mavikadin\/wp-json\/wp\/v2\/media?parent=295171"}],"wp:term":[{"taxonomy":"category","embeddable":true,"href":"https:\/\/www.tgrthaber.com\/mavikadin\/wp-json\/wp\/v2\/categories?post=295171"},{"taxonomy":"post_tag","embeddable":true,"href":"https:\/\/www.tgrthaber.com\/mavikadin\/wp-json\/wp\/v2\/tags?post=295171"}],"curies":[{"name":"wp","href":"https:\/\/api.w.org\/{rel}","templated":true}]}}