{"id":295184,"date":"2026-01-26T14:18:44","date_gmt":"2026-01-26T11:18:44","guid":{"rendered":"https:\/\/www.tgrthaber.com\/mavikadin\/?p=295184"},"modified":"2026-01-26T14:18:44","modified_gmt":"2026-01-26T11:18:44","slug":"alya-dormen-kimdir-kac-yasinda-alya-dormen-kimin-kizi","status":"publish","type":"post","link":"https:\/\/www.tgrthaber.com\/mavikadin\/alya-dormen-kimdir-kac-yasinda-alya-dormen-kimin-kizi\/","title":{"rendered":"Alya Dormen kimdir ka\u00e7 ya\u015f\u0131nda? Alya Dormen kimin k\u0131z\u0131?"},"content":{"rendered":"<p>Haldun Dormen\u2019in torunu olan <a href=\"https:\/\/www.tgrthaber.com\/mavikadin\/omer-dormen-kiminle-evli-omer-dormen-ve-ayse-arman-ne-zaman-evlendi\/\">Alya Dormen<\/a>, hayat\u0131yla merak edilerek ara\u015ft\u0131r\u0131lan isimler aras\u0131nda yer ald\u0131. Arama motorlar\u0131nda \u2018kimin k\u0131z\u0131\u2019 sorusuyla ara\u015ft\u0131r\u0131lan Alya Dormen, g\u00fcn\u00fcn en \u00e7ok dikkat \u00e7eken ki\u015filerinden biri oldu. Peki, Alya Dormen kimdir ka\u00e7 ya\u015f\u0131nda? Alya Dormen kimin k\u0131z\u0131? sorular\u0131n\u0131 sizin i\u00e7in ara\u015ft\u0131rd\u0131k. \u0130\u015fte Alya Dormen hakk\u0131nda merak edilenler\u2026<\/p>\n<h3>ALYA DORMEN K\u0130MD\u0130R?<\/h3>\n<p>Alya Dormen, arama motorlar\u0131nda merak edilerek ara\u015ft\u0131r\u0131lan isimlerden biri oldu. 2005 y\u0131l\u0131nda d\u00fcnyaya gelen <a href=\"https:\/\/www.tgrthaber.com\/mavikadin\/omer-dormen-kimdir-kac-yasinda-omer-dormen-kimin-akrabasi\/\">Alya Dormen<\/a>, sanatla ve i\u015f hayat\u0131yla bir arada b\u00fcy\u00fcm\u00fc\u015f bir isim olarak kar\u0131\u015f\u0131m\u0131za \u00e7\u0131k\u0131yor. Usta sanat\u00e7\u0131 Haldun Dormen\u2019in torunu olan Alya Dormen, dikkat \u00e7eken isimlerden biri oluyor.<\/p>\n<p><img loading=\"lazy\" decoding=\"async\" class=\"alignnone size-full wp-image-295196\" src=\"https:\/\/www.tgrthaber.com\/mavikadin\/wp-content\/uploads\/2026\/01\/alya-dormen-3.jpg\" alt=\"Alya Dormen kimdir ka\u00e7 ya\u015f\u0131nda? Alya Dormen kimin k\u0131z\u0131?\" width=\"1208\" height=\"680\" title=\"\" srcset=\"https:\/\/www.tgrthaber.com\/mavikadin\/wp-content\/uploads\/2026\/01\/alya-dormen-3.jpg 1208w, https:\/\/www.tgrthaber.com\/mavikadin\/wp-content\/uploads\/2026\/01\/alya-dormen-3-300x169.jpg 300w, https:\/\/www.tgrthaber.com\/mavikadin\/wp-content\/uploads\/2026\/01\/alya-dormen-3-1024x576.jpg 1024w, https:\/\/www.tgrthaber.com\/mavikadin\/wp-content\/uploads\/2026\/01\/alya-dormen-3-768x432.jpg 768w\" sizes=\"(max-width: 1208px) 100vw, 1208px\" \/><\/p>\n<hr \/>\n<p>Hayat\u0131nda sanat ve i\u015f d\u00fcnyas\u0131 gibi kavramlarla b\u00fcy\u00fcyen Alya Dormen, ald\u0131\u011f\u0131 e\u011fitimler ile de dikkat \u00e7eken isim, lise e\u011fitiminin sonras\u0131 ald\u0131\u011f\u0131 dans e\u011fitimleriyle de ad\u0131n\u0131 duyurmay\u0131 ba\u015farm\u0131\u015f ki\u015filerden biridir.<\/p>\n<h3><img loading=\"lazy\" decoding=\"async\" class=\"alignnone size-full wp-image-295195\" src=\"https:\/\/www.tgrthaber.com\/mavikadin\/wp-content\/uploads\/2026\/01\/alya-dormen-2.jpg\" alt=\"Alya Dormen kimdir ka\u00e7 ya\u015f\u0131nda? Alya Dormen kimin k\u0131z\u0131?\" width=\"1208\" height=\"680\" title=\"\" srcset=\"https:\/\/www.tgrthaber.com\/mavikadin\/wp-content\/uploads\/2026\/01\/alya-dormen-2.jpg 1208w, https:\/\/www.tgrthaber.com\/mavikadin\/wp-content\/uploads\/2026\/01\/alya-dormen-2-300x169.jpg 300w, https:\/\/www.tgrthaber.com\/mavikadin\/wp-content\/uploads\/2026\/01\/alya-dormen-2-1024x576.jpg 1024w, https:\/\/www.tgrthaber.com\/mavikadin\/wp-content\/uploads\/2026\/01\/alya-dormen-2-768x432.jpg 768w\" sizes=\"(max-width: 1208px) 100vw, 1208px\" \/><\/h3>\n<hr \/>\n<h3>ALYA DORMEN KA\u00c7 YA\u015eINDA?<\/h3>\n<p><a href=\"https:\/\/www.tgrthaber.com\/mavikadin\/haldun-dormenin-kac-tane-cocugu-var-haldun-dormen-kac-kez-evlendi\/\">Alya Dormen<\/a>, ka\u00e7 ya\u015f\u0131nda? sorusu da merak edilerek ara\u015ft\u0131r\u0131lan isimler aras\u0131nda yer al\u0131yor. 2005 y\u0131l\u0131nda d\u00fcnyaya gelen Alya Dormen, \u015fimdilerde 20 ya\u015flar\u0131ndand\u0131r. Ald\u0131\u011f\u0131 e\u011fitimler ve hayat\u0131yla s\u0131kl\u0131kla g\u00fcndeme gelen Alya Dormen, sanatla i\u00e7 i\u00e7e b\u00fcy\u00fcmenin vermi\u015f oldu\u011fu bilgiyle dans okumay\u0131 se\u00e7ti\u011fi kamuoyunda yer alan bilgiler aras\u0131nda yer al\u0131yor.<\/p>\n<p><img loading=\"lazy\" decoding=\"async\" class=\"alignnone size-full wp-image-295200\" src=\"https:\/\/www.tgrthaber.com\/mavikadin\/wp-content\/uploads\/2026\/01\/alya-dormen-7.jpg\" alt=\"Alya Dormen kimdir ka\u00e7 ya\u015f\u0131nda? Alya Dormen kimin k\u0131z\u0131?\" width=\"1208\" height=\"680\" title=\"\" srcset=\"https:\/\/www.tgrthaber.com\/mavikadin\/wp-content\/uploads\/2026\/01\/alya-dormen-7.jpg 1208w, https:\/\/www.tgrthaber.com\/mavikadin\/wp-content\/uploads\/2026\/01\/alya-dormen-7-300x169.jpg 300w, https:\/\/www.tgrthaber.com\/mavikadin\/wp-content\/uploads\/2026\/01\/alya-dormen-7-1024x576.jpg 1024w, https:\/\/www.tgrthaber.com\/mavikadin\/wp-content\/uploads\/2026\/01\/alya-dormen-7-768x432.jpg 768w\" sizes=\"(max-width: 1208px) 100vw, 1208px\" \/><\/p>\n<hr \/>\n<p>\u00d6zellikle de Alya Dormen\u2019in \u00fcnl\u00fc sanat\u00e7\u0131 Haldun Dormen\u2019in torunu olmas\u0131 onun sanatla i\u00e7 i\u00e7e oldu\u011funu ve dans tutkusunun da oradan geldi\u011fi iddia ediliyor. Kamuoyunda Alya Dormen hakk\u0131nda detayl\u0131 bir bilgi bulunmazken, kimin k\u0131z\u0131 oldu\u011fu da merakla ara\u015ft\u0131r\u0131l\u0131yor.<\/p>\n<h3><img loading=\"lazy\" decoding=\"async\" class=\"alignnone size-full wp-image-295197\" src=\"https:\/\/www.tgrthaber.com\/mavikadin\/wp-content\/uploads\/2026\/01\/alya-dormen-4.jpg\" alt=\"Alya Dormen kimdir ka\u00e7 ya\u015f\u0131nda? Alya Dormen kimin k\u0131z\u0131?\" width=\"1208\" height=\"680\" title=\"\" srcset=\"https:\/\/www.tgrthaber.com\/mavikadin\/wp-content\/uploads\/2026\/01\/alya-dormen-4.jpg 1208w, https:\/\/www.tgrthaber.com\/mavikadin\/wp-content\/uploads\/2026\/01\/alya-dormen-4-300x169.jpg 300w, https:\/\/www.tgrthaber.com\/mavikadin\/wp-content\/uploads\/2026\/01\/alya-dormen-4-1024x576.jpg 1024w, https:\/\/www.tgrthaber.com\/mavikadin\/wp-content\/uploads\/2026\/01\/alya-dormen-4-768x432.jpg 768w\" sizes=\"(max-width: 1208px) 100vw, 1208px\" \/><\/h3>\n<hr \/>\n<h3>ALYA DORMEN K\u0130M\u0130N KIZI?<\/h3>\n<p>Alya Dormen, \u00fcnl\u00fc sanat\u00e7\u0131 Haldun Dormen\u2019in o\u011flu olan \u00d6mer Dormen ve Ay\u015fe Arman\u2019\u0131n k\u0131zlar\u0131d\u0131r. 2005 y\u0131l\u0131nda d\u00fcnyaya gelen Alya Dormen, \u00fcnl\u00fc \u00e7iftin \u00e7ocuklar\u0131 olarak kamuoyunda yer al\u0131r. 2004 y\u0131l\u0131nda evlenen \u00e7ift, bir sene sonra anne baba olmu\u015ftu.<\/p>\n<p><img loading=\"lazy\" decoding=\"async\" class=\"alignnone size-full wp-image-295198\" src=\"https:\/\/www.tgrthaber.com\/mavikadin\/wp-content\/uploads\/2026\/01\/alya-dormen-5.jpg\" alt=\"Alya Dormen kimdir ka\u00e7 ya\u015f\u0131nda? Alya Dormen kimin k\u0131z\u0131?\" width=\"1208\" height=\"680\" title=\"\" srcset=\"https:\/\/www.tgrthaber.com\/mavikadin\/wp-content\/uploads\/2026\/01\/alya-dormen-5.jpg 1208w, https:\/\/www.tgrthaber.com\/mavikadin\/wp-content\/uploads\/2026\/01\/alya-dormen-5-300x169.jpg 300w, https:\/\/www.tgrthaber.com\/mavikadin\/wp-content\/uploads\/2026\/01\/alya-dormen-5-1024x576.jpg 1024w, https:\/\/www.tgrthaber.com\/mavikadin\/wp-content\/uploads\/2026\/01\/alya-dormen-5-768x432.jpg 768w\" sizes=\"(max-width: 1208px) 100vw, 1208px\" \/><\/p>\n<hr \/>\n<p>Sanat\u00e7\u0131 bir baban\u0131n o\u011flu olan \u00d6mer Dormen, kendi kariyerinde farkl\u0131 bir yol \u00e7izerek i\u015f d\u00fcnyas\u0131na at\u0131ld\u0131. Alya Dormen ise kamuoyunda yer alan bilgilere g\u00f6re dans alan\u0131nda kendine bir yol \u00e7izmi\u015ftir. Ge\u00e7ti\u011fimiz y\u0131llarda liseden mezun olan Alya Dormen, \u00fcniversite e\u011fitimiyle de merak edilen isimlerden biridir.<\/p>\n<p><img loading=\"lazy\" decoding=\"async\" class=\"alignnone size-full wp-image-295194\" src=\"https:\/\/www.tgrthaber.com\/mavikadin\/wp-content\/uploads\/2026\/01\/alya-dormen-1.jpg\" alt=\"Alya Dormen kimdir ka\u00e7 ya\u015f\u0131nda? Alya Dormen kimin k\u0131z\u0131?\" width=\"1208\" height=\"680\" title=\"\" srcset=\"https:\/\/www.tgrthaber.com\/mavikadin\/wp-content\/uploads\/2026\/01\/alya-dormen-1.jpg 1208w, https:\/\/www.tgrthaber.com\/mavikadin\/wp-content\/uploads\/2026\/01\/alya-dormen-1-300x169.jpg 300w, https:\/\/www.tgrthaber.com\/mavikadin\/wp-content\/uploads\/2026\/01\/alya-dormen-1-1024x576.jpg 1024w, https:\/\/www.tgrthaber.com\/mavikadin\/wp-content\/uploads\/2026\/01\/alya-dormen-1-768x432.jpg 768w\" sizes=\"(max-width: 1208px) 100vw, 1208px\" \/><\/p>\n<hr \/>\n<p>Sanat d\u00fcnyas\u0131n\u0131n \u00fcnl\u00fc ismi Haldun Dormen\u2019in vefat\u0131yla ailesi de merak ediliyor. E\u015fi o\u011flu, gelini ve torunu dikkat \u00e7ekerken \u00fcnl\u00fc isimlerin hayatlar\u0131 ve kariyerleri de olduk\u00e7a dikkat \u00e7ekici oluyor. Sanattan i\u015f d\u00fcnyas\u0131na kadar uzanan bir aile olan Dormen ailesi, \u015fimdilerde g\u00fcndem de s\u0131kl\u0131kla yer al\u0131yor.<\/p>\n","protected":false},"excerpt":{"rendered":"<p>Alya Dormen, hayat\u0131yla merak edilen ki\u015filer aras\u0131nda yer ald\u0131. \u00d6zellikle de kim k\u0131z\u0131 oldu\u011fu en \u00e7ok merak edilen sorulardan olurken, arama motorlar\u0131nda Alya Dormen hakk\u0131nda ara\u015ft\u0131r\u0131lmalar yap\u0131lmaya ba\u015fland\u0131. Peki, Alya Dormen kimdir ka\u00e7 ya\u015f\u0131nda? Alya Dormen kimin k\u0131z\u0131? \u0130\u015fte detaylar\u2026<\/p>\n","protected":false},"author":34,"featured_media":295199,"comment_status":"closed","ping_status":"closed","sticky":false,"template":"","format":"standard","meta":{"rank_math_lock_modified_date":false,"footnotes":""},"categories":[491],"tags":[71473,71474,71132,16521,71236],"class_list":["post-295184","post","type-post","status-publish","format-standard","has-post-thumbnail","hentry","category-biyografi","tag-alya-dormen","tag-alya-dormen-kimdir","tag-ayse-arman","tag-biyografi-haberleri","tag-omer-dormen"],"_links":{"self":[{"href":"https:\/\/www.tgrthaber.com\/mavikadin\/wp-json\/wp\/v2\/posts\/295184"}],"collection":[{"href":"https:\/\/www.tgrthaber.com\/mavikadin\/wp-json\/wp\/v2\/posts"}],"about":[{"href":"https:\/\/www.tgrthaber.com\/mavikadin\/wp-json\/wp\/v2\/types\/post"}],"author":[{"embeddable":true,"href":"https:\/\/www.tgrthaber.com\/mavikadin\/wp-json\/wp\/v2\/users\/34"}],"replies":[{"embeddable":true,"href":"https:\/\/www.tgrthaber.com\/mavikadin\/wp-json\/wp\/v2\/comments?post=295184"}],"version-history":[{"count":2,"href":"https:\/\/www.tgrthaber.com\/mavikadin\/wp-json\/wp\/v2\/posts\/295184\/revisions"}],"predecessor-version":[{"id":295203,"href":"https:\/\/www.tgrthaber.com\/mavikadin\/wp-json\/wp\/v2\/posts\/295184\/revisions\/295203"}],"wp:featuredmedia":[{"embeddable":true,"href":"https:\/\/www.tgrthaber.com\/mavikadin\/wp-json\/wp\/v2\/media\/295199"}],"wp:attachment":[{"href":"https:\/\/www.tgrthaber.com\/mavikadin\/wp-json\/wp\/v2\/media?parent=295184"}],"wp:term":[{"taxonomy":"category","embeddable":true,"href":"https:\/\/www.tgrthaber.com\/mavikadin\/wp-json\/wp\/v2\/categories?post=295184"},{"taxonomy":"post_tag","embeddable":true,"href":"https:\/\/www.tgrthaber.com\/mavikadin\/wp-json\/wp\/v2\/tags?post=295184"}],"curies":[{"name":"wp","href":"https:\/\/api.w.org\/{rel}","templated":true}]}}