{"id":295210,"date":"2026-01-26T14:43:38","date_gmt":"2026-01-26T11:43:38","guid":{"rendered":"https:\/\/www.tgrthaber.com\/mavikadin\/?p=295210"},"modified":"2026-01-26T14:43:38","modified_gmt":"2026-01-26T11:43:38","slug":"emre-dinler-kimdir-kac-yasinda-emre-dinler-hangi-dizilerde-oynadi","status":"publish","type":"post","link":"https:\/\/www.tgrthaber.com\/mavikadin\/emre-dinler-kimdir-kac-yasinda-emre-dinler-hangi-dizilerde-oynadi\/","title":{"rendered":"Emre Dinler kimdir, ka\u00e7 ya\u015f\u0131nda? Emre Dinler hangi dizilerde oynad\u0131?"},"content":{"rendered":"<p>Daha \u00f6nce bir\u00e7ok ba\u015far\u0131l\u0131 dizi ve film projesinde yer alan <a href=\"https:\/\/www.tgrthaber.com\/mavikadin\/alper-saldiran-kizilcik-serbeti-dizisine-mi-dahil-oluyor-alper-saldiran-kizilcik-serbetinin-yeni-fatihi-mi-olacak\/\">Emre Dinler\u2019in<\/a> kim oldu\u011fu ara\u015ft\u0131r\u0131l\u0131yor. Oyunculuk kariyerindeki ba\u015far\u0131s\u0131yla ad\u0131ndan s\u00f6z ettiren Emre Dinler\u2019in \u00f6zel hayat\u0131na ili\u015fkin detaylarda ara\u015ft\u0131r\u0131l\u0131yor. \u015eimdilerde K\u0131z\u0131lc\u0131k \u015eerbeti dizisinin oyuncu kadrosunda yer alan Emre Dinler\u2019in daha \u00f6nce hangi projelerde yer ald\u0131\u011f\u0131 da merak konusu oldu. Peki, Emre Dinler kimdir? Emre Dinler ka\u00e7 ya\u015f\u0131nda? Emre Dinler hangi dizilerde oynad\u0131? Emre Dinler hakk\u0131nda merak edilenleri sizin i\u00e7in ara\u015ft\u0131rd\u0131k. \u0130\u015fte Emre Dinler\u2019e dair bilinmeyenler\u2026<\/p>\n<h3>EMRE D\u0130NLER K\u0130MD\u0130R?<\/h3>\n<p><a href=\"https:\/\/www.tgrthaber.com\/mavikadin\/alper-saldiran-kizilcik-serbeti-dizisine-mi-dahil-oluyor-alper-saldiran-kizilcik-serbetinin-yeni-fatihi-mi-olacak\/\">Emre Dinler<\/a>, manken, dizi, sinema ve film oyuncusudur. Kariyerine ilk olarak mankenlik yaparak ba\u015flayan Dinler, daha sonra oyunculuk alan\u0131nda profesyonelle\u015fti. 2013 y\u0131l\u0131nda kat\u0131ld\u0131\u011f\u0131 Miss &amp; Mr Model of Turkey yar\u0131\u015fmas\u0131nda 3. olan Dinler, bu alandaki \u00e7al\u0131\u015fmalar\u0131n\u0131 bir s\u00fcre devam ettirdi.<\/p>\n<p><img loading=\"lazy\" decoding=\"async\" class=\"size-full wp-image-295219\" src=\"https:\/\/www.tgrthaber.com\/mavikadin\/wp-content\/uploads\/2026\/01\/Emre-Dinler-6.jpg\" alt=\"Emre Dinler kimdir, ka\u00e7 ya\u015f\u0131nda? Emre Dinler hangi dizilerde oynad\u0131?\" width=\"1208\" height=\"680\" title=\"\" srcset=\"https:\/\/www.tgrthaber.com\/mavikadin\/wp-content\/uploads\/2026\/01\/Emre-Dinler-6.jpg 1208w, https:\/\/www.tgrthaber.com\/mavikadin\/wp-content\/uploads\/2026\/01\/Emre-Dinler-6-300x169.jpg 300w, https:\/\/www.tgrthaber.com\/mavikadin\/wp-content\/uploads\/2026\/01\/Emre-Dinler-6-1024x576.jpg 1024w, https:\/\/www.tgrthaber.com\/mavikadin\/wp-content\/uploads\/2026\/01\/Emre-Dinler-6-768x432.jpg 768w\" sizes=\"(max-width: 1208px) 100vw, 1208px\" \/><\/p>\n<hr \/>\n<p>Emre Dinler, bir s\u00fcre model ve mankenlik yaparak \u00e7al\u0131\u015fmalar\u0131n\u0131 s\u00fcrd\u00fc. \u0130lerleyen s\u00fcre\u00e7te 2018 y\u0131l\u0131nda oyunculuk kariyerine ad\u0131m atan Dinler, ilk kez d\u00f6nemin fenomen dizilerinden \u2018S\u00f6z\u2019de \u2018Tahir\u2019 karakteriyle izleyici kar\u015f\u0131s\u0131na \u00e7\u0131kt\u0131. \u015eimdilerde oyunculuk kariyerinde emin ad\u0131mlarla ilerleyen Dinler, ba\u015far\u0131l\u0131 performans\u0131yla dikkat \u00e7ekiyor.<\/p>\n<p><img loading=\"lazy\" decoding=\"async\" class=\"size-full wp-image-295220\" src=\"https:\/\/www.tgrthaber.com\/mavikadin\/wp-content\/uploads\/2026\/01\/Emre-Dinler-7.jpg\" alt=\"Emre Dinler kimdir, ka\u00e7 ya\u015f\u0131nda? Emre Dinler hangi dizilerde oynad\u0131?\" width=\"1208\" height=\"680\" title=\"\" srcset=\"https:\/\/www.tgrthaber.com\/mavikadin\/wp-content\/uploads\/2026\/01\/Emre-Dinler-7.jpg 1208w, https:\/\/www.tgrthaber.com\/mavikadin\/wp-content\/uploads\/2026\/01\/Emre-Dinler-7-300x169.jpg 300w, https:\/\/www.tgrthaber.com\/mavikadin\/wp-content\/uploads\/2026\/01\/Emre-Dinler-7-1024x576.jpg 1024w, https:\/\/www.tgrthaber.com\/mavikadin\/wp-content\/uploads\/2026\/01\/Emre-Dinler-7-768x432.jpg 768w\" sizes=\"(max-width: 1208px) 100vw, 1208px\" \/><\/p>\n<hr \/>\n<h3>EMRE D\u0130NLER KA\u00c7 YA\u015eINDA?<\/h3>\n<p>Ba\u015far\u0131l\u0131 oyuncu <a href=\"https:\/\/www.tgrthaber.com\/mavikadin\/kizilcik-serbeti-dizisinin-yeni-fatihi-belli-oldu-mu-emre-dinler-kizilcik-serbetinin-oyuncu-kadrosuna-mi-katildi\/\">Emre Dinler<\/a>, 29 Temmuz 1995 tarihinde d\u00fcnyaya geldi. \u015eimdilerde 30 ya\u015f\u0131nda olan Dinler, Hatay\u2019\u0131n K\u0131r\u0131khan il\u00e7esinde d\u00fcnyaya g\u00f6zlerini a\u00e7t\u0131. 2018 y\u0131l\u0131ndan bu yana oyunculuk sekt\u00f6r\u00fcnde ba\u015far\u0131l\u0131 bir performans g\u00f6steren Dinler, fiziksel \u00f6zellikleriyle de ad\u0131ndan s\u00f6z ettiriyor.<\/p>\n<p><img loading=\"lazy\" decoding=\"async\" class=\"size-full wp-image-295221\" src=\"https:\/\/www.tgrthaber.com\/mavikadin\/wp-content\/uploads\/2026\/01\/Emre-Dinler-8.jpg\" alt=\"Emre Dinler kimdir, ka\u00e7 ya\u015f\u0131nda? Emre Dinler hangi dizilerde oynad\u0131?\" width=\"1208\" height=\"680\" title=\"\" srcset=\"https:\/\/www.tgrthaber.com\/mavikadin\/wp-content\/uploads\/2026\/01\/Emre-Dinler-8.jpg 1208w, https:\/\/www.tgrthaber.com\/mavikadin\/wp-content\/uploads\/2026\/01\/Emre-Dinler-8-300x169.jpg 300w, https:\/\/www.tgrthaber.com\/mavikadin\/wp-content\/uploads\/2026\/01\/Emre-Dinler-8-1024x576.jpg 1024w, https:\/\/www.tgrthaber.com\/mavikadin\/wp-content\/uploads\/2026\/01\/Emre-Dinler-8-768x432.jpg 768w\" sizes=\"(max-width: 1208px) 100vw, 1208px\" \/><\/p>\n<hr \/>\n<p>1.90 boyunda olan Emre Dinler, oyunculuk kariyerinin yan\u0131 s\u0131ra modellik ve mankenlik alan\u0131nda da bir\u00e7ok ba\u015far\u0131l\u0131 i\u015fe imza att\u0131. Uzun s\u00fcre modellik yapan Dinler, kamera \u00f6n\u00fc deneyimlerini geli\u015ftirerek, oyunculuk sekt\u00f6r\u00fcne h\u0131zl\u0131 bir giri\u015f yapmay\u0131 ba\u015fard\u0131.<\/p>\n<p><img loading=\"lazy\" decoding=\"async\" class=\"size-full wp-image-295224\" src=\"https:\/\/www.tgrthaber.com\/mavikadin\/wp-content\/uploads\/2026\/01\/Emre-Dinler-1.jpg\" alt=\"Emre Dinler kimdir, ka\u00e7 ya\u015f\u0131nda? Emre Dinler hangi dizilerde oynad\u0131?\" width=\"1208\" height=\"680\" title=\"\" srcset=\"https:\/\/www.tgrthaber.com\/mavikadin\/wp-content\/uploads\/2026\/01\/Emre-Dinler-1.jpg 1208w, https:\/\/www.tgrthaber.com\/mavikadin\/wp-content\/uploads\/2026\/01\/Emre-Dinler-1-300x169.jpg 300w, https:\/\/www.tgrthaber.com\/mavikadin\/wp-content\/uploads\/2026\/01\/Emre-Dinler-1-1024x576.jpg 1024w, https:\/\/www.tgrthaber.com\/mavikadin\/wp-content\/uploads\/2026\/01\/Emre-Dinler-1-768x432.jpg 768w\" sizes=\"(max-width: 1208px) 100vw, 1208px\" \/><\/p>\n<hr \/>\n<h3>EMRE D\u0130NLER HANG\u0130 D\u0130Z\u0130LERDE OYNADI?<\/h3>\n<p><a href=\"https:\/\/www.tgrthaber.com\/mavikadin\/alya-dormen-kimdir-kac-yasinda-alya-dormen-kimin-kizi\/\">Emre Dinler<\/a>, profesyonel oyunculuk deneyimine 2018 y\u0131l\u0131nda ad\u0131m att\u0131. 2018 y\u0131l\u0131ndan bu yana bir\u00e7ok ba\u015far\u0131l\u0131 projede boy g\u00f6steren Dinler, ilk deneyimini Star TV ekranlar\u0131nda yay\u0131nlanan \u2018S\u00f6z\u2019 dizisiyle ger\u00e7ekle\u015ftirdi. Daha sonra 2018-2019\u2019da G\u00fclperi dizisinde Mesut, 2020 y\u0131l\u0131nda rol ald\u0131\u011f\u0131 Sol Yan\u0131m dizisinde ise \u2018Barbar\u2019 karakterini oynayan Dinler, 2021-2023 y\u0131llar\u0131nda Yasak Elma, Al Sancak gibi dizilerde oynad\u0131.<\/p>\n<p><img loading=\"lazy\" decoding=\"async\" class=\"size-full wp-image-295215\" src=\"https:\/\/www.tgrthaber.com\/mavikadin\/wp-content\/uploads\/2026\/01\/Emre-Dinler-2.jpg\" alt=\"Emre Dinler kimdir, ka\u00e7 ya\u015f\u0131nda? Emre Dinler hangi dizilerde oynad\u0131?\" width=\"1208\" height=\"680\" title=\"\" srcset=\"https:\/\/www.tgrthaber.com\/mavikadin\/wp-content\/uploads\/2026\/01\/Emre-Dinler-2.jpg 1208w, https:\/\/www.tgrthaber.com\/mavikadin\/wp-content\/uploads\/2026\/01\/Emre-Dinler-2-300x169.jpg 300w, https:\/\/www.tgrthaber.com\/mavikadin\/wp-content\/uploads\/2026\/01\/Emre-Dinler-2-1024x576.jpg 1024w, https:\/\/www.tgrthaber.com\/mavikadin\/wp-content\/uploads\/2026\/01\/Emre-Dinler-2-768x432.jpg 768w\" sizes=\"(max-width: 1208px) 100vw, 1208px\" \/><\/p>\n<hr \/>\n<p>Son olarak ATV ekranlar\u0131nda izleyiciyle bulu\u015fan \u2018Zembilli\u2019 dizisinde ba\u015frol olarak boy g\u00f6steren Emre Dinler, \u015fimdilerde Show TV ekranlar\u0131n\u0131n fenomen dizisi K\u0131z\u0131lc\u0131k \u015eerbeti\u2019nin oyuncu kadrosuna dahil oldu. Dinler, K\u0131z\u0131lc\u0131k \u015eerbeti\u2019nin yeni Fatih\u2019i olarak seyirci kar\u015f\u0131s\u0131na \u00e7\u0131kacak.<\/p>\n<p><img loading=\"lazy\" decoding=\"async\" class=\"size-full wp-image-295223\" src=\"https:\/\/www.tgrthaber.com\/mavikadin\/wp-content\/uploads\/2026\/01\/Emre-Dinler-10.jpg\" alt=\"Emre Dinler kimdir, ka\u00e7 ya\u015f\u0131nda? Emre Dinler hangi dizilerde oynad\u0131?\" width=\"1208\" height=\"680\" title=\"\" srcset=\"https:\/\/www.tgrthaber.com\/mavikadin\/wp-content\/uploads\/2026\/01\/Emre-Dinler-10.jpg 1208w, https:\/\/www.tgrthaber.com\/mavikadin\/wp-content\/uploads\/2026\/01\/Emre-Dinler-10-300x169.jpg 300w, https:\/\/www.tgrthaber.com\/mavikadin\/wp-content\/uploads\/2026\/01\/Emre-Dinler-10-1024x576.jpg 1024w, https:\/\/www.tgrthaber.com\/mavikadin\/wp-content\/uploads\/2026\/01\/Emre-Dinler-10-768x432.jpg 768w\" sizes=\"(max-width: 1208px) 100vw, 1208px\" \/><\/p>\n<hr \/>\n<p><strong>\u0130\u015fte Emre Dinler\u2019in rol ald\u0131\u011f\u0131 projeler\u2026<\/strong><\/p>\n<ul>\n<li>K\u0131z\u0131lc\u0131k \u015eerbeti (Fatih,TV Dizisi 2026-)<\/li>\n<li>Zembilli (Adem, TV Dizisi 2024-2025)<\/li>\n<li>Allah Yazd\u0131ysa Bozsun (Sinema Filmi 2022)<\/li>\n<li>Al Sancak (Piyade Y\u00fczba\u015f\u0131 Cengiz Uslu, TV Dizisi 2023)<\/li>\n<li>Yasak Elma (\u00d6mer, TV Dizisi 2021)<\/li>\n<li>Sol Yan\u0131m (Barbar, TV Dizisi 2020)<\/li>\n<li>G\u00fclperi (Mesut, TV Dizisi 2018-2019)<\/li>\n<li>S\u00f6z (Tahir G\u00fcm\u00fc\u015f, TV Dizisi 2018)<\/li>\n<\/ul>\n","protected":false},"excerpt":{"rendered":"<p>Ba\u015far\u0131l\u0131 oyunculuk kariyeriyle tan\u0131nan Emre Dinler\u2019in \u00f6zel hayat\u0131na ili\u015fkin detaylar merak ediliyor. Peki, Emre Dinler kimdir, ka\u00e7 ya\u015f\u0131nda? Emre Dinler hangi dizilerde oynad\u0131? \u0130\u015fte ayr\u0131nt\u0131lar\u2026<\/p>\n","protected":false},"author":26,"featured_media":295218,"comment_status":"closed","ping_status":"closed","sticky":false,"template":"","format":"standard","meta":{"rank_math_lock_modified_date":false,"footnotes":""},"categories":[491],"tags":[3374,16521,5496,71477,71472],"class_list":["post-295210","post","type-post","status-publish","format-standard","has-post-thumbnail","hentry","category-biyografi","tag-biyografi","tag-biyografi-haberleri","tag-emre-dinler","tag-emre-dinler-kimdir","tag-emre-dinler-kizilcik-serbeti"],"_links":{"self":[{"href":"https:\/\/www.tgrthaber.com\/mavikadin\/wp-json\/wp\/v2\/posts\/295210"}],"collection":[{"href":"https:\/\/www.tgrthaber.com\/mavikadin\/wp-json\/wp\/v2\/posts"}],"about":[{"href":"https:\/\/www.tgrthaber.com\/mavikadin\/wp-json\/wp\/v2\/types\/post"}],"author":[{"embeddable":true,"href":"https:\/\/www.tgrthaber.com\/mavikadin\/wp-json\/wp\/v2\/users\/26"}],"replies":[{"embeddable":true,"href":"https:\/\/www.tgrthaber.com\/mavikadin\/wp-json\/wp\/v2\/comments?post=295210"}],"version-history":[{"count":1,"href":"https:\/\/www.tgrthaber.com\/mavikadin\/wp-json\/wp\/v2\/posts\/295210\/revisions"}],"predecessor-version":[{"id":295225,"href":"https:\/\/www.tgrthaber.com\/mavikadin\/wp-json\/wp\/v2\/posts\/295210\/revisions\/295225"}],"wp:featuredmedia":[{"embeddable":true,"href":"https:\/\/www.tgrthaber.com\/mavikadin\/wp-json\/wp\/v2\/media\/295218"}],"wp:attachment":[{"href":"https:\/\/www.tgrthaber.com\/mavikadin\/wp-json\/wp\/v2\/media?parent=295210"}],"wp:term":[{"taxonomy":"category","embeddable":true,"href":"https:\/\/www.tgrthaber.com\/mavikadin\/wp-json\/wp\/v2\/categories?post=295210"},{"taxonomy":"post_tag","embeddable":true,"href":"https:\/\/www.tgrthaber.com\/mavikadin\/wp-json\/wp\/v2\/tags?post=295210"}],"curies":[{"name":"wp","href":"https:\/\/api.w.org\/{rel}","templated":true}]}}