{"id":295242,"date":"2026-01-26T15:48:32","date_gmt":"2026-01-26T12:48:32","guid":{"rendered":"https:\/\/www.tgrthaber.com\/mavikadin\/?p=295242"},"modified":"2026-01-26T15:48:33","modified_gmt":"2026-01-26T12:48:33","slug":"ibrahim-selimden-kendisini-elestirenlere-olay-cevap-o-program-benim-kanalimda-yayinlaniyor","status":"publish","type":"post","link":"https:\/\/www.tgrthaber.com\/mavikadin\/ibrahim-selimden-kendisini-elestirenlere-olay-cevap-o-program-benim-kanalimda-yayinlaniyor\/","title":{"rendered":"\u0130brahim Selim\u2019den kendisini ele\u015ftirenlere olay cevap! \u201cO program benim kanal\u0131mda yay\u0131nlan\u0131yor\u201d"},"content":{"rendered":"<p>Ba\u015far\u0131l\u0131 oyunculu\u011fu ve sunuculu\u011fuyla dikkatleri \u00fczerine \u00e7eken <a href=\"https:\/\/www.tgrthaber.com\/mavikadin\/ibrahim-selim-16-yas-kucuk-sevgilisi-ayse-seyma-ketene-evlenme-teklifi-etti-pozlarina-begeni-yagdi\/\">\u0130brahim Selim\u2019in<\/a> sunuculu\u011funa ele\u015ftiri ya\u011fd\u0131. \u2018\u0130brahim Selim ile Bu Gece\u2019 program\u0131yla dikkatleri \u00fczerine \u00e7eken \u00fcnl\u00fc oyuncu, kendisini ele\u015ftirenlere olay bir cevap verdi. Bir s\u00fcredir ba\u015far\u0131l\u0131 kariyerinin yan\u0131 s\u0131ra \u00f6zel hayat\u0131yla da s\u0131k s\u0131k g\u00fcndeme gelen \u0130brahim Selim, bu kez kendisine gelen ele\u015ftiriler kar\u015f\u0131s\u0131nda sessiz kalmad\u0131. Bak\u0131n \u0130brahim Selim, kendisini ele\u015ftirenlere neler s\u00f6yledi\u2026<\/p>\n<h3>\u0130BRAH\u0130M SEL\u0130M\u2019DEN KEND\u0130S\u0130N\u0130 ELE\u015eT\u0130RENLERE OLAY CEVAP!<\/h3>\n<p>Oyuncu, \u015fovmen, seslendirme sanat\u00e7\u0131s\u0131 ve sunucu olarak ad\u0131ndan s\u00f6z ettiren <a href=\"https:\/\/www.tgrthaber.com\/mavikadin\/ibrahim-selim-kac-yasinda-ibrahim-selim-aslen-nereli-kiminle-sevgili\/\">\u0130brahim Selim<\/a>, kendisini ele\u015ftirenlere \u00e7ok konu\u015fulacak bir cevap verdi. \u00d6zellikle sunucu ki\u015fili\u011fiyle dikkatleri \u00fczerine \u00e7eken Selim, \u2018\u0130brahim Selim ile Bu Gece\u2019 program\u0131yla pop\u00fclerli\u011fini art\u0131rmaya devam ediyor.<\/p>\n<p><img loading=\"lazy\" decoding=\"async\" class=\"size-full wp-image-295247\" src=\"https:\/\/www.tgrthaber.com\/mavikadin\/wp-content\/uploads\/2026\/01\/Ibrahim-Selim-6.jpg\" alt=\"\u0130brahim Selim\u2019den kendisini ele\u015ftirenlere olay cevap! \u201cO program benim kanal\u0131mda yay\u0131nlan\u0131yor\u201d\" width=\"1208\" height=\"680\" title=\"\" srcset=\"https:\/\/www.tgrthaber.com\/mavikadin\/wp-content\/uploads\/2026\/01\/Ibrahim-Selim-6.jpg 1208w, https:\/\/www.tgrthaber.com\/mavikadin\/wp-content\/uploads\/2026\/01\/Ibrahim-Selim-6-300x169.jpg 300w, https:\/\/www.tgrthaber.com\/mavikadin\/wp-content\/uploads\/2026\/01\/Ibrahim-Selim-6-1024x576.jpg 1024w, https:\/\/www.tgrthaber.com\/mavikadin\/wp-content\/uploads\/2026\/01\/Ibrahim-Selim-6-768x432.jpg 768w\" sizes=\"(max-width: 1208px) 100vw, 1208px\" \/><\/p>\n<hr \/>\n<p>Ba\u015far\u0131l\u0131 oyuncu ve sunucu ki\u015fili\u011finin yan\u0131 s\u0131ra \u00f6zel hayat\u0131yla da dikkatleri \u00fczerine \u00e7eken \u0130brahim Selim, son zamanlarda \u00f6zel hayat\u0131 ve a\u015fk ya\u015fant\u0131s\u0131yla magazin g\u00fcndeminde yer al\u0131yor. \u015eimdilerde magazin d\u00fcnyas\u0131n\u0131n sevilen isimleri aras\u0131nda yer alan Selim, bu kez kendisini ve sunuculu\u011funu ele\u015ftirenlere tepki g\u00f6sterdi.<\/p>\n<p><img loading=\"lazy\" decoding=\"async\" class=\"size-full wp-image-295243\" src=\"https:\/\/www.tgrthaber.com\/mavikadin\/wp-content\/uploads\/2026\/01\/Ibrahim-Selim-2.jpg\" alt=\"\u0130brahim Selim\u2019den kendisini ele\u015ftirenlere olay cevap! \u201cO program benim kanal\u0131mda yay\u0131nlan\u0131yor\u201d\" width=\"1208\" height=\"680\" title=\"\" srcset=\"https:\/\/www.tgrthaber.com\/mavikadin\/wp-content\/uploads\/2026\/01\/Ibrahim-Selim-2.jpg 1208w, https:\/\/www.tgrthaber.com\/mavikadin\/wp-content\/uploads\/2026\/01\/Ibrahim-Selim-2-300x169.jpg 300w, https:\/\/www.tgrthaber.com\/mavikadin\/wp-content\/uploads\/2026\/01\/Ibrahim-Selim-2-1024x576.jpg 1024w, https:\/\/www.tgrthaber.com\/mavikadin\/wp-content\/uploads\/2026\/01\/Ibrahim-Selim-2-768x432.jpg 768w\" sizes=\"(max-width: 1208px) 100vw, 1208px\" \/><\/p>\n<hr \/>\n<p>Son d\u00f6nemlerde gerek kariyeri gerekse \u00f6zel hayat\u0131yla ad\u0131n\u0131 s\u0131k\u00e7a duyuran \u0130brahim Selim, kendisini ele\u015ftirenlere cevap verdi. Son olarak sosyal medya fenomeni Ay\u015fe \u015eeyma Keten ile ald\u0131\u011f\u0131 evlilik karar\u0131yla magazin g\u00fcndemine bomba gibi d\u00fc\u015fen Selim, bu kez kendisine gelen ele\u015ftiriler kar\u015f\u0131s\u0131nda sessizli\u011fini bozdu.<\/p>\n<p><img loading=\"lazy\" decoding=\"async\" class=\"size-full wp-image-295249\" src=\"https:\/\/www.tgrthaber.com\/mavikadin\/wp-content\/uploads\/2026\/01\/Ibrahim-Selim-1.jpg\" alt=\"\u0130brahim Selim\u2019den kendisini ele\u015ftirenlere olay cevap! \u201cO program benim kanal\u0131mda yay\u0131nlan\u0131yor\u201d\" width=\"1208\" height=\"680\" title=\"\" srcset=\"https:\/\/www.tgrthaber.com\/mavikadin\/wp-content\/uploads\/2026\/01\/Ibrahim-Selim-1.jpg 1208w, https:\/\/www.tgrthaber.com\/mavikadin\/wp-content\/uploads\/2026\/01\/Ibrahim-Selim-1-300x169.jpg 300w, https:\/\/www.tgrthaber.com\/mavikadin\/wp-content\/uploads\/2026\/01\/Ibrahim-Selim-1-1024x576.jpg 1024w, https:\/\/www.tgrthaber.com\/mavikadin\/wp-content\/uploads\/2026\/01\/Ibrahim-Selim-1-768x432.jpg 768w\" sizes=\"(max-width: 1208px) 100vw, 1208px\" \/><\/p>\n<hr \/>\n<p>Sosyal medya hesaplar\u0131n\u0131 olduk\u00e7a aktif bir \u015fekilde kullanan \u0130brahim Selim, \u00f6zellikle YouTube platformunda kendi ad\u0131ndaki kanal\u0131nda birbirinden ba\u015far\u0131l\u0131 programlar\u0131yla izleyicilerden b\u00fcy\u00fck ilgi g\u00f6r\u00fcyor. YouTube\u2019da yakla\u015f\u0131k 1 milyon 240 bin aboneye sahip olan Selim, zaman zaman izleyicilerin ele\u015ftirilerine de maruz kal\u0131yor.<\/p>\n<p><img loading=\"lazy\" decoding=\"async\" class=\"size-full wp-image-295244\" src=\"https:\/\/www.tgrthaber.com\/mavikadin\/wp-content\/uploads\/2026\/01\/Ibrahim-Selim-3.jpg\" alt=\"\u0130brahim Selim\u2019den kendisini ele\u015ftirenlere olay cevap! \u201cO program benim kanal\u0131mda yay\u0131nlan\u0131yor\u201d\" width=\"1208\" height=\"680\" title=\"\" srcset=\"https:\/\/www.tgrthaber.com\/mavikadin\/wp-content\/uploads\/2026\/01\/Ibrahim-Selim-3.jpg 1208w, https:\/\/www.tgrthaber.com\/mavikadin\/wp-content\/uploads\/2026\/01\/Ibrahim-Selim-3-300x169.jpg 300w, https:\/\/www.tgrthaber.com\/mavikadin\/wp-content\/uploads\/2026\/01\/Ibrahim-Selim-3-1024x576.jpg 1024w, https:\/\/www.tgrthaber.com\/mavikadin\/wp-content\/uploads\/2026\/01\/Ibrahim-Selim-3-768x432.jpg 768w\" sizes=\"(max-width: 1208px) 100vw, 1208px\" \/><\/p>\n<hr \/>\n<h3>\u0130BRAH\u0130M SEL\u0130M: \u201cO PROGRAM BEN\u0130M KANALIMDA YAYINLANIYOR\u201d<\/h3>\n<p>\u0130brahim Selim ile Bu Gece 7. sezon 15. b\u00f6l\u00fcm\u00fcnde Evrim Alasya\u2019y\u0131 konuk eden<a href=\"https:\/\/www.tgrthaber.com\/mavikadin\/ibrahim-selim-16-yas-kucuk-sevgilisini-ilk-kez-paylasti-ayse-seyma-keten-ile-ask-dolu-fotograf\/\"> \u0130brahim Selim<\/a>, son videosunda kendisine ele\u015ftirenlere cevap verdi. Program\u0131nda birbirinden ba\u015far\u0131l\u0131 oyuncular\u0131 ve \u00fcnl\u00fc isimleri a\u011f\u0131rlayan Selim, yay\u0131nlanan yeni b\u00f6l\u00fcmlerle izleyiciden tam not al\u0131yor.<\/p>\n<p><img loading=\"lazy\" decoding=\"async\" class=\"size-full wp-image-295246\" src=\"https:\/\/www.tgrthaber.com\/mavikadin\/wp-content\/uploads\/2026\/01\/Ibrahim-Selim-5.jpg\" alt=\"\u0130brahim Selim\u2019den kendisini ele\u015ftirenlere olay cevap! \u201cO program benim kanal\u0131mda yay\u0131nlan\u0131yor\u201d\" width=\"1208\" height=\"680\" title=\"\" srcset=\"https:\/\/www.tgrthaber.com\/mavikadin\/wp-content\/uploads\/2026\/01\/Ibrahim-Selim-5.jpg 1208w, https:\/\/www.tgrthaber.com\/mavikadin\/wp-content\/uploads\/2026\/01\/Ibrahim-Selim-5-300x169.jpg 300w, https:\/\/www.tgrthaber.com\/mavikadin\/wp-content\/uploads\/2026\/01\/Ibrahim-Selim-5-1024x576.jpg 1024w, https:\/\/www.tgrthaber.com\/mavikadin\/wp-content\/uploads\/2026\/01\/Ibrahim-Selim-5-768x432.jpg 768w\" sizes=\"(max-width: 1208px) 100vw, 1208px\" \/><\/p>\n<hr \/>\n<p>Di\u011fer yandan \u00e7e\u015fitli ele\u015ftirilere de maruz kalan \u0130brahim Selim\u2019in, son videosunda sunuculu\u011funa \u00e7e\u015fitli yorumlar yap\u0131ld\u0131. \u00dcnl\u00fc isim kendisine gelen ele\u015ftirilere sessiz kalmad\u0131. Selim, kendisine gelen bir yorumu al\u0131nt\u0131layarak \u015fu cevab\u0131 verdi:<\/p>\n<p><img loading=\"lazy\" decoding=\"async\" class=\"size-full wp-image-295245\" src=\"https:\/\/www.tgrthaber.com\/mavikadin\/wp-content\/uploads\/2026\/01\/Ibrahim-Selim-4.jpg\" alt=\"\u0130brahim Selim\u2019den kendisini ele\u015ftirenlere olay cevap! \u201cO program benim kanal\u0131mda yay\u0131nlan\u0131yor\u201d\" width=\"1208\" height=\"680\" title=\"\" srcset=\"https:\/\/www.tgrthaber.com\/mavikadin\/wp-content\/uploads\/2026\/01\/Ibrahim-Selim-4.jpg 1208w, https:\/\/www.tgrthaber.com\/mavikadin\/wp-content\/uploads\/2026\/01\/Ibrahim-Selim-4-300x169.jpg 300w, https:\/\/www.tgrthaber.com\/mavikadin\/wp-content\/uploads\/2026\/01\/Ibrahim-Selim-4-1024x576.jpg 1024w, https:\/\/www.tgrthaber.com\/mavikadin\/wp-content\/uploads\/2026\/01\/Ibrahim-Selim-4-768x432.jpg 768w\" sizes=\"(max-width: 1208px) 100vw, 1208px\" \/><\/p>\n<hr \/>\n<p>\u201cBizim son videonun alt\u0131na yaz\u0131lan yorumlardan biri; \u2018Bu adam\u0131 kim sunucu yapt\u0131 ya?\u2019 Arkada\u015flar program\u0131n yap\u0131mc\u0131s\u0131 benim ve program benim kanal\u0131mda yay\u0131nlan\u0131yor.\u201d<\/p>\n<p>Kendi YouTube kanal\u0131nda kendi programlar\u0131n\u0131 sunan \u0130brahim Selim, bir izleyicisinin ele\u015ftirisini bu \u015fekilde dile getirerek, olay bir \u015fekilde cevap verdi.<\/p>\n","protected":false},"excerpt":{"rendered":"<p>\u00dcnl\u00fc oyuncu ve sunucu \u0130brahim Selim kendisini ele\u015ftirenlere olay bir cevap verdi. Bak\u0131n \u0130brahim Selim, kendisini ele\u015ftirenlere neler s\u00f6yledi! \u0130\u015fte detaylar\u2026<\/p>\n","protected":false},"author":26,"featured_media":295248,"comment_status":"closed","ping_status":"closed","sticky":false,"template":"","format":"standard","meta":{"rank_math_lock_modified_date":false,"footnotes":""},"categories":[76],"tags":[25723,71482,71483,133,2218],"class_list":["post-295242","post","type-post","status-publish","format-standard","has-post-thumbnail","hentry","category-magazin","tag-ibrahim-selim","tag-ibrahim-selim-ile-bu-gece","tag-ibrahim-selim-programi","tag-magazin","tag-magazin-haberleri"],"_links":{"self":[{"href":"https:\/\/www.tgrthaber.com\/mavikadin\/wp-json\/wp\/v2\/posts\/295242"}],"collection":[{"href":"https:\/\/www.tgrthaber.com\/mavikadin\/wp-json\/wp\/v2\/posts"}],"about":[{"href":"https:\/\/www.tgrthaber.com\/mavikadin\/wp-json\/wp\/v2\/types\/post"}],"author":[{"embeddable":true,"href":"https:\/\/www.tgrthaber.com\/mavikadin\/wp-json\/wp\/v2\/users\/26"}],"replies":[{"embeddable":true,"href":"https:\/\/www.tgrthaber.com\/mavikadin\/wp-json\/wp\/v2\/comments?post=295242"}],"version-history":[{"count":1,"href":"https:\/\/www.tgrthaber.com\/mavikadin\/wp-json\/wp\/v2\/posts\/295242\/revisions"}],"predecessor-version":[{"id":295251,"href":"https:\/\/www.tgrthaber.com\/mavikadin\/wp-json\/wp\/v2\/posts\/295242\/revisions\/295251"}],"wp:featuredmedia":[{"embeddable":true,"href":"https:\/\/www.tgrthaber.com\/mavikadin\/wp-json\/wp\/v2\/media\/295248"}],"wp:attachment":[{"href":"https:\/\/www.tgrthaber.com\/mavikadin\/wp-json\/wp\/v2\/media?parent=295242"}],"wp:term":[{"taxonomy":"category","embeddable":true,"href":"https:\/\/www.tgrthaber.com\/mavikadin\/wp-json\/wp\/v2\/categories?post=295242"},{"taxonomy":"post_tag","embeddable":true,"href":"https:\/\/www.tgrthaber.com\/mavikadin\/wp-json\/wp\/v2\/tags?post=295242"}],"curies":[{"name":"wp","href":"https:\/\/api.w.org\/{rel}","templated":true}]}}