{"id":295259,"date":"2026-01-26T16:43:23","date_gmt":"2026-01-26T13:43:23","guid":{"rendered":"https:\/\/www.tgrthaber.com\/mavikadin\/?p=295259"},"modified":"2026-01-26T16:43:24","modified_gmt":"2026-01-26T13:43:24","slug":"ruya-gibi-dizisi-final-mi-yapiyor-ruya-gibi-dizisi-bitiyor-mu","status":"publish","type":"post","link":"https:\/\/www.tgrthaber.com\/mavikadin\/ruya-gibi-dizisi-final-mi-yapiyor-ruya-gibi-dizisi-bitiyor-mu\/","title":{"rendered":"R\u00fcya gibi dizisi final mi yap\u0131yor? R\u00fcya gibi dizisi bitiyor mu?"},"content":{"rendered":"<p>R\u00fcya Gibi dizisi g\u00fcn\u00fc de\u011fi\u015ftirilerek 25 Ocak ak\u015fam\u0131 yeni g\u00fcn\u00fcnde ilk kez seyirciyle bulu\u015fmu\u015ftu. Show TV ekranlar\u0131nda yay\u0131nlanan R\u00fcya Gibi dizisi, ne kadar izleyiciler taraf\u0131ndan sevilse de reytinglerde istenen ba\u015far\u0131 maalesef sa\u011flanamad\u0131. Dizide baz\u0131 oyuncular\u0131n ayr\u0131laca\u011f\u0131 iddialar\u0131, R\u00fcya Gibi dizisinin <a href=\"https:\/\/www.tgrthaber.com\/mavikadin\/survivora-veda-eden-erkan-bilben-final-dortlusunu-acikladi-sampiyonluk-adayi-unluler-takimindan-oldu\/\">final<\/a> mi yapacak, R\u00fcya Gibi dizisi bitiyor mu sorular\u0131n\u0131 g\u00fcndeme ta\u015f\u0131d\u0131. \u0130\u015fte detaylar\u2026<\/p>\n<h3>R\u00dcYA G\u0130B\u0130 D\u0130Z\u0130S\u0130 F\u0130NAL M\u0130 YAPIYOR?<\/h3>\n<p>Sal\u0131 ak\u015famlar\u0131 izleyicisinin kar\u015f\u0131s\u0131na \u00e7\u0131kan R\u00fcya Gibi dizisi, yay\u0131n g\u00fcn\u00fc de\u011fi\u015ftirilerek 25 Ocak Pazar g\u00fcn\u00fc yeni yay\u0131n g\u00fcn\u00fcnde ilk kez seyirci kar\u015f\u0131s\u0131na \u00e7\u0131kmas\u0131yla dizinin <a href=\"https:\/\/www.tgrthaber.com\/mavikadin\/20-ocak-ruya-gibi-neden-yok-finale-mi-gidiyor-ruya-gibi-dizisinde-yeni-karar\/\">final <\/a>yap\u0131p yapmayaca\u011f\u0131 merak edildi. Show TV ekranlar\u0131nda yay\u0131nlanan R\u00fcya Gibi dizisi, seyirciler taraf\u0131ndan \u00e7ok sevilse de reytinglerde istenen ba\u015far\u0131y\u0131 bir t\u00fcrl\u00fc yakalayamamas\u0131 izleyicilerin akl\u0131na dizinin devam edip etmeyece\u011fi konusunda soru i\u015faretleri b\u0131rakt\u0131.<\/p>\n<p><img loading=\"lazy\" decoding=\"async\" class=\"alignnone size-full wp-image-295270\" src=\"https:\/\/www.tgrthaber.com\/mavikadin\/wp-content\/uploads\/2026\/01\/Asli-2026-01-26T162804.234.png\" alt=\"\" width=\"1208\" height=\"680\" title=\"\" srcset=\"https:\/\/www.tgrthaber.com\/mavikadin\/wp-content\/uploads\/2026\/01\/Asli-2026-01-26T162804.234.png 1208w, https:\/\/www.tgrthaber.com\/mavikadin\/wp-content\/uploads\/2026\/01\/Asli-2026-01-26T162804.234-300x169.png 300w, https:\/\/www.tgrthaber.com\/mavikadin\/wp-content\/uploads\/2026\/01\/Asli-2026-01-26T162804.234-1024x576.png 1024w, https:\/\/www.tgrthaber.com\/mavikadin\/wp-content\/uploads\/2026\/01\/Asli-2026-01-26T162804.234-768x432.png 768w\" sizes=\"(max-width: 1208px) 100vw, 1208px\" \/><\/p>\n<hr \/>\n<p>R\u00fcya Gibi dizisinin g\u00fc\u00e7l\u00fc oyuncu kadrosunda Seda Bakan, U\u011fur G\u00fcne\u015f, Ahsen Ero\u011flu, Emre Bey, \u015eebnem Bozoklu, Celil Nal\u00e7akan, Devrim Yakut ve Menderes Samanc\u0131lar gibi oyuncular\u0131n rol ald\u0131\u011f\u0131 dizi, sal\u0131 g\u00fcn\u00fcnden pazar g\u00fcn\u00fcne al\u0131nm\u0131\u015ft\u0131. Diziden birka\u00e7 oyuncunun ayr\u0131laca\u011f\u0131 haberi ile dizinin gidi\u015fat\u0131 merak konusu oldu.<\/p>\n<p><img loading=\"lazy\" decoding=\"async\" class=\"alignnone size-full wp-image-295271\" src=\"https:\/\/www.tgrthaber.com\/mavikadin\/wp-content\/uploads\/2026\/01\/Asli-2026-01-26T162610.129.png\" alt=\"\" width=\"1208\" height=\"680\" title=\"\" srcset=\"https:\/\/www.tgrthaber.com\/mavikadin\/wp-content\/uploads\/2026\/01\/Asli-2026-01-26T162610.129.png 1208w, https:\/\/www.tgrthaber.com\/mavikadin\/wp-content\/uploads\/2026\/01\/Asli-2026-01-26T162610.129-300x169.png 300w, https:\/\/www.tgrthaber.com\/mavikadin\/wp-content\/uploads\/2026\/01\/Asli-2026-01-26T162610.129-1024x576.png 1024w, https:\/\/www.tgrthaber.com\/mavikadin\/wp-content\/uploads\/2026\/01\/Asli-2026-01-26T162610.129-768x432.png 768w\" sizes=\"(max-width: 1208px) 100vw, 1208px\" \/><\/p>\n<hr \/>\n<p>Sosyal medyada \u00e7ok konu\u015fulan R\u00fcya Gibi dizisi, reytinglerde bir t\u00fcrl\u00fc yeterince y\u00fckselemeyince g\u00fcn\u00fc sal\u0131dan pazara al\u0131nd\u0131. 25 Ocak Pazar\u2019dan itibaren pazar g\u00fcnleri yay\u0131nlanacak diziyle ilgili ba\u015fka geli\u015fmeler de ya\u015fand\u0131. \u0130lerleyen zamanlarda neler ya\u015fanaca\u011f\u0131 merakla beklenen R\u00fcya Gibi dizisinde yeni geli\u015fmeler ya\u015fanaca\u011f\u0131 haberi izleyicileri sab\u0131rs\u0131zland\u0131rd\u0131.<\/p>\n<p><img loading=\"lazy\" decoding=\"async\" class=\"alignnone size-full wp-image-295272\" src=\"https:\/\/www.tgrthaber.com\/mavikadin\/wp-content\/uploads\/2026\/01\/Asli-2026-01-26T162656.759.png\" alt=\"\" width=\"1208\" height=\"680\" title=\"\" srcset=\"https:\/\/www.tgrthaber.com\/mavikadin\/wp-content\/uploads\/2026\/01\/Asli-2026-01-26T162656.759.png 1208w, https:\/\/www.tgrthaber.com\/mavikadin\/wp-content\/uploads\/2026\/01\/Asli-2026-01-26T162656.759-300x169.png 300w, https:\/\/www.tgrthaber.com\/mavikadin\/wp-content\/uploads\/2026\/01\/Asli-2026-01-26T162656.759-1024x576.png 1024w, https:\/\/www.tgrthaber.com\/mavikadin\/wp-content\/uploads\/2026\/01\/Asli-2026-01-26T162656.759-768x432.png 768w\" sizes=\"(max-width: 1208px) 100vw, 1208px\" \/><\/p>\n<hr \/>\n<p>Aydan\u2019\u0131n yeni evinde, yeni hayat\u0131na tan\u0131kl\u0131k edece\u011fimiz dizide beklenmedik ayr\u0131l\u0131klar ya\u015fanarak izleyicileri \u015fa\u015f\u0131rtma y\u00f6n\u00fcnde olabilece\u011fi bekleniyor. \u00d6n\u00fcm\u00fczdeki iki b\u00f6l\u00fcm boyunca R\u00fcya Gibi\u2019de hik\u00e2yesi biten oyuncular\u0131n tek tek diziden ayr\u0131lmas\u0131 bekleniyor.<\/p>\n<p><img loading=\"lazy\" decoding=\"async\" class=\"alignnone size-full wp-image-295273\" src=\"https:\/\/www.tgrthaber.com\/mavikadin\/wp-content\/uploads\/2026\/01\/Asli-2026-01-26T162715.128.png\" alt=\"\" width=\"1208\" height=\"680\" title=\"\" srcset=\"https:\/\/www.tgrthaber.com\/mavikadin\/wp-content\/uploads\/2026\/01\/Asli-2026-01-26T162715.128.png 1208w, https:\/\/www.tgrthaber.com\/mavikadin\/wp-content\/uploads\/2026\/01\/Asli-2026-01-26T162715.128-300x169.png 300w, https:\/\/www.tgrthaber.com\/mavikadin\/wp-content\/uploads\/2026\/01\/Asli-2026-01-26T162715.128-1024x576.png 1024w, https:\/\/www.tgrthaber.com\/mavikadin\/wp-content\/uploads\/2026\/01\/Asli-2026-01-26T162715.128-768x432.png 768w\" sizes=\"(max-width: 1208px) 100vw, 1208px\" \/><\/p>\n<hr \/>\n<h3>R\u00dcYA G\u0130B\u0130 YEN\u0130 B\u00d6L\u00dcMDE NELER OLACAK?<\/h3>\n<p>Aydan, Emir\u2019in hayat\u0131 i\u00e7in endi\u015fe ederken d\u00fc\u015fman\u0131 Bora ile i\u015f birli\u011fi yapmas\u0131 dikkat \u00e7ekiyor. Fiko ve \u00c7i\u011fdem bu i\u015f birli\u011fini onaylamazken, Komiser Efe ve \u00c7i\u011fdem\u2019in romantik yak\u0131nla\u015fmas\u0131 dikkatleri \u00e7ekiyor. Yay\u0131nlanan tan\u0131t\u0131mda, Emir\u2019in gizli s\u0131\u011f\u0131na\u011f\u0131 olan perili k\u00f6\u015fke Komiser Efe\u2019nin yapt\u0131\u011f\u0131 b\u00fcy\u00fck operasyon damga vuruyor.<\/p>\n<p><img loading=\"lazy\" decoding=\"async\" class=\"alignnone size-full wp-image-295274\" src=\"https:\/\/www.tgrthaber.com\/mavikadin\/wp-content\/uploads\/2026\/01\/Asli-2026-01-26T162736.644.png\" alt=\"\" width=\"1208\" height=\"680\" title=\"\" srcset=\"https:\/\/www.tgrthaber.com\/mavikadin\/wp-content\/uploads\/2026\/01\/Asli-2026-01-26T162736.644.png 1208w, https:\/\/www.tgrthaber.com\/mavikadin\/wp-content\/uploads\/2026\/01\/Asli-2026-01-26T162736.644-300x169.png 300w, https:\/\/www.tgrthaber.com\/mavikadin\/wp-content\/uploads\/2026\/01\/Asli-2026-01-26T162736.644-1024x576.png 1024w, https:\/\/www.tgrthaber.com\/mavikadin\/wp-content\/uploads\/2026\/01\/Asli-2026-01-26T162736.644-768x432.png 768w\" sizes=\"(max-width: 1208px) 100vw, 1208px\" \/><\/p>\n<h3>R\u00dcYA G\u0130B\u0130 D\u0130Z\u0130S\u0130 KONUSU NE?<\/h3>\n<p>\u0130stanbul\u2019un kenar mahallesinde kuaf\u00f6rl\u00fck yaparken Tar\u0131k\u2019\u0131n (Celil Nal\u00e7akan) y\u0131llard\u0131r kendisini aldatt\u0131\u011f\u0131n\u0131 \u00f6\u011frenen Aydan\u2019\u0131n (Seda Bakan) alt\u00fcst olan hayat\u0131, gizemli i\u015f insan\u0131 Emir (U\u011fur G\u00fcne\u015f) ile tan\u0131\u015fmas\u0131yla de\u011fi\u015fir. Dizi, Aydan\u2019\u0131n gizemli patronu Emir\u2019le \u00e7\u0131kt\u0131\u011f\u0131 tehlikeli yolculu\u011fu konu al\u0131yor.<\/p>\n","protected":false},"excerpt":{"rendered":"<p>Show TV\u2019de yay\u0131nlanan R\u00fcya Gibi dizisi, yay\u0131n g\u00fcn\u00fcn\u00fcn pazar ak\u015fam\u0131na al\u0131nmas\u0131na ra\u011fmen reytinglerde istenen ba\u015far\u0131y\u0131 yakalayamamas\u0131 g\u00fcndem oldu. Diziden baz\u0131 oyuncular\u0131n ayr\u0131laca\u011f\u0131 iddialar\u0131 ise izleyicilerin &#8220;R\u00fcya Gibi final mi yap\u0131yor?&#8221; sorusunu g\u00fcndeme ta\u015f\u0131d\u0131.<\/p>\n","protected":false},"author":37,"featured_media":295269,"comment_status":"closed","ping_status":"closed","sticky":false,"template":"","format":"standard","meta":{"rank_math_lock_modified_date":false,"footnotes":""},"categories":[602],"tags":[3602,63726],"class_list":["post-295259","post","type-post","status-publish","format-standard","has-post-thumbnail","hentry","category-diziler","tag-diziler","tag-ruya-gibi"],"_links":{"self":[{"href":"https:\/\/www.tgrthaber.com\/mavikadin\/wp-json\/wp\/v2\/posts\/295259"}],"collection":[{"href":"https:\/\/www.tgrthaber.com\/mavikadin\/wp-json\/wp\/v2\/posts"}],"about":[{"href":"https:\/\/www.tgrthaber.com\/mavikadin\/wp-json\/wp\/v2\/types\/post"}],"author":[{"embeddable":true,"href":"https:\/\/www.tgrthaber.com\/mavikadin\/wp-json\/wp\/v2\/users\/37"}],"replies":[{"embeddable":true,"href":"https:\/\/www.tgrthaber.com\/mavikadin\/wp-json\/wp\/v2\/comments?post=295259"}],"version-history":[{"count":2,"href":"https:\/\/www.tgrthaber.com\/mavikadin\/wp-json\/wp\/v2\/posts\/295259\/revisions"}],"predecessor-version":[{"id":295278,"href":"https:\/\/www.tgrthaber.com\/mavikadin\/wp-json\/wp\/v2\/posts\/295259\/revisions\/295278"}],"wp:featuredmedia":[{"embeddable":true,"href":"https:\/\/www.tgrthaber.com\/mavikadin\/wp-json\/wp\/v2\/media\/295269"}],"wp:attachment":[{"href":"https:\/\/www.tgrthaber.com\/mavikadin\/wp-json\/wp\/v2\/media?parent=295259"}],"wp:term":[{"taxonomy":"category","embeddable":true,"href":"https:\/\/www.tgrthaber.com\/mavikadin\/wp-json\/wp\/v2\/categories?post=295259"},{"taxonomy":"post_tag","embeddable":true,"href":"https:\/\/www.tgrthaber.com\/mavikadin\/wp-json\/wp\/v2\/tags?post=295259"}],"curies":[{"name":"wp","href":"https:\/\/api.w.org\/{rel}","templated":true}]}}