{"id":295276,"date":"2026-01-26T16:57:33","date_gmt":"2026-01-26T13:57:33","guid":{"rendered":"https:\/\/www.tgrthaber.com\/mavikadin\/?p=295276"},"modified":"2026-01-26T16:57:34","modified_gmt":"2026-01-26T13:57:34","slug":"survivor-2026da-gonulluler-takimi-dominik-halkinin-camasirlarini-yikadi-goruntuler-sosyal-medyada-gundem-oldu","status":"publish","type":"post","link":"https:\/\/www.tgrthaber.com\/mavikadin\/survivor-2026da-gonulluler-takimi-dominik-halkinin-camasirlarini-yikadi-goruntuler-sosyal-medyada-gundem-oldu\/","title":{"rendered":"Survivor 2026\u2019da G\u00f6n\u00fcll\u00fcler tak\u0131m\u0131 Dominik halk\u0131n\u0131n \u00e7ama\u015f\u0131rlar\u0131n\u0131 y\u0131kad\u0131! G\u00f6r\u00fcnt\u00fcler sosyal medyada g\u00fcndem oldu!"},"content":{"rendered":"<p><a href=\"https:\/\/www.tgrthaber.com\/mavikadin\/25-ocak-survivor-cezasi-yine-rtuk-engeline-takildi-once-sasirtan-sonra-kacirtan-hamam-bocegi-cezasi-tuyler-urpertti\/\">Survivor 2026<\/a>, k\u0131yas\u0131ya m\u00fccadele ile ekranlara gelmeye devam ediyor. TV 8 ekranlar\u0131nda yer alan Survivor, 2026 senesinde kaybeden tak\u0131ma ceza y\u00f6ntemiyle olduk\u00e7a ilgi \u00e7ekici oluyor. \u00d6yle ki yay\u0131nlanan s\u00f6n b\u00f6l\u00fcm\u00fcnde G\u00f6n\u00fcll\u00fcler tak\u0131m\u0131n\u0131n \u00f6d\u00fcl oyununu kaybetmesi sonucu, Dominik halk\u0131n\u0131n \u00e7ama\u015f\u0131rlar\u0131n\u0131 y\u0131kama cezas\u0131 olay oldu. Sosyal medyada bile dikkat \u00e7eken bu g\u00f6r\u00fcnt\u00fcler g\u00fcndem oldu.<\/p>\n<h3>SURV\u0130VOR 2026\u2019DA G\u00d6N\u00dcLL\u00dcLER TAKIMI DOM\u0130N\u0130K HALKININ \u00c7AMA\u015eIRLARINI YIKADI!<\/h3>\n<p><a href=\"https:\/\/www.tgrthaber.com\/mavikadin\/survivor-lina-ile-onur-alp-arasinda-sarki-krizi-cikti\/\">Survivor 2026<\/a>, ekranlara gelmeye devam ediyor. Yar\u0131\u015fmac\u0131lar\u0131n k\u0131yas\u0131ya m\u00fccadele etti\u011fi yar\u0131\u015fma da dikkat \u00e7eken anlar da meydana geliyor. \u00d6zellikle de bu sene gelen ceza kural\u0131 izleyenlerin merak\u0131n\u0131 art\u0131r\u0131yor.<\/p>\n<p><img loading=\"lazy\" decoding=\"async\" class=\"alignnone size-full wp-image-295284\" src=\"https:\/\/www.tgrthaber.com\/mavikadin\/wp-content\/uploads\/2026\/01\/ARZU-19-3.jpg\" alt=\"Survivor 2026\u2019da G\u00f6n\u00fcll\u00fcler tak\u0131m\u0131 Dominik halk\u0131n\u0131n \u00e7ama\u015f\u0131rlar\u0131n\u0131 y\u0131kad\u0131! G\u00f6r\u00fcnt\u00fcler sosyal medyada g\u00fcndem oldu! \" width=\"1208\" height=\"680\" title=\"\" srcset=\"https:\/\/www.tgrthaber.com\/mavikadin\/wp-content\/uploads\/2026\/01\/ARZU-19-3.jpg 1208w, https:\/\/www.tgrthaber.com\/mavikadin\/wp-content\/uploads\/2026\/01\/ARZU-19-3-300x169.jpg 300w, https:\/\/www.tgrthaber.com\/mavikadin\/wp-content\/uploads\/2026\/01\/ARZU-19-3-1024x576.jpg 1024w, https:\/\/www.tgrthaber.com\/mavikadin\/wp-content\/uploads\/2026\/01\/ARZU-19-3-768x432.jpg 768w\" sizes=\"(max-width: 1208px) 100vw, 1208px\" \/><\/p>\n<hr \/>\n<p>\u00d6d\u00fcl oyunlar\u0131nda kaybeden tak\u0131ma verilen cezalar, sosyal meydan\u0131nda diline d\u00fc\u015f\u00fcyor. Survivor\u2019\u0131n son yay\u0131nlanan b\u00f6l\u00fcm\u00fcnde \u00f6d\u00fcl oyununu kaybeden G\u00f6n\u00fcll\u00fcler tak\u0131m\u0131, Dominik halk\u0131n\u0131n \u00e7ama\u015f\u0131rlar\u0131n\u0131 y\u0131kad\u0131. O anlar sosyal medyada g\u00fcndem olurken, kimi kullan\u0131c\u0131 taraf\u0131ndan da komik bulundu.<\/p>\n<h3><img loading=\"lazy\" decoding=\"async\" class=\"alignnone size-full wp-image-295283\" src=\"https:\/\/www.tgrthaber.com\/mavikadin\/wp-content\/uploads\/2026\/01\/ARZU-20-3.jpg\" alt=\"Survivor 2026\u2019da G\u00f6n\u00fcll\u00fcler tak\u0131m\u0131 Dominik halk\u0131n\u0131n \u00e7ama\u015f\u0131rlar\u0131n\u0131 y\u0131kad\u0131! G\u00f6r\u00fcnt\u00fcler sosyal medyada g\u00fcndem oldu! \" width=\"1208\" height=\"680\" title=\"\" srcset=\"https:\/\/www.tgrthaber.com\/mavikadin\/wp-content\/uploads\/2026\/01\/ARZU-20-3.jpg 1208w, https:\/\/www.tgrthaber.com\/mavikadin\/wp-content\/uploads\/2026\/01\/ARZU-20-3-300x169.jpg 300w, https:\/\/www.tgrthaber.com\/mavikadin\/wp-content\/uploads\/2026\/01\/ARZU-20-3-1024x576.jpg 1024w, https:\/\/www.tgrthaber.com\/mavikadin\/wp-content\/uploads\/2026\/01\/ARZU-20-3-768x432.jpg 768w\" sizes=\"(max-width: 1208px) 100vw, 1208px\" \/><\/h3>\n<hr \/>\n<h3>G\u00d6R\u00dcNT\u00dcLER SOSYAL MEDYADA G\u00dcNDEM OLDU!<\/h3>\n<p>Heyecan\u0131n bir an olsun azalmad\u0131\u011f\u0131 Survivor, 2026 sezonuyla da olduk\u00e7a dikkat \u00e7ekmeye devam ediyor. TV 8 ekranlar\u0131nda yay\u0131nlanan Survivor, yay\u0131nlanan son b\u00f6l\u00fcm\u00fcyle tekrardan ekranlara damga vurdu.<\/p>\n<p><img loading=\"lazy\" decoding=\"async\" class=\"alignnone size-full wp-image-295280\" src=\"https:\/\/www.tgrthaber.com\/mavikadin\/wp-content\/uploads\/2026\/01\/ARZU-23-3.jpg\" alt=\"Survivor 2026\u2019da G\u00f6n\u00fcll\u00fcler tak\u0131m\u0131 Dominik halk\u0131n\u0131n \u00e7ama\u015f\u0131rlar\u0131n\u0131 y\u0131kad\u0131! G\u00f6r\u00fcnt\u00fcler sosyal medyada g\u00fcndem oldu! \" width=\"1208\" height=\"680\" title=\"\" srcset=\"https:\/\/www.tgrthaber.com\/mavikadin\/wp-content\/uploads\/2026\/01\/ARZU-23-3.jpg 1208w, https:\/\/www.tgrthaber.com\/mavikadin\/wp-content\/uploads\/2026\/01\/ARZU-23-3-300x169.jpg 300w, https:\/\/www.tgrthaber.com\/mavikadin\/wp-content\/uploads\/2026\/01\/ARZU-23-3-1024x576.jpg 1024w, https:\/\/www.tgrthaber.com\/mavikadin\/wp-content\/uploads\/2026\/01\/ARZU-23-3-768x432.jpg 768w\" sizes=\"(max-width: 1208px) 100vw, 1208px\" \/><\/p>\n<hr \/>\n<p>Sar\u0131 tak\u0131m\u0131nda yar\u0131\u015fmaya dahil edilmesiyle yar\u0131\u015fman\u0131n rekabeti k\u0131yas\u0131ya artm\u0131\u015f, e\u011flenceli an\u0131lar\u0131n olu\u015fmas\u0131na neden olmaktad\u0131r. \u00d6zellikle de 2026 sezonun en heyecan veren olaylar\u0131ndan biri de \u00f6d\u00fcl oyunlar\u0131n\u0131 kaybeden tak\u0131m\u0131n ceza almas\u0131 oluyor.<\/p>\n<p><img loading=\"lazy\" decoding=\"async\" class=\"alignnone size-full wp-image-295282\" src=\"https:\/\/www.tgrthaber.com\/mavikadin\/wp-content\/uploads\/2026\/01\/ARZU-21-3.jpg\" alt=\"Survivor 2026\u2019da G\u00f6n\u00fcll\u00fcler tak\u0131m\u0131 Dominik halk\u0131n\u0131n \u00e7ama\u015f\u0131rlar\u0131n\u0131 y\u0131kad\u0131! G\u00f6r\u00fcnt\u00fcler sosyal medyada g\u00fcndem oldu! \" width=\"1208\" height=\"680\" title=\"\" srcset=\"https:\/\/www.tgrthaber.com\/mavikadin\/wp-content\/uploads\/2026\/01\/ARZU-21-3.jpg 1208w, https:\/\/www.tgrthaber.com\/mavikadin\/wp-content\/uploads\/2026\/01\/ARZU-21-3-300x169.jpg 300w, https:\/\/www.tgrthaber.com\/mavikadin\/wp-content\/uploads\/2026\/01\/ARZU-21-3-1024x576.jpg 1024w, https:\/\/www.tgrthaber.com\/mavikadin\/wp-content\/uploads\/2026\/01\/ARZU-21-3-768x432.jpg 768w\" sizes=\"(max-width: 1208px) 100vw, 1208px\" \/><\/p>\n<hr \/>\n<p>Yay\u0131nlanan son b\u00f6l\u00fcm\u00fcnde \u00f6d\u00fcl oyununu kaybeden G\u00f6n\u00fcll\u00fcler tak\u0131m\u0131, bu sefer de Dominik yerel halk\u0131n\u0131n \u00e7ama\u015f\u0131rlar\u0131n\u0131 elde y\u0131kad\u0131lar. E\u011flenceli sahnelerin ekranlara gelmesini sa\u011flayan o anlar da G\u00f6n\u00fcll\u00fcler tak\u0131m\u0131n\u0131n halleri sosyal medyada da g\u00fcndem oldu.<\/p>\n<p><img loading=\"lazy\" decoding=\"async\" class=\"alignnone size-full wp-image-295281\" src=\"https:\/\/www.tgrthaber.com\/mavikadin\/wp-content\/uploads\/2026\/01\/ARZU-22-3.jpg\" alt=\"Survivor 2026\u2019da G\u00f6n\u00fcll\u00fcler tak\u0131m\u0131 Dominik halk\u0131n\u0131n \u00e7ama\u015f\u0131rlar\u0131n\u0131 y\u0131kad\u0131! G\u00f6r\u00fcnt\u00fcler sosyal medyada g\u00fcndem oldu! \" width=\"1208\" height=\"680\" title=\"\" srcset=\"https:\/\/www.tgrthaber.com\/mavikadin\/wp-content\/uploads\/2026\/01\/ARZU-22-3.jpg 1208w, https:\/\/www.tgrthaber.com\/mavikadin\/wp-content\/uploads\/2026\/01\/ARZU-22-3-300x169.jpg 300w, https:\/\/www.tgrthaber.com\/mavikadin\/wp-content\/uploads\/2026\/01\/ARZU-22-3-1024x576.jpg 1024w, https:\/\/www.tgrthaber.com\/mavikadin\/wp-content\/uploads\/2026\/01\/ARZU-22-3-768x432.jpg 768w\" sizes=\"(max-width: 1208px) 100vw, 1208px\" \/><\/p>\n<hr \/>\n<p>G\u00f6r\u00fcnt\u00fcler sosyal medya g\u00fcndem olurken, kimi kullan\u0131c\u0131 taraf\u0131ndan o sahneler e\u011flenceli ve komik bulundu. K\u0131sa s\u00fcrede olduk\u00e7a yorum alan o sahnelerde G\u00f6n\u00fcll\u00fcler tak\u0131m\u0131n\u0131n \u00e7ama\u015f\u0131r y\u0131kad\u0131\u011f\u0131 anlar dikkat \u00e7ekti. Survivor 2026, olduk\u00e7a renkli sahneleriyle TV 8 ekranlar\u0131nda yay\u0131nlanmaya devam ediyor.<\/p>\n<h3><img loading=\"lazy\" decoding=\"async\" class=\"alignnone size-full wp-image-295279\" src=\"https:\/\/www.tgrthaber.com\/mavikadin\/wp-content\/uploads\/2026\/01\/ARZU-24-3.jpg\" alt=\"Survivor 2026\u2019da G\u00f6n\u00fcll\u00fcler tak\u0131m\u0131 Dominik halk\u0131n\u0131n \u00e7ama\u015f\u0131rlar\u0131n\u0131 y\u0131kad\u0131! G\u00f6r\u00fcnt\u00fcler sosyal medyada g\u00fcndem oldu! \" width=\"1208\" height=\"680\" title=\"\" srcset=\"https:\/\/www.tgrthaber.com\/mavikadin\/wp-content\/uploads\/2026\/01\/ARZU-24-3.jpg 1208w, https:\/\/www.tgrthaber.com\/mavikadin\/wp-content\/uploads\/2026\/01\/ARZU-24-3-300x169.jpg 300w, https:\/\/www.tgrthaber.com\/mavikadin\/wp-content\/uploads\/2026\/01\/ARZU-24-3-1024x576.jpg 1024w, https:\/\/www.tgrthaber.com\/mavikadin\/wp-content\/uploads\/2026\/01\/ARZU-24-3-768x432.jpg 768w\" sizes=\"(max-width: 1208px) 100vw, 1208px\" \/><\/h3>\n<hr \/>\n<h3>SURV\u0130VOR 2026\u2019 DA 22 OCAK K\u0130M ELEND\u0130?<\/h3>\n<p>Survivor 2026, 22 Ocak\u2019da elenen isim merak edildi. Eleme potas\u0131ndaki isimler d\u00fcellolarda bir araya gelerek elenmemek ad\u0131na yar\u0131\u015f haline girdi. Eleme potas\u0131nda yer alan Eren ve Erkan d\u00fcellolarda m\u00fccadele eden iki isimdi. Gecenin sonunda yap\u0131lan d\u00fcelloyu kaybederek adaya veda eden isin Erkan oldu.<\/p>\n","protected":false},"excerpt":{"rendered":"<p>Survivor 2026 sezonu heyecan dolu b\u00f6l\u00fcmleri ekranlara gelmeye devam ediyor. Yar\u0131\u015fmac\u0131lar\u0131n k\u0131yas\u0131ya rekabeti girdi\u011fi yar\u0131\u015fma da kaybeden tak\u0131ma verilen cezalar ise g\u00fcndemdeki yerini al\u0131yor. Kaybeden tak\u0131m olan G\u00f6n\u00fcll\u00fcler\u2019e son yay\u0131nlanan b\u00f6l\u00fcmde verilen ceza olduk\u00e7a dikkat \u00e7ekti. Dominik halk\u0131n\u0131n \u00e7ama\u015f\u0131rlar\u0131n\u0131 y\u0131kayan G\u00f6n\u00fcll\u00fcler tak\u0131m\u0131, sosyal medya g\u00fcndem oldu. <\/p>\n","protected":false},"author":34,"featured_media":295286,"comment_status":"closed","ping_status":"closed","sticky":false,"template":"","format":"standard","meta":{"rank_math_lock_modified_date":false,"footnotes":""},"categories":[76],"tags":[71486,133,2218,63785,68329],"class_list":["post-295276","post","type-post","status-publish","format-standard","has-post-thumbnail","hentry","category-magazin","tag-gonulluer-camasir-yikadi","tag-magazin","tag-magazin-haberleri","tag-survivor-2026","tag-survivor-2026-gonulluler"],"_links":{"self":[{"href":"https:\/\/www.tgrthaber.com\/mavikadin\/wp-json\/wp\/v2\/posts\/295276"}],"collection":[{"href":"https:\/\/www.tgrthaber.com\/mavikadin\/wp-json\/wp\/v2\/posts"}],"about":[{"href":"https:\/\/www.tgrthaber.com\/mavikadin\/wp-json\/wp\/v2\/types\/post"}],"author":[{"embeddable":true,"href":"https:\/\/www.tgrthaber.com\/mavikadin\/wp-json\/wp\/v2\/users\/34"}],"replies":[{"embeddable":true,"href":"https:\/\/www.tgrthaber.com\/mavikadin\/wp-json\/wp\/v2\/comments?post=295276"}],"version-history":[{"count":1,"href":"https:\/\/www.tgrthaber.com\/mavikadin\/wp-json\/wp\/v2\/posts\/295276\/revisions"}],"predecessor-version":[{"id":295293,"href":"https:\/\/www.tgrthaber.com\/mavikadin\/wp-json\/wp\/v2\/posts\/295276\/revisions\/295293"}],"wp:featuredmedia":[{"embeddable":true,"href":"https:\/\/www.tgrthaber.com\/mavikadin\/wp-json\/wp\/v2\/media\/295286"}],"wp:attachment":[{"href":"https:\/\/www.tgrthaber.com\/mavikadin\/wp-json\/wp\/v2\/media?parent=295276"}],"wp:term":[{"taxonomy":"category","embeddable":true,"href":"https:\/\/www.tgrthaber.com\/mavikadin\/wp-json\/wp\/v2\/categories?post=295276"},{"taxonomy":"post_tag","embeddable":true,"href":"https:\/\/www.tgrthaber.com\/mavikadin\/wp-json\/wp\/v2\/tags?post=295276"}],"curies":[{"name":"wp","href":"https:\/\/api.w.org\/{rel}","templated":true}]}}