{"id":295296,"date":"2026-01-26T17:35:26","date_gmt":"2026-01-26T14:35:26","guid":{"rendered":"https:\/\/www.tgrthaber.com\/mavikadin\/?p=295296"},"modified":"2026-01-26T17:35:27","modified_gmt":"2026-01-26T14:35:27","slug":"gelinim-mutfaktada-alimenin-dugun-goruntuleri-tugba-ve-miyasenin-dansi-ortaligi-salladi","status":"publish","type":"post","link":"https:\/\/www.tgrthaber.com\/mavikadin\/gelinim-mutfaktada-alimenin-dugun-goruntuleri-tugba-ve-miyasenin-dansi-ortaligi-salladi\/","title":{"rendered":"Gelinim Mutfakta&#8217;da Alime&#8217;nin d\u00fc\u011f\u00fcn g\u00f6r\u00fcnt\u00fcleri! Tu\u011fba ve Miyase&#8217;nin dans\u0131 ortal\u0131\u011f\u0131 sallad\u0131"},"content":{"rendered":"<p>Kanal D ekranlar\u0131nda yay\u0131nlanan <a href=\"https:\/\/www.tgrthaber.com\/mavikadin\/gelinim-mutfaktada-tugba-ve-gozde-arasinda-sinirler-gerildi-sen-yeni-gelinden-bile-kotusun\/\">Gelinim Mutfakta<\/a>&#8216;da haftan\u0131n ilk g\u00fcn\u00fc ne\u015feli anlar ya\u015fand\u0131. Alime&#8217;nin d\u00fc\u011f\u00fcn g\u00f6r\u00fcnt\u00fclerinin yay\u0131nlanmas\u0131 sonras\u0131 ritme kap\u0131lan Tu\u011fba ve Miyase, mutfa\u011f\u0131n ortas\u0131nda sergiledikleri dansla g\u00fcndeme oturdular. O anlar k\u0131sa s\u00fcrede g\u00fcndem olurken, payla\u015f\u0131lan g\u00f6r\u00fcnt\u00fcler sosyal medyada binlerce defa izlendi. \u0130\u015fte Tu\u011fba ve Miyase&#8217;den Alime&#8217;nin d\u00fc\u011f\u00fcn\u00fcne \u00f6zel dans \u015fov&#8230;<\/p>\n<h3>GEL\u0130N\u0130M MUTFAKTA&#8217;DA AL\u0130ME&#8217;N\u0130N D\u00dc\u011e\u00dcN G\u00d6R\u00dcNT\u00dcLER\u0130!<\/h3>\n<p>Hafta i\u00e7i her g\u00fcn 14:00&#8217;de Kanal D ekranlar\u0131na gelen ve Asl\u0131 H\u00fcnel&#8217;in ba\u015far\u0131l\u0131 sunumuyla ger\u00e7ekle\u015fen Gelinim Mutfakta&#8217;da yeni hafta ba\u015flad\u0131. Haftan\u0131n ilk g\u00fcn\u00fcnden Alime&#8217;nin d\u00fc\u011f\u00fcn g\u00f6r\u00fcnt\u00fcler <a href=\"https:\/\/www.tgrthaber.com\/mavikadin\/gelinim-mutfaktada-kayinvalideden-tam-not-alan-lavas-kebabi-tarifi-bu-sekilde-yapilinca-lezzeti-katlaniyor\/\">Gelinim Mutfakta<\/a> izleyicisiyle payla\u015f\u0131ld\u0131.<\/p>\n<p><img loading=\"lazy\" decoding=\"async\" class=\"alignnone wp-image-295310 size-full\" src=\"https:\/\/www.tgrthaber.com\/mavikadin\/wp-content\/uploads\/2026\/01\/66c473cafe304127fa99ab2b.webp\" alt=\"\" width=\"1200\" height=\"675\" title=\"\" srcset=\"https:\/\/www.tgrthaber.com\/mavikadin\/wp-content\/uploads\/2026\/01\/66c473cafe304127fa99ab2b.webp 1200w, https:\/\/www.tgrthaber.com\/mavikadin\/wp-content\/uploads\/2026\/01\/66c473cafe304127fa99ab2b-300x169.webp 300w, https:\/\/www.tgrthaber.com\/mavikadin\/wp-content\/uploads\/2026\/01\/66c473cafe304127fa99ab2b-1024x576.webp 1024w, https:\/\/www.tgrthaber.com\/mavikadin\/wp-content\/uploads\/2026\/01\/66c473cafe304127fa99ab2b-768x432.webp 768w\" sizes=\"(max-width: 1200px) 100vw, 1200px\" \/><\/p>\n<hr \/>\n<p>O anlarda yerinde duramayan Miyase ve Tu\u011fba&#8217;n\u0131n dans\u0131 ise ekranlara adeta damga vurdu. M\u00fczi\u011fin ritmini kap\u0131lan gelinler kendini mutfa\u011f\u0131n ortas\u0131na atarak, d\u00fc\u011f\u00fcn dans\u0131n\u0131 taklit etmeye ba\u015flad\u0131.<\/p>\n<p><img loading=\"lazy\" decoding=\"async\" class=\"alignnone wp-image-295309 \" src=\"https:\/\/www.tgrthaber.com\/mavikadin\/wp-content\/uploads\/2026\/01\/Ekran-goruntusu-2026-01-26-172730.png\" alt=\"\" width=\"1237\" height=\"726\" title=\"\" srcset=\"https:\/\/www.tgrthaber.com\/mavikadin\/wp-content\/uploads\/2026\/01\/Ekran-goruntusu-2026-01-26-172730.png 1017w, https:\/\/www.tgrthaber.com\/mavikadin\/wp-content\/uploads\/2026\/01\/Ekran-goruntusu-2026-01-26-172730-300x176.png 300w, https:\/\/www.tgrthaber.com\/mavikadin\/wp-content\/uploads\/2026\/01\/Ekran-goruntusu-2026-01-26-172730-768x451.png 768w\" sizes=\"(max-width: 1237px) 100vw, 1237px\" \/><\/p>\n<hr \/>\n<h3>TU\u011eBA VE M\u0130YASE&#8217;N\u0130N DANSI ORTALI\u011eI SALLDI<\/h3>\n<p>Tu\u011fba ve Miyase&#8217;nin d\u00fc\u011f\u00fcn g\u00f6r\u00fcnt\u00fclerinde Alime ve e\u015finin dans\u0131n\u0131 yapmaya \u00e7al\u0131\u015fmas\u0131 sosyal medyada t\u0131klanma rekoru k\u0131rd\u0131. \u0130zleyiciler d\u00fc\u011f\u00fcn g\u00f6r\u00fcnt\u00fclerine pe\u015f pe\u015fe yorum yaparken, d\u00fc\u011f\u00fcndeki dans\u0131 taklit etmeye \u00e7al\u0131\u015fan Tu\u011fba ve Miyase&#8217;nin dans \u015fovu da sosyal medyada be\u011feni ya\u011fmuruna tutuldu.<\/p>\n<p><img loading=\"lazy\" decoding=\"async\" class=\"alignnone wp-image-295308 \" src=\"https:\/\/www.tgrthaber.com\/mavikadin\/wp-content\/uploads\/2026\/01\/Ekran-goruntusu-2026-01-26-172710.png\" alt=\"\" width=\"1217\" height=\"690\" title=\"\" srcset=\"https:\/\/www.tgrthaber.com\/mavikadin\/wp-content\/uploads\/2026\/01\/Ekran-goruntusu-2026-01-26-172710.png 1071w, https:\/\/www.tgrthaber.com\/mavikadin\/wp-content\/uploads\/2026\/01\/Ekran-goruntusu-2026-01-26-172710-300x170.png 300w, https:\/\/www.tgrthaber.com\/mavikadin\/wp-content\/uploads\/2026\/01\/Ekran-goruntusu-2026-01-26-172710-1024x580.png 1024w, https:\/\/www.tgrthaber.com\/mavikadin\/wp-content\/uploads\/2026\/01\/Ekran-goruntusu-2026-01-26-172710-768x435.png 768w\" sizes=\"(max-width: 1217px) 100vw, 1217px\" \/><\/p>\n<hr \/>\n<p><a href=\"https:\/\/www.tgrthaber.com\/mavikadin\/gelinim-mutfaktada-altin-kazandiran-tavada-anne-pizzasi-nasil-yapilir-tam-kivami-bu-puf-noktasinda-sakli\/\">Gelinim Mutfakta<\/a>&#8216;da haftan\u0131n ilk g\u00fcn\u00fcnde yap\u0131lan bu dans g\u00fcn\u00fcn en \u00e7ok konu\u015fulan anlar\u0131 aras\u0131nda yerini ald\u0131. \u0130\u015fte Gelinim Mutfakta&#8217;da Alime&#8217;nin d\u00fc\u011f\u00fcn g\u00f6r\u00fcnt\u00fcleri ve Tu\u011fba ve Miyase&#8217;nin \u00e7ok konu\u015fulan dans performans\u0131&#8230;<\/p>\n<div style=\"width: 640px;\" class=\"wp-video\"><!--[if lt IE 9]><script>document.createElement('video');<\/script><![endif]-->\n<video class=\"wp-video-shortcode\" id=\"video-295296-1\" width=\"640\" height=\"640\" preload=\"metadata\" controls=\"controls\"><source type=\"video\/mp4\" src=\"https:\/\/www.tgrthaber.com\/mavikadin\/wp-content\/uploads\/2026\/01\/Instagram-gelinimmutfakta-stories-3817824605717017823-online-video-cutter.com_.mp4?_=1\" \/><a href=\"https:\/\/www.tgrthaber.com\/mavikadin\/wp-content\/uploads\/2026\/01\/Instagram-gelinimmutfakta-stories-3817824605717017823-online-video-cutter.com_.mp4\">https:\/\/www.tgrthaber.com\/mavikadin\/wp-content\/uploads\/2026\/01\/Instagram-gelinimmutfakta-stories-3817824605717017823-online-video-cutter.com_.mp4<\/a><\/video><\/div>\n<hr \/>\n<h3>GEL\u0130N\u0130M MUTFAKTA&#8217;DA 23 OCAK CUMA 10 ALTIN B\u0130LEZ\u0130\u011e\u0130 K\u0130M ALDI?<\/h3>\n<p>Ge\u00e7en Cuma Gelinim Mutfakta&#8217;da b\u00fcy\u00fck final haftas\u0131 ya\u015fand\u0131. T\u00fcm hafta mutfakta ter d\u00f6ken yar\u0131\u015fmac\u0131lar Cuma g\u00fcn\u00fc haftal\u0131k performansa g\u00f6re 10 alt\u0131n bilze\u011fin sahibi oldu. 23 Ocak 2026 Cuma g\u00fcn\u00fc 10 alt\u0131n bilze\u011fi koluna takan isim Miyase oldu.<\/p>\n<p><img loading=\"lazy\" decoding=\"async\" class=\"alignnone wp-image-295312 size-full\" src=\"https:\/\/www.tgrthaber.com\/mavikadin\/wp-content\/uploads\/2026\/01\/67811b27db1a2a8b155c5fe0.webp\" alt=\"\" width=\"1200\" height=\"630\" title=\"\" srcset=\"https:\/\/www.tgrthaber.com\/mavikadin\/wp-content\/uploads\/2026\/01\/67811b27db1a2a8b155c5fe0.webp 1200w, https:\/\/www.tgrthaber.com\/mavikadin\/wp-content\/uploads\/2026\/01\/67811b27db1a2a8b155c5fe0-300x158.webp 300w, https:\/\/www.tgrthaber.com\/mavikadin\/wp-content\/uploads\/2026\/01\/67811b27db1a2a8b155c5fe0-1024x538.webp 1024w, https:\/\/www.tgrthaber.com\/mavikadin\/wp-content\/uploads\/2026\/01\/67811b27db1a2a8b155c5fe0-768x403.webp 768w\" sizes=\"(max-width: 1200px) 100vw, 1200px\" \/><\/p>\n<hr \/>\n<h3>GEL\u0130N\u0130M MUTFAKTA&#8217;DA 23 OCAK CUMA K\u0130M ELEND\u0130?<\/h3>\n<p>Gelinim Mutfakta&#8217;da her Cuma yap\u0131lan eleme aday\u0131 sonras\u0131 bir gelin yar\u0131\u015fmaya veda ediyor. Ancak ge\u00e7en hafta elenen yar\u0131\u015fmac\u0131 olmad\u0131. Haftan\u0131n sonunda olu\u015fan puan tablosu ise \u015fu \u015fekilde;<\/p>\n<p><img loading=\"lazy\" decoding=\"async\" class=\"alignnone wp-image-295313 size-full\" src=\"https:\/\/www.tgrthaber.com\/mavikadin\/wp-content\/uploads\/2026\/01\/miyase-27102025359b70f2.webp\" alt=\"\" width=\"1200\" height=\"722\" title=\"\" srcset=\"https:\/\/www.tgrthaber.com\/mavikadin\/wp-content\/uploads\/2026\/01\/miyase-27102025359b70f2.webp 1200w, https:\/\/www.tgrthaber.com\/mavikadin\/wp-content\/uploads\/2026\/01\/miyase-27102025359b70f2-300x181.webp 300w, https:\/\/www.tgrthaber.com\/mavikadin\/wp-content\/uploads\/2026\/01\/miyase-27102025359b70f2-1024x616.webp 1024w, https:\/\/www.tgrthaber.com\/mavikadin\/wp-content\/uploads\/2026\/01\/miyase-27102025359b70f2-768x462.webp 768w\" sizes=\"(max-width: 1200px) 100vw, 1200px\" \/><\/p>\n<hr \/>\n<p>Miyase: 81<\/p>\n<p>Tu\u011fba: 63<\/p>\n<p>G\u00f6zde: 63<\/p>\n<p>Alime: 63<\/p>\n","protected":false},"excerpt":{"rendered":"<p>Gelinim Mutfakta&#8217;da 26 &#8211; 30 Ocak haftas\u0131 g\u00fcmb\u00fcr g\u00fcmb\u00fcr ba\u015flad\u0131. Yeni g\u00fcn\u00fcn enerjisini zirvede ya\u015fayan gelinler ise st\u00fcdyonun ortas\u0131nda g\u00f6bek att\u0131. Alime&#8217;nin d\u00fc\u011f\u00fcn e\u011flencesini st\u00fcdyoya ta\u015f\u0131yan Tu\u011fba ve Miyase&#8217;nin dans\u0131, izleyiciden tam not ald\u0131. \u0130\u015fte detaylar&#8230;<\/p>\n","protected":false},"author":35,"featured_media":295304,"comment_status":"closed","ping_status":"closed","sticky":false,"template":"","format":"standard","meta":{"rank_math_lock_modified_date":false,"footnotes":""},"categories":[76],"tags":[7578,71489,65243,71265,133],"class_list":["post-295296","post","type-post","status-publish","format-standard","has-post-thumbnail","hentry","category-magazin","tag-gelinim-mutfakta","tag-gelinim-mutfakta-alime-dugunu","tag-gelinim-mutfakta-miyase","tag-gelinim-mutfakta-tugba","tag-magazin"],"_links":{"self":[{"href":"https:\/\/www.tgrthaber.com\/mavikadin\/wp-json\/wp\/v2\/posts\/295296"}],"collection":[{"href":"https:\/\/www.tgrthaber.com\/mavikadin\/wp-json\/wp\/v2\/posts"}],"about":[{"href":"https:\/\/www.tgrthaber.com\/mavikadin\/wp-json\/wp\/v2\/types\/post"}],"author":[{"embeddable":true,"href":"https:\/\/www.tgrthaber.com\/mavikadin\/wp-json\/wp\/v2\/users\/35"}],"replies":[{"embeddable":true,"href":"https:\/\/www.tgrthaber.com\/mavikadin\/wp-json\/wp\/v2\/comments?post=295296"}],"version-history":[{"count":1,"href":"https:\/\/www.tgrthaber.com\/mavikadin\/wp-json\/wp\/v2\/posts\/295296\/revisions"}],"predecessor-version":[{"id":295314,"href":"https:\/\/www.tgrthaber.com\/mavikadin\/wp-json\/wp\/v2\/posts\/295296\/revisions\/295314"}],"wp:featuredmedia":[{"embeddable":true,"href":"https:\/\/www.tgrthaber.com\/mavikadin\/wp-json\/wp\/v2\/media\/295304"}],"wp:attachment":[{"href":"https:\/\/www.tgrthaber.com\/mavikadin\/wp-json\/wp\/v2\/media?parent=295296"}],"wp:term":[{"taxonomy":"category","embeddable":true,"href":"https:\/\/www.tgrthaber.com\/mavikadin\/wp-json\/wp\/v2\/categories?post=295296"},{"taxonomy":"post_tag","embeddable":true,"href":"https:\/\/www.tgrthaber.com\/mavikadin\/wp-json\/wp\/v2\/tags?post=295296"}],"curies":[{"name":"wp","href":"https:\/\/api.w.org\/{rel}","templated":true}]}}