{"id":295297,"date":"2026-01-26T17:29:31","date_gmt":"2026-01-26T14:29:31","guid":{"rendered":"https:\/\/www.tgrthaber.com\/mavikadin\/?p=295297"},"modified":"2026-01-26T17:29:32","modified_gmt":"2026-01-26T14:29:32","slug":"tuba-unsal-milyonluk-villanin-bakin-neden-satmis-sosyal-medyanin-diline-dustu","status":"publish","type":"post","link":"https:\/\/www.tgrthaber.com\/mavikadin\/tuba-unsal-milyonluk-villanin-bakin-neden-satmis-sosyal-medyanin-diline-dustu\/","title":{"rendered":"Tuba \u00dcnsal milyonluk villan\u0131n bak\u0131n neden satm\u0131\u015f! Sosyal medyan\u0131n diline d\u00fc\u015ft\u00fc"},"content":{"rendered":"<p>Uzun s\u00fcredir yeni bir projede seyirci kar\u015f\u0131s\u0131na \u00e7\u0131kmayan Tuba \u00dcnsal, \u00f6zel hayat\u0131yla ayr\u0131, sosyal medya payla\u015f\u0131mlar\u0131 ve a\u00e7\u0131klamalar\u0131yla ayr\u0131 s\u0131k s\u0131k g\u00fcndem olan Tuba \u00dcnsal, \u015fimdi de milyonluk villas\u0131n\u0131 satma nedeni ile g\u00fcndem oldu. \u0130\u015fte detaylar\u2026<\/p>\n<h3>TUBA \u00dcNSAL&#8217;IN M\u0130YONLUK V\u0130LLASINI SATMA NEDEN\u0130 \u015eA\u015eIRTTI!<\/h3>\n<p>\u00dcnl\u00fc g\u00fczel oyuncu <a href=\"https:\/\/www.tgrthaber.com\/mavikadin\/emir-ulusoy-kac-yasinda-tuba-unsal-ve-emir-ulusoy-arasindaki-yas-farki-nedir\/\">Tuba \u00dcnsal<\/a>, bug\u00fcne dek i\u00e7inde \u00fcnl\u00fc isimlerin de oldu\u011fu kirac\u0131lar\u0131yla hep bir sorun ya\u015fayan Tuba \u00dcnsal, en son Pucca ve Ay\u015fe Hatun \u00d6nal\u2019dan sonra Berlin\u2019deki kirac\u0131s\u0131yla at\u0131\u015ft\u0131\u011f\u0131 bilinmektedir.<\/p>\n<p><img loading=\"lazy\" decoding=\"async\" class=\"alignnone size-full wp-image-295299\" src=\"https:\/\/www.tgrthaber.com\/mavikadin\/wp-content\/uploads\/2026\/01\/Asli-2026-01-26T171118.441.png\" alt=\"\" width=\"1208\" height=\"680\" title=\"\" srcset=\"https:\/\/www.tgrthaber.com\/mavikadin\/wp-content\/uploads\/2026\/01\/Asli-2026-01-26T171118.441.png 1208w, https:\/\/www.tgrthaber.com\/mavikadin\/wp-content\/uploads\/2026\/01\/Asli-2026-01-26T171118.441-300x169.png 300w, https:\/\/www.tgrthaber.com\/mavikadin\/wp-content\/uploads\/2026\/01\/Asli-2026-01-26T171118.441-1024x576.png 1024w, https:\/\/www.tgrthaber.com\/mavikadin\/wp-content\/uploads\/2026\/01\/Asli-2026-01-26T171118.441-768x432.png 768w\" sizes=\"(max-width: 1208px) 100vw, 1208px\" \/><\/p>\n<hr \/>\n<p>\u00dcnsal, bu sefer evlerinden birini sat\u0131\u015fa \u00e7\u0131karmaya karar verdi ve \u00dcnsal\u2019\u0131n evini sat\u0131\u015fa \u00e7\u0131karma gerek\u00e7esi ise g\u00fcndem oldu.<\/p>\n<p><img loading=\"lazy\" decoding=\"async\" class=\"alignnone size-full wp-image-295300\" src=\"https:\/\/www.tgrthaber.com\/mavikadin\/wp-content\/uploads\/2026\/01\/Asli-2026-01-26T171208.716.png\" alt=\"\" width=\"1208\" height=\"680\" title=\"\" srcset=\"https:\/\/www.tgrthaber.com\/mavikadin\/wp-content\/uploads\/2026\/01\/Asli-2026-01-26T171208.716.png 1208w, https:\/\/www.tgrthaber.com\/mavikadin\/wp-content\/uploads\/2026\/01\/Asli-2026-01-26T171208.716-300x169.png 300w, https:\/\/www.tgrthaber.com\/mavikadin\/wp-content\/uploads\/2026\/01\/Asli-2026-01-26T171208.716-1024x576.png 1024w, https:\/\/www.tgrthaber.com\/mavikadin\/wp-content\/uploads\/2026\/01\/Asli-2026-01-26T171208.716-768x432.png 768w\" sizes=\"(max-width: 1208px) 100vw, 1208px\" \/><\/p>\n<hr \/>\n<h3>TUBA \u00dcNSAL K\u0130RACI KR\u0130Z\u0130 SONRASI SATI\u015e KARARI!<\/h3>\n<p>3 y\u0131l \u00f6nce gitti\u011fi Bali\u2019de uzun zaman kalan <a href=\"http:\/\/tgrthaber.com\/mavikadin\/tuba-unsalin-kiraci-krizi-berlindeki-evinde-hukuki-surec\/\" target=\"_blank\" rel=\"noopener\">Tuba \u00dcnsal<\/a>, kendisine bir ev alm\u0131\u015ft\u0131. Ge\u00e7ti\u011fimiz aylarda Bali\u2019de bir ev daha alan Tuba \u00dcnsal, ilk ald\u0131\u011f\u0131 evi sat\u0131\u015fa \u00e7\u0131karmaya karar verdi.<\/p>\n<p><img loading=\"lazy\" decoding=\"async\" class=\"alignnone size-full wp-image-295301\" src=\"https:\/\/www.tgrthaber.com\/mavikadin\/wp-content\/uploads\/2026\/01\/Asli-2026-01-26T171333.116.png\" alt=\"\" width=\"1208\" height=\"680\" title=\"\" srcset=\"https:\/\/www.tgrthaber.com\/mavikadin\/wp-content\/uploads\/2026\/01\/Asli-2026-01-26T171333.116.png 1208w, https:\/\/www.tgrthaber.com\/mavikadin\/wp-content\/uploads\/2026\/01\/Asli-2026-01-26T171333.116-300x169.png 300w, https:\/\/www.tgrthaber.com\/mavikadin\/wp-content\/uploads\/2026\/01\/Asli-2026-01-26T171333.116-1024x576.png 1024w, https:\/\/www.tgrthaber.com\/mavikadin\/wp-content\/uploads\/2026\/01\/Asli-2026-01-26T171333.116-768x432.png 768w\" sizes=\"(max-width: 1208px) 100vw, 1208px\" \/><\/p>\n<hr \/>\n<p>Canggu\u2019da yer alan ilk evini mobilyalar\u0131yla birlikte satmaya karar verdi\u011fini a\u00e7\u0131klayan Tuba \u00dcnsal\u2019\u0131n, &#8220;\u0130ki villay\u0131 y\u00f6netemem. Gidemiyorum da zaten, durmas\u0131na gerek yok. Sakin bir sokakta. Bali\u2019nin en me\u015fhur yoga st\u00fcdyosunun hemen yan\u0131nda. Frans\u0131z Lisesi\u2019ne 8 dakika. Zaten alma amac\u0131m; \u00e7ocuklar\u0131m\u0131 orada okutmakt\u0131.&#8221; ifadelerini kulland\u0131\u011f\u0131 \u00f6\u011frenildi. Tuba \u00dcnsal\u2019\u0131n Bali\u2019deki evini satma sebebi, sosyal medyada \u00e7ok\u00e7a konu\u015fulan konulardan biri oldu.<\/p>\n<p><img loading=\"lazy\" decoding=\"async\" class=\"alignnone size-full wp-image-295302\" src=\"https:\/\/www.tgrthaber.com\/mavikadin\/wp-content\/uploads\/2026\/01\/Asli-2026-01-26T171512.329.png\" alt=\"\" width=\"1208\" height=\"680\" title=\"\" srcset=\"https:\/\/www.tgrthaber.com\/mavikadin\/wp-content\/uploads\/2026\/01\/Asli-2026-01-26T171512.329.png 1208w, https:\/\/www.tgrthaber.com\/mavikadin\/wp-content\/uploads\/2026\/01\/Asli-2026-01-26T171512.329-300x169.png 300w, https:\/\/www.tgrthaber.com\/mavikadin\/wp-content\/uploads\/2026\/01\/Asli-2026-01-26T171512.329-1024x576.png 1024w, https:\/\/www.tgrthaber.com\/mavikadin\/wp-content\/uploads\/2026\/01\/Asli-2026-01-26T171512.329-768x432.png 768w\" sizes=\"(max-width: 1208px) 100vw, 1208px\" \/><\/p>\n<hr \/>\n<h3>TUBA \u00dcNSALIN ROL ALDI\u011eI BAZI TIYATRO OYUNLARI:<\/h3>\n<ul>\n<li>K\u00fcrk Mantolu Madonna \/ Maria Puder \/ Yap\u0131mc\u0131 &#8211; 2017<\/li>\n<li>Fantastik Hikayeler Makinesi \/ Oyuncu &#8211; 2017<\/li>\n<li>\u0130simsiz Y\u0131ld\u0131z \/ Oyuncu &#8211; 2016<\/li>\n<li>Guguk Ku\u015fu \/ Candy &#8211; 2014<\/li>\n<\/ul>\n<p><img loading=\"lazy\" decoding=\"async\" class=\"alignnone size-full wp-image-295303\" src=\"https:\/\/www.tgrthaber.com\/mavikadin\/wp-content\/uploads\/2026\/01\/Asli-2026-01-26T171647.545.png\" alt=\"\" width=\"1208\" height=\"680\" title=\"\" srcset=\"https:\/\/www.tgrthaber.com\/mavikadin\/wp-content\/uploads\/2026\/01\/Asli-2026-01-26T171647.545.png 1208w, https:\/\/www.tgrthaber.com\/mavikadin\/wp-content\/uploads\/2026\/01\/Asli-2026-01-26T171647.545-300x169.png 300w, https:\/\/www.tgrthaber.com\/mavikadin\/wp-content\/uploads\/2026\/01\/Asli-2026-01-26T171647.545-1024x576.png 1024w, https:\/\/www.tgrthaber.com\/mavikadin\/wp-content\/uploads\/2026\/01\/Asli-2026-01-26T171647.545-768x432.png 768w\" sizes=\"(max-width: 1208px) 100vw, 1208px\" \/><\/p>\n<h3>TUBA \u00dcNSALIN ROL ALDI\u011eI FILM VE DIZILER:<\/h3>\n<ul>\n<li>Gecenin Ucunda (Nermin I\u015f\u0131k, TV Dizisi 2022)<\/li>\n<li>A\u015fk\u0131n \u00d6mr\u00fc (Selen, Sinema Filmi 2022)<\/li>\n<li>Sadece Bir Gece (Beg\u00fcm, Sinema Filmi 2022)<\/li>\n<li>Plastic (Tuba, K\u0131sa Film 2020)<\/li>\n<li>A\u015fk 101 (Eda, TV Dizisi 2020-2021)<\/li>\n<li>Masallardan Geriye Kalan (Asya, Sinema Filmi 2020)<\/li>\n<li>D\u00fcnyan\u0131n En G\u00fczel Kokusu 2 (Derya, Sinema Filmi 2017)<\/li>\n<li>D\u00fcnyan\u0131n En G\u00fczel Kokusu (Sinema Filmi Derya, 2016)<\/li>\n<li>\u0130\u00e7erde (Handan, TV Dizisi 2016)<\/li>\n<li>Ruhumun Aynas\u0131 (El\u00e7in, TV Dizisi 2014)<\/li>\n<li>Hayat Sana G\u00fczel (Nurcan, Sinema Filmi 2014)<\/li>\n<li>Bebek \u0130\u015fi (TV Dizisi 2013)<\/li>\n<li>Old Clock (Sinema Filmi 2012)<\/li>\n<li>\u00d6yle Bir Ge\u00e7er Zaman ki (Filiz, TV Dizisi 2012)<\/li>\n<li>Beni Unutma (Ebru, Sinema Filmi 2011)<\/li>\n<li>T\u00f6vbeler T\u00f6vbesi (Pelin, TV Dizisi 2011)<\/li>\n<li>Mor Menek\u015feler (TV Dizisi 2011)<\/li>\n<li>\u00c7akallarla Dans (Sinem, Sinema Filmi 2010)<\/li>\n<li>T\u00fcrkler \u00c7\u0131ld\u0131rm\u0131\u015f Olmal\u0131 \u2013 Afrika (Sinema Filmi Tu\u011f\u00e7e, 2009)<\/li>\n<li>Suluboya (Sinema Filmi 2009)<\/li>\n<li>Can\u0131n\u0131 Sevdi\u011fim \u0130stanbul&#8217;u (Oya \u00c7ak\u0131r-Komiser Yard\u0131mc\u0131s\u0131, TV Dizisi 2009)<\/li>\n<li>Bu Kalp Seni Unutur mu? (G\u00fcl\u00fcms\u00fcn Peker Do\u011fan, TV Dizisi 2009)<\/li>\n<li>Plajda (Zeynep Nehir, Sinema Filmi 2008)<\/li>\n<li>A Beautiful Life (Sinema Filmi 2008)<\/li>\n<li>\u00c7\u0131lg\u0131n Dersane (\u00c7\u0131t\u0131r \u00d6zlem, Sinema Filmi 2007)<\/li>\n<li>\u00c7ocuk (R\u00fcya, Sinema Filmi 2007)<\/li>\n<li>K\u00fc\u00e7\u00fck Han\u0131m Kar Tanesi (Cansu Erg\u00fcven, TV Filmi 2007)<\/li>\n<li>Yemin (Leyla, TV Dizisi 2007)<\/li>\n<li>\u00dcmit Milli (Tuba, TV Dizisi 2006)<\/li>\n<li>K\u00fc\u00e7\u00fck Han\u0131mefendinin \u015eof\u00f6r\u00fc (Ceren, TV Filmi 2006)<\/li>\n<li>K\u00fc\u00e7\u00fck Han\u0131mefendi (Ceren, TV Filmi 2006)<\/li>\n<li>Yeniden \u00c7al\u0131ku\u015fu (\u00c7al\u0131ku\u015fu Handan, TV Dizisi 2005)<\/li>\n<li>Seni \u00c7ok \u00d6zledim (Berfin, TV Dizisi 2005)<\/li>\n<li>Ruhun Duymaz (Feray, TV Dizisi 2004)<\/li>\n<li>H\u0131zl\u0131 Ad\u0131mlar (Sadenaz, TV Filmi 2004)<\/li>\n<li>Vizontele Tuuba (Tuba Sernikli, Sinema Filmi 2003)<\/li>\n<li>Karao\u011flan (Bay\u0131rg\u00fcl\u00fc, TV Dizisi 2002)<\/li>\n<li>Mumya Firarda (Sinema Filmi 2002)<\/li>\n<li>Kolay Para (Sanem, Sinema Filmi 2002)<\/li>\n<li>Savunma (TV Dizisi 2001)<\/li>\n<li>\u00c7arli \u0130\u015f Ba\u015f\u0131nda (Gen\u00e7 K\u0131z, TV Dizisi 2000)<\/li>\n<li>K\u0131r\u0131k Kalpler (TV Filmi 2000)<\/li>\n<li>K\u0131v\u0131lc\u0131m (Pelin, TV Dizisi 1999)<\/li>\n<li>Kurt Kapan\u0131 (Elmas, TV Dizisi 1999)<\/li>\n<li>Ay\u015fecik (TV Dizisi 1999)<\/li>\n<li>K\u0131r\u0131k Hayatlar (Elif, TV Dizisi 1998)<\/li>\n<li>Ruhsar (Eylem, TV Dizisi 1997)<\/li>\n<li>Kara Melek (Funda, TV Dizisi 1998)<\/li>\n<li>Mahallenin Muhtarlar\u0131 (K\u0131z, TV Dizisi 1992)<\/li>\n<\/ul>\n","protected":false},"excerpt":{"rendered":"<p>Kirac\u0131lar\u0131yla s\u00fcrekli polemik ya\u015fad\u0131\u011f\u0131 bilinen \u00fcnl\u00fc oyuncu Tuba \u00dcnsal, bu sefer evini sat\u0131\u015fa \u00e7\u0131karmaya karar verdi. G\u00fczel oyuncunun Bali\u2019deki evini sat\u0131\u015fa \u00e7\u0131karma sebebi ise g\u00fcndem oldu.<\/p>\n","protected":false},"author":37,"featured_media":295298,"comment_status":"closed","ping_status":"closed","sticky":false,"template":"","format":"standard","meta":{"rank_math_lock_modified_date":false,"footnotes":""},"categories":[76],"tags":[47797,133,18843,71488],"class_list":["post-295297","post","type-post","status-publish","format-standard","has-post-thumbnail","hentry","category-magazin","tag-bali","tag-magazin","tag-tuba-unsal","tag-tuba-unsal-villa"],"_links":{"self":[{"href":"https:\/\/www.tgrthaber.com\/mavikadin\/wp-json\/wp\/v2\/posts\/295297"}],"collection":[{"href":"https:\/\/www.tgrthaber.com\/mavikadin\/wp-json\/wp\/v2\/posts"}],"about":[{"href":"https:\/\/www.tgrthaber.com\/mavikadin\/wp-json\/wp\/v2\/types\/post"}],"author":[{"embeddable":true,"href":"https:\/\/www.tgrthaber.com\/mavikadin\/wp-json\/wp\/v2\/users\/37"}],"replies":[{"embeddable":true,"href":"https:\/\/www.tgrthaber.com\/mavikadin\/wp-json\/wp\/v2\/comments?post=295297"}],"version-history":[{"count":2,"href":"https:\/\/www.tgrthaber.com\/mavikadin\/wp-json\/wp\/v2\/posts\/295297\/revisions"}],"predecessor-version":[{"id":295306,"href":"https:\/\/www.tgrthaber.com\/mavikadin\/wp-json\/wp\/v2\/posts\/295297\/revisions\/295306"}],"wp:featuredmedia":[{"embeddable":true,"href":"https:\/\/www.tgrthaber.com\/mavikadin\/wp-json\/wp\/v2\/media\/295298"}],"wp:attachment":[{"href":"https:\/\/www.tgrthaber.com\/mavikadin\/wp-json\/wp\/v2\/media?parent=295297"}],"wp:term":[{"taxonomy":"category","embeddable":true,"href":"https:\/\/www.tgrthaber.com\/mavikadin\/wp-json\/wp\/v2\/categories?post=295297"},{"taxonomy":"post_tag","embeddable":true,"href":"https:\/\/www.tgrthaber.com\/mavikadin\/wp-json\/wp\/v2\/tags?post=295297"}],"curies":[{"name":"wp","href":"https:\/\/api.w.org\/{rel}","templated":true}]}}