{"id":295315,"date":"2026-01-26T17:59:42","date_gmt":"2026-01-26T14:59:42","guid":{"rendered":"https:\/\/www.tgrthaber.com\/mavikadin\/?p=295315"},"modified":"2026-01-26T17:59:42","modified_gmt":"2026-01-26T14:59:42","slug":"yemekteyiz-yarismacisi-selin-elif-arslan-kimdir-kac-yasinda-yemekteyiz-selin-aslen-nereli","status":"publish","type":"post","link":"https:\/\/www.tgrthaber.com\/mavikadin\/yemekteyiz-yarismacisi-selin-elif-arslan-kimdir-kac-yasinda-yemekteyiz-selin-aslen-nereli\/","title":{"rendered":"Yemekteyiz yar\u0131\u015fmac\u0131s\u0131 Selin Elif Arslan kimdir, ka\u00e7 ya\u015f\u0131nda? Yemekteyiz Selin aslen nereli?"},"content":{"rendered":"<p>TV8&#8217;in fenomen yar\u0131\u015fma program\u0131 <a href=\"https:\/\/www.tgrthaber.com\/mavikadin\/yemekteyiz-23-ocak-2026-cuma-kim-kazandi-zuhal-topalla-yemekteyiz-200-bin-tlyi-kim-aldi\/\">Zuhal Topal&#8217;la Yemekteyiz<\/a>&#8216;de 26 &#8211; 30 Ocak haftas\u0131nda yar\u0131\u015fan yar\u0131\u015fmac\u0131lar belli oldu. Yemekteyiz&#8217;in birinci g\u00fcn\u00fc yar\u0131\u015fan Selin Han\u0131m daha ilk dakikalardan izleyicinin radar\u0131na girmeyi ba\u015fard\u0131. Peki Yemekteyiz Selin Elif Arslan kimdir, ka\u00e7 ya\u015f\u0131nda? Yemekteyiz Selin Han\u0131m aslen nereli, evli mi? \u0130\u015fte Yemekteyiz yeni haftas\u0131nda merak edilenler&#8230;<\/p>\n<h3>ZUHAL TOPAL&#8217;LA YEMEKTEY\u0130Z SEL\u0130N K\u0130MD\u0130R, KA\u00c7 YA\u015eINDA?<\/h3>\n<p>Zuhal Topal&#8217;la Yemekteyiz, TV8 ekranlar\u0131nda h\u0131z kesmeden devam ediyor. <a href=\"https:\/\/www.tgrthaber.com\/mavikadin\/zuhal-topalla-yemekteyiz-elif-yazici-kimdir-kac-yasinda-yemekteyiz-elif-hanim-meslegi-nedir\/\">Yemekteyiz<\/a>&#8216;in yeni haftas\u0131nda birinci g\u00fcn yar\u0131\u015fan Selin Han\u0131m ise izleyici taraf\u0131ndan merak konusu oldu.<\/p>\n<p><img loading=\"lazy\" decoding=\"async\" class=\"alignnone wp-image-295319 size-full\" src=\"https:\/\/www.tgrthaber.com\/mavikadin\/wp-content\/uploads\/2026\/01\/Ekran-goruntusu-2026-01-26-132105.png\" alt=\"\" width=\"1547\" height=\"685\" title=\"\" srcset=\"https:\/\/www.tgrthaber.com\/mavikadin\/wp-content\/uploads\/2026\/01\/Ekran-goruntusu-2026-01-26-132105.png 1547w, https:\/\/www.tgrthaber.com\/mavikadin\/wp-content\/uploads\/2026\/01\/Ekran-goruntusu-2026-01-26-132105-300x133.png 300w, https:\/\/www.tgrthaber.com\/mavikadin\/wp-content\/uploads\/2026\/01\/Ekran-goruntusu-2026-01-26-132105-1024x453.png 1024w, https:\/\/www.tgrthaber.com\/mavikadin\/wp-content\/uploads\/2026\/01\/Ekran-goruntusu-2026-01-26-132105-768x340.png 768w, https:\/\/www.tgrthaber.com\/mavikadin\/wp-content\/uploads\/2026\/01\/Ekran-goruntusu-2026-01-26-132105-1536x680.png 1536w\" sizes=\"(max-width: 1547px) 100vw, 1547px\" \/><\/p>\n<hr \/>\n<p>Program ba\u015flar ba\u015flamaz arama motorlar\u0131nda &#8216;Yemekteyiz Selin kimdir, ka\u00e7 ya\u015f\u0131nda?&#8217;, &#8216;Yemekteyiz Selin aslen nereli, mesle\u011fi nedir?&#8217; gibi sorular s\u0131k\u00e7a ara\u015ft\u0131r\u0131lmaya ba\u015fland\u0131. <a href=\"https:\/\/www.tgrthaber.com\/mavikadin\/zuhal-topalla-yemekteyiz-sevgi-dalyan-kimdir-kac-yasinda-yemekteyizin-konyali-yarismacisi-merak-edildi\/\">Zuhal Topal&#8217;la Yemekteyiz<\/a>&#8216;de 26 ila 30 Ocak aras\u0131nda yar\u0131\u015fan ve yemekteyiz&#8217;in ilk g\u00fcn\u00fc mutfa\u011fa giren isim Selin Han\u0131m oldu. Selin Han\u0131m 26 ya\u015f\u0131ndad\u0131r.<\/p>\n<p><img loading=\"lazy\" decoding=\"async\" class=\"alignnone wp-image-295321 size-full\" src=\"https:\/\/www.tgrthaber.com\/mavikadin\/wp-content\/uploads\/2026\/01\/yemekteyiz-selin-elif-arslan-kimdir-nereli-kac-yasinda-evli-mi-meslegi-ne-122793.webp\" alt=\"\" width=\"1280\" height=\"720\" title=\"\" srcset=\"https:\/\/www.tgrthaber.com\/mavikadin\/wp-content\/uploads\/2026\/01\/yemekteyiz-selin-elif-arslan-kimdir-nereli-kac-yasinda-evli-mi-meslegi-ne-122793.webp 1280w, https:\/\/www.tgrthaber.com\/mavikadin\/wp-content\/uploads\/2026\/01\/yemekteyiz-selin-elif-arslan-kimdir-nereli-kac-yasinda-evli-mi-meslegi-ne-122793-300x169.webp 300w, https:\/\/www.tgrthaber.com\/mavikadin\/wp-content\/uploads\/2026\/01\/yemekteyiz-selin-elif-arslan-kimdir-nereli-kac-yasinda-evli-mi-meslegi-ne-122793-1024x576.webp 1024w, https:\/\/www.tgrthaber.com\/mavikadin\/wp-content\/uploads\/2026\/01\/yemekteyiz-selin-elif-arslan-kimdir-nereli-kac-yasinda-evli-mi-meslegi-ne-122793-768x432.webp 768w\" sizes=\"(max-width: 1280px) 100vw, 1280px\" \/><\/p>\n<hr \/>\n<p>K\u00fc\u00e7\u00fck ya\u015flardan beri mutfa\u011fa ilgi duyan yar\u0131\u015fmac\u0131 200 bin TL&#8217;yi almak konusunda da olduk\u00e7a iddial\u0131. Evli olan Selin Elif Arslan&#8217;\u0131n, 1 bu\u00e7uk ya\u015f\u0131nda bir o\u011flu da var. \u015eu anda \u00e7al\u0131\u015fmayan Selin Han\u0131m&#8217;\u0131n as\u0131l mesle\u011fi ise kuaf\u00f6rl\u00fck.<\/p>\n<p><img loading=\"lazy\" decoding=\"async\" class=\"alignnone wp-image-295320 size-full\" src=\"https:\/\/www.tgrthaber.com\/mavikadin\/wp-content\/uploads\/2026\/01\/selin-elif-arslanin-zuhal-topalla-yemekteyiz-menusunde-neler-var-1.webp\" alt=\"\" width=\"1280\" height=\"720\" title=\"\" srcset=\"https:\/\/www.tgrthaber.com\/mavikadin\/wp-content\/uploads\/2026\/01\/selin-elif-arslanin-zuhal-topalla-yemekteyiz-menusunde-neler-var-1.webp 1280w, https:\/\/www.tgrthaber.com\/mavikadin\/wp-content\/uploads\/2026\/01\/selin-elif-arslanin-zuhal-topalla-yemekteyiz-menusunde-neler-var-1-300x169.webp 300w, https:\/\/www.tgrthaber.com\/mavikadin\/wp-content\/uploads\/2026\/01\/selin-elif-arslanin-zuhal-topalla-yemekteyiz-menusunde-neler-var-1-1024x576.webp 1024w, https:\/\/www.tgrthaber.com\/mavikadin\/wp-content\/uploads\/2026\/01\/selin-elif-arslanin-zuhal-topalla-yemekteyiz-menusunde-neler-var-1-768x432.webp 768w\" sizes=\"(max-width: 1280px) 100vw, 1280px\" \/><\/p>\n<hr \/>\n<h3>SEL\u0130N HANIM ASLEN NEREL\u0130?<\/h3>\n<p>Hafta i\u00e7i her g\u00fcn TV8 ekranlar\u0131nda yay\u0131nlanan ve geni\u015f bir izleyici kitlesine sahip olan Yemekteyiz&#8217;de mutfakta ter d\u00f6ken yar\u0131\u015fmac\u0131 Selin Han\u0131m aslen \u00c7anakkale do\u011fumludur. Do\u011fma b\u00fcy\u00fcme \u0130stanbullu olan Selin Elif Arslan, men\u00fcs\u00fcnde de Ege ve Marmara&#8217;ya y\u00f6nelik lezzetlere yer verdi. Selin Han\u0131m&#8217;\u0131n ilk g\u00fcn performans\u0131 sonras\u0131 Cuma g\u00fcn\u00fc 200 bin TL&#8217;yi al\u0131p almayaca\u011f\u0131 ise \u015fimdiden merak konusu oldu.<\/p>\n<p><img loading=\"lazy\" decoding=\"async\" class=\"alignnone wp-image-295317 \" src=\"https:\/\/www.tgrthaber.com\/mavikadin\/wp-content\/uploads\/2026\/01\/Ekran-goruntusu-2026-01-26-174308.png\" alt=\"\" width=\"1411\" height=\"781\" title=\"\" srcset=\"https:\/\/www.tgrthaber.com\/mavikadin\/wp-content\/uploads\/2026\/01\/Ekran-goruntusu-2026-01-26-174308.png 802w, https:\/\/www.tgrthaber.com\/mavikadin\/wp-content\/uploads\/2026\/01\/Ekran-goruntusu-2026-01-26-174308-300x166.png 300w, https:\/\/www.tgrthaber.com\/mavikadin\/wp-content\/uploads\/2026\/01\/Ekran-goruntusu-2026-01-26-174308-768x425.png 768w\" sizes=\"(max-width: 1411px) 100vw, 1411px\" \/><\/p>\n<hr \/>\n<h3>YEMEKTEY\u0130Z 26 -30 OCAK HAFTASINDA K\u0130MLER YARI\u015eIYOR?<\/h3>\n<p>TV8&#8217;in en \u00e7ok izlenen yar\u0131\u015fmas\u0131 Zuhal Topal&#8217;la Yemekteyiz&#8217;de 26 &#8211; 30 Ocak haftas\u0131nda yar\u0131\u015fan yar\u0131\u015fmac\u0131lar \u015fu \u015fekilde;<\/p>\n<p><img loading=\"lazy\" decoding=\"async\" class=\"alignnone wp-image-295318 \" src=\"https:\/\/www.tgrthaber.com\/mavikadin\/wp-content\/uploads\/2026\/01\/Ekran-goruntusu-2026-01-26-174318.png\" alt=\"\" width=\"1287\" height=\"760\" title=\"\" srcset=\"https:\/\/www.tgrthaber.com\/mavikadin\/wp-content\/uploads\/2026\/01\/Ekran-goruntusu-2026-01-26-174318.png 750w, https:\/\/www.tgrthaber.com\/mavikadin\/wp-content\/uploads\/2026\/01\/Ekran-goruntusu-2026-01-26-174318-300x177.png 300w\" sizes=\"(max-width: 1287px) 100vw, 1287px\" \/><\/p>\n<hr \/>\n<p>Yemekteyiz 1. g\u00fcn yar\u0131\u015fan yar\u0131\u015fmac\u0131s\u0131 Selin Elif Arslan<\/p>\n<p>Yemekteyiz 2. g\u00fcn yar\u0131\u015fan yar\u0131\u015fmac\u0131s\u0131 Ramazan Karda\u015f<\/p>\n<p>Yemekteyiz 3. g\u00fcn yar\u0131\u015fan yar\u0131\u015fmac\u0131s\u0131 Erkan Kolakan<\/p>\n<p><img loading=\"lazy\" decoding=\"async\" class=\"alignnone wp-image-295323 size-full\" src=\"https:\/\/www.tgrthaber.com\/mavikadin\/wp-content\/uploads\/2026\/01\/tnt_kapak_yemek_202883856968c3158841f4c.jpg\" alt=\"\" width=\"1280\" height=\"720\" title=\"\" srcset=\"https:\/\/www.tgrthaber.com\/mavikadin\/wp-content\/uploads\/2026\/01\/tnt_kapak_yemek_202883856968c3158841f4c.jpg 1280w, https:\/\/www.tgrthaber.com\/mavikadin\/wp-content\/uploads\/2026\/01\/tnt_kapak_yemek_202883856968c3158841f4c-300x169.jpg 300w, https:\/\/www.tgrthaber.com\/mavikadin\/wp-content\/uploads\/2026\/01\/tnt_kapak_yemek_202883856968c3158841f4c-1024x576.jpg 1024w, https:\/\/www.tgrthaber.com\/mavikadin\/wp-content\/uploads\/2026\/01\/tnt_kapak_yemek_202883856968c3158841f4c-768x432.jpg 768w\" sizes=\"(max-width: 1280px) 100vw, 1280px\" \/><\/p>\n<hr \/>\n<p>Yemekteyiz 4. g\u00fcn yar\u0131\u015fan yar\u0131\u015fmac\u0131s\u0131 Og\u00fcn \u00d6zkanca<\/p>\n<p>Yemekteyiz 5. g\u00fcn yar\u0131\u015fan yar\u0131\u015fmac\u0131s\u0131\u00a0 Cemile Elitop<\/p>\n<p><img loading=\"lazy\" decoding=\"async\" class=\"alignnone wp-image-295322 size-full\" src=\"https:\/\/www.tgrthaber.com\/mavikadin\/wp-content\/uploads\/2026\/01\/yemekteyiz-selin-kimdir-zuhal-topal-la-19505256_4441_amp.webp\" alt=\"\" width=\"1200\" height=\"718\" title=\"\" srcset=\"https:\/\/www.tgrthaber.com\/mavikadin\/wp-content\/uploads\/2026\/01\/yemekteyiz-selin-kimdir-zuhal-topal-la-19505256_4441_amp.webp 1200w, https:\/\/www.tgrthaber.com\/mavikadin\/wp-content\/uploads\/2026\/01\/yemekteyiz-selin-kimdir-zuhal-topal-la-19505256_4441_amp-300x180.webp 300w, https:\/\/www.tgrthaber.com\/mavikadin\/wp-content\/uploads\/2026\/01\/yemekteyiz-selin-kimdir-zuhal-topal-la-19505256_4441_amp-1024x613.webp 1024w, https:\/\/www.tgrthaber.com\/mavikadin\/wp-content\/uploads\/2026\/01\/yemekteyiz-selin-kimdir-zuhal-topal-la-19505256_4441_amp-768x460.webp 768w\" sizes=\"(max-width: 1200px) 100vw, 1200px\" \/><\/p>\n<hr \/>\n<h3>YEMEKTEY\u0130Z 23 OCAK 200 B\u0130N TL&#8217;Y\u0130 K\u0130M ALDI?<\/h3>\n<p>Zuhal Topal&#8217;la Yemekteyiz&#8217;de ge\u00e7en haftan\u0131n kazanan ismi ise Samet Bey oldu. Samet Bey hem Zuhal Topal&#8217;dan hem de rakip yar\u0131\u015fmac\u0131lardan toplam 33 puan ald\u0131 ve 200 bin TL&#8217;yi kazand\u0131.<\/p>\n","protected":false},"excerpt":{"rendered":"<p>Zuhal Topal&#8217;la Yemekteyiz yeni haftas\u0131na ba\u015flad\u0131. 26 &#8211; 30 Ocak haftas\u0131n\u0131n yar\u0131\u015fmac\u0131lar\u0131 ise merak konusu oldu. Peki Yemekteyiz&#8217;in 1. g\u00fcn\u00fc yar\u0131\u015fan yar\u0131\u015fmac\u0131s\u0131 Selin Elif Arslan kimdir, ka\u00e7 ya\u015f\u0131nda? Selin Han\u0131m aslen nereli? \u0130\u015fte detaylar&#8230;<\/p>\n","protected":false},"author":35,"featured_media":295316,"comment_status":"closed","ping_status":"closed","sticky":false,"template":"","format":"standard","meta":{"rank_math_lock_modified_date":false,"footnotes":""},"categories":[491],"tags":[3374,71490,71492,8465,71491],"class_list":["post-295315","post","type-post","status-publish","format-standard","has-post-thumbnail","hentry","category-biyografi","tag-biyografi","tag-selin-elif-arslan-kimdir","tag-selin-elif-arslan-nereli","tag-yemekteyiz","tag-yemekteyiz-selin-kac-yasinda"],"_links":{"self":[{"href":"https:\/\/www.tgrthaber.com\/mavikadin\/wp-json\/wp\/v2\/posts\/295315"}],"collection":[{"href":"https:\/\/www.tgrthaber.com\/mavikadin\/wp-json\/wp\/v2\/posts"}],"about":[{"href":"https:\/\/www.tgrthaber.com\/mavikadin\/wp-json\/wp\/v2\/types\/post"}],"author":[{"embeddable":true,"href":"https:\/\/www.tgrthaber.com\/mavikadin\/wp-json\/wp\/v2\/users\/35"}],"replies":[{"embeddable":true,"href":"https:\/\/www.tgrthaber.com\/mavikadin\/wp-json\/wp\/v2\/comments?post=295315"}],"version-history":[{"count":1,"href":"https:\/\/www.tgrthaber.com\/mavikadin\/wp-json\/wp\/v2\/posts\/295315\/revisions"}],"predecessor-version":[{"id":295324,"href":"https:\/\/www.tgrthaber.com\/mavikadin\/wp-json\/wp\/v2\/posts\/295315\/revisions\/295324"}],"wp:featuredmedia":[{"embeddable":true,"href":"https:\/\/www.tgrthaber.com\/mavikadin\/wp-json\/wp\/v2\/media\/295316"}],"wp:attachment":[{"href":"https:\/\/www.tgrthaber.com\/mavikadin\/wp-json\/wp\/v2\/media?parent=295315"}],"wp:term":[{"taxonomy":"category","embeddable":true,"href":"https:\/\/www.tgrthaber.com\/mavikadin\/wp-json\/wp\/v2\/categories?post=295315"},{"taxonomy":"post_tag","embeddable":true,"href":"https:\/\/www.tgrthaber.com\/mavikadin\/wp-json\/wp\/v2\/tags?post=295315"}],"curies":[{"name":"wp","href":"https:\/\/api.w.org\/{rel}","templated":true}]}}