{"id":295338,"date":"2026-01-26T19:56:40","date_gmt":"2026-01-26T16:56:40","guid":{"rendered":"https:\/\/www.tgrthaber.com\/mavikadin\/?p=295338"},"modified":"2026-01-26T19:56:40","modified_gmt":"2026-01-26T16:56:40","slug":"zuhal-topalla-yemekteyiz-ramazan-kardas-kimdir-yemekteyizde-38-yasindaki-yarismaciya-gelin-adayi-arandi","status":"publish","type":"post","link":"https:\/\/www.tgrthaber.com\/mavikadin\/zuhal-topalla-yemekteyiz-ramazan-kardas-kimdir-yemekteyizde-38-yasindaki-yarismaciya-gelin-adayi-arandi\/","title":{"rendered":"Zuhal Topal&#8217;la Yemekteyiz Ramazan Karda\u015f kimdir? Yemekteyiz&#8217;de 38 ya\u015f\u0131ndaki yar\u0131\u015fmac\u0131ya gelin aday\u0131 arand\u0131"},"content":{"rendered":"<p>Zuhal Topal&#8217;la Yemekteyiz hafta i\u00e7i her g\u00fcn TV8 ekranlar\u0131nda olmaya devam ediyor. Tansiyonun hi\u00e7 d\u00fc\u015fmedi\u011fi yar\u0131\u015fmada yeni yar\u0131\u015fmac\u0131 adaylar\u0131 da Yemekteyiz mutfa\u011f\u0131nda yerini ald\u0131. Peki <a href=\"https:\/\/www.tgrthaber.com\/mavikadin\/yemekteyiz-yarismacisi-selin-elif-arslan-kimdir-kac-yasinda-yemekteyiz-selin-aslen-nereli\/\">Zuhal Topal&#8217;la Yemekteyi<\/a>z&#8217;de 2. g\u00fcn yar\u0131\u015fan Ramazan Karda\u015f kimdir, ka\u00e7 ya\u015f\u0131nda? Yemekteyiz Ramazan Karda\u015f evli mi, mesle\u011fi nedir? \u0130\u015fte merak edilen t\u00fcm detaylar&#8230;<\/p>\n<h3>ZUHAL TOPAL&#8217;LA YEMEKTEY\u0130Z RAMAZAN KARDA\u015e K\u0130MD\u0130R, KA\u00c7 YA\u015eINDA?<\/h3>\n<p>Zuhal Topal&#8217;\u0131n ba\u015far\u0131l\u0131 sunumu ile ekranlara gelen <a href=\"https:\/\/www.tgrthaber.com\/mavikadin\/yemekteyiz-23-ocak-2026-cuma-kim-kazandi-zuhal-topalla-yemekteyiz-200-bin-tlyi-kim-aldi\/\">Zuhal Topal&#8217;la Yemekteyiz<\/a>&#8216;de yeni bir hafta yine iddial\u0131 yar\u0131\u015fmac\u0131larla ba\u015flad\u0131. E\u011flence ve rekabetin \u00fcst dorukta ya\u015fand\u0131\u011f\u0131 Yemekteyiz&#8217;de bu hafta mutfakta ter d\u00f6kecek isimlerden biri de Ramazan Karda\u015f oldu. Ramazan Bey Yemekteyiz&#8217;in ikinci g\u00fcn\u00fc yar\u0131\u015farak, rakiplerine fark atmaya \u00e7al\u0131\u015facak.<\/p>\n<p><img loading=\"lazy\" decoding=\"async\" class=\"alignnone wp-image-295342 size-full\" src=\"https:\/\/www.tgrthaber.com\/mavikadin\/wp-content\/uploads\/2026\/01\/Ekran-goruntusu-2026-01-26-194604.png\" alt=\"\" width=\"1919\" height=\"1078\" title=\"\" srcset=\"https:\/\/www.tgrthaber.com\/mavikadin\/wp-content\/uploads\/2026\/01\/Ekran-goruntusu-2026-01-26-194604.png 1919w, https:\/\/www.tgrthaber.com\/mavikadin\/wp-content\/uploads\/2026\/01\/Ekran-goruntusu-2026-01-26-194604-300x169.png 300w, https:\/\/www.tgrthaber.com\/mavikadin\/wp-content\/uploads\/2026\/01\/Ekran-goruntusu-2026-01-26-194604-1024x575.png 1024w, https:\/\/www.tgrthaber.com\/mavikadin\/wp-content\/uploads\/2026\/01\/Ekran-goruntusu-2026-01-26-194604-768x431.png 768w, https:\/\/www.tgrthaber.com\/mavikadin\/wp-content\/uploads\/2026\/01\/Ekran-goruntusu-2026-01-26-194604-1536x863.png 1536w\" sizes=\"(max-width: 1919px) 100vw, 1919px\" \/><\/p>\n<hr \/>\n<p>Yemekteyiz yeni b\u00f6l\u00fcm\u00fc ba\u015flar ba\u015flamaz &#8216;Yemekteyiz Ramazan Karda\u015f kimdir, ka\u00e7 ya\u015f\u0131nda?, &#8216;Yemekteyiz Ramazan Karda\u015f aslen nereli, ne i\u015f yap\u0131yor?&#8217; gibi sorular arama motorlar\u0131nda h\u0131z kazanm\u0131\u015f durumda.<\/p>\n<p><img loading=\"lazy\" decoding=\"async\" class=\"alignnone wp-image-295343 size-full\" src=\"https:\/\/www.tgrthaber.com\/mavikadin\/wp-content\/uploads\/2026\/01\/Ekran-goruntusu-2026-01-26-194614.png\" alt=\"\" width=\"1919\" height=\"1073\" title=\"\" srcset=\"https:\/\/www.tgrthaber.com\/mavikadin\/wp-content\/uploads\/2026\/01\/Ekran-goruntusu-2026-01-26-194614.png 1919w, https:\/\/www.tgrthaber.com\/mavikadin\/wp-content\/uploads\/2026\/01\/Ekran-goruntusu-2026-01-26-194614-300x168.png 300w, https:\/\/www.tgrthaber.com\/mavikadin\/wp-content\/uploads\/2026\/01\/Ekran-goruntusu-2026-01-26-194614-1024x573.png 1024w, https:\/\/www.tgrthaber.com\/mavikadin\/wp-content\/uploads\/2026\/01\/Ekran-goruntusu-2026-01-26-194614-768x429.png 768w, https:\/\/www.tgrthaber.com\/mavikadin\/wp-content\/uploads\/2026\/01\/Ekran-goruntusu-2026-01-26-194614-1536x859.png 1536w\" sizes=\"(max-width: 1919px) 100vw, 1919px\" \/><\/p>\n<hr \/>\n<p>Yemekteyiz&#8217;de 26 &#8211; 30 Ocak haftas\u0131nda 200 bin TL i\u00e7in ter d\u00f6kecek isim Ramazan Karda\u015f oldu. Ramazan Bey \u015fu anda 38 ya\u015f\u0131nda ve aslen Batmanl\u0131. G\u00fcneydo\u011fu Anadolu2nun \u00f6zg\u00fcn mutfa\u011f\u0131n\u0131 Yemekteyiz&#8217;e ta\u015f\u0131may\u0131 d\u00fc\u015f\u00fcnen Ramazan Bey, mutfak bilgisine ve el lezzetine olduk\u00e7a g\u00fcveniyor. Ramazan Karda\u015f a\u015f\u00e7\u0131 ve bekar. Yemekteyiz&#8217;in 2. g\u00fcn\u00fc mutfa\u011fa giren Ramazan Bey&#8217;in \u015fu g\u00fcne kadar da herhangi bir fl\u00f6rt\u00fc olmam\u0131\u015f Bu durum Yemekteyiz yar\u0131\u015fmac\u0131lar\u0131 aras\u0131nda da tart\u0131\u015f\u0131lan bir konu oldu.<\/p>\n<p><img loading=\"lazy\" decoding=\"async\" class=\"alignnone wp-image-295344 size-full\" src=\"https:\/\/www.tgrthaber.com\/mavikadin\/wp-content\/uploads\/2026\/01\/Ekran-goruntusu-2026-01-26-194625.png\" alt=\"\" width=\"1919\" height=\"1079\" title=\"\" srcset=\"https:\/\/www.tgrthaber.com\/mavikadin\/wp-content\/uploads\/2026\/01\/Ekran-goruntusu-2026-01-26-194625.png 1919w, https:\/\/www.tgrthaber.com\/mavikadin\/wp-content\/uploads\/2026\/01\/Ekran-goruntusu-2026-01-26-194625-300x169.png 300w, https:\/\/www.tgrthaber.com\/mavikadin\/wp-content\/uploads\/2026\/01\/Ekran-goruntusu-2026-01-26-194625-1024x576.png 1024w, https:\/\/www.tgrthaber.com\/mavikadin\/wp-content\/uploads\/2026\/01\/Ekran-goruntusu-2026-01-26-194625-768x432.png 768w, https:\/\/www.tgrthaber.com\/mavikadin\/wp-content\/uploads\/2026\/01\/Ekran-goruntusu-2026-01-26-194625-1536x864.png 1536w\" sizes=\"(max-width: 1919px) 100vw, 1919px\" \/><\/p>\n<hr \/>\n<h3>YEMEKTEY\u0130Z&#8217;DE 38 YA\u015eINDAK\u0130 YARI\u015eMACIYA GEL\u0130N ADAYI ARANDI<\/h3>\n<p>Yemekteyiz&#8217;in 26 &#8211; 30 Ocak haftas\u0131na damga vuran anlardan biri de <a href=\"https:\/\/www.tgrthaber.com\/mavikadin\/zuhal-topalla-yemekteyiz-samet-yas-kimdir-kac-yasinda-yemekteyiz-2-gun-yarismacisi-merak-edildi\/\">Yemekteyiz<\/a>&#8216;in 2. g\u00fcn\u00fc yar\u0131\u015fan yar\u0131\u015fmac\u0131s\u0131 Ramazan Bey i\u00e7in yap\u0131lan e\u015f aray\u0131\u015f\u0131 oldu. Yar\u0131\u015fmac\u0131lar ve Zuhal Topal, bug\u00fcne kadar hi\u00e7 bir fl\u00f6rt\u00fc olmayan Ramazan Bey&#8217;e uygun bir gelin aday\u0131 bulmak i\u00e7in adeta yar\u0131\u015ft\u0131lar.<\/p>\n<p><img loading=\"lazy\" decoding=\"async\" class=\"alignnone wp-image-295346 size-full\" src=\"https:\/\/www.tgrthaber.com\/mavikadin\/wp-content\/uploads\/2026\/01\/Ekran-goruntusu-2026-01-26-194642.png\" alt=\"\" width=\"1919\" height=\"1075\" title=\"\" srcset=\"https:\/\/www.tgrthaber.com\/mavikadin\/wp-content\/uploads\/2026\/01\/Ekran-goruntusu-2026-01-26-194642.png 1919w, https:\/\/www.tgrthaber.com\/mavikadin\/wp-content\/uploads\/2026\/01\/Ekran-goruntusu-2026-01-26-194642-300x168.png 300w, https:\/\/www.tgrthaber.com\/mavikadin\/wp-content\/uploads\/2026\/01\/Ekran-goruntusu-2026-01-26-194642-1024x574.png 1024w, https:\/\/www.tgrthaber.com\/mavikadin\/wp-content\/uploads\/2026\/01\/Ekran-goruntusu-2026-01-26-194642-768x430.png 768w, https:\/\/www.tgrthaber.com\/mavikadin\/wp-content\/uploads\/2026\/01\/Ekran-goruntusu-2026-01-26-194642-1536x860.png 1536w\" sizes=\"(max-width: 1919px) 100vw, 1919px\" \/><\/p>\n<hr \/>\n<p>&#8216;Nas\u0131l bir e\u015f aras\u0131n, nelerden ho\u015flan\u0131rs\u0131n?&#8217; diye k\u00f6\u015feye s\u0131k\u0131\u015ft\u0131r\u0131lan Ramazan Bey, evblenmeye pek niyetli de olmad\u0131\u011f\u0131n\u0131 belirtti. Yar\u0131\u015fmac\u0131lardan Og\u00fcn Han\u0131m&#8217;\u0131n yapt\u0131\u011f\u0131 yorum ise dikkat \u00e7ekti. &#8216;Bu k\u0131yafetle zaten biraz zor bulursun&#8217; diyen Og\u00fcn Han\u0131m, tart\u0131\u015fman\u0131n da fitilini adeta ate\u015fledi.<\/p>\n<p><img loading=\"lazy\" decoding=\"async\" class=\"alignnone wp-image-295345 size-full\" src=\"https:\/\/www.tgrthaber.com\/mavikadin\/wp-content\/uploads\/2026\/01\/Ekran-goruntusu-2026-01-19-182728.webp\" alt=\"\" width=\"1165\" height=\"643\" title=\"\" srcset=\"https:\/\/www.tgrthaber.com\/mavikadin\/wp-content\/uploads\/2026\/01\/Ekran-goruntusu-2026-01-19-182728.webp 1165w, https:\/\/www.tgrthaber.com\/mavikadin\/wp-content\/uploads\/2026\/01\/Ekran-goruntusu-2026-01-19-182728-300x166.webp 300w, https:\/\/www.tgrthaber.com\/mavikadin\/wp-content\/uploads\/2026\/01\/Ekran-goruntusu-2026-01-19-182728-1024x565.webp 1024w, https:\/\/www.tgrthaber.com\/mavikadin\/wp-content\/uploads\/2026\/01\/Ekran-goruntusu-2026-01-19-182728-768x424.webp 768w\" sizes=\"(max-width: 1165px) 100vw, 1165px\" \/><\/p>\n<hr \/>\n<h3>YEMEKTEY\u0130Z 23 OCAK CUMA 200 B\u0130N TL&#8217;Y\u0130 K\u0130M ALDI?<\/h3>\n<p>TV8 ekranlar\u0131nda hafta i\u00e7i her g\u00fcn 16:00&#8217;da yay\u0131nlanan ve milyonlar\u0131n takip etti\u011fi program Zuhal Topal&#8217;la Yemekteyiz&#8217;de b\u00fcy\u00fck \u00f6d\u00fcl tam 200 bin TL. B\u00fcy\u00fck \u00f6d\u00fcl\u00fc kazanmak i\u00e7in mutfakta k\u0131as\u0131ya rekabet eden yar\u0131\u015fmac\u0131lar, Cuma g\u00fcn\u00fc yap\u0131lan puanlama sonucu 200 bin TL&#8217;lik b\u00fcy\u00fck \u00f6d\u00fclle ta\u00e7land\u0131r\u0131l\u0131yor. Ge\u00e7en hafta en y\u00fcksek puan\u0131 alarak yar\u0131\u015fmay\u0131 birinci kapatan isim ise Samet Ya\u015f oldu. Samet Bey toplamda 33 puan ald\u0131 ve 200 bin TL&#8217;nin sahibi oldu.<\/p>\n<p><img loading=\"lazy\" decoding=\"async\" class=\"alignnone wp-image-295340 size-full\" src=\"https:\/\/www.tgrthaber.com\/mavikadin\/wp-content\/uploads\/2026\/01\/Ekran-goruntusu-2026-01-26-194503.png\" alt=\"\" width=\"1913\" height=\"1070\" title=\"\" srcset=\"https:\/\/www.tgrthaber.com\/mavikadin\/wp-content\/uploads\/2026\/01\/Ekran-goruntusu-2026-01-26-194503.png 1913w, https:\/\/www.tgrthaber.com\/mavikadin\/wp-content\/uploads\/2026\/01\/Ekran-goruntusu-2026-01-26-194503-300x168.png 300w, https:\/\/www.tgrthaber.com\/mavikadin\/wp-content\/uploads\/2026\/01\/Ekran-goruntusu-2026-01-26-194503-1024x573.png 1024w, https:\/\/www.tgrthaber.com\/mavikadin\/wp-content\/uploads\/2026\/01\/Ekran-goruntusu-2026-01-26-194503-768x430.png 768w, https:\/\/www.tgrthaber.com\/mavikadin\/wp-content\/uploads\/2026\/01\/Ekran-goruntusu-2026-01-26-194503-1536x859.png 1536w\" sizes=\"(max-width: 1913px) 100vw, 1913px\" \/><\/p>\n<hr \/>\n<h3>YEMEKTEY\u0130Z 19 &#8211; 23 OCAK HAFTASINDA HANG\u0130 \u0130S\u0130MLER YARI\u015eIYOR?<\/h3>\n<p>Yemekteyiz&#8217;in 26 &#8211; 30 Ocak haftas\u0131 yine iddial\u0131 yar\u0131\u015fmac\u0131larla ba\u015flam\u0131\u015f oldu. Bu haftan\u0131n yar\u0131\u015fan isimleri ise g\u00fcn g\u00fcn \u015fu \u015fekilde;<\/p>\n<p><img loading=\"lazy\" decoding=\"async\" class=\"alignnone wp-image-295318 \" src=\"https:\/\/www.tgrthaber.com\/mavikadin\/wp-content\/uploads\/2026\/01\/Ekran-goruntusu-2026-01-26-174318.png\" alt=\"\" width=\"1172\" height=\"692\" title=\"\" srcset=\"https:\/\/www.tgrthaber.com\/mavikadin\/wp-content\/uploads\/2026\/01\/Ekran-goruntusu-2026-01-26-174318.png 750w, https:\/\/www.tgrthaber.com\/mavikadin\/wp-content\/uploads\/2026\/01\/Ekran-goruntusu-2026-01-26-174318-300x177.png 300w\" sizes=\"(max-width: 1172px) 100vw, 1172px\" \/><\/p>\n<hr \/>\n<p>Yemekteyiz 1. g\u00fcn yar\u0131\u015fan yar\u0131\u015fmac\u0131s\u0131 Selin Elif Arslan<\/p>\n<p>Yemekteyiz 2. g\u00fcn yar\u0131\u015fan yar\u0131\u015fmac\u0131s\u0131 Ramazan Karda\u015f<\/p>\n<p>Yemekteyiz 3. g\u00fcn yar\u0131\u015fan yar\u0131\u015fmac\u0131s\u0131 Erkan Kolakan<\/p>\n<p><img loading=\"lazy\" decoding=\"async\" class=\"alignnone wp-image-295347 size-full\" src=\"https:\/\/www.tgrthaber.com\/mavikadin\/wp-content\/uploads\/2026\/01\/zuhal-topalla-yemekteyiz-ramazan-kardas-kimdir-kac-yasinda-nereli-2.webp\" alt=\"\" width=\"1280\" height=\"720\" title=\"\" srcset=\"https:\/\/www.tgrthaber.com\/mavikadin\/wp-content\/uploads\/2026\/01\/zuhal-topalla-yemekteyiz-ramazan-kardas-kimdir-kac-yasinda-nereli-2.webp 1280w, https:\/\/www.tgrthaber.com\/mavikadin\/wp-content\/uploads\/2026\/01\/zuhal-topalla-yemekteyiz-ramazan-kardas-kimdir-kac-yasinda-nereli-2-300x169.webp 300w, https:\/\/www.tgrthaber.com\/mavikadin\/wp-content\/uploads\/2026\/01\/zuhal-topalla-yemekteyiz-ramazan-kardas-kimdir-kac-yasinda-nereli-2-1024x576.webp 1024w, https:\/\/www.tgrthaber.com\/mavikadin\/wp-content\/uploads\/2026\/01\/zuhal-topalla-yemekteyiz-ramazan-kardas-kimdir-kac-yasinda-nereli-2-768x432.webp 768w\" sizes=\"(max-width: 1280px) 100vw, 1280px\" \/><\/p>\n<hr \/>\n<p>Yemekteyiz 4. g\u00fcn yar\u0131\u015fan yar\u0131\u015fmac\u0131s\u0131 Og\u00fcn \u00d6zkanca<\/p>\n<p>Yemekteyiz 5. g\u00fcn yar\u0131\u015fan yar\u0131\u015fmac\u0131s\u0131 Cemile Elitop<\/p>\n","protected":false},"excerpt":{"rendered":"<p>Yemekteyiz&#8217;in 2. g\u00fcn yar\u0131\u015fan yar\u0131\u015fmac\u0131s\u0131 Ramazan Karda\u015f izleyici taraf\u0131ndan merak edildi. Peki Zuhal Topal&#8217;la Yemekteyiz&#8217;de 26 &#8211; 30 Ocak haftas\u0131nda yar\u0131\u015fan Ramazan kimdir, ka\u00e7 ya\u015f\u0131nda? Yemekteyiz Ramazan Karda\u015f aslen nerelidir? \u0130\u015fte detaylar&#8230;<\/p>\n","protected":false},"author":35,"featured_media":295348,"comment_status":"closed","ping_status":"closed","sticky":false,"template":"","format":"standard","meta":{"rank_math_lock_modified_date":false,"footnotes":""},"categories":[491],"tags":[3374,71495,71496,71497,17699],"class_list":["post-295338","post","type-post","status-publish","format-standard","has-post-thumbnail","hentry","category-biyografi","tag-biyografi","tag-ramazan-kardas-kimdir","tag-yemekteyiz-ramazan-evli-mi","tag-yemekteyiz-ramazan-kac-yasinda","tag-zuhal-topalla-yemekteyiz"],"_links":{"self":[{"href":"https:\/\/www.tgrthaber.com\/mavikadin\/wp-json\/wp\/v2\/posts\/295338"}],"collection":[{"href":"https:\/\/www.tgrthaber.com\/mavikadin\/wp-json\/wp\/v2\/posts"}],"about":[{"href":"https:\/\/www.tgrthaber.com\/mavikadin\/wp-json\/wp\/v2\/types\/post"}],"author":[{"embeddable":true,"href":"https:\/\/www.tgrthaber.com\/mavikadin\/wp-json\/wp\/v2\/users\/35"}],"replies":[{"embeddable":true,"href":"https:\/\/www.tgrthaber.com\/mavikadin\/wp-json\/wp\/v2\/comments?post=295338"}],"version-history":[{"count":1,"href":"https:\/\/www.tgrthaber.com\/mavikadin\/wp-json\/wp\/v2\/posts\/295338\/revisions"}],"predecessor-version":[{"id":295349,"href":"https:\/\/www.tgrthaber.com\/mavikadin\/wp-json\/wp\/v2\/posts\/295338\/revisions\/295349"}],"wp:featuredmedia":[{"embeddable":true,"href":"https:\/\/www.tgrthaber.com\/mavikadin\/wp-json\/wp\/v2\/media\/295348"}],"wp:attachment":[{"href":"https:\/\/www.tgrthaber.com\/mavikadin\/wp-json\/wp\/v2\/media?parent=295338"}],"wp:term":[{"taxonomy":"category","embeddable":true,"href":"https:\/\/www.tgrthaber.com\/mavikadin\/wp-json\/wp\/v2\/categories?post=295338"},{"taxonomy":"post_tag","embeddable":true,"href":"https:\/\/www.tgrthaber.com\/mavikadin\/wp-json\/wp\/v2\/tags?post=295338"}],"curies":[{"name":"wp","href":"https:\/\/api.w.org\/{rel}","templated":true}]}}