{"id":295339,"date":"2026-01-26T20:20:27","date_gmt":"2026-01-26T17:20:27","guid":{"rendered":"https:\/\/www.tgrthaber.com\/mavikadin\/?p=295339"},"modified":"2026-01-26T20:20:28","modified_gmt":"2026-01-26T17:20:28","slug":"survivor-bayhan-ilk-kez-anlatti-ic-acitan-ask-itirafiyla-sosyal-medyada-gundem-oldu","status":"publish","type":"post","link":"https:\/\/www.tgrthaber.com\/mavikadin\/survivor-bayhan-ilk-kez-anlatti-ic-acitan-ask-itirafiyla-sosyal-medyada-gundem-oldu\/","title":{"rendered":"Survivor Bayhan ilk kez anlatt\u0131! \u0130\u00e7 ac\u0131tan a\u015fk itiraf\u0131yla sosyal medyada g\u00fcndem oldu"},"content":{"rendered":"<p>TV8&#8217;in sevilen program\u0131 olan <a href=\"https:\/\/www.tgrthaber.com\/mavikadin\/25-ocak-survivor-cezasi-yine-rtuk-engeline-takildi-once-sasirtan-sonra-kacirtan-hamam-bocegi-cezasi-tuyler-urpertti\/\">Survivor<\/a> 2026&#8217;ya ad\u0131n\u0131 ilk yazd\u0131ran isim olan \u015fark\u0131c\u0131 Bayhan, ilk olarak Popstar T\u00fcrkiye&#8217;de seslendirdi\u011fi par\u00e7aya katt\u0131\u011f\u0131 s\u0131ra d\u0131\u015f\u0131 yorumu ve kendine has tarz\u0131 ile ismini geni\u015f bir kitleye duyurmu\u015ftu. \u0130lk \u00fcn\u00fcn\u00fc burada kazanmas\u0131n\u0131n yan\u0131 s\u0131ra kat\u0131ld\u0131\u011f\u0131 Survivor&#8217;da hayran kitlesini iki kat\u0131na \u00e7\u0131karan Bayhan, parkurlarda g\u00f6sterdi\u011fi ba\u015far\u0131l\u0131 performans\u0131, a\u00e7\u0131klamalar\u0131 ve davran\u0131\u015flar\u0131yla g\u00fcndemden ismini d\u00fc\u015f\u00fcrm\u00fcyor.<\/p>\n<p>Magazin d\u00fcnyas\u0131nda en \u00e7ok konu\u015fulan isimlerden biri olan Bayhan, bu defa da a\u015fk itiraf\u0131 ile patlak verdi. \u00d6zel hayat\u0131na dair ilk kez itirafta bulunan \u015fark\u0131c\u0131 <a href=\"https:\/\/www.tgrthaber.com\/mavikadin\/survivor-serhan-onat-bayhana-karsi-ipleri-kopardi-serhan-onattan-bayhana-net-mesaj\/\">Bayhan<\/a>&#8216;\u0131n o s\u00f6zleri sevenlerinin y\u00fcreklerini burktu.<\/p>\n<h3>SURV\u0130VOR BAYHAN \u0130LK KEZ ANLATTI! Y\u00dcREK BURKAN A\u015eK \u0130T\u0130RAFI<\/h3>\n<p>Survivor 2026&#8217;n\u0131n k\u0131rm\u0131z\u0131lar tak\u0131m\u0131nda m\u00fccadele eden iddial\u0131 yar\u0131\u015fmac\u0131 Bayhan, oynad\u0131\u011f\u0131 oyunlardaki ba\u015far\u0131l\u0131 performans\u0131 ve olay a\u00e7\u0131klamalar\u0131 ile g\u00fcndemde kendini d\u00fc\u015f\u00fcrm\u00fcyor.<\/p>\n<p><img loading=\"lazy\" decoding=\"async\" class=\"wp-image-292835 size-full\" src=\"https:\/\/www.tgrthaber.com\/mavikadin\/wp-content\/uploads\/2026\/01\/Deniz-Seki-Bayhan-1.jpg\" alt=\"\u201cHapse giren adamdan sanat\u00e7\u0131 olmaz\u201d demi\u015fti! Deniz Seki\u2019den Bayhan\u2019a d\u00fcet \u00e7a\u011fr\u0131s\u0131\" width=\"1208\" height=\"680\" title=\"\" srcset=\"https:\/\/www.tgrthaber.com\/mavikadin\/wp-content\/uploads\/2026\/01\/Deniz-Seki-Bayhan-1.jpg 1208w, https:\/\/www.tgrthaber.com\/mavikadin\/wp-content\/uploads\/2026\/01\/Deniz-Seki-Bayhan-1-300x169.jpg 300w, https:\/\/www.tgrthaber.com\/mavikadin\/wp-content\/uploads\/2026\/01\/Deniz-Seki-Bayhan-1-1024x576.jpg 1024w, https:\/\/www.tgrthaber.com\/mavikadin\/wp-content\/uploads\/2026\/01\/Deniz-Seki-Bayhan-1-768x432.jpg 768w\" sizes=\"(max-width: 1208px) 100vw, 1208px\" \/><\/p>\n<hr \/>\n<p>Genellikle yar\u0131\u015fma i\u00e7erisindeki ki\u015fi ve performanslara y\u00f6nelik de\u011ferlendirmelerde bulunan Bayhan ilk kez a\u015fk itiraf\u0131nda bulundu. A\u015fk hayat\u0131na dair pek de i\u00e7 a\u00e7\u0131c\u0131 a\u00e7\u0131klamalarda bulunmayan Bayhan, kulland\u0131\u011f\u0131 o s\u00f6zlerle fanlar\u0131n\u0131 derin bir kedere soktu.<\/p>\n<h3>SURV\u0130VOR YARI\u015eMACISI BAYHAN: HAYATIMDA \u00dc\u00c7 KEZ A\u015eIK OLDUM! \u00dc\u00c7\u00dcNDE DE&#8230;<\/h3>\n<p>Survivor \u00fcnl\u00fcler tak\u0131m\u0131 yar\u0131\u015fmac\u0131s\u0131 Bayhan,<strong> &#8216;Hayat\u0131mda \u00fc\u00e7 kez a\u015f\u0131k oldum. \u00dc\u00e7\u00fc de platonikti. \u00dc\u00e7\u00fcnde de \u2018seni seviyorum\u2019 bile diyemedim.\u201d<\/strong> itiraf\u0131nda bulunarak yo\u011fun bir fan kitlesinin oldu\u011fu hayranlar\u0131n\u0131 \u00fczd\u00fc.<\/p>\n<p><img loading=\"lazy\" decoding=\"async\" class=\"alignnone wp-image-291866 size-full\" src=\"https:\/\/www.tgrthaber.com\/mavikadin\/wp-content\/uploads\/2026\/01\/Survivor-2026da-Bayhandan-sabah-sporu-yapan-yarismacilara-verdigi-tepki-O-anlar-gundem-oldu.jpg\" alt=\"\" width=\"1208\" height=\"680\" title=\"\" srcset=\"https:\/\/www.tgrthaber.com\/mavikadin\/wp-content\/uploads\/2026\/01\/Survivor-2026da-Bayhandan-sabah-sporu-yapan-yarismacilara-verdigi-tepki-O-anlar-gundem-oldu.jpg 1208w, https:\/\/www.tgrthaber.com\/mavikadin\/wp-content\/uploads\/2026\/01\/Survivor-2026da-Bayhandan-sabah-sporu-yapan-yarismacilara-verdigi-tepki-O-anlar-gundem-oldu-300x169.jpg 300w, https:\/\/www.tgrthaber.com\/mavikadin\/wp-content\/uploads\/2026\/01\/Survivor-2026da-Bayhandan-sabah-sporu-yapan-yarismacilara-verdigi-tepki-O-anlar-gundem-oldu-1024x576.jpg 1024w, https:\/\/www.tgrthaber.com\/mavikadin\/wp-content\/uploads\/2026\/01\/Survivor-2026da-Bayhandan-sabah-sporu-yapan-yarismacilara-verdigi-tepki-O-anlar-gundem-oldu-768x432.jpg 768w\" sizes=\"(max-width: 1208px) 100vw, 1208px\" \/><\/p>\n<hr \/>\n<h3>SURV\u0130VOR BAYHAN KISACA K\u0130MD\u0130R?<\/h3>\n<p>14 Mart 1980 tarihinde Adana&#8217;da d\u00fcnyaya gelen \u015fark\u0131c\u0131 ve oyuncu Bayhan G\u00fcrhan, ismini ilk olarak 2003 y\u0131l\u0131nda yay\u0131nlanan Popstar T\u00fcrkiye&#8217;deki performans\u0131yla duyurmu\u015ftur.<\/p>\n<p><img loading=\"lazy\" decoding=\"async\" class=\"alignnone wp-image-295353\" src=\"https:\/\/www.tgrthaber.com\/mavikadin\/wp-content\/uploads\/2026\/01\/bayhandan-ask-itirafi.png\" alt=\"bayhandan a\u015fk itiraf\u0131\" width=\"1208\" height=\"672\" title=\"\" srcset=\"https:\/\/www.tgrthaber.com\/mavikadin\/wp-content\/uploads\/2026\/01\/bayhandan-ask-itirafi.png 647w, https:\/\/www.tgrthaber.com\/mavikadin\/wp-content\/uploads\/2026\/01\/bayhandan-ask-itirafi-300x167.png 300w\" sizes=\"(max-width: 1208px) 100vw, 1208px\" \/><\/p>\n<hr \/>\n<p>2021 senesinde \u00e7\u0131karm\u0131\u015f oldu\u011fu Akustik alb\u00fcm\u00fcnde, ilk etapta minik ser\u00e7e lakab\u0131yla an\u0131lan Sezen Aksu&#8217;nun <strong>&#8220;\u0130stanbul \u0130stanbul Olal\u0131&#8221;, &#8220;Eller G\u00fcnahk\u00e2r&#8221; ve &#8220;Firuze&#8221;<\/strong> gibi eserlerini tekrardan yorum katm\u0131\u015ft\u0131r.<\/p>\n<p>Yine ayn\u0131 sene i\u00e7inde rap\u00e7i Zen-G ile<strong> &#8220;\u0130STANBUL&#8221;<\/strong> isimli par\u00e7ada d\u00fcette bulunarak karma m\u00fczik t\u00fcrlerini tek bir noktada toplam\u0131\u015ft\u0131r.<\/p>\n<p>&nbsp;<\/p>\n","protected":false},"excerpt":{"rendered":"<p>Survivor&#8217;un 2026 sezonunda yar\u0131\u015fan Bayhan G\u00fcrhan, ilk kez yapt\u0131\u011f\u0131 a\u015fk itiraf\u0131yla sosyal medyay\u0131 sallad\u0131. A\u015fktan yana y\u00fcz\u00fc g\u00fclmeyen Bayhan&#8217;\u0131n o s\u00f6zleri hayranlar\u0131n\u0131 \u00fczd\u00fc.<\/p>\n","protected":false},"author":27,"featured_media":295351,"comment_status":"closed","ping_status":"closed","sticky":false,"template":"","format":"standard","meta":{"rank_math_lock_modified_date":false,"footnotes":""},"categories":[76],"tags":[913,70169,71498,133,2366,70647],"class_list":["post-295339","post","type-post","status-publish","format-standard","has-post-thumbnail","hentry","category-magazin","tag-bayhan","tag-bayhan-evli-mi","tag-bayhandan-ask-itirafi","tag-magazin","tag-survivor","tag-survivor-bayhan"],"_links":{"self":[{"href":"https:\/\/www.tgrthaber.com\/mavikadin\/wp-json\/wp\/v2\/posts\/295339"}],"collection":[{"href":"https:\/\/www.tgrthaber.com\/mavikadin\/wp-json\/wp\/v2\/posts"}],"about":[{"href":"https:\/\/www.tgrthaber.com\/mavikadin\/wp-json\/wp\/v2\/types\/post"}],"author":[{"embeddable":true,"href":"https:\/\/www.tgrthaber.com\/mavikadin\/wp-json\/wp\/v2\/users\/27"}],"replies":[{"embeddable":true,"href":"https:\/\/www.tgrthaber.com\/mavikadin\/wp-json\/wp\/v2\/comments?post=295339"}],"version-history":[{"count":1,"href":"https:\/\/www.tgrthaber.com\/mavikadin\/wp-json\/wp\/v2\/posts\/295339\/revisions"}],"predecessor-version":[{"id":295354,"href":"https:\/\/www.tgrthaber.com\/mavikadin\/wp-json\/wp\/v2\/posts\/295339\/revisions\/295354"}],"wp:featuredmedia":[{"embeddable":true,"href":"https:\/\/www.tgrthaber.com\/mavikadin\/wp-json\/wp\/v2\/media\/295351"}],"wp:attachment":[{"href":"https:\/\/www.tgrthaber.com\/mavikadin\/wp-json\/wp\/v2\/media?parent=295339"}],"wp:term":[{"taxonomy":"category","embeddable":true,"href":"https:\/\/www.tgrthaber.com\/mavikadin\/wp-json\/wp\/v2\/categories?post=295339"},{"taxonomy":"post_tag","embeddable":true,"href":"https:\/\/www.tgrthaber.com\/mavikadin\/wp-json\/wp\/v2\/tags?post=295339"}],"curies":[{"name":"wp","href":"https:\/\/api.w.org\/{rel}","templated":true}]}}