{"id":295352,"date":"2026-01-26T21:18:33","date_gmt":"2026-01-26T18:18:33","guid":{"rendered":"https:\/\/www.tgrthaber.com\/mavikadin\/?p=295352"},"modified":"2026-01-26T21:18:33","modified_gmt":"2026-01-26T18:18:33","slug":"cem-adriandan-ayni-yagmur-altinda-dizisine-supriz-muzik-imzasi-ilk-kez-jenerik-besteledi","status":"publish","type":"post","link":"https:\/\/www.tgrthaber.com\/mavikadin\/cem-adriandan-ayni-yagmur-altinda-dizisine-supriz-muzik-imzasi-ilk-kez-jenerik-besteledi\/","title":{"rendered":"Cem Adrian&#8217;dan Ayn\u0131 Ya\u011fmur Alt\u0131nda dizisine s\u00fcpriz m\u00fczik imzas\u0131! \u0130lk kez jenerik besteledi"},"content":{"rendered":"<p>Duygusal \u015fark\u0131lar\u0131 ve kendine has sesiyle milyonlar\u0131n sevgisini kazanan <a href=\"https:\/\/www.tgrthaber.com\/mavikadin\/cem-adrian-yeni-sarkisini-ahmet-minguzziye-adadi-siyah-goz-boyasi-dikkat-cekti\/\">Cem Adrian<\/a>, Ayn\u0131 Ya\u011fmur Alt\u0131nda dizisiyle ilk jenerik bestesini haz\u0131rlad\u0131. Yeni sezonda izleyicisiyle bulu\u015facak olan Ayn\u0131 Ya\u011fmur Alt\u0131nda dizisinin m\u00fczikleri i\u00e7in Adrian&#8217;la el s\u0131k\u0131\u015f\u0131ld\u0131. Sanat\u00e7\u0131 bu s\u00fcrpriz m\u00fcz\u015fk imzas\u0131yla sadece m\u00fczik yapmayacak, ayn\u0131 zamanda kariyerinde ilk defa bir dizinin jenerik m\u00fczi\u011finde imzas\u0131 bulunacak. Detaylar haberimizde&#8230;<\/p>\n<h3>CEM ADR\u0130AN&#8217;DAN AYNI YA\u011eMUR ALTINDA D\u0130Z\u0130S\u0130NE S\u00dcRPR\u0130Z M\u00dcZ\u0130K \u0130MZASI<\/h3>\n<p>Yeni sezonda ATV ekranlar\u0131na damga vurmaya haz\u0131rlanan Ayn\u0131 Ya\u011fmur Alt\u0131nda dizisi daha yay\u0131nlanmadan m\u00fczikleriyle g\u00fcndeme geldi. Dizi i\u00e7in haz\u0131rlanan m\u00fczikler, Ayn\u0131 Ya\u011fmur Alt\u0131nda hikayesini do\u011frudan izleyicisine aktarmay\u0131 hedefliyor.<\/p>\n<p><img loading=\"lazy\" decoding=\"async\" class=\"alignnone wp-image-295365 size-full\" src=\"https:\/\/www.tgrthaber.com\/mavikadin\/wp-content\/uploads\/2026\/01\/Cem-Adrian.webp\" alt=\"\" width=\"1280\" height=\"720\" title=\"\" srcset=\"https:\/\/www.tgrthaber.com\/mavikadin\/wp-content\/uploads\/2026\/01\/Cem-Adrian.webp 1280w, https:\/\/www.tgrthaber.com\/mavikadin\/wp-content\/uploads\/2026\/01\/Cem-Adrian-300x169.webp 300w, https:\/\/www.tgrthaber.com\/mavikadin\/wp-content\/uploads\/2026\/01\/Cem-Adrian-1024x576.webp 1024w, https:\/\/www.tgrthaber.com\/mavikadin\/wp-content\/uploads\/2026\/01\/Cem-Adrian-768x432.webp 768w\" sizes=\"(max-width: 1280px) 100vw, 1280px\" \/><\/p>\n<hr \/>\n<p><a href=\"https:\/\/www.tgrthaber.com\/mavikadin\/dilan-citak-cem-adrianin-kul-sarkisini-parcaladi-hayranlari-sen-sarkiyi-soyleme-yorumlari-yapti\/\">Cem Adrian<\/a>&#8216;\u0131n imzas\u0131n\u0131 ta\u015f\u0131yan jenerik m\u00fczikler, hikayedeki a\u015fk, kader ve kay\u0131p duygular\u0131n\u0131 daha ilk notalardan itibaren dizi izleyicisine yans\u0131tabilmek i\u00e7in \u00f6zel olarak haz\u0131rland\u0131.<\/p>\n<p><img loading=\"lazy\" decoding=\"async\" class=\"alignnone wp-image-295366 size-full\" src=\"https:\/\/www.tgrthaber.com\/mavikadin\/wp-content\/uploads\/2026\/01\/cemmm11.webp\" alt=\"\" width=\"1280\" height=\"720\" title=\"\" srcset=\"https:\/\/www.tgrthaber.com\/mavikadin\/wp-content\/uploads\/2026\/01\/cemmm11.webp 1280w, https:\/\/www.tgrthaber.com\/mavikadin\/wp-content\/uploads\/2026\/01\/cemmm11-300x169.webp 300w, https:\/\/www.tgrthaber.com\/mavikadin\/wp-content\/uploads\/2026\/01\/cemmm11-1024x576.webp 1024w, https:\/\/www.tgrthaber.com\/mavikadin\/wp-content\/uploads\/2026\/01\/cemmm11-768x432.webp 768w\" sizes=\"(max-width: 1280px) 100vw, 1280px\" \/><\/p>\n<hr \/>\n<h3>CEM ADR\u0130AN&#8217;DAN \u0130LK JENER\u0130K BESTES\u0130<\/h3>\n<p>Yazd\u0131\u011f\u0131 besteler ve g\u00fc\u00e7l\u00fc yorumuyla milyonlar\u0131n be\u011fenisini kazanan Cem Adrian, bug\u00fcne kadar bir\u00e7ok projede hem sesiyle hem de kendi yazd\u0131\u011f\u0131 \u015fark\u0131larla b\u00fcy\u00fck ses getirdi. \u00d6zg\u00fcn m\u00fczik \u00fcretmesiyle bilinen Cem Adrian, \u015fimdi ilk kez bir dizinin jenerik m\u00fczi\u011finde yer alacak. Adrian&#8217;\u0131n g\u00fc\u00e7l\u00fc yorumu ve karakteristik tarz\u0131n\u0131n diziye nas\u0131l bir etki g\u00f6sterece\u011fi ise \u015fimdiden merak konusu.<\/p>\n<p><img loading=\"lazy\" decoding=\"async\" class=\"alignnone wp-image-295369 size-full\" src=\"https:\/\/www.tgrthaber.com\/mavikadin\/wp-content\/uploads\/2026\/01\/475406.jpg\" alt=\"\" width=\"1280\" height=\"640\" title=\"\" srcset=\"https:\/\/www.tgrthaber.com\/mavikadin\/wp-content\/uploads\/2026\/01\/475406.jpg 1280w, https:\/\/www.tgrthaber.com\/mavikadin\/wp-content\/uploads\/2026\/01\/475406-300x150.jpg 300w, https:\/\/www.tgrthaber.com\/mavikadin\/wp-content\/uploads\/2026\/01\/475406-1024x512.jpg 1024w, https:\/\/www.tgrthaber.com\/mavikadin\/wp-content\/uploads\/2026\/01\/475406-768x384.jpg 768w\" sizes=\"(max-width: 1280px) 100vw, 1280px\" \/><\/p>\n<hr \/>\n<p>Bununla birlikte sadece jenerik m\u00fczikle yetinmeyen Cem Adrian&#8217;dan bir s\u00fcrpriz hamle daha ger\u00e7ekle\u015fti. Cem Adrian, dizide \u00f6enmli g\u00f6r\u00fclen sahnelerden biri i\u00e7in de \u00f6zel bir beste haz\u0131rlad\u0131. Ancak bu \u00e7al\u0131\u015fma hen\u00fcz payla\u015f\u0131lmad\u0131. Bu bestenin, <a href=\"https:\/\/www.tgrthaber.com\/mavikadin\/ayni-yagmur-altinda-dizisi-kizilcik-serbeti-ve-tasacak-bu-deniz-dizilerine-benzetildi-seyirciden-tepkiler-pes-pese-geldi\/\">Ayn\u0131 Ya\u011fmur Alt\u0131nda<\/a> dizisinin yay\u0131ndan \u00f6nce gelecek \u00f6zel bir tan\u0131t\u0131mla izleyicisiyle bulu\u015faca\u011f\u0131 d\u00fc\u015f\u00fcn\u00fcl\u00fcyor.<\/p>\n<p><img loading=\"lazy\" decoding=\"async\" class=\"alignnone wp-image-295367 size-full\" src=\"https:\/\/www.tgrthaber.com\/mavikadin\/wp-content\/uploads\/2026\/01\/16751607-44d9-479d-b352-d090a93dfe72.webp\" alt=\"\" width=\"1280\" height=\"720\" title=\"\" srcset=\"https:\/\/www.tgrthaber.com\/mavikadin\/wp-content\/uploads\/2026\/01\/16751607-44d9-479d-b352-d090a93dfe72.webp 1280w, https:\/\/www.tgrthaber.com\/mavikadin\/wp-content\/uploads\/2026\/01\/16751607-44d9-479d-b352-d090a93dfe72-300x169.webp 300w, https:\/\/www.tgrthaber.com\/mavikadin\/wp-content\/uploads\/2026\/01\/16751607-44d9-479d-b352-d090a93dfe72-1024x576.webp 1024w, https:\/\/www.tgrthaber.com\/mavikadin\/wp-content\/uploads\/2026\/01\/16751607-44d9-479d-b352-d090a93dfe72-768x432.webp 768w\" sizes=\"(max-width: 1280px) 100vw, 1280px\" \/><\/p>\n<hr \/>\n<h3>AYNI YA\u011eMUR ALTINDA D\u0130Z\u0130S\u0130 NEY\u0130 ANLATIYOR?<\/h3>\n<p>Merakla beklenen Ay\u0131 Ya\u011fmur Alt\u0131nda dizisi, insan haklar\u0131na \u00f6enm veren ve hayat\u0131n\u0131 buna adam\u0131\u015f olan Rosa&#8217;n\u0131n Londra&#8217;da kat\u0131ld\u0131\u011f\u0131 bir protestoyla hayat\u0131n\u0131n nas\u0131l de\u011fi\u015fti\u011fini anlat\u0131yor.<\/p>\n<p><img loading=\"lazy\" decoding=\"async\" class=\"alignnone wp-image-295364 \" src=\"https:\/\/www.tgrthaber.com\/mavikadin\/wp-content\/uploads\/2026\/01\/400x225-ayni-yagmur-altinda-1766515968458.jpg\" alt=\"\" width=\"1179\" height=\"663\" title=\"\" srcset=\"https:\/\/www.tgrthaber.com\/mavikadin\/wp-content\/uploads\/2026\/01\/400x225-ayni-yagmur-altinda-1766515968458.jpg 400w, https:\/\/www.tgrthaber.com\/mavikadin\/wp-content\/uploads\/2026\/01\/400x225-ayni-yagmur-altinda-1766515968458-300x169.jpg 300w\" sizes=\"(max-width: 1179px) 100vw, 1179px\" \/><\/p>\n<hr \/>\n<p>Rosa, bu protestoda Ali ile tan\u0131\u015f\u0131yor. Rosa ve Ali&#8217;nin yollar\u0131 \u0130stanbul&#8217;da ise yeniden kesi\u015fiyor. K\u0131sa bir s\u00fcre sonra a\u015fka d\u00f6n\u00fc\u015fen bu ili\u015fkiyi ise zor zamanlar bekler. ATV i\u00e7in haz\u0131rlanan Ayn\u0131 Ya\u011fmur Alt\u0131nda dizisi a\u015fk\u0131, kaderi ve ge\u00e7mi\u015fteki yaralar\u0131 hikayesinin merkezine alacak.<\/p>\n<p><img loading=\"lazy\" decoding=\"async\" class=\"alignnone wp-image-295368 \" src=\"https:\/\/www.tgrthaber.com\/mavikadin\/wp-content\/uploads\/2026\/01\/1766035000896.jpg\" alt=\"\" width=\"1196\" height=\"672\" title=\"\" srcset=\"https:\/\/www.tgrthaber.com\/mavikadin\/wp-content\/uploads\/2026\/01\/1766035000896.jpg 700w, https:\/\/www.tgrthaber.com\/mavikadin\/wp-content\/uploads\/2026\/01\/1766035000896-300x168.jpg 300w\" sizes=\"(max-width: 1196px) 100vw, 1196px\" \/><\/p>\n<hr \/>\n<h3>AYNI YA\u011eMUR ALTINDA D\u0130Z\u0130S\u0130 OYUNCULARI K\u0130MLER?<\/h3>\n<p>Ayn\u0131 Ya\u011fmur Alt\u0131nda dizisi hem hikayesi hem oyuncu kadrosuyla \u015fimdiden konu\u015fulmaya ba\u015fland\u0131. Ayn\u0131 Ya\u011fmur Alt\u0131nda dizisi kadrosunda H\u00fclya Av\u015far, Burak Tozkoparan, Nilsu Berfin Akta\u015f, Fikret Ku\u015fkan, Taro Emir Tekin, Bahar \u015eahin, Deniz U\u011fur, Erkan Can, Levent \u00dclgen, Sarp Bozkurt, T\u00fcrk\u00fc Turan, Mine \u00c7ay\u0131ro\u011flu ve Birand Tunca gibi dev isimler bulunuyor.<\/p>\n","protected":false},"excerpt":{"rendered":"<p>Cem Adrian yeni sezonda ekranlara damga vurmaya haz\u0131rlanan Ayn\u0131 Ya\u011fmur Alt\u0131nda dizisi i\u00e7in \u00f6zel beste haz\u0131rlad\u0131. Cem Adrian kariyerinde ilk defa bir dizinin jenerik m\u00fczi\u011fini bestelemesiyle dikkat \u00e7eken bir hamle ger\u00e7ekle\u015ftirdi. \u0130\u015fte detaylar&#8230;<\/p>\n","protected":false},"author":35,"featured_media":295358,"comment_status":"closed","ping_status":"closed","sticky":false,"template":"","format":"standard","meta":{"rank_math_lock_modified_date":false,"footnotes":""},"categories":[602],"tags":[68374,68915,9782,71502,3602],"class_list":["post-295352","post","type-post","status-publish","format-standard","has-post-thumbnail","hentry","category-diziler","tag-ayni-yagmur-altinda","tag-ayni-yagmur-altinda-konusu","tag-cem-adrian","tag-cem-adrian-ilk-jenerik-calismasi","tag-diziler"],"_links":{"self":[{"href":"https:\/\/www.tgrthaber.com\/mavikadin\/wp-json\/wp\/v2\/posts\/295352"}],"collection":[{"href":"https:\/\/www.tgrthaber.com\/mavikadin\/wp-json\/wp\/v2\/posts"}],"about":[{"href":"https:\/\/www.tgrthaber.com\/mavikadin\/wp-json\/wp\/v2\/types\/post"}],"author":[{"embeddable":true,"href":"https:\/\/www.tgrthaber.com\/mavikadin\/wp-json\/wp\/v2\/users\/35"}],"replies":[{"embeddable":true,"href":"https:\/\/www.tgrthaber.com\/mavikadin\/wp-json\/wp\/v2\/comments?post=295352"}],"version-history":[{"count":2,"href":"https:\/\/www.tgrthaber.com\/mavikadin\/wp-json\/wp\/v2\/posts\/295352\/revisions"}],"predecessor-version":[{"id":295371,"href":"https:\/\/www.tgrthaber.com\/mavikadin\/wp-json\/wp\/v2\/posts\/295352\/revisions\/295371"}],"wp:featuredmedia":[{"embeddable":true,"href":"https:\/\/www.tgrthaber.com\/mavikadin\/wp-json\/wp\/v2\/media\/295358"}],"wp:attachment":[{"href":"https:\/\/www.tgrthaber.com\/mavikadin\/wp-json\/wp\/v2\/media?parent=295352"}],"wp:term":[{"taxonomy":"category","embeddable":true,"href":"https:\/\/www.tgrthaber.com\/mavikadin\/wp-json\/wp\/v2\/categories?post=295352"},{"taxonomy":"post_tag","embeddable":true,"href":"https:\/\/www.tgrthaber.com\/mavikadin\/wp-json\/wp\/v2\/tags?post=295352"}],"curies":[{"name":"wp","href":"https:\/\/api.w.org\/{rel}","templated":true}]}}