{"id":295356,"date":"2026-01-26T21:02:07","date_gmt":"2026-01-26T18:02:07","guid":{"rendered":"https:\/\/www.tgrthaber.com\/mavikadin\/?p=295356"},"modified":"2026-01-26T21:06:24","modified_gmt":"2026-01-26T18:06:24","slug":"ozan-yigit-ayni-yagmurun-altinda-dizisine-dahil-oluyor-belizin-eski-nisanlisini-oynayacak","status":"publish","type":"post","link":"https:\/\/www.tgrthaber.com\/mavikadin\/ozan-yigit-ayni-yagmurun-altinda-dizisine-dahil-oluyor-belizin-eski-nisanlisini-oynayacak\/","title":{"rendered":"Ozan Yi\u011fit, Ayn\u0131 Ya\u011fmurun Alt\u0131nda dizisine dahil oldu! Beliz&#8217;in eski ni\u015fanl\u0131s\u0131n\u0131 oynayacak"},"content":{"rendered":"<p>Ge\u00e7ti\u011fimiz hafta 3. tan\u0131t\u0131m b\u00f6l\u00fcm\u00fc yay\u0131nlanan &#8216;<a href=\"https:\/\/www.tgrthaber.com\/mavikadin\/ayni-yagmur-altinda-dizisi-kizilcik-serbeti-ve-tasacak-bu-deniz-dizilerine-benzetildi-seyirciden-tepkiler-pes-pese-geldi\/\">Ayn\u0131 Ya\u011fmur Alt\u0131nda<\/a>&#8216; dizisi s\u00fcr\u00fckleyici hikayesi ve ba\u015far\u0131l\u0131 oyuncular\u0131yla izleyiciler taraf\u0131ndan merakla bekleniyor. ATV&#8217;nin iddial\u0131 dizilerinden biri olaca\u011fa benzeyen <a href=\"https:\/\/www.tgrthaber.com\/mavikadin\/ayni-yagmur-altinda-dizisinin-yayin-tarihi-belli-oldu-mu-ayni-yagmur-altinda-hangi-gun-yayinlanacak\/\">&#8216;Ayn\u0131 Ya\u011fmur Alt\u0131nda<\/a>&#8216; Rosa ile Ali&#8217;nin Londra&#8217;da ba\u015flayan a\u015fk hikayesinin \u0130stanbul&#8217;da devam etmesi ele al\u0131n\u0131yor.<\/p>\n<p>Baba Yap\u0131m imzas\u0131n\u0131 ta\u015f\u0131yan, y\u00f6netmen koltu\u011funda ise Ali Balc\u0131&#8217;n\u0131n yer ald\u0131\u011f\u0131 dizinin senaryosu Hasan Burak Kayac\u0131, Kemal \u00c7elik ve Hakan Kandal&#8217;\u0131n ellerinde olacak.<\/p>\n<p>Ekranlar\u0131n ba\u015far\u0131l\u0131 isimlerinin bir arada topland\u0131\u011f\u0131 ve bir\u00e7o\u011funa bakt\u0131\u011f\u0131m\u0131zda ise oyunculuk performans\u0131 izleyici taraf\u0131ndan y\u00fcksek tutulan &#8216;Ayn\u0131 Ya\u011fmur Alt\u0131nda&#8217; dizisi oyuncu kadrosunu geni\u015fletmeye devam ediyor. Peki, &#8216;Ayn\u0131 Ya\u011fmur Alt\u0131nda&#8217; dizisinin oyuncular\u0131 kimler? Oyuncu kadrosunda yeni dahil olan isim kim? \u0130\u015fte ayr\u0131nt\u0131lar&#8230;<\/p>\n<h3>OYUNCU OZAN Y\u0130\u011e\u0130T BEL\u0130Z\u2019\u0130N ESK\u0130 N\u0130\u015eANLISI OLARAK EKRANA \u00c7IKACAK!<\/h3>\n<p>ATV&#8217;de yay\u0131nlanmas\u0131 merakla beklenen &#8216;Ayn\u0131 Ya\u011fmur Alt\u0131nda&#8217; dizisinde; Beliz karakterinini eski ni\u015fanl\u0131s\u0131 olarak &#8216;Serta\u00e7&#8217; rol\u00fc ile ekrana \u00e7\u0131kacak olan ismin oyuncu Ozan Yi\u011fit oldu\u011fu \u00f6\u011frenildi.<\/p>\n<p><img loading=\"lazy\" decoding=\"async\" class=\"wp-image-295357\" src=\"https:\/\/www.tgrthaber.com\/mavikadin\/wp-content\/uploads\/2026\/01\/ozan-yigit-ayni-yagmur-altinda-dizisine-dahil-oluyor.png\" alt=\"ozan yi\u011fit ayn\u0131 ya\u011fmur alt\u0131nda dizisine dahil oluyor\" width=\"1208\" height=\"677\" title=\"\" srcset=\"https:\/\/www.tgrthaber.com\/mavikadin\/wp-content\/uploads\/2026\/01\/ozan-yigit-ayni-yagmur-altinda-dizisine-dahil-oluyor.png 651w, https:\/\/www.tgrthaber.com\/mavikadin\/wp-content\/uploads\/2026\/01\/ozan-yigit-ayni-yagmur-altinda-dizisine-dahil-oluyor-300x168.png 300w\" sizes=\"(max-width: 1208px) 100vw, 1208px\" \/><\/p>\n<hr \/>\n<p>G\u00fczel oyuncu Bahar \u015eahin\u2019in ekranlara ta\u015f\u0131yaca\u011f\u0131 Beliz\u2019in eski ni\u015fanl\u0131s\u0131 olarak izleyici kar\u015f\u0131s\u0131na \u00e7\u0131kacak olan oyuncu Yi\u011fit&#8217;in \u201cAyn\u0131 Ya\u011fmur Alt\u0131nda\u201d dizisinde en az 4 b\u00f6l\u00fcm rol alaca\u011f\u0131 \u00f6ne s\u00fcr\u00fcl\u00fcyor.<\/p>\n<h3>&#8216;AYNI YA\u011eMUR ALTINDA&#8217; D\u0130Z\u0130S\u0130N\u0130N D\u0130\u011eER OYUNCULARI K\u0130MLER?<\/h3>\n<p>Yak\u0131n zamanda ATV ekranlar\u0131nda izleyicisiyle bulu\u015fmaya haz\u0131rlanan &#8216;Ayn\u0131 Ya\u011fmur Alt\u0131nda&#8217; dizisi g\u00fc\u00e7l\u00fc oyuncu kadrosu ile dikkatleri \u00fczerine \u00e7ekiyor.<\/p>\n<p><img loading=\"lazy\" decoding=\"async\" class=\"wp-image-285814 size-full\" src=\"https:\/\/www.tgrthaber.com\/mavikadin\/wp-content\/uploads\/2026\/01\/Ayni-Yagmur-Altinda-10.jpg\" alt=\"Ayn\u0131 Ya\u011fmurun Alt\u0131nda dizisi K\u0131z\u0131lc\u0131k \u015eerbeti ve Ta\u015facak Bu Deniz dizilerine benzetildi! Seyirciden tepkiler pe\u015f pe\u015fe geldi\" width=\"1208\" height=\"680\" title=\"\" srcset=\"https:\/\/www.tgrthaber.com\/mavikadin\/wp-content\/uploads\/2026\/01\/Ayni-Yagmur-Altinda-10.jpg 1208w, https:\/\/www.tgrthaber.com\/mavikadin\/wp-content\/uploads\/2026\/01\/Ayni-Yagmur-Altinda-10-300x169.jpg 300w, https:\/\/www.tgrthaber.com\/mavikadin\/wp-content\/uploads\/2026\/01\/Ayni-Yagmur-Altinda-10-1024x576.jpg 1024w, https:\/\/www.tgrthaber.com\/mavikadin\/wp-content\/uploads\/2026\/01\/Ayni-Yagmur-Altinda-10-768x432.jpg 768w\" sizes=\"(max-width: 1208px) 100vw, 1208px\" \/><\/p>\n<hr \/>\n<p>ATV&#8217;nin iddial\u0131 dizisi &#8216;Ayn\u0131 Ya\u011fmur Alt\u0131nda&#8217; da oyuncu Deniz U\u011fur, H\u00fclya Av\u015far, Fikret Ku\u015fkan, Taha Baran \u00d6zbek, Levent \u00dclgen, Lara Aslan, Sarp Bozkurt, Erkan Can, Mine \u00c7ay\u0131ro\u011flu, T\u00fcrk\u00fc Turan, Selin I\u015f\u0131k, Eda \u015e\u00f6lenci gibi isimler yer al\u0131yor.<\/p>\n","protected":false},"excerpt":{"rendered":"<p>Ba\u015frollerini Nilsu Berfin Akta\u015f ile Burak Tozkoparan&#8217;\u0131n payla\u015ft\u0131\u011f\u0131 &#8216;Ayn\u0131 Ya\u011fmurun Alt\u0131nda&#8217; dizisinin oyuncu kadrosuna bir yeni isim daha eklendi. Dizide Serta\u00e7 rol\u00fcn\u00fc \u00fcstlenerek Beliz&#8217;in eski ni\u015fanl\u0131s\u0131 olacak olan ismin oyuncu Ozan Yi\u011fit oldu\u011fu \u00f6\u011frenildi.<\/p>\n","protected":false},"author":27,"featured_media":295359,"comment_status":"closed","ping_status":"closed","sticky":false,"template":"","format":"standard","meta":{"rank_math_lock_modified_date":false,"footnotes":""},"categories":[602],"tags":[68921,71499,2628,133,71500,71501],"class_list":["post-295356","post","type-post","status-publish","format-standard","has-post-thumbnail","hentry","category-diziler","tag-ayni-yagmur-altinda-dizisi","tag-ayni-yagmur-altinda-dizisi-oyunculari","tag-dizi-haberleri","tag-magazin","tag-ozan-yigit","tag-ozan-yigitin-oynadigi-diziler"],"_links":{"self":[{"href":"https:\/\/www.tgrthaber.com\/mavikadin\/wp-json\/wp\/v2\/posts\/295356"}],"collection":[{"href":"https:\/\/www.tgrthaber.com\/mavikadin\/wp-json\/wp\/v2\/posts"}],"about":[{"href":"https:\/\/www.tgrthaber.com\/mavikadin\/wp-json\/wp\/v2\/types\/post"}],"author":[{"embeddable":true,"href":"https:\/\/www.tgrthaber.com\/mavikadin\/wp-json\/wp\/v2\/users\/27"}],"replies":[{"embeddable":true,"href":"https:\/\/www.tgrthaber.com\/mavikadin\/wp-json\/wp\/v2\/comments?post=295356"}],"version-history":[{"count":3,"href":"https:\/\/www.tgrthaber.com\/mavikadin\/wp-json\/wp\/v2\/posts\/295356\/revisions"}],"predecessor-version":[{"id":295362,"href":"https:\/\/www.tgrthaber.com\/mavikadin\/wp-json\/wp\/v2\/posts\/295356\/revisions\/295362"}],"wp:featuredmedia":[{"embeddable":true,"href":"https:\/\/www.tgrthaber.com\/mavikadin\/wp-json\/wp\/v2\/media\/295359"}],"wp:attachment":[{"href":"https:\/\/www.tgrthaber.com\/mavikadin\/wp-json\/wp\/v2\/media?parent=295356"}],"wp:term":[{"taxonomy":"category","embeddable":true,"href":"https:\/\/www.tgrthaber.com\/mavikadin\/wp-json\/wp\/v2\/categories?post=295356"},{"taxonomy":"post_tag","embeddable":true,"href":"https:\/\/www.tgrthaber.com\/mavikadin\/wp-json\/wp\/v2\/tags?post=295356"}],"curies":[{"name":"wp","href":"https:\/\/api.w.org\/{rel}","templated":true}]}}