{"id":295406,"date":"2026-01-27T00:38:03","date_gmt":"2026-01-26T21:38:03","guid":{"rendered":"https:\/\/www.tgrthaber.com\/mavikadin\/?p=295406"},"modified":"2026-01-27T00:38:31","modified_gmt":"2026-01-26T21:38:31","slug":"survivor-2026-nefise-karatay-sevgilisi-kim-estetikli-haliyle-gundem-olan-nefise-karatayin-ozel-hayati-merak-edildi","status":"publish","type":"post","link":"https:\/\/www.tgrthaber.com\/mavikadin\/survivor-2026-nefise-karatay-sevgilisi-kim-estetikli-haliyle-gundem-olan-nefise-karatayin-ozel-hayati-merak-edildi\/","title":{"rendered":"Survivor 2026 Nefise Karatay&#8217;\u0131n sevgilisi kim? Estetikli haliyle g\u00fcndem olan Nefise Karatay&#8217;\u0131n \u00f6zel hayat\u0131 merak edildi"},"content":{"rendered":"<p><a href=\"https:\/\/www.tgrthaber.com\/mavikadin\/26-ocak-survivor-2026-odul-oyununu-hangi-takim-kazandi-cuval-dolusu-sogan-dograma-cezasi-kime-gitti\/\">Survivor<\/a> 2023 \u015fampiyonu olan ve \u015fimdilerde ise yeniden sar\u0131 tak\u0131m yar\u0131\u015fmac\u0131s\u0131 olarak ekranlara geri d\u00f6nen Nefise Karatay, gerek parkurlarda sergilemi\u015f oldu\u011fu \u00fcst\u00fcn performans\u0131yla gerek de \u00f6zel hayat\u0131yla g\u00fcndemden ismini d\u00fc\u015f\u00fcrm\u00fcyor.<\/p>\n<p>En son ise yapt\u0131rd\u0131\u011f\u0131 estetik i\u015flemleri nedeniyle farkl\u0131 bir g\u00f6r\u00fcn\u00fcm elde eden ve bu de\u011fi\u015fimi izleyiciler taraf\u0131ndan be\u011fenilmeyen Nefise Karatay&#8217;\u0131n a\u015fk hayat\u0131 en \u00e7ok merak edilenler aras\u0131nda geliyor. Peki, <a href=\"https:\/\/www.tgrthaber.com\/mavikadin\/survivor-2026-sari-takim-kalici-mi-all-star-takimi-ne-zamana-kadar-yarisacak\/\">Survivor<\/a> 2026&#8217;da sar\u0131 (all star) tak\u0131m\u0131nda yar\u0131\u015fan Nefise Karatay&#8217;\u0131n sevgilisi var m\u0131?<\/p>\n<h3>SURV\u0130VOR NEF\u0130SE KARATAY&#8217;IN SEVG\u0130L\u0130S\u0130 VAR MI, VARSA K\u0130M?<\/h3>\n<p>Survivor All Star 2024&#8217;te yar\u0131\u015fmay\u0131 ikincilik ile bitirerek ak\u0131llarda kalan 49 ya\u015f\u0131ndaki Nefise Karatay&#8217;\u0131n \u015fuan i\u00e7erisinde bir sevgilisi oldu\u011fu net bir \u015fekilde bilinmiyor. \u00d6zel hayat\u0131 ile ilgili aktif payla\u015f\u0131mlarda bulundu\u011fu sosyal medya hesab\u0131nda \u00fcnl\u00fc ismin, ilan-\u0131 a\u015fk etti\u011fi biri g\u00f6r\u00fclm\u00fcyor.<\/p>\n<p><img loading=\"lazy\" decoding=\"async\" class=\"wp-image-295408\" src=\"https:\/\/www.tgrthaber.com\/mavikadin\/wp-content\/uploads\/2026\/01\/survivor-nefise-karatayin-sevgilisi-kim-Estetikli-hali-begenilmeyen-Nefise-karatayin-sevgilisi.png\" alt=\"survivor nefise karatay\u0131n sevgilisi kim, Estetikli hali be\u011fenilmeyen Nefise karatay\u0131n sevgilisi\" width=\"1208\" height=\"678\" title=\"\" srcset=\"https:\/\/www.tgrthaber.com\/mavikadin\/wp-content\/uploads\/2026\/01\/survivor-nefise-karatayin-sevgilisi-kim-Estetikli-hali-begenilmeyen-Nefise-karatayin-sevgilisi.png 645w, https:\/\/www.tgrthaber.com\/mavikadin\/wp-content\/uploads\/2026\/01\/survivor-nefise-karatayin-sevgilisi-kim-Estetikli-hali-begenilmeyen-Nefise-karatayin-sevgilisi-300x168.png 300w\" sizes=\"(max-width: 1208px) 100vw, 1208px\" \/><\/p>\n<hr \/>\n<p>Y\u00fcksek takip\u00e7i say\u0131s\u0131n\u0131n bulundu\u011fu Instagram hesab\u0131nda Nefise Karatay, daha \u00e7ok kendi foto\u011fraflar\u0131n\u0131n ve Survivor karelerinin oldu\u011fu g\u00f6r\u00fcl\u00fcyor.<\/p>\n<p><img loading=\"lazy\" decoding=\"async\" class=\"wp-image-294909 size-full\" src=\"https:\/\/www.tgrthaber.com\/mavikadin\/wp-content\/uploads\/2026\/01\/Nefise-Karatay-10.jpg\" alt=\"Survivor 2026 yar\u0131\u015fmac\u0131s\u0131 Nefise Karatay\u2019\u0131n de\u011fi\u015fimi tepkilere neden oldu! Y\u00fcz\u00fc bamba\u015fka biri\" width=\"1208\" height=\"680\" title=\"\" srcset=\"https:\/\/www.tgrthaber.com\/mavikadin\/wp-content\/uploads\/2026\/01\/Nefise-Karatay-10.jpg 1208w, https:\/\/www.tgrthaber.com\/mavikadin\/wp-content\/uploads\/2026\/01\/Nefise-Karatay-10-300x169.jpg 300w, https:\/\/www.tgrthaber.com\/mavikadin\/wp-content\/uploads\/2026\/01\/Nefise-Karatay-10-1024x576.jpg 1024w, https:\/\/www.tgrthaber.com\/mavikadin\/wp-content\/uploads\/2026\/01\/Nefise-Karatay-10-768x432.jpg 768w\" sizes=\"(max-width: 1208px) 100vw, 1208px\" \/><\/p>\n<hr \/>\n<p>Ayr\u0131ca Karatay&#8217;\u0131n sosyal medya \u00fczerinden kendisine gelen bir soruya <strong>&#8216;Ablac\u0131m ili\u015fkin var m\u0131?&#8217;<\/strong> sorusuna<strong> &#8216;Ben ili\u015fki yapm\u0131yorum. \u0130li\u015fkinin beni etkileyece\u011fini d\u00fc\u015f\u00fcn\u00fcyorum. Hem yar\u0131\u015fmada olsun hem g\u00fcnl\u00fck ya\u015famda olsun. Zaten stresli bir insan\u0131m. Daha fazla strese de gerek yok. Kalbimiz bo\u015f&#8221;<\/strong> \u015feklinde cevap vererek kalbinin kapal\u0131 oldu\u011funu bildirmi\u015fti.<\/p>\n<h3>NEF\u0130SE KARATAY&#8217;DAN \u0130LAN-I A\u015eK POZU GELM\u0130\u015eT\u0130!<\/h3>\n<p>Survivor All star 2024 sezonunda yar\u0131\u015fan Nefise Karatay, Yunan yar\u0131\u015fmac\u0131larla yap\u0131lan oyunlar\u0131n ard\u0131ndan Fanis Boletsis&#8217;e a\u015fk\u0131n\u0131 ilan etmi\u015fti ve hakk\u0131nda \u015fu \u015fekilde bir konu\u015fma yapm\u0131\u015ft\u0131:<\/p>\n<p><img loading=\"lazy\" decoding=\"async\" class=\"alignnone wp-image-295410\" src=\"https:\/\/www.tgrthaber.com\/mavikadin\/wp-content\/uploads\/2026\/01\/ds.png\" alt=\"\" width=\"1208\" height=\"678\" title=\"\" srcset=\"https:\/\/www.tgrthaber.com\/mavikadin\/wp-content\/uploads\/2026\/01\/ds.png 647w, https:\/\/www.tgrthaber.com\/mavikadin\/wp-content\/uploads\/2026\/01\/ds-300x168.png 300w\" sizes=\"(max-width: 1208px) 100vw, 1208px\" \/><\/p>\n<hr \/>\n<p><strong>Allah&#8217;\u0131m a\u015fk\u0131m, yani o \u00e7ocu\u011fa \u00f6ld\u00fcm, o coollu\u011fu, d\u00fc\u015f\u00fck omuzlar, erkeksi hareketler, beni kendine \u00e7ok \u00e7ekiyor inan\u0131lmaz \u00e7ok yak\u0131\u015f\u0131kl\u0131. Bay\u0131ld\u0131m \u00e7ocu\u011fa, karizmas\u0131 beni bitiriyor. Fanis&#8217;in yeri ayr\u0131 umar\u0131m \u015fampiyon olur. S\u00fcrekli mavi tak\u0131mda olmak ve Fanis&#8217;le temasta olmak istiyorum.<\/strong><\/p>\n<h3>NEF\u0130SE KARATAY&#8217;IN B\u0130R D\u00d6NEM SEVG\u0130L\u0130 OLDU\u011eU VEYSEL DAM\u0130R K\u0130MD\u0130R?<\/h3>\n<p>Roma tatilinde \u00e7ekilmi\u015f oldu\u011fu pozlar\u0131 an ve an sosyal medya hesab\u0131ndan takip\u00e7ilerine aktaran Nefise Karatay&#8217;\u0131n yapt\u0131\u011f\u0131 bir payla\u015f\u0131m sevgilisini ele vermi\u015fti. Karatay&#8217;a gelen yorumlar aras\u0131nda kalp emojisi dikkatlerden ka\u00e7mam\u0131\u015ft\u0131.<\/p>\n<p><img loading=\"lazy\" decoding=\"async\" class=\"alignnone wp-image-295407 size-full\" src=\"https:\/\/www.tgrthaber.com\/mavikadin\/wp-content\/uploads\/2026\/01\/fgfgfg.png\" alt=\"\" width=\"920\" height=\"362\" title=\"\" srcset=\"https:\/\/www.tgrthaber.com\/mavikadin\/wp-content\/uploads\/2026\/01\/fgfgfg.png 920w, https:\/\/www.tgrthaber.com\/mavikadin\/wp-content\/uploads\/2026\/01\/fgfgfg-300x118.png 300w, https:\/\/www.tgrthaber.com\/mavikadin\/wp-content\/uploads\/2026\/01\/fgfgfg-768x302.png 768w\" sizes=\"(max-width: 920px) 100vw, 920px\" \/><\/p>\n<hr \/>\n<p><strong>\u00a0&#8216;A\u015fk&#8217;<\/strong> notunun d\u00fc\u015f\u00fcld\u00fc\u011f\u00fc k\u0131rm\u0131z\u0131 kalpli yorumda Karatay&#8217;\u0131n de <strong>&#8216;Minnoks&#8217;<\/strong> olarak cevap vermesi sevgilisinin Veysel Damir oldu\u011funu a\u00e7\u0131\u011fa \u00e7\u0131karm\u0131\u015ft\u0131. Peki, Veysel Damir kim?<\/p>\n<p>Bir d\u00f6nem beraber olduklar\u0131 bilinen Veysel Damir ile Nefise Karatay ikilisinde Karatay&#8217;\u0131n bu gizemli sevgilisi merak konusu oldu. Damir\u2019in ya\u015f\u0131na dair net bir bilgi olmasa da sosyal medyada yay\u0131nlanan karelerde 20&#8217;li ya\u015flar\u0131n sonu ya da 30&#8217;lu ya\u015flar\u0131n ba\u015f\u0131nda oldu\u011fu d\u00fc\u015f\u00fcn\u00fcl\u00fcyor.<\/p>\n<p><img loading=\"lazy\" decoding=\"async\" class=\"alignnone wp-image-295411\" src=\"https:\/\/www.tgrthaber.com\/mavikadin\/wp-content\/uploads\/2026\/01\/fs-2.png\" alt=\"\" width=\"1208\" height=\"669\" title=\"\" srcset=\"https:\/\/www.tgrthaber.com\/mavikadin\/wp-content\/uploads\/2026\/01\/fs-2.png 646w, https:\/\/www.tgrthaber.com\/mavikadin\/wp-content\/uploads\/2026\/01\/fs-2-300x166.png 300w\" sizes=\"(max-width: 1208px) 100vw, 1208px\" \/><\/p>\n<hr \/>\n<p>Kaynaklarda ge\u00e7en baz\u0131 ibarelere g\u00f6re; Damir\u2019in tan\u0131nm\u0131\u015f i\u015f insanlar\u0131ndan oldu\u011fu ancak kendisini medya g\u00f6r\u00fcn\u00fcrl\u00fc\u011f\u00fcnden uzak tuttu\u011fu iddia ediliyor.<\/p>\n","protected":false},"excerpt":{"rendered":"<p>Survivor 2026&#8217;da sar\u0131 tak\u0131mda kendini g\u00f6steren yar\u0131\u015fmac\u0131 Nefise Karatay&#8217;\u0131n estetikli hali magazin d\u00fcnyas\u0131nda en \u00e7ok konu\u015fulanlar aras\u0131nda olmu\u015ftu. Estetikli hali be\u011fenilmeyen Survivor yar\u0131\u015fmac\u0131s\u0131 Nefise Karatay&#8217;\u0131n en az g\u00f6r\u00fcn\u00fcm\u00fc kadar \u00f6zel hayat\u0131 da merak konusu oldu. Peki Survivor Nefise Karatay&#8217;\u0131n sevgilisi var m\u0131?<\/p>\n","protected":false},"author":27,"featured_media":295409,"comment_status":"closed","ping_status":"closed","sticky":false,"template":"","format":"standard","meta":{"rank_math_lock_modified_date":false,"footnotes":""},"categories":[491],"tags":[133,4151,71510,2366,71400,71509],"class_list":["post-295406","post","type-post","status-publish","format-standard","has-post-thumbnail","hentry","category-biyografi","tag-magazin","tag-nefise-karatay","tag-nefise-karatayin-sevgilisi-kim","tag-survivor","tag-survivor-nefise-karatay","tag-veysel-damir-kimdir"],"_links":{"self":[{"href":"https:\/\/www.tgrthaber.com\/mavikadin\/wp-json\/wp\/v2\/posts\/295406"}],"collection":[{"href":"https:\/\/www.tgrthaber.com\/mavikadin\/wp-json\/wp\/v2\/posts"}],"about":[{"href":"https:\/\/www.tgrthaber.com\/mavikadin\/wp-json\/wp\/v2\/types\/post"}],"author":[{"embeddable":true,"href":"https:\/\/www.tgrthaber.com\/mavikadin\/wp-json\/wp\/v2\/users\/27"}],"replies":[{"embeddable":true,"href":"https:\/\/www.tgrthaber.com\/mavikadin\/wp-json\/wp\/v2\/comments?post=295406"}],"version-history":[{"count":3,"href":"https:\/\/www.tgrthaber.com\/mavikadin\/wp-json\/wp\/v2\/posts\/295406\/revisions"}],"predecessor-version":[{"id":295414,"href":"https:\/\/www.tgrthaber.com\/mavikadin\/wp-json\/wp\/v2\/posts\/295406\/revisions\/295414"}],"wp:featuredmedia":[{"embeddable":true,"href":"https:\/\/www.tgrthaber.com\/mavikadin\/wp-json\/wp\/v2\/media\/295409"}],"wp:attachment":[{"href":"https:\/\/www.tgrthaber.com\/mavikadin\/wp-json\/wp\/v2\/media?parent=295406"}],"wp:term":[{"taxonomy":"category","embeddable":true,"href":"https:\/\/www.tgrthaber.com\/mavikadin\/wp-json\/wp\/v2\/categories?post=295406"},{"taxonomy":"post_tag","embeddable":true,"href":"https:\/\/www.tgrthaber.com\/mavikadin\/wp-json\/wp\/v2\/tags?post=295406"}],"curies":[{"name":"wp","href":"https:\/\/api.w.org\/{rel}","templated":true}]}}