{"id":295415,"date":"2026-01-27T01:18:32","date_gmt":"2026-01-26T22:18:32","guid":{"rendered":"https:\/\/www.tgrthaber.com\/mavikadin\/?p=295415"},"modified":"2026-01-27T01:19:21","modified_gmt":"2026-01-26T22:19:21","slug":"muge-anli-ve-trumpin-kizi-oldugunu-iddia-eden-necla-ozmen-kavga-etti-canli-yayinda-anlatti","status":"publish","type":"post","link":"https:\/\/www.tgrthaber.com\/mavikadin\/muge-anli-ve-trumpin-kizi-oldugunu-iddia-eden-necla-ozmen-kavga-etti-canli-yayinda-anlatti\/","title":{"rendered":"M\u00fcge Anl\u0131 ve Trump&#8217;\u0131n k\u0131z\u0131 oldu\u011funu iddia eden Necla \u00d6zmen kavga etti! Canl\u0131 yay\u0131nda anlatt\u0131"},"content":{"rendered":"<p>Ekranlarda g\u00fcnd\u00fcz ku\u015fa\u011f\u0131 programlar\u0131 aras\u0131nda en \u00e7ok izlenen ve takip edilen programlardan biri olan <a href=\"https:\/\/www.tgrthaber.com\/mavikadin\/bugun-muge-anli-var-mi-muge-anli-ile-tatli-sert-programi-bitti-mi\/\">&#8216;M\u00fcge Anl\u0131 ile Tatl\u0131 Sert&#8217;<\/a> haftai\u00e7i her g\u00fcn izleyicisiyle bulu\u015fuyor. Toplamda 18 sezondur ATV ekranlar\u0131nda \u00e7aresizlerin sesine \u00e7are olarak, i\u015fin i\u00e7inden \u00e7\u0131k\u0131lamaz olan gizemli olaylar\u0131n a\u00e7\u0131\u011fa kavu\u015fmas\u0131n\u0131 sa\u011flayan program, izleyiciler taraf\u0131ndan b\u00fcy\u00fck bir ilgi ile s\u0131k\u0131 takip alt\u0131nda tutuluyor.<\/p>\n<p>Yo\u011fun bir izleyici kitlesinin oldu\u011fu <strong>&#8216;<a href=\"https:\/\/www.tgrthaber.com\/mavikadin\/muge-anli-yeni-sezon-ne-zaman-basliyor-muge-anli-ile-tatli-sert-programi-yayin-tarihi-belli-oldu\/\">M\u00fcge Anl\u0131 ile Tatl\u0131 Sert<\/a>&#8216;<\/strong> program\u0131n\u0131n 26 Ocak tarihindeki yay\u0131nlanan b\u00f6l\u00fcm\u00fcnde verilen bir kesit sosyal medyada g\u00fcndem oldu.<\/p>\n<h3>TRUMP&#8217;IN KIZI OLDU\u011eUNU \u0130DD\u0130A EDEN NECLA \u00d6ZMEN, \u015e\u0130MD\u0130 DE M\u00dcGE ANLI&#8217;YA SATA\u015eTI!<\/h3>\n<p>M\u00fcge Anl\u0131 ile Tatl\u0131 Sert program\u0131n\u0131n sunuculu\u011funu yapan M\u00fcge Anl\u0131, bu sabah ki yay\u0131n\u0131nda kendisini Trump&#8217;\u0131n k\u0131z\u0131 oldu\u011funu iddia eden Necla \u00d6zmen ile ya\u015fanan bir olaydan bahsetti.<\/p>\n<p><img loading=\"lazy\" decoding=\"async\" class=\"alignnone wp-image-295416\" src=\"https:\/\/www.tgrthaber.com\/mavikadin\/wp-content\/uploads\/2026\/01\/ffsss.png\" alt=\"\" width=\"1208\" height=\"669\" title=\"\" srcset=\"https:\/\/www.tgrthaber.com\/mavikadin\/wp-content\/uploads\/2026\/01\/ffsss.png 652w, https:\/\/www.tgrthaber.com\/mavikadin\/wp-content\/uploads\/2026\/01\/ffsss-300x166.png 300w\" sizes=\"(max-width: 1208px) 100vw, 1208px\" \/><\/p>\n<hr \/>\n<p>Konu\u015fma s\u0131ras\u0131nda konu Necla \u00d6zmen&#8217;e gelmi\u015f iken sunucu M\u00fcge Anl\u0131, programda \u015fu ifadeleri kulland\u0131:<\/p>\n<p>&#8220;Trump&#8217;\u0131n k\u0131z\u0131y\u0131m diyor birisi, herkes istedi\u011fini s\u00f6yl\u00fcyor memlekette. Bu arada Trump&#8217;\u0131n k\u0131z\u0131yla ilgili bahsetmi\u015ftim ya, yay\u0131n\u0131 aram\u0131\u015f. Ben yalanc\u0131 de\u011filim diye ba\u011f\u0131r\u0131yormu\u015f. Tamam han\u0131mefendi siz Trump&#8217;\u0131n k\u0131z\u0131 olun. Ben onu hani g\u00fcndemde diye s\u00f6yledim. Yapt\u0131r\u0131rs\u0131n\u0131z bir DNA testi \u00e7\u0131kart\u0131rs\u0131n\u0131z ortaya. Ben onu farz\u0131mahal s\u00f6ylemi\u015ftim.<\/p>\n<p><img loading=\"lazy\" decoding=\"async\" class=\"alignnone wp-image-295417\" src=\"https:\/\/www.tgrthaber.com\/mavikadin\/wp-content\/uploads\/2026\/01\/f-2.png\" alt=\"\" width=\"1208\" height=\"681\" title=\"\" srcset=\"https:\/\/www.tgrthaber.com\/mavikadin\/wp-content\/uploads\/2026\/01\/f-2.png 642w, https:\/\/www.tgrthaber.com\/mavikadin\/wp-content\/uploads\/2026\/01\/f-2-300x169.png 300w\" sizes=\"(max-width: 1208px) 100vw, 1208px\" \/><\/p>\n<hr \/>\n<p>Ben o konuyu da bilmiyorum. Nereden bulmu\u015f onun annesi Trump&#8217;\u0131&#8221; M\u00fcge Anl\u0131&#8217;n\u0131n bu ifadeleri sonras\u0131nda Necla \u00d6zmen&#8217;in bu durunu sosyal medyada tekrardan g\u00fcndeme geldi.<\/p>\n","protected":false},"excerpt":{"rendered":"<p>G\u00fcnd\u00fcz ku\u015fa\u011f\u0131 programlar\u0131n\u0131n reyting rekortmeni &#8216;M\u00fcge Anl\u0131 ile Tatl\u0131 Sert&#8217; program\u0131 sunucusu M\u00fcge Anl\u0131, Trump&#8217;\u0131n k\u0131z\u0131 oldu\u011fu iddia edilen Necla \u00d6zmen ile olan diyalo\u011fundan bahsetti.<\/p>\n","protected":false},"author":27,"featured_media":283604,"comment_status":"closed","ping_status":"closed","sticky":false,"template":"","format":"standard","meta":{"rank_math_lock_modified_date":false,"footnotes":""},"categories":[76],"tags":[71512,133,2453,71511,71513],"class_list":["post-295415","post","type-post","status-publish","format-standard","has-post-thumbnail","hentry","category-magazin","tag-donalt-trump","tag-magazin","tag-muge-anli","tag-necla-ozmen","tag-trumpin-kizi-necla-ozmen"],"_links":{"self":[{"href":"https:\/\/www.tgrthaber.com\/mavikadin\/wp-json\/wp\/v2\/posts\/295415"}],"collection":[{"href":"https:\/\/www.tgrthaber.com\/mavikadin\/wp-json\/wp\/v2\/posts"}],"about":[{"href":"https:\/\/www.tgrthaber.com\/mavikadin\/wp-json\/wp\/v2\/types\/post"}],"author":[{"embeddable":true,"href":"https:\/\/www.tgrthaber.com\/mavikadin\/wp-json\/wp\/v2\/users\/27"}],"replies":[{"embeddable":true,"href":"https:\/\/www.tgrthaber.com\/mavikadin\/wp-json\/wp\/v2\/comments?post=295415"}],"version-history":[{"count":3,"href":"https:\/\/www.tgrthaber.com\/mavikadin\/wp-json\/wp\/v2\/posts\/295415\/revisions"}],"predecessor-version":[{"id":295420,"href":"https:\/\/www.tgrthaber.com\/mavikadin\/wp-json\/wp\/v2\/posts\/295415\/revisions\/295420"}],"wp:featuredmedia":[{"embeddable":true,"href":"https:\/\/www.tgrthaber.com\/mavikadin\/wp-json\/wp\/v2\/media\/283604"}],"wp:attachment":[{"href":"https:\/\/www.tgrthaber.com\/mavikadin\/wp-json\/wp\/v2\/media?parent=295415"}],"wp:term":[{"taxonomy":"category","embeddable":true,"href":"https:\/\/www.tgrthaber.com\/mavikadin\/wp-json\/wp\/v2\/categories?post=295415"},{"taxonomy":"post_tag","embeddable":true,"href":"https:\/\/www.tgrthaber.com\/mavikadin\/wp-json\/wp\/v2\/tags?post=295415"}],"curies":[{"name":"wp","href":"https:\/\/api.w.org\/{rel}","templated":true}]}}