{"id":295421,"date":"2026-01-27T02:01:43","date_gmt":"2026-01-26T23:01:43","guid":{"rendered":"https:\/\/www.tgrthaber.com\/mavikadin\/?p=295421"},"modified":"2026-01-27T02:01:44","modified_gmt":"2026-01-26T23:01:44","slug":"survivor-murat-arkin-ile-mert-nobrenin-yucca-arayisi-o-anlar-survivora-damga-vurdu","status":"publish","type":"post","link":"https:\/\/www.tgrthaber.com\/mavikadin\/survivor-murat-arkin-ile-mert-nobrenin-yucca-arayisi-o-anlar-survivora-damga-vurdu\/","title":{"rendered":"Survivor Murat Ark\u0131n ile Mert Nobre&#8217;nin yucca aray\u0131\u015f\u0131! O anlar Survivor&#8217;a damga vurdu"},"content":{"rendered":"<p>TV8&#8217;in severek takip edilen yar\u0131\u015fma programlar\u0131ndan olan <a href=\"https:\/\/www.tgrthaber.com\/mavikadin\/survivor-2026-nefise-karatay-sevgilisi-kim-estetikli-haliyle-gundem-olan-nefise-karatayin-ozel-hayati-merak-edildi\/\">Survivor<\/a> 2026&#8217;da adreanalin ve heyecan dolu anlar h\u0131z kesmeden devam ediyor. 20. y\u0131la \u00f6zel olarak programda format de\u011fi\u015fikli\u011fine giden Acun Il\u0131cal\u0131, ge\u00e7ti\u011fimiz g\u00fcnlerde yar\u0131\u015fa k\u0131rm\u0131z\u0131 ve mavi tak\u0131m d\u0131\u015f\u0131nda bir de sar\u0131lar\u0131 dahil etmi\u015fti.<\/p>\n<p>Farkl\u0131 bir deneyimin ilk kez vuku buldu\u011fu <a href=\"https:\/\/www.tgrthaber.com\/mavikadin\/26-ocak-survivor-2026-odul-oyununu-hangi-takim-kazandi-cuval-dolusu-sogan-dograma-cezasi-kime-gitti\/\">Survivor&#8217;da<\/a> yar\u0131\u015fmac\u0131lar, zorlu ge\u00e7en parkur oyunlar\u0131nda rakiplerini yenebilmek i\u00e7in di\u015fini t\u0131rna\u011f\u0131na takarak yar\u0131\u015f\u0131yor.<\/p>\n<h3>YUCA&#8217;YI BULAN KIRMIZI TAKIM HAVALARA U\u00c7TU!<\/h3>\n<p>Ekranlar\u0131n ilgi ile takip edilen program\u0131 olan Survivor&#8217;un 26 Ocak tarihindeki yay\u0131nlanan b\u00f6l\u00fcm\u00fcnde Mert Nobre ile Murat Ark\u0131n&#8217;\u0131n <strong>&#8216;Yuca&#8217;<\/strong> aray\u0131\u015f\u0131 sosyal medyan\u0131n g\u00fcndemine oturdu. \u0130\u015fte yar\u0131\u015fmac\u0131 Murat Ark\u0131n ile Mert Nobre&#8217;nin yuca ser\u00fcveni&#8230;<\/p>\n<div style=\"width: 640px;\" class=\"wp-video\"><!--[if lt IE 9]><script>document.createElement('video');<\/script><![endif]-->\n<video class=\"wp-video-shortcode\" id=\"video-295421-1\" width=\"640\" height=\"360\" preload=\"metadata\" controls=\"controls\"><source type=\"video\/mp4\" src=\"https:\/\/www.tgrthaber.com\/mavikadin\/wp-content\/uploads\/2026\/01\/Yine-Ganimet-Mert-ve-Murat-Yucca-Buldu-_-Survivor-2026-4.Hafta-3.Bolum_.mp4?_=1\" \/><a href=\"https:\/\/www.tgrthaber.com\/mavikadin\/wp-content\/uploads\/2026\/01\/Yine-Ganimet-Mert-ve-Murat-Yucca-Buldu-_-Survivor-2026-4.Hafta-3.Bolum_.mp4\">https:\/\/www.tgrthaber.com\/mavikadin\/wp-content\/uploads\/2026\/01\/Yine-Ganimet-Mert-ve-Murat-Yucca-Buldu-_-Survivor-2026-4.Hafta-3.Bolum_.mp4<\/a><\/video><\/div>\n<h3>26 OCAK SURV\u0130VOR \u00d6D\u00dcL OYUNUNU HANG\u0130 TAKIM KAZANDI?<\/h3>\n<p>Yar\u0131\u015f\u0131n ilk etab\u0131nda kazanan tak\u0131m t\u0131pk\u0131 ge\u00e7ti\u011fimiz g\u00fcnk\u00fc \u00f6d\u00fcl oyununda oldu\u011fu gibi bug\u00fcn de sar\u0131 tak\u0131m oldu.<\/p>\n<p><img loading=\"lazy\" decoding=\"async\" class=\"wp-image-295424\" src=\"https:\/\/www.tgrthaber.com\/mavikadin\/wp-content\/uploads\/2026\/01\/gggg.jpg\" alt=\"\" width=\"1208\" height=\"805\" title=\"\" srcset=\"https:\/\/www.tgrthaber.com\/mavikadin\/wp-content\/uploads\/2026\/01\/gggg.jpg 612w, https:\/\/www.tgrthaber.com\/mavikadin\/wp-content\/uploads\/2026\/01\/gggg-300x200.jpg 300w\" sizes=\"(max-width: 1208px) 100vw, 1208px\" \/><\/p>\n<hr \/>\n<p>\u00d6d\u00fcl olarak ise sar\u0131 tak\u0131m yani All Starlar <strong>sosisli sandvi\u00e7<\/strong> kazand\u0131.<\/p>\n<h3>26 OCAK \u00d6D\u00dcL OYUNUNU KAYBEDEREK SO\u011eAN CEZASINI ALAN TAKIM K\u0130M ALDI?<\/h3>\n<p>26 Ocak Survivor&#8217;da \u00f6d\u00fcl oyununu kaybeden mavi tak\u0131m so\u011fan do\u011frama cezas\u0131na \u00e7arpt\u0131r\u0131ld\u0131.<\/p>\n<p><img loading=\"lazy\" decoding=\"async\" class=\"alignnone wp-image-295279 size-full\" src=\"https:\/\/www.tgrthaber.com\/mavikadin\/wp-content\/uploads\/2026\/01\/ARZU-24-3.jpg\" alt=\"Survivor 2026\u2019da G\u00f6n\u00fcll\u00fcler tak\u0131m\u0131 Dominik halk\u0131n\u0131n \u00e7ama\u015f\u0131rlar\u0131n\u0131 y\u0131kad\u0131! G\u00f6r\u00fcnt\u00fcler sosyal medyada g\u00fcndem oldu!\" width=\"1208\" height=\"680\" title=\"\" srcset=\"https:\/\/www.tgrthaber.com\/mavikadin\/wp-content\/uploads\/2026\/01\/ARZU-24-3.jpg 1208w, https:\/\/www.tgrthaber.com\/mavikadin\/wp-content\/uploads\/2026\/01\/ARZU-24-3-300x169.jpg 300w, https:\/\/www.tgrthaber.com\/mavikadin\/wp-content\/uploads\/2026\/01\/ARZU-24-3-1024x576.jpg 1024w, https:\/\/www.tgrthaber.com\/mavikadin\/wp-content\/uploads\/2026\/01\/ARZU-24-3-768x432.jpg 768w\" sizes=\"(max-width: 1208px) 100vw, 1208px\" \/><\/p>\n<hr \/>\n<p>K\u0131r\u0131m\u0131z\u0131 tak\u0131m olan \u00fcnl\u00fcler ise ne \u00f6d\u00fcl\u00fc alabildi ne de cezaya \u00e7arpt\u0131r\u0131ld\u0131.<\/p>\n<h3>2026 SURV\u0130VOR \u00dcNL\u00dcLER-G\u00d6N\u00dcLL\u00dcLER- ALL STARLAR TAKIMINDA K\u0130MLER VAR?<\/h3>\n<p><em><strong>\u00dcnl\u00fcler tak\u0131m\u0131 kadrosu:<\/strong><\/em><\/p>\n<p>-Mert Nobre<br \/>\n-Meryem Boz<br \/>\n-Bayhan G\u00fcrhan<br \/>\n-Deniz \u00c7atalba\u015f<br \/>\n-Murat Ark\u0131n<br \/>\n-Seren Ay \u00c7etin<br \/>\n-Serhan Onat<\/p>\n<p><em><strong>\u00dcnl\u00fcler tak\u0131m\u0131n\u0131n yedekleri:<\/strong><\/em><\/p>\n<p>-Can Berkay Ertemiz<br \/>\n-Seda Albayrak<\/p>\n<p><em><strong>G\u00f6n\u00fcll\u00fcler tak\u0131m\u0131 kadrosu:<\/strong><\/em><\/p>\n<p>-Ramazan Sar\u0131<br \/>\n-Beyza Gemici<br \/>\n-Engincan Tura<br \/>\n-Eren Semerci<br \/>\n-G\u00f6zde Bozkurt<br \/>\n-Lina Hourieh<br \/>\n-Nisanur G\u00fcler<br \/>\n-Onur Alp \u00c7am<\/p>\n<p><em><strong>Sar\u0131 tak\u0131m kadrosu:\u00a0<\/strong><\/em><\/p>\n<p>-Nagihan Karadere<br \/>\n-Bar\u0131\u015f Murat Ya\u011fc\u0131<br \/>\n-Sercan Y\u0131ld\u0131r\u0131m<br \/>\n-Tu\u011f\u00e7e Melis Demir<br \/>\n-B\u00fc\u015fra Yal\u00e7\u0131n<br \/>\n-Osman Can<br \/>\n-Nefise Karatay<br \/>\n-Do\u011fu\u015f<\/p>\n","protected":false},"excerpt":{"rendered":"<p>26 Ocak Survivor b\u00f6l\u00fcm\u00fcnde pilav\u0131n yan\u0131na kat\u0131k i\u00e7in &#8216;yuca&#8217; aray\u0131\u015f\u0131na \u00e7\u0131kan Murat Ark\u0131n ile Mert Nobre&#8217;nin o anlar\u0131 sosyal medyan\u0131n g\u00fcndemine oturdu. \u0130\u015fte \u00fcnl\u00fc ikilinin Yuca maceras\u0131&#8230;<\/p>\n","protected":false},"author":27,"featured_media":295425,"comment_status":"closed","ping_status":"closed","sticky":false,"template":"","format":"standard","meta":{"rank_math_lock_modified_date":false,"footnotes":""},"categories":[76],"tags":[71516,133,2366,71514,71515],"class_list":["post-295421","post","type-post","status-publish","format-standard","has-post-thumbnail","hentry","category-magazin","tag-26-ocak-survivor","tag-magazin","tag-survivor","tag-survivor-yuca-arayisi","tag-yuca"],"_links":{"self":[{"href":"https:\/\/www.tgrthaber.com\/mavikadin\/wp-json\/wp\/v2\/posts\/295421"}],"collection":[{"href":"https:\/\/www.tgrthaber.com\/mavikadin\/wp-json\/wp\/v2\/posts"}],"about":[{"href":"https:\/\/www.tgrthaber.com\/mavikadin\/wp-json\/wp\/v2\/types\/post"}],"author":[{"embeddable":true,"href":"https:\/\/www.tgrthaber.com\/mavikadin\/wp-json\/wp\/v2\/users\/27"}],"replies":[{"embeddable":true,"href":"https:\/\/www.tgrthaber.com\/mavikadin\/wp-json\/wp\/v2\/comments?post=295421"}],"version-history":[{"count":2,"href":"https:\/\/www.tgrthaber.com\/mavikadin\/wp-json\/wp\/v2\/posts\/295421\/revisions"}],"predecessor-version":[{"id":295427,"href":"https:\/\/www.tgrthaber.com\/mavikadin\/wp-json\/wp\/v2\/posts\/295421\/revisions\/295427"}],"wp:featuredmedia":[{"embeddable":true,"href":"https:\/\/www.tgrthaber.com\/mavikadin\/wp-json\/wp\/v2\/media\/295425"}],"wp:attachment":[{"href":"https:\/\/www.tgrthaber.com\/mavikadin\/wp-json\/wp\/v2\/media?parent=295421"}],"wp:term":[{"taxonomy":"category","embeddable":true,"href":"https:\/\/www.tgrthaber.com\/mavikadin\/wp-json\/wp\/v2\/categories?post=295421"},{"taxonomy":"post_tag","embeddable":true,"href":"https:\/\/www.tgrthaber.com\/mavikadin\/wp-json\/wp\/v2\/tags?post=295421"}],"curies":[{"name":"wp","href":"https:\/\/api.w.org\/{rel}","templated":true}]}}