{"id":295441,"date":"2026-01-27T09:55:50","date_gmt":"2026-01-27T06:55:50","guid":{"rendered":"https:\/\/www.tgrthaber.com\/mavikadin\/?p=295441"},"modified":"2026-01-27T09:55:50","modified_gmt":"2026-01-27T06:55:50","slug":"takida-gumus-donemi-2026da-karakter-sahibi-parcalar-dikkat-cekiyor","status":"publish","type":"post","link":"https:\/\/www.tgrthaber.com\/mavikadin\/takida-gumus-donemi-2026da-karakter-sahibi-parcalar-dikkat-cekiyor\/","title":{"rendered":"Tak\u0131da g\u00fcm\u00fc\u015f d\u00f6nemi! 2026&#8217;da karakter sahibi par\u00e7alar dikkat \u00e7ekiyor"},"content":{"rendered":"<p>\u00d6zellikle ki\u015fiselle\u015ftirilmi\u015f ve anlam ta\u015f\u0131yan <a href=\"https:\/\/www.tgrthaber.com\/mavikadin\/2026-kadinlarin-parasini-artiracak-yontemler-altin-artabilir-ama-gumusleri-unutmayin\/\">g\u00fcm\u00fc\u015f<\/a> tak\u0131lara olan ilgi dikkat \u00e7ekiyor. Vintage esintiler, modern \u00e7izgilerle harmanlan\u0131rken isimli kolyeler, sembolik motifler ve yar\u0131 de\u011ferli ta\u015flarla zenginle\u015ftirilmi\u015f tasar\u0131mlar \u00f6ne \u00e7\u0131k\u0131yor. Gen\u00e7 t\u00fcketicilerin bireysellik ve \u00f6zg\u00fcnl\u00fck aray\u0131\u015f\u0131 g\u00fcm\u00fc\u015f\u00fc tak\u0131 trendlerinin merkezine ta\u015f\u0131rken ekonomik olmas\u0131 ve s\u00fcrd\u00fcr\u00fclebilir \u00fcretime uygun yap\u0131s\u0131 da bu y\u00fckseli\u015fi destekleyen \u00f6nemli fakt\u00f6rler aras\u0131nda g\u00f6steriliyor. G\u00f6r\u00fcnen o ki g\u00fcm\u00fc\u015f, yeni d\u00f6nemde yaln\u0131zca bir trend de\u011fil kal\u0131c\u0131 bir stil ifadesi olarak \u00f6ne \u00e7\u0131k\u0131yor.<\/p>\n<h3>TAKIDA G\u00dcM\u00dc\u015e D\u00d6NEM\u0130<\/h3>\n<p>Bu y\u0131l\u0131n ilk \u00e7eyre\u011finde 100 dolara y\u00fckselmesi beklenen <a href=\"https:\/\/www.tgrthaber.com\/mavikadin\/gumus-altindan-daha-degerli-olmaya-basladi-kadinlarin-yeni-gozdesi-gumus-setler-servet-degerinde\/\">g\u00fcm\u00fc\u015f<\/a>, y\u0131l\u0131n daha ilk ay\u0131 bitmeden 103 dolar\u0131 a\u015ft\u0131. Beklentilerin \u00fczerinde ya\u015fanan bu art\u0131\u015fta jeopolitik riskler Trump\u2019\u0131n politikalar\u0131, faiz indirim beklentileri, zay\u0131f dolar ve end\u00fcstriyel talep etkili oldu. Uzmanlar ise bir yandan y\u0131l genelinde y\u00fckseli\u015fin s\u00fcrmesini beklerken di\u011fer yandan da baz\u0131 i\u015faretlerin g\u00fcm\u00fc\u015fte \u2018d\u00fc\u015f\u00fc\u015f sinyalleri\u2019 oldu\u011funu vurguluyor.<\/p>\n<p><img loading=\"lazy\" decoding=\"async\" class=\"aligncenter size-full wp-image-295448\" src=\"https:\/\/www.tgrthaber.com\/mavikadin\/wp-content\/uploads\/2026\/01\/gumus-1.png\" alt=\"\" width=\"1208\" height=\"680\" title=\"\" srcset=\"https:\/\/www.tgrthaber.com\/mavikadin\/wp-content\/uploads\/2026\/01\/gumus-1.png 1208w, https:\/\/www.tgrthaber.com\/mavikadin\/wp-content\/uploads\/2026\/01\/gumus-1-300x169.png 300w, https:\/\/www.tgrthaber.com\/mavikadin\/wp-content\/uploads\/2026\/01\/gumus-1-1024x576.png 1024w, https:\/\/www.tgrthaber.com\/mavikadin\/wp-content\/uploads\/2026\/01\/gumus-1-768x432.png 768w\" sizes=\"(max-width: 1208px) 100vw, 1208px\" \/><\/p>\n<hr \/>\n<h3>2026 YILINDA BEL\u0130RG\u0130N B\u0130R D\u00d6N\u00dc\u015e\u00dcM S\u00dcREC\u0130<\/h3>\n<p>Tak\u0131 d\u00fcnyas\u0131 2026 y\u0131l\u0131nda belirgin bir d\u00f6n\u00fc\u015f\u00fcm s\u00fcrecinden ge\u00e7iyor. Uzun y\u0131llar boyunca minimal, zarif ve neredeyse g\u00f6r\u00fcnmez tasar\u0131mlar\u0131n h\u00e2kim oldu\u011fu koleksiyonlar yerini daha iddial\u0131 dikkat \u00e7ekici ve karakter sahibi par\u00e7alara b\u0131rak\u0131yor. Bu d\u00f6n\u00fc\u015f\u00fcm\u00fcn merkezinde ise g\u00fcm\u00fc\u015f tak\u0131lar yer al\u0131yor. Tasar\u0131mc\u0131lar, markalar ve t\u00fcketiciler g\u00fcm\u00fc\u015f\u00fc yaln\u0131zca ekonomik bir alternatif olarak de\u011fil g\u00fc\u00e7l\u00fc bir stil ifadesi olarak yeniden konumland\u0131r\u0131yor.<\/p>\n<p><img loading=\"lazy\" decoding=\"async\" class=\"aligncenter size-full wp-image-295449\" src=\"https:\/\/www.tgrthaber.com\/mavikadin\/wp-content\/uploads\/2026\/01\/gumus-3.png\" alt=\"\" width=\"1208\" height=\"680\" title=\"\" srcset=\"https:\/\/www.tgrthaber.com\/mavikadin\/wp-content\/uploads\/2026\/01\/gumus-3.png 1208w, https:\/\/www.tgrthaber.com\/mavikadin\/wp-content\/uploads\/2026\/01\/gumus-3-300x169.png 300w, https:\/\/www.tgrthaber.com\/mavikadin\/wp-content\/uploads\/2026\/01\/gumus-3-1024x576.png 1024w, https:\/\/www.tgrthaber.com\/mavikadin\/wp-content\/uploads\/2026\/01\/gumus-3-768x432.png 768w\" sizes=\"(max-width: 1208px) 100vw, 1208px\" \/><\/p>\n<hr \/>\n<p>2026 sezonunun en dikkat \u00e7ekici e\u011filimlerinden biri heykelsi ve b\u00fcy\u00fck formlu g\u00fcm\u00fc\u015f tak\u0131lar. Minimalist \u00e7izgilerin geride kald\u0131\u011f\u0131 bu yeni d\u00f6nemde, hacimli k\u00fcpeler, kal\u0131n zincir kolyeler ve adeta bir sanat eseri gibi tasarlanm\u0131\u015f y\u00fcz\u00fckler \u00f6ne \u00e7\u0131k\u0131yor. \u00d6zellikle geometrik \u015fekiller, ak\u0131\u015fkan hatlar ve asimetrik tasar\u0131mlar, g\u00fcm\u00fc\u015f\u00fcn do\u011fal parlakl\u0131\u011f\u0131yla birle\u015ferek g\u00fc\u00e7l\u00fc bir g\u00f6rsel etki yarat\u0131yor. Moda otoritelerine g\u00f6re bu trend bireyselli\u011fin ve kendini ifade etme iste\u011finin artmas\u0131yla do\u011frudan ba\u011flant\u0131l\u0131. Tak\u0131lar art\u0131k tamamlay\u0131c\u0131 bir aksesuar de\u011fil kombinin ana par\u00e7as\u0131 olarak g\u00f6r\u00fcl\u00fcyor.<\/p>\n<p><img loading=\"lazy\" decoding=\"async\" class=\"aligncenter size-full wp-image-295454\" src=\"https:\/\/www.tgrthaber.com\/mavikadin\/wp-content\/uploads\/2026\/01\/gumus-7.png\" alt=\"\" width=\"1208\" height=\"680\" title=\"\" srcset=\"https:\/\/www.tgrthaber.com\/mavikadin\/wp-content\/uploads\/2026\/01\/gumus-7.png 1208w, https:\/\/www.tgrthaber.com\/mavikadin\/wp-content\/uploads\/2026\/01\/gumus-7-300x169.png 300w, https:\/\/www.tgrthaber.com\/mavikadin\/wp-content\/uploads\/2026\/01\/gumus-7-1024x576.png 1024w, https:\/\/www.tgrthaber.com\/mavikadin\/wp-content\/uploads\/2026\/01\/gumus-7-768x432.png 768w\" sizes=\"(max-width: 1208px) 100vw, 1208px\" \/><\/p>\n<hr \/>\n<h3>NOSTALJ\u0130 TEMALARININ Y\u00dcKSEL\u0130\u015e\u0130<\/h3>\n<p>Bir di\u011fer \u00f6nemli geli\u015fme ise ki\u015fisel tasar\u0131m ve nostalji temalar\u0131n\u0131n y\u00fckseli\u015fi. 2026\u2019da t\u00fcketiciler seri \u00fcretim ve birbirine benzeyen par\u00e7alardan uzakla\u015farak kendilerine \u00f6zg\u00fc hik\u00e2yesi olan tak\u0131lara y\u00f6neliyor. Vintage esintiler ta\u015f\u0131yan g\u00fcm\u00fc\u015f kolyeler, eski madalyonlar\u0131 and\u0131ran formlar ve retro y\u00fcz\u00fckler modern \u00e7izgilerle yeniden yorumlan\u0131yor. \u0130simli kolyeler, bur\u00e7 sembolleri, anlaml\u0131 harfler ve ki\u015fisel motifler, \u00f6zellikle gen\u00e7 t\u00fcketiciler aras\u0131nda b\u00fcy\u00fck ilgi g\u00f6r\u00fcyor. Uzmanlar bu e\u011filimi, \u201cduygusal ba\u011f kurulan tak\u0131lar\u201d d\u00f6nemi olarak tan\u0131ml\u0131yor.<\/p>\n<p><img loading=\"lazy\" decoding=\"async\" class=\"aligncenter size-full wp-image-295452\" src=\"https:\/\/www.tgrthaber.com\/mavikadin\/wp-content\/uploads\/2026\/01\/gumus-4.png\" alt=\"\" width=\"1208\" height=\"680\" title=\"\" srcset=\"https:\/\/www.tgrthaber.com\/mavikadin\/wp-content\/uploads\/2026\/01\/gumus-4.png 1208w, https:\/\/www.tgrthaber.com\/mavikadin\/wp-content\/uploads\/2026\/01\/gumus-4-300x169.png 300w, https:\/\/www.tgrthaber.com\/mavikadin\/wp-content\/uploads\/2026\/01\/gumus-4-1024x576.png 1024w, https:\/\/www.tgrthaber.com\/mavikadin\/wp-content\/uploads\/2026\/01\/gumus-4-768x432.png 768w\" sizes=\"(max-width: 1208px) 100vw, 1208px\" \/><\/p>\n<hr \/>\n<h3>YARI DE\u011eERL\u0130 TA\u015eLARLA ZENG\u0130NLE\u015eT\u0130R\u0130LM\u0130\u015e TASARIMLAR<\/h3>\n<p>2026 trendlerinin bir di\u011fer \u00f6ne \u00e7\u0131kan ba\u015fl\u0131\u011f\u0131 ise yar\u0131 de\u011ferli ta\u015flarla zenginle\u015ftirilmi\u015f g\u00fcm\u00fc\u015f tasar\u0131mlar. Ametist, turkuaz, sitrin ve akuamarin gibi do\u011fal ta\u015flar, g\u00fcm\u00fc\u015fle birle\u015ferek hem renkli hem de enerjik bir g\u00f6r\u00fcn\u00fcm sunuyor. Bu tarz tak\u0131lar, \u00f6zellikle Z ku\u015fa\u011f\u0131 ve gen\u00e7 yeti\u015fkinler aras\u0131nda pop\u00fclerlik kazan\u0131yor. Do\u011fall\u0131k, spirit\u00fcel anlamlar ve \u00f6zg\u00fcnl\u00fck aray\u0131\u015f\u0131 bu ta\u015fl\u0131 g\u00fcm\u00fc\u015f tak\u0131lar\u0131n tercih edilmesinde \u00f6nemli rol oynuyor. Ayn\u0131 zamanda g\u00fcnl\u00fck kullan\u0131ma uygun olmalar\u0131 da talebi art\u0131ran fakt\u00f6rler aras\u0131nda yer al\u0131yor.<\/p>\n<p><img loading=\"lazy\" decoding=\"async\" class=\"aligncenter size-full wp-image-295453\" src=\"https:\/\/www.tgrthaber.com\/mavikadin\/wp-content\/uploads\/2026\/01\/gumus-5.png\" alt=\"\" width=\"1208\" height=\"680\" title=\"\" srcset=\"https:\/\/www.tgrthaber.com\/mavikadin\/wp-content\/uploads\/2026\/01\/gumus-5.png 1208w, https:\/\/www.tgrthaber.com\/mavikadin\/wp-content\/uploads\/2026\/01\/gumus-5-300x169.png 300w, https:\/\/www.tgrthaber.com\/mavikadin\/wp-content\/uploads\/2026\/01\/gumus-5-1024x576.png 1024w, https:\/\/www.tgrthaber.com\/mavikadin\/wp-content\/uploads\/2026\/01\/gumus-5-768x432.png 768w\" sizes=\"(max-width: 1208px) 100vw, 1208px\" \/><\/p>\n<hr \/>\n<p>Sekt\u00f6r temsilcileri g\u00fcm\u00fc\u015f\u00fcn 2026\u2019da yaln\u0131zca bir trend de\u011fil, kal\u0131c\u0131 bir y\u00f6nelim sundu\u011fu g\u00f6r\u00fc\u015f\u00fcnde birle\u015fiyor. Alt\u0131n fiyatlar\u0131n\u0131n y\u00fcksek seyri, s\u00fcrd\u00fcr\u00fclebilir ve geri d\u00f6n\u00fc\u015ft\u00fcr\u00fclebilir materyallere olan ilginin artmas\u0131 ve tasar\u0131m \u00f6zg\u00fcrl\u00fc\u011f\u00fc, g\u00fcm\u00fc\u015f tak\u0131lar\u0131n yeniden y\u00fckseli\u015fini destekliyor. G\u00f6r\u00fcnen o ki 2026, g\u00fcm\u00fc\u015f\u00fcn hem estetik hem de k\u00fclt\u00fcrel anlamda yeniden parlad\u0131\u011f\u0131 bir y\u0131l olacak.<\/p>\n","protected":false},"excerpt":{"rendered":"<p>Tak\u0131 d\u00fcnyas\u0131nda 2026 itibar\u0131yla belirgin bir y\u00f6n de\u011fi\u015fimi ya\u015fan\u0131yor. Uzun s\u00fcredir hakim olan sade ve minimal tasar\u0131mlar yerini, g\u00fc\u00e7l\u00fc duru\u015fa sahip g\u00fcm\u00fc\u015f tak\u0131lara b\u0131rak\u0131yor. Heykelsi formlar, kal\u0131n zincirler, b\u00fcy\u00fck k\u00fcpeler ve \u00f6zg\u00fcn y\u00fcz\u00fckler, g\u00fcm\u00fc\u015f\u00fcn do\u011fal \u0131\u015f\u0131lt\u0131s\u0131yla birle\u015ferek stilin merkezine yerle\u015fiyor. Tasar\u0131mc\u0131lar, g\u00fcm\u00fc\u015f\u00fc yaln\u0131zca tamamlay\u0131c\u0131 bir aksesuar olarak de\u011fil kombinin ana unsuru olarak konumland\u0131r\u0131rken t\u00fcketiciler de karakterini yans\u0131tan dikkat \u00e7ekici par\u00e7alara y\u00f6neliyor.<\/p>\n","protected":false},"author":5,"featured_media":295455,"comment_status":"closed","ping_status":"closed","sticky":false,"template":"","format":"standard","meta":{"rank_math_lock_modified_date":false,"footnotes":""},"categories":[101],"tags":[71518,20105,247,71517],"class_list":["post-295441","post","type-post","status-publish","format-standard","has-post-thumbnail","hentry","category-kesfet","tag-gumus-karli-mi","tag-gumus-taki","tag-kesfet","tag-takida-gumus-donemi"],"_links":{"self":[{"href":"https:\/\/www.tgrthaber.com\/mavikadin\/wp-json\/wp\/v2\/posts\/295441"}],"collection":[{"href":"https:\/\/www.tgrthaber.com\/mavikadin\/wp-json\/wp\/v2\/posts"}],"about":[{"href":"https:\/\/www.tgrthaber.com\/mavikadin\/wp-json\/wp\/v2\/types\/post"}],"author":[{"embeddable":true,"href":"https:\/\/www.tgrthaber.com\/mavikadin\/wp-json\/wp\/v2\/users\/5"}],"replies":[{"embeddable":true,"href":"https:\/\/www.tgrthaber.com\/mavikadin\/wp-json\/wp\/v2\/comments?post=295441"}],"version-history":[{"count":1,"href":"https:\/\/www.tgrthaber.com\/mavikadin\/wp-json\/wp\/v2\/posts\/295441\/revisions"}],"predecessor-version":[{"id":295456,"href":"https:\/\/www.tgrthaber.com\/mavikadin\/wp-json\/wp\/v2\/posts\/295441\/revisions\/295456"}],"wp:featuredmedia":[{"embeddable":true,"href":"https:\/\/www.tgrthaber.com\/mavikadin\/wp-json\/wp\/v2\/media\/295455"}],"wp:attachment":[{"href":"https:\/\/www.tgrthaber.com\/mavikadin\/wp-json\/wp\/v2\/media?parent=295441"}],"wp:term":[{"taxonomy":"category","embeddable":true,"href":"https:\/\/www.tgrthaber.com\/mavikadin\/wp-json\/wp\/v2\/categories?post=295441"},{"taxonomy":"post_tag","embeddable":true,"href":"https:\/\/www.tgrthaber.com\/mavikadin\/wp-json\/wp\/v2\/tags?post=295441"}],"curies":[{"name":"wp","href":"https:\/\/api.w.org\/{rel}","templated":true}]}}