{"id":295457,"date":"2026-01-27T10:23:50","date_gmt":"2026-01-27T07:23:50","guid":{"rendered":"https:\/\/www.tgrthaber.com\/mavikadin\/?p=295457"},"modified":"2026-01-27T10:45:08","modified_gmt":"2026-01-27T07:45:08","slug":"ali-tutal-kimdir-kac-yasinda-ali-tutala-ne-oldu","status":"publish","type":"post","link":"https:\/\/www.tgrthaber.com\/mavikadin\/ali-tutal-kimdir-kac-yasinda-ali-tutala-ne-oldu\/","title":{"rendered":"Ali Tutal kimdir, ka\u00e7 ya\u015f\u0131nda? Ali Tutal\u2019a ne oldu"},"content":{"rendered":"<p>Ali Tutal, hayat\u0131yla merak edildi. \u00d6zellikle de sa\u011fl\u0131k durumundaki de\u011fi\u015fimler ile dikkat \u00e7eken Ali Tutal, arama motorlar\u0131nda da en \u00e7ok arat\u0131lan isimler aras\u0131nda yer ald\u0131. Peki, Ali Tutal kimdir, ka\u00e7 ya\u015f\u0131nda? Ali Tutal\u2019a ne oldu? sorular\u0131n\u0131 sizin i\u00e7in ara\u015ft\u0131rd\u0131k. \u0130\u015fte detaylar\u2026<\/p>\n<h3>AL\u0130 TUTAL K\u0130MD\u0130R?<\/h3>\n<p>\u00dcnl\u00fc oyuncu <a href=\"https:\/\/www.tgrthaber.com\/mavikadin\/ali-tutal-hastaligi-nedir-ali-tutal-saglik-durumu-nasil\/\">Ali Tutal<\/a>, 1950 y\u0131l\u0131nda Diyarbak\u0131r\u2019da d\u00fcnyaya geldi. Sinema, dizi ve reklam d\u00fcnyas\u0131nda uzun y\u0131llar \u00e7al\u0131\u015fan Ali Tutal, T\u00fcrk sinemas\u0131nda sevilen \u00f6nemli karakterlerden biriydi. Oynad\u0131\u011f\u0131 yap\u0131mlar ile Anadolu insan\u0131n\u0131 \u00e7ok iyi yans\u0131tm\u0131\u015f ve dikkat \u00e7eken oyunlar ile g\u00fcndem olmu\u015ftur.<\/p>\n<p><img loading=\"lazy\" decoding=\"async\" class=\"alignnone size-full wp-image-295468\" src=\"https:\/\/www.tgrthaber.com\/mavikadin\/wp-content\/uploads\/2026\/01\/ali-tutal-1.jpg\" alt=\"Ali Tutal kimdir, ka\u00e7 ya\u015f\u0131nda? Ali Tutal\u2019a ne oldu\" width=\"1208\" height=\"680\" title=\"\" srcset=\"https:\/\/www.tgrthaber.com\/mavikadin\/wp-content\/uploads\/2026\/01\/ali-tutal-1.jpg 1208w, https:\/\/www.tgrthaber.com\/mavikadin\/wp-content\/uploads\/2026\/01\/ali-tutal-1-300x169.jpg 300w, https:\/\/www.tgrthaber.com\/mavikadin\/wp-content\/uploads\/2026\/01\/ali-tutal-1-1024x576.jpg 1024w, https:\/\/www.tgrthaber.com\/mavikadin\/wp-content\/uploads\/2026\/01\/ali-tutal-1-768x432.jpg 768w\" sizes=\"(max-width: 1208px) 100vw, 1208px\" \/><\/p>\n<hr \/>\n<p>Diyarbak\u0131r\u2019da d\u00fcnyaya gelen Ali Tutal, asl\u0131nda Siyasal \u0130\u015fletme mezunudur. Ancak kendi alan\u0131ndan i\u015f yapmam\u0131\u015f sanata y\u00f6nelmi\u015ftir. Sanata ba\u015flamadan \u00f6nce reklamc\u0131l\u0131klar ilgilenmi\u015f ve 1975 y\u0131l\u0131nda \u2018\u0130zin\u2019 filmiyle ad\u0131m atm\u0131\u015ft\u0131r.<\/p>\n<p><img loading=\"lazy\" decoding=\"async\" class=\"alignnone size-full wp-image-295470\" src=\"https:\/\/www.tgrthaber.com\/mavikadin\/wp-content\/uploads\/2026\/01\/ali-tutal-3.jpg\" alt=\"Ali Tutal kimdir, ka\u00e7 ya\u015f\u0131nda? Ali Tutal\u2019a ne oldu\" width=\"1208\" height=\"680\" title=\"\" srcset=\"https:\/\/www.tgrthaber.com\/mavikadin\/wp-content\/uploads\/2026\/01\/ali-tutal-3.jpg 1208w, https:\/\/www.tgrthaber.com\/mavikadin\/wp-content\/uploads\/2026\/01\/ali-tutal-3-300x169.jpg 300w, https:\/\/www.tgrthaber.com\/mavikadin\/wp-content\/uploads\/2026\/01\/ali-tutal-3-1024x576.jpg 1024w, https:\/\/www.tgrthaber.com\/mavikadin\/wp-content\/uploads\/2026\/01\/ali-tutal-3-768x432.jpg 768w\" sizes=\"(max-width: 1208px) 100vw, 1208px\" \/><\/p>\n<hr \/>\n<p>Sinema sekt\u00f6r\u00fcnde aktif bir \u015fekilde \u00e7al\u0131\u015fan Ali Tutal, \u015fimdiye kadar 50 ya da 60\u2019a yak\u0131n dizi ve filmde oynam\u0131\u015ft\u0131r. \u00d6zellikle de televizyon ekranlar\u0131nda yer alan Ali Tutal, sadece oyunculu\u011fu ile de\u011fil dublaj yapma i\u015flemiyle de dikkatleri \u00fczerine \u00e7ekmi\u015ftir.<\/p>\n<h3><img loading=\"lazy\" decoding=\"async\" class=\"alignnone size-full wp-image-295472\" src=\"https:\/\/www.tgrthaber.com\/mavikadin\/wp-content\/uploads\/2026\/01\/ali-tutal-5.jpg\" alt=\"Ali Tutal kimdir, ka\u00e7 ya\u015f\u0131nda? Ali Tutal\u2019a ne oldu\" width=\"1208\" height=\"680\" title=\"\" srcset=\"https:\/\/www.tgrthaber.com\/mavikadin\/wp-content\/uploads\/2026\/01\/ali-tutal-5.jpg 1208w, https:\/\/www.tgrthaber.com\/mavikadin\/wp-content\/uploads\/2026\/01\/ali-tutal-5-300x169.jpg 300w, https:\/\/www.tgrthaber.com\/mavikadin\/wp-content\/uploads\/2026\/01\/ali-tutal-5-1024x576.jpg 1024w, https:\/\/www.tgrthaber.com\/mavikadin\/wp-content\/uploads\/2026\/01\/ali-tutal-5-768x432.jpg 768w\" sizes=\"(max-width: 1208px) 100vw, 1208px\" \/><\/h3>\n<hr \/>\n<h3>AL\u0130 TUTAL KA\u00c7 YA\u015eINDA?<\/h3>\n<p>Sa\u011fl\u0131\u011f\u0131 sonras\u0131 merak edilerek ara\u015ft\u0131r\u0131lmaya ba\u015flanan Ali Tutal, ya\u015f\u0131 ile de merak edildi. \u00dcnl\u00fc oyuncu Ali Tutal, 1950 y\u0131l\u0131nda d\u00fcnyaya gelerek \u015fimdilerde 76 ya\u015f\u0131ndad\u0131r. \u00d6zel hayat\u0131yla da merak edilen \u00fcnl\u00fc oyuncu, geni\u015f kitleler taraf\u0131ndan ilk kez 2009-2011 y\u0131llar\u0131 aras\u0131nda yay\u0131nlanan \u2018Geni\u015f Aile\u2019 dizisiyle olmu\u015ftur.<\/p>\n<p><img loading=\"lazy\" decoding=\"async\" class=\"alignnone size-full wp-image-295473\" src=\"https:\/\/www.tgrthaber.com\/mavikadin\/wp-content\/uploads\/2026\/01\/ali-tutal-6.jpg\" alt=\"Ali Tutal kimdir, ka\u00e7 ya\u015f\u0131nda? Ali Tutal\u2019a ne oldu\" width=\"1208\" height=\"680\" title=\"\" srcset=\"https:\/\/www.tgrthaber.com\/mavikadin\/wp-content\/uploads\/2026\/01\/ali-tutal-6.jpg 1208w, https:\/\/www.tgrthaber.com\/mavikadin\/wp-content\/uploads\/2026\/01\/ali-tutal-6-300x169.jpg 300w, https:\/\/www.tgrthaber.com\/mavikadin\/wp-content\/uploads\/2026\/01\/ali-tutal-6-1024x576.jpg 1024w, https:\/\/www.tgrthaber.com\/mavikadin\/wp-content\/uploads\/2026\/01\/ali-tutal-6-768x432.jpg 768w\" sizes=\"(max-width: 1208px) 100vw, 1208px\" \/><\/p>\n<hr \/>\n<p>Dizideki, Ali Ekber Elag\u00f6z karakteriyle koyu Bilal\u2019in babas\u0131n\u0131 oynam\u0131\u015ft\u0131r. Son olarak Yasak Elma, Garip B\u00fclb\u00fcl Ne\u015fet Erta\u015f filminde rol alm\u0131\u015ft\u0131r. K\u00f6rd\u00fc\u011f\u00fcm gibi yap\u0131mlarda da yer alan Ali Tutal, oynad\u0131\u011f\u0131 karakterler ile izleyiciler taraf\u0131ndan sevilen isimler aras\u0131nda yer al\u0131r.<\/p>\n<h3><img loading=\"lazy\" decoding=\"async\" class=\"alignnone size-full wp-image-295474\" src=\"https:\/\/www.tgrthaber.com\/mavikadin\/wp-content\/uploads\/2026\/01\/ali-tutal-7.jpg\" alt=\"Ali Tutal kimdir, ka\u00e7 ya\u015f\u0131nda? Ali Tutal\u2019a ne oldu\" width=\"1208\" height=\"680\" title=\"\" srcset=\"https:\/\/www.tgrthaber.com\/mavikadin\/wp-content\/uploads\/2026\/01\/ali-tutal-7.jpg 1208w, https:\/\/www.tgrthaber.com\/mavikadin\/wp-content\/uploads\/2026\/01\/ali-tutal-7-300x169.jpg 300w, https:\/\/www.tgrthaber.com\/mavikadin\/wp-content\/uploads\/2026\/01\/ali-tutal-7-1024x576.jpg 1024w, https:\/\/www.tgrthaber.com\/mavikadin\/wp-content\/uploads\/2026\/01\/ali-tutal-7-768x432.jpg 768w\" sizes=\"(max-width: 1208px) 100vw, 1208px\" \/><\/h3>\n<hr \/>\n<h3>AL\u0130 TUTAL\u2019A NE OLDU?<\/h3>\n<p>Ali Tutal\u2019\u0131n kamuoyunda yazan bilgilere g\u00f6re, evinde rahats\u0131zlanarak hastaneye kald\u0131r\u0131lm\u0131\u015ft\u0131r. Hayat\u0131 riskinin s\u00fcrd\u00fc\u011f\u00fc s\u00f6ylenen Ali Tutal, tedavisi de yo\u011fun bak\u0131mda devam etmektedir. Ge\u00e7ti\u011fimiz y\u0131llarda kalp krizi ge\u00e7iren Ali Tutal, sevenlerini tekrardan korkuttu.<\/p>\n<p><img loading=\"lazy\" decoding=\"async\" class=\"alignnone size-full wp-image-295469\" src=\"https:\/\/www.tgrthaber.com\/mavikadin\/wp-content\/uploads\/2026\/01\/ali-tutal-2.jpg\" alt=\"Ali Tutal kimdir, ka\u00e7 ya\u015f\u0131nda? Ali Tutal\u2019a ne oldu\" width=\"1208\" height=\"680\" title=\"\" srcset=\"https:\/\/www.tgrthaber.com\/mavikadin\/wp-content\/uploads\/2026\/01\/ali-tutal-2.jpg 1208w, https:\/\/www.tgrthaber.com\/mavikadin\/wp-content\/uploads\/2026\/01\/ali-tutal-2-300x169.jpg 300w, https:\/\/www.tgrthaber.com\/mavikadin\/wp-content\/uploads\/2026\/01\/ali-tutal-2-1024x576.jpg 1024w, https:\/\/www.tgrthaber.com\/mavikadin\/wp-content\/uploads\/2026\/01\/ali-tutal-2-768x432.jpg 768w\" sizes=\"(max-width: 1208px) 100vw, 1208px\" \/><\/p>\n<hr \/>\n<p>\u015eimdilerde halen daha hayat\u0131 riski olan Ali Tutal, sanat d\u00fcnyas\u0131nda \u00f6nemli ki\u015filer aras\u0131nda yer almaktad\u0131r. Pek \u00e7ok dizi ve filme g\u00f6rd\u00fc\u011f\u00fcm\u00fcz Ali Tutal, \u015fimdilerde iyi bir haber gelmesiyle merak edilerek ara\u015ft\u0131r\u0131lmaya ba\u015fland\u0131.<\/p>\n","protected":false},"excerpt":{"rendered":"<p>\u00dcnl\u00fc oyuncu Ali Tutal, hayat\u0131yla merak edilerek ara\u015ft\u0131r\u0131lmaya ba\u015fland\u0131. Peki, Ali Tutal kimdir, ka\u00e7 ya\u015f\u0131nda? Ali Tutal\u2019a ne oldu? \u0130\u015fte detaylar\u2026<\/p>\n","protected":false},"author":34,"featured_media":295471,"comment_status":"closed","ping_status":"closed","sticky":false,"template":"","format":"standard","meta":{"rank_math_lock_modified_date":false,"footnotes":""},"categories":[491],"tags":[71519,71522,71523,16521],"class_list":["post-295457","post","type-post","status-publish","format-standard","has-post-thumbnail","hentry","category-biyografi","tag-ali-tutal","tag-ali-tutal-kimdir","tag-ali-tutal-saglik","tag-biyografi-haberleri"],"_links":{"self":[{"href":"https:\/\/www.tgrthaber.com\/mavikadin\/wp-json\/wp\/v2\/posts\/295457"}],"collection":[{"href":"https:\/\/www.tgrthaber.com\/mavikadin\/wp-json\/wp\/v2\/posts"}],"about":[{"href":"https:\/\/www.tgrthaber.com\/mavikadin\/wp-json\/wp\/v2\/types\/post"}],"author":[{"embeddable":true,"href":"https:\/\/www.tgrthaber.com\/mavikadin\/wp-json\/wp\/v2\/users\/34"}],"replies":[{"embeddable":true,"href":"https:\/\/www.tgrthaber.com\/mavikadin\/wp-json\/wp\/v2\/comments?post=295457"}],"version-history":[{"count":1,"href":"https:\/\/www.tgrthaber.com\/mavikadin\/wp-json\/wp\/v2\/posts\/295457\/revisions"}],"predecessor-version":[{"id":295475,"href":"https:\/\/www.tgrthaber.com\/mavikadin\/wp-json\/wp\/v2\/posts\/295457\/revisions\/295475"}],"wp:featuredmedia":[{"embeddable":true,"href":"https:\/\/www.tgrthaber.com\/mavikadin\/wp-json\/wp\/v2\/media\/295471"}],"wp:attachment":[{"href":"https:\/\/www.tgrthaber.com\/mavikadin\/wp-json\/wp\/v2\/media?parent=295457"}],"wp:term":[{"taxonomy":"category","embeddable":true,"href":"https:\/\/www.tgrthaber.com\/mavikadin\/wp-json\/wp\/v2\/categories?post=295457"},{"taxonomy":"post_tag","embeddable":true,"href":"https:\/\/www.tgrthaber.com\/mavikadin\/wp-json\/wp\/v2\/tags?post=295457"}],"curies":[{"name":"wp","href":"https:\/\/api.w.org\/{rel}","templated":true}]}}