{"id":295458,"date":"2026-01-27T10:19:26","date_gmt":"2026-01-27T07:19:26","guid":{"rendered":"https:\/\/www.tgrthaber.com\/mavikadin\/?p=295458"},"modified":"2026-01-27T10:19:27","modified_gmt":"2026-01-27T07:19:27","slug":"ali-tutal-hastaligi-nedir-ali-tutal-saglik-durumu-nasil","status":"publish","type":"post","link":"https:\/\/www.tgrthaber.com\/mavikadin\/ali-tutal-hastaligi-nedir-ali-tutal-saglik-durumu-nasil\/","title":{"rendered":"Ali Tutal hastal\u0131\u011f\u0131 nedir? Ali Tutal sa\u011fl\u0131k durumu nas\u0131l?"},"content":{"rendered":"<p>Yay\u0131nland\u0131\u011f\u0131 d\u00f6neme damga vuran Geni\u015f Aile dizisinde Koyu Bilal\u2019in babas\u0131 rol\u00fcnde haf\u0131zalara kaz\u0131nan usta oyuncu <a href=\"https:\/\/www.tgrthaber.com\/mavikadin\/ufuk-ozkana-donor-olan-salih-kivircik-kimdir-kac-yasinda-salih-kivircik-meslegi-ne\/\">Ali Tutal<\/a> sevenlerini korkuttu. Ba\u015far\u0131l\u0131 oyunculu\u011fuyla ad\u0131ndan s\u00f6z ettiren Ali Tutal\u2019dan korkutan haber geldi. Usta oyuncunun evinde beyin kanamas\u0131 ge\u00e7irdi\u011fi ve yo\u011fun bak\u0131ma al\u0131n\u0131p ent\u00fcbe edildi\u011fi \u00f6\u011frenildi. Peki, Ali Tutal hastal\u0131\u011f\u0131 nedir? Ali Tutal sa\u011fl\u0131k durumu nas\u0131l? Ali Tutal\u2019\u0131n hastal\u0131\u011f\u0131na dair merak edilenleri sizin i\u00e7in ara\u015ft\u0131rd\u0131k. \u0130\u015fte Ali Tutal\u2019\u0131n sa\u011fl\u0131k durumu hakk\u0131nda bilinmeyenler\u2026<\/p>\n<h3>AL\u0130 TUTAL HASTALI\u011eI NED\u0130R?<\/h3>\n<p>T\u00fcrk televizyon ve sinema d\u00fcnyas\u0131n\u0131n usta isimleri aras\u0131nda yer alan <a href=\"https:\/\/www.tgrthaber.com\/mavikadin\/zuhal-topalin-ufuk-ozkan-sessizligi-tepkilere-neden-oldu-hastaneye-gitmemesi-dikkat-cekti\/\">Ali Tutal\u2019\u0131n<\/a> hastal\u0131\u011f\u0131n\u0131n ne oldu\u011fu merak ediliyor. \u00d6zellikle Geni\u015f Aile dizisinde Koyu Bilal\u2019in babas\u0131 rol\u00fcnde haf\u0131zalara kaz\u0131nan usta oyuncunun hastal\u0131\u011f\u0131na dair detaylar ara\u015ft\u0131r\u0131l\u0131yor. &#8216;Geni\u015f Aile&#8217;, &#8216;G\u00fcne\u015fi G\u00f6rd\u00fcm&#8217;, &#8216;Hem\u015fo&#8217;, &#8216;Tatl\u0131 Ka\u00e7\u0131klar&#8217; gibi birbirinden ba\u015far\u0131l\u0131 bir\u00e7ok yap\u0131mda rol alan Ali Tutal\u2019dan sevenlerini korkutan haber geldi.<\/p>\n<p><img loading=\"lazy\" decoding=\"async\" class=\"size-full wp-image-295459\" src=\"https:\/\/www.tgrthaber.com\/mavikadin\/wp-content\/uploads\/2026\/01\/Ali-Tutal-hastalik-2.jpg\" alt=\"Ali Tutal hastal\u0131\u011f\u0131 nedir? Ali Tutal sa\u011fl\u0131k durumu nas\u0131l? \" width=\"1208\" height=\"680\" title=\"\" srcset=\"https:\/\/www.tgrthaber.com\/mavikadin\/wp-content\/uploads\/2026\/01\/Ali-Tutal-hastalik-2.jpg 1208w, https:\/\/www.tgrthaber.com\/mavikadin\/wp-content\/uploads\/2026\/01\/Ali-Tutal-hastalik-2-300x169.jpg 300w, https:\/\/www.tgrthaber.com\/mavikadin\/wp-content\/uploads\/2026\/01\/Ali-Tutal-hastalik-2-1024x576.jpg 1024w, https:\/\/www.tgrthaber.com\/mavikadin\/wp-content\/uploads\/2026\/01\/Ali-Tutal-hastalik-2-768x432.jpg 768w\" sizes=\"(max-width: 1208px) 100vw, 1208px\" \/><\/p>\n<hr \/>\n<p>Ba\u015far\u0131l\u0131 oyunculuk kariyeriyle ad\u0131ndan s\u00f6z ettiren Ali Tutal\u2019\u0131n evinde fenala\u015ft\u0131\u011f\u0131 \u00f6\u011frenildi. 76 ya\u015f\u0131ndaki usta oyuncunun beyin kanamas\u0131 ge\u00e7irdi\u011fi tespit edildi. Ali Tutal\u2019a ilk m\u00fcdahale sa\u011fl\u0131k ekipleri taraf\u0131ndan yap\u0131ld\u0131. Daha sonra hastaneye kald\u0131r\u0131lan \u00fcnl\u00fc oyuncu zaman kaybetmeden yo\u011fun bak\u0131ma al\u0131nd\u0131.<\/p>\n<p><img loading=\"lazy\" decoding=\"async\" class=\"size-full wp-image-295461\" src=\"https:\/\/www.tgrthaber.com\/mavikadin\/wp-content\/uploads\/2026\/01\/Ali-Tutal-hastalik-4.jpg\" alt=\"Ali Tutal hastal\u0131\u011f\u0131 nedir? Ali Tutal sa\u011fl\u0131k durumu nas\u0131l? \" width=\"1208\" height=\"680\" title=\"\" srcset=\"https:\/\/www.tgrthaber.com\/mavikadin\/wp-content\/uploads\/2026\/01\/Ali-Tutal-hastalik-4.jpg 1208w, https:\/\/www.tgrthaber.com\/mavikadin\/wp-content\/uploads\/2026\/01\/Ali-Tutal-hastalik-4-300x169.jpg 300w, https:\/\/www.tgrthaber.com\/mavikadin\/wp-content\/uploads\/2026\/01\/Ali-Tutal-hastalik-4-1024x576.jpg 1024w, https:\/\/www.tgrthaber.com\/mavikadin\/wp-content\/uploads\/2026\/01\/Ali-Tutal-hastalik-4-768x432.jpg 768w\" sizes=\"(max-width: 1208px) 100vw, 1208px\" \/><\/p>\n<hr \/>\n<p>Ali Tutal\u2019\u0131n kamuoyuna yans\u0131m\u0131\u015f bilinen g\u00fcncel bir hastal\u0131\u011f\u0131 bulunmuyor. Fakat usta oyuncunun ge\u00e7ti\u011fimiz y\u0131l mart ay\u0131nda kalp krizi ge\u00e7irdi\u011fi biliniyor. Daha \u00f6nce de kalp krizi ge\u00e7iren Ali Tutal\u2019\u0131n \u015fimdilerde beyin kanamas\u0131 ge\u00e7irmesiyle birlikte sa\u011fl\u0131k s\u00fcrecinin yeniden kritik bir a\u015famaya girdi\u011fi kaydedildi.<\/p>\n<p><img loading=\"lazy\" decoding=\"async\" class=\"size-full wp-image-295463\" src=\"https:\/\/www.tgrthaber.com\/mavikadin\/wp-content\/uploads\/2026\/01\/Ali-Tutal-hastalik-6.jpg\" alt=\"Ali Tutal hastal\u0131\u011f\u0131 nedir? Ali Tutal sa\u011fl\u0131k durumu nas\u0131l? \" width=\"1208\" height=\"680\" title=\"\" srcset=\"https:\/\/www.tgrthaber.com\/mavikadin\/wp-content\/uploads\/2026\/01\/Ali-Tutal-hastalik-6.jpg 1208w, https:\/\/www.tgrthaber.com\/mavikadin\/wp-content\/uploads\/2026\/01\/Ali-Tutal-hastalik-6-300x169.jpg 300w, https:\/\/www.tgrthaber.com\/mavikadin\/wp-content\/uploads\/2026\/01\/Ali-Tutal-hastalik-6-1024x576.jpg 1024w, https:\/\/www.tgrthaber.com\/mavikadin\/wp-content\/uploads\/2026\/01\/Ali-Tutal-hastalik-6-768x432.jpg 768w\" sizes=\"(max-width: 1208px) 100vw, 1208px\" \/><\/p>\n<hr \/>\n<h3>AL\u0130 TUTAL SA\u011eLIK DURUMU NASIL?<\/h3>\n<p>Oyunculuk kariyeri boyunca bir\u00e7ok ba\u015far\u0131l\u0131 projeye imza atan <a href=\"https:\/\/www.tgrthaber.com\/mavikadin\/ufuk-ozkanin-beyaz-showdaki-sozleri-yillar-sonra-gundem-oldu-simdilerde-yasam-savasi-veriyor\/\">Ali Tutal\u2019\u0131n<\/a> sa\u011fl\u0131k durumunun kritik oldu\u011fu \u00f6\u011frenildi. Evinde fenala\u015farak hastaneye kald\u0131r\u0131lan 76 ya\u015f\u0131ndaki \u00fcnl\u00fc oyuncunun beyin kanamas\u0131 ge\u00e7irdi\u011fi kaydedildi.<\/p>\n<p><img loading=\"lazy\" decoding=\"async\" class=\"size-full wp-image-295462\" src=\"https:\/\/www.tgrthaber.com\/mavikadin\/wp-content\/uploads\/2026\/01\/Ali-Tutal-hastalik-5.jpg\" alt=\"Ali Tutal hastal\u0131\u011f\u0131 nedir? Ali Tutal sa\u011fl\u0131k durumu nas\u0131l? \" width=\"1208\" height=\"680\" title=\"\" srcset=\"https:\/\/www.tgrthaber.com\/mavikadin\/wp-content\/uploads\/2026\/01\/Ali-Tutal-hastalik-5.jpg 1208w, https:\/\/www.tgrthaber.com\/mavikadin\/wp-content\/uploads\/2026\/01\/Ali-Tutal-hastalik-5-300x169.jpg 300w, https:\/\/www.tgrthaber.com\/mavikadin\/wp-content\/uploads\/2026\/01\/Ali-Tutal-hastalik-5-1024x576.jpg 1024w, https:\/\/www.tgrthaber.com\/mavikadin\/wp-content\/uploads\/2026\/01\/Ali-Tutal-hastalik-5-768x432.jpg 768w\" sizes=\"(max-width: 1208px) 100vw, 1208px\" \/><\/p>\n<hr \/>\n<p>Edinilen son bilgilere g\u00f6re yo\u011fun bak\u0131ma al\u0131narak tedavisine ba\u015flan\u0131lan Ali Tutal\u2019\u0131n, ent\u00fcbe edildi\u011fi \u00f6\u011frenildi. Usta oyuncunun hayati riskinin devam etti\u011fi bildirildi. Ani rahats\u0131zl\u0131\u011f\u0131yla sevenlerini ve sanat camias\u0131n\u0131 derin bir h\u00fczne bo\u011fan Ali Tutal\u2019a ge\u00e7mi\u015f olsun mesajlar\u0131 ya\u011fd\u0131. Film-San Vakf\u0131 ise Ali Tutal&#8217;\u0131n hastal\u0131\u011f\u0131n\u0131n duyulmas\u0131n\u0131n ard\u0131ndan, sosyal medyada bir payla\u015f\u0131m yaparak \u015fu ifadelere yer verdi:<\/p>\n<p><img loading=\"lazy\" decoding=\"async\" class=\"size-full wp-image-295460\" src=\"https:\/\/www.tgrthaber.com\/mavikadin\/wp-content\/uploads\/2026\/01\/Ali-Tutal-hastalik-3.jpg\" alt=\"Ali Tutal hastal\u0131\u011f\u0131 nedir? Ali Tutal sa\u011fl\u0131k durumu nas\u0131l? \" width=\"1208\" height=\"680\" title=\"\" srcset=\"https:\/\/www.tgrthaber.com\/mavikadin\/wp-content\/uploads\/2026\/01\/Ali-Tutal-hastalik-3.jpg 1208w, https:\/\/www.tgrthaber.com\/mavikadin\/wp-content\/uploads\/2026\/01\/Ali-Tutal-hastalik-3-300x169.jpg 300w, https:\/\/www.tgrthaber.com\/mavikadin\/wp-content\/uploads\/2026\/01\/Ali-Tutal-hastalik-3-1024x576.jpg 1024w, https:\/\/www.tgrthaber.com\/mavikadin\/wp-content\/uploads\/2026\/01\/Ali-Tutal-hastalik-3-768x432.jpg 768w\" sizes=\"(max-width: 1208px) 100vw, 1208px\" \/><\/p>\n<hr \/>\n<p>&#8220;Sanat\u00e7\u0131 dostumuz Ali Tutal\u2019a acil \u015fifalar diliyoruz&#8221;<\/p>\n","protected":false},"excerpt":{"rendered":"<p>Geni\u015f Aile dizisinde Koyu Bilal\u2019in babas\u0131 rol\u00fcnde haf\u0131zalara kaz\u0131nan usta oyuncu Ali Tutal\u2019\u0131n hastal\u0131\u011f\u0131n\u0131n ne oldu\u011fu merak edildi. Peki, Ali Tutal hastal\u0131\u011f\u0131 nedir? Ali Tutal sa\u011fl\u0131k durumu nas\u0131l? \u0130\u015fte detaylar\u2026<\/p>\n","protected":false},"author":26,"featured_media":295464,"comment_status":"closed","ping_status":"closed","sticky":false,"template":"","format":"standard","meta":{"rank_math_lock_modified_date":false,"footnotes":""},"categories":[76],"tags":[71519,71521,71520,133,2218],"class_list":["post-295458","post","type-post","status-publish","format-standard","has-post-thumbnail","hentry","category-magazin","tag-ali-tutal","tag-ali-tutal-hastaligi","tag-ali-tutal-saglik-durumu","tag-magazin","tag-magazin-haberleri"],"_links":{"self":[{"href":"https:\/\/www.tgrthaber.com\/mavikadin\/wp-json\/wp\/v2\/posts\/295458"}],"collection":[{"href":"https:\/\/www.tgrthaber.com\/mavikadin\/wp-json\/wp\/v2\/posts"}],"about":[{"href":"https:\/\/www.tgrthaber.com\/mavikadin\/wp-json\/wp\/v2\/types\/post"}],"author":[{"embeddable":true,"href":"https:\/\/www.tgrthaber.com\/mavikadin\/wp-json\/wp\/v2\/users\/26"}],"replies":[{"embeddable":true,"href":"https:\/\/www.tgrthaber.com\/mavikadin\/wp-json\/wp\/v2\/comments?post=295458"}],"version-history":[{"count":2,"href":"https:\/\/www.tgrthaber.com\/mavikadin\/wp-json\/wp\/v2\/posts\/295458\/revisions"}],"predecessor-version":[{"id":295467,"href":"https:\/\/www.tgrthaber.com\/mavikadin\/wp-json\/wp\/v2\/posts\/295458\/revisions\/295467"}],"wp:featuredmedia":[{"embeddable":true,"href":"https:\/\/www.tgrthaber.com\/mavikadin\/wp-json\/wp\/v2\/media\/295464"}],"wp:attachment":[{"href":"https:\/\/www.tgrthaber.com\/mavikadin\/wp-json\/wp\/v2\/media?parent=295458"}],"wp:term":[{"taxonomy":"category","embeddable":true,"href":"https:\/\/www.tgrthaber.com\/mavikadin\/wp-json\/wp\/v2\/categories?post=295458"},{"taxonomy":"post_tag","embeddable":true,"href":"https:\/\/www.tgrthaber.com\/mavikadin\/wp-json\/wp\/v2\/tags?post=295458"}],"curies":[{"name":"wp","href":"https:\/\/api.w.org\/{rel}","templated":true}]}}