{"id":295476,"date":"2026-01-27T10:41:23","date_gmt":"2026-01-27T07:41:23","guid":{"rendered":"https:\/\/www.tgrthaber.com\/mavikadin\/?p=295476"},"modified":"2026-01-27T10:41:23","modified_gmt":"2026-01-27T07:41:23","slug":"ali-tutal-kiminle-evli-ali-tutal-cocuklari-var-mi","status":"publish","type":"post","link":"https:\/\/www.tgrthaber.com\/mavikadin\/ali-tutal-kiminle-evli-ali-tutal-cocuklari-var-mi\/","title":{"rendered":"Ali Tutal kiminle evli? Ali Tutal \u00e7ocuklar\u0131 var m\u0131?"},"content":{"rendered":"<p>\u201c<a href=\"https:\/\/www.tgrthaber.com\/mavikadin\/ali-tutal-kimdir-kac-yasinda-ali-tutala-ne-oldu\/\">Ali Tutal<\/a> kiminle evli? Ali Tutal\u2019\u0131n \u00e7ocuklar\u0131 var m\u0131?\u201d gibi sorular, sanat\u00e7\u0131n\u0131n hayranlar\u0131 ve kamuoyunun merak etti\u011fi konular aras\u0131nda yer al\u0131yor. 26 Ocak 2026 tarihinde evinde rahats\u0131zlanan Ali Tutal, acil olarak hastaneye kald\u0131r\u0131ld\u0131 ve o g\u00fcnden bu yana sa\u011fl\u0131k durumu yak\u0131ndan takip ediliyor. Yo\u011fun bak\u0131mda tedavi g\u00f6ren usta oyuncunun hayati riskinin devam etti\u011fi belirtiliyor.<\/p>\n<h3>AL\u0130 TUTAL K\u0130M\u0130NLE EVL\u0130?<\/h3>\n<p><a href=\"https:\/\/www.tgrthaber.com\/mavikadin\/ali-tutal-hastaligi-nedir-ali-tutal-saglik-durumu-nasil\/\">Ali Tutal<\/a>\u2019\u0131n kiminle evli oldu\u011fu hakk\u0131nda g\u00fcvenilir, do\u011frulanm\u0131\u015f bir bilgi yoktur. Baz\u0131 biyografi sayfalar\u0131nda \u00f6zel hayat\u0131 hakk\u0131nda detay verilmemi\u015ftir ve e\u015finin kim oldu\u011fu bilinmiyor.<\/p>\n<p><img loading=\"lazy\" decoding=\"async\" class=\"aligncenter size-full wp-image-295479\" src=\"https:\/\/www.tgrthaber.com\/mavikadin\/wp-content\/uploads\/2026\/01\/Ali-Tutal-1-1.png\" alt=\"\" width=\"1280\" height=\"720\" title=\"\" srcset=\"https:\/\/www.tgrthaber.com\/mavikadin\/wp-content\/uploads\/2026\/01\/Ali-Tutal-1-1.png 1280w, https:\/\/www.tgrthaber.com\/mavikadin\/wp-content\/uploads\/2026\/01\/Ali-Tutal-1-1-300x169.png 300w, https:\/\/www.tgrthaber.com\/mavikadin\/wp-content\/uploads\/2026\/01\/Ali-Tutal-1-1-1024x576.png 1024w, https:\/\/www.tgrthaber.com\/mavikadin\/wp-content\/uploads\/2026\/01\/Ali-Tutal-1-1-768x432.png 768w\" sizes=\"(max-width: 1280px) 100vw, 1280px\" \/><\/p>\n<hr \/>\n<h3>AL\u0130 TUTAL \u00c7OCUKLARI VAR MI?<\/h3>\n<p>Benzer \u015fekilde, Ali Tutal\u2019\u0131n \u00e7ocuklar\u0131n\u0131n olup olmad\u0131\u011f\u0131 konusunda da kamuya a\u00e7\u0131k, do\u011frulanm\u0131\u015f bir bilgi bulunmamaktad\u0131r.<\/p>\n<h3>AL\u0130 TUTAL\u2019A NE OLDU?<\/h3>\n<p>Usta oyuncu Ali Tutal, evinde ya\u015fad\u0131\u011f\u0131 ani rahats\u0131zl\u0131k sonucu hastaneye kald\u0131r\u0131larak yo\u011fun bak\u0131m \u00fcnitesinde tedavi alt\u0131na al\u0131nd\u0131. Sa\u011fl\u0131k durumu ile ilgili a\u00e7\u0131klamalar ve sanat\u00e7\u0131n\u0131n ya\u015fam\u0131na dair merak edilenler, k\u0131sa s\u00fcrede kamuoyunun g\u00fcndeminde geni\u015f yer buldu.<\/p>\n<p><img loading=\"lazy\" decoding=\"async\" class=\"aligncenter size-full wp-image-295480\" src=\"https:\/\/www.tgrthaber.com\/mavikadin\/wp-content\/uploads\/2026\/01\/Ali-Tutal-1.webp\" alt=\"\" width=\"1200\" height=\"675\" title=\"\" srcset=\"https:\/\/www.tgrthaber.com\/mavikadin\/wp-content\/uploads\/2026\/01\/Ali-Tutal-1.webp 1200w, https:\/\/www.tgrthaber.com\/mavikadin\/wp-content\/uploads\/2026\/01\/Ali-Tutal-1-300x169.webp 300w, https:\/\/www.tgrthaber.com\/mavikadin\/wp-content\/uploads\/2026\/01\/Ali-Tutal-1-1024x576.webp 1024w, https:\/\/www.tgrthaber.com\/mavikadin\/wp-content\/uploads\/2026\/01\/Ali-Tutal-1-768x432.webp 768w\" sizes=\"(max-width: 1200px) 100vw, 1200px\" \/><\/p>\n<hr \/>\n<p>Sinema ve dizi d\u00fcnyas\u0131nda uzun y\u0131llara dayanan kariyeriyle tan\u0131nan Ali Tutal, 2026 y\u0131l\u0131 Ocak ay\u0131 itibar\u0131yla sa\u011fl\u0131k sorunlar\u0131yla g\u00fcndeme geldi. Geni\u015f Aile dizisinde canland\u0131rd\u0131\u011f\u0131 \u201cKoyu Bilal\u201d karakterinin babas\u0131 rol\u00fcyle geni\u015f kitleler taraf\u0131ndan tan\u0131nan usta oyuncu, hayranlar\u0131n\u0131 endi\u015felendirdi. Hastaneye kald\u0131r\u0131lmas\u0131n\u0131n ard\u0131ndan merak edilen t\u00fcm detaylar ara\u015ft\u0131r\u0131lmaya ba\u015fland\u0131.<\/p>\n<p><img loading=\"lazy\" decoding=\"async\" class=\"aligncenter size-full wp-image-295481\" src=\"https:\/\/www.tgrthaber.com\/mavikadin\/wp-content\/uploads\/2026\/01\/Ali-Tutal-2.webp\" alt=\"\" width=\"1200\" height=\"674\" title=\"\" srcset=\"https:\/\/www.tgrthaber.com\/mavikadin\/wp-content\/uploads\/2026\/01\/Ali-Tutal-2.webp 1200w, https:\/\/www.tgrthaber.com\/mavikadin\/wp-content\/uploads\/2026\/01\/Ali-Tutal-2-300x169.webp 300w, https:\/\/www.tgrthaber.com\/mavikadin\/wp-content\/uploads\/2026\/01\/Ali-Tutal-2-1024x575.webp 1024w, https:\/\/www.tgrthaber.com\/mavikadin\/wp-content\/uploads\/2026\/01\/Ali-Tutal-2-768x431.webp 768w\" sizes=\"(max-width: 1200px) 100vw, 1200px\" \/><\/p>\n<hr \/>\n<h3>AL\u0130 TUTAL K\u0130MD\u0130R, KA\u00c7 YA\u015eINDA?<\/h3>\n<p>1950 y\u0131l\u0131nda Diyarbak\u0131r\u2019da d\u00fcnyaya gelen Ali Tutal, 76 ya\u015f\u0131ndad\u0131r. Siyasal \u0130\u015fletme B\u00f6l\u00fcm\u00fc mezunu olan sanat\u00e7\u0131, profesyonel kariyerine 1975-1976 y\u0131llar\u0131nda sinema sekt\u00f6r\u00fcnde ad\u0131m att\u0131. Kariyeri boyunca 50\u2019den fazla sinema filmi ve 20\u2019yi a\u015fk\u0131n televizyon dizisinde oyuncu olarak g\u00f6rev alan Tutal, ayn\u0131 zamanda dublaj s\u00fcperviz\u00f6rl\u00fc\u011f\u00fc ve yerel aksan dan\u0131\u015fmanl\u0131\u011f\u0131 gibi teknik alanlarda da \u00f6nemli katk\u0131larda bulundu.<\/p>\n<p>Ali Tutal\u2019\u0131n yer ald\u0131\u011f\u0131 \u00f6nemli projeler aras\u0131nda \u201cGeni\u015f Aile\u201d, \u201cG\u00fcne\u015fi G\u00f6rd\u00fcm\u201d, \u201cYasak Elma\u201d ve \u201c72. Ko\u011fu\u015f\u201d gibi yap\u0131mlar bulunuyor. Hem ekrandaki performanslar\u0131 hem de sekt\u00f6re yapt\u0131\u011f\u0131 teknik katk\u0131larla sayg\u0131n bir isim olarak kabul edilen oyuncu, y\u0131llar boyunca geni\u015f bir hayran kitlesi edindi.<\/p>\n<p><img loading=\"lazy\" decoding=\"async\" class=\"aligncenter size-full wp-image-295488\" src=\"https:\/\/www.tgrthaber.com\/mavikadin\/wp-content\/uploads\/2026\/01\/Ali-Tutal-3.webp\" alt=\"\" width=\"1280\" height=\"720\" title=\"\" srcset=\"https:\/\/www.tgrthaber.com\/mavikadin\/wp-content\/uploads\/2026\/01\/Ali-Tutal-3.webp 1280w, https:\/\/www.tgrthaber.com\/mavikadin\/wp-content\/uploads\/2026\/01\/Ali-Tutal-3-300x169.webp 300w, https:\/\/www.tgrthaber.com\/mavikadin\/wp-content\/uploads\/2026\/01\/Ali-Tutal-3-1024x576.webp 1024w, https:\/\/www.tgrthaber.com\/mavikadin\/wp-content\/uploads\/2026\/01\/Ali-Tutal-3-768x432.webp 768w\" sizes=\"(max-width: 1280px) 100vw, 1280px\" \/><\/p>\n<hr \/>\n<h3>AL\u0130 TUTAL\u2019IN HASTALI\u011eI VE SON DURUMU<\/h3>\n<p>26 Ocak 2026 tarihinde evinde fenala\u015fan Ali Tutal, acil olarak hastaneye kald\u0131r\u0131ld\u0131. Yap\u0131lan tetkikler sonucunda beyin kanamas\u0131 ge\u00e7irdi\u011fi tespit edildi. Acil servis m\u00fcdahalesinin ard\u0131ndan n\u00f6roloji ve yo\u011fun bak\u0131m ekipleri taraf\u0131ndan devral\u0131nan sanat\u00e7\u0131, hayati fonksiyonlar\u0131n\u0131n takibi amac\u0131yla \u00f6zel bir yo\u011fun bak\u0131m \u00fcnitesine sevk edildi.<\/p>\n<p><img loading=\"lazy\" decoding=\"async\" class=\"aligncenter size-full wp-image-295489\" src=\"https:\/\/www.tgrthaber.com\/mavikadin\/wp-content\/uploads\/2026\/01\/Ali-Tutal-3-1.webp\" alt=\"\" width=\"1280\" height=\"720\" title=\"\" srcset=\"https:\/\/www.tgrthaber.com\/mavikadin\/wp-content\/uploads\/2026\/01\/Ali-Tutal-3-1.webp 1280w, https:\/\/www.tgrthaber.com\/mavikadin\/wp-content\/uploads\/2026\/01\/Ali-Tutal-3-1-300x169.webp 300w, https:\/\/www.tgrthaber.com\/mavikadin\/wp-content\/uploads\/2026\/01\/Ali-Tutal-3-1-1024x576.webp 1024w, https:\/\/www.tgrthaber.com\/mavikadin\/wp-content\/uploads\/2026\/01\/Ali-Tutal-3-1-768x432.webp 768w\" sizes=\"(max-width: 1280px) 100vw, 1280px\" \/><\/p>\n<hr \/>\n<p>\u015eu anda yo\u011fun bak\u0131mda ent\u00fcbe edilerek uyutulan Ali Tutal\u2019\u0131n durumu ciddiyetini koruyor. 76 ya\u015f\u0131ndaki usta oyuncunun hayati riski devam ediyor ve sa\u011fl\u0131k ekibi, t\u00fcm \u00f6nlemleri titizlikle uyguluyor.<\/p>\n","protected":false},"excerpt":{"rendered":"<p>\u2018Ali Tutal kiminle evli? Ali Tutal \u00e7ocuklar\u0131 var m\u0131?\u2019 gibi sorular\u0131n cevaplar\u0131 merak ediliyor. 26 Ocak 2026 tarihinde evinde k\u00f6t\u00fcle\u015fen Ali Tutal, acil olarak hastaneye kald\u0131r\u0131lmas\u0131yla g\u00fcndeme geldi. Sa\u011fl\u0131k durumu kontrol alt\u0131nda tutulmaya \u00e7al\u0131\u015fan \u00fcnl\u00fc ismin hayati riski devam ediyor.<\/p>\n","protected":false},"author":5,"featured_media":295478,"comment_status":"closed","ping_status":"closed","sticky":false,"template":"","format":"standard","meta":{"rank_math_lock_modified_date":false,"footnotes":""},"categories":[491],"tags":[71519,71526,71521,71525,3374],"class_list":["post-295476","post","type-post","status-publish","format-standard","has-post-thumbnail","hentry","category-biyografi","tag-ali-tutal","tag-ali-tutal-biyografi","tag-ali-tutal-hastaligi","tag-ali-tutala-ne-oldu","tag-biyografi"],"_links":{"self":[{"href":"https:\/\/www.tgrthaber.com\/mavikadin\/wp-json\/wp\/v2\/posts\/295476"}],"collection":[{"href":"https:\/\/www.tgrthaber.com\/mavikadin\/wp-json\/wp\/v2\/posts"}],"about":[{"href":"https:\/\/www.tgrthaber.com\/mavikadin\/wp-json\/wp\/v2\/types\/post"}],"author":[{"embeddable":true,"href":"https:\/\/www.tgrthaber.com\/mavikadin\/wp-json\/wp\/v2\/users\/5"}],"replies":[{"embeddable":true,"href":"https:\/\/www.tgrthaber.com\/mavikadin\/wp-json\/wp\/v2\/comments?post=295476"}],"version-history":[{"count":2,"href":"https:\/\/www.tgrthaber.com\/mavikadin\/wp-json\/wp\/v2\/posts\/295476\/revisions"}],"predecessor-version":[{"id":295493,"href":"https:\/\/www.tgrthaber.com\/mavikadin\/wp-json\/wp\/v2\/posts\/295476\/revisions\/295493"}],"wp:featuredmedia":[{"embeddable":true,"href":"https:\/\/www.tgrthaber.com\/mavikadin\/wp-json\/wp\/v2\/media\/295478"}],"wp:attachment":[{"href":"https:\/\/www.tgrthaber.com\/mavikadin\/wp-json\/wp\/v2\/media?parent=295476"}],"wp:term":[{"taxonomy":"category","embeddable":true,"href":"https:\/\/www.tgrthaber.com\/mavikadin\/wp-json\/wp\/v2\/categories?post=295476"},{"taxonomy":"post_tag","embeddable":true,"href":"https:\/\/www.tgrthaber.com\/mavikadin\/wp-json\/wp\/v2\/tags?post=295476"}],"curies":[{"name":"wp","href":"https:\/\/api.w.org\/{rel}","templated":true}]}}