{"id":295494,"date":"2026-01-27T11:32:09","date_gmt":"2026-01-27T08:32:09","guid":{"rendered":"https:\/\/www.tgrthaber.com\/mavikadin\/?p=295494"},"modified":"2026-01-27T11:32:10","modified_gmt":"2026-01-27T08:32:10","slug":"hande-ercel-londrada-bakici-oldu-caner-yildirimdan-olay-paylasim","status":"publish","type":"post","link":"https:\/\/www.tgrthaber.com\/mavikadin\/hande-ercel-londrada-bakici-oldu-caner-yildirimdan-olay-paylasim\/","title":{"rendered":"Hande Er\u00e7el Londra&#8217;da bak\u0131c\u0131 oldu! Caner Y\u0131ld\u0131r\u0131m&#8217;dan olay payla\u015f\u0131m"},"content":{"rendered":"<p>\u00dcnl\u00fc g\u00fczel oyuncu Hande Er\u00e7el, karde\u015fi Gamze Er\u00e7el ve e\u015fi Caner Y\u0131ld\u0131r\u0131m ile gittikleri Londra tatilini payla\u015ft\u0131. Caner Y\u0131ld\u0131r\u0131m, Hande Er\u00e7el\u2019in k\u0131zlar\u0131 Mavi ile ilgilendi\u011fi anlar\u0131, k\u0131zlar\u0131n\u0131n bak\u0131c\u0131s\u0131 olarak Londra tatiline g\u00f6t\u00fcrd\u00fckleri anlar\u0131 sosyal medya hesab\u0131nda payla\u015fmas\u0131 g\u00fcndem oldu. \u0130\u015fte detaylar\u2026<\/p>\n<h3>HANDE ER\u00c7EL A\u0130LES\u0130YLE \u00c7IKTI\u011eI LONDRA TAT\u0130L\u0130 G\u00dcNDEM OLDU!<\/h3>\n<p>\u00dcnl\u00fc g\u00fczel oyuncu Hande Er\u00e7el, g\u00fczelli\u011finin yan\u0131 s\u0131ra ailesiyle de s\u0131k s\u0131k g\u00fcndem oluyor. Gamze Er\u00e7el, \u00fcnl\u00fc oyuncu Hande Er\u00e7el\u2019in ablas\u0131 olarak tan\u0131n\u0131yor ve sosyal medya fenomeni. E\u015fi <a href=\"https:\/\/www.tgrthaber.com\/mavikadin\/hande-ercelin-enistesi-caner-yildirimdan-grand-kartal-otel-yangini-sonrasi-sasirtan-paylasim\/\">Caner Y\u0131ld\u0131r\u0131m<\/a> i\u00e7 mimar ve reklamc\u0131 , aile payla\u015f\u0131mlar\u0131yla sevenlerinin be\u011fenisini kazanan sevilen \u00e7iftler aras\u0131nda. Hande Er\u00e7el s\u0131k s\u0131k ablas\u0131, ye\u011feni ve eni\u015ftesi ile vakit ge\u00e7irdi\u011fi anlar\u0131 sosyal medya payla\u015f\u0131mlar\u0131yla takip\u00e7ileriyle payla\u015f\u0131yor.<\/p>\n<p><img loading=\"lazy\" decoding=\"async\" class=\"alignnone size-full wp-image-295505\" src=\"https:\/\/www.tgrthaber.com\/mavikadin\/wp-content\/uploads\/2026\/01\/Asli-2026-01-27T105213.579.png\" alt=\"\" width=\"1208\" height=\"680\" title=\"\" srcset=\"https:\/\/www.tgrthaber.com\/mavikadin\/wp-content\/uploads\/2026\/01\/Asli-2026-01-27T105213.579.png 1208w, https:\/\/www.tgrthaber.com\/mavikadin\/wp-content\/uploads\/2026\/01\/Asli-2026-01-27T105213.579-300x169.png 300w, https:\/\/www.tgrthaber.com\/mavikadin\/wp-content\/uploads\/2026\/01\/Asli-2026-01-27T105213.579-1024x576.png 1024w, https:\/\/www.tgrthaber.com\/mavikadin\/wp-content\/uploads\/2026\/01\/Asli-2026-01-27T105213.579-768x432.png 768w\" sizes=\"(max-width: 1208px) 100vw, 1208px\" \/><\/p>\n<hr \/>\n<p>Gamze Er\u00e7el\u2019in e\u015fi <a href=\"https:\/\/www.tgrthaber.com\/mavikadin\/hande-ercel-enistesi-caner-yildirimin-dogum-gununu-bu-karelerle-kutladi-gamze-ercel-ise-8-yillik-arsiv-fotograflarini-paylasti\/\">Caner Y\u0131ld\u0131r\u0131m<\/a>, son zamanlarda yapt\u0131\u011f\u0131 sosyal medya payla\u015f\u0131mlar\u0131yla izleyenleri g\u00fcld\u00fcrmeyi ba\u015far\u0131rken b\u00fcy\u00fck bir kitleye hitap eden sosyal medya \u00fcnl\u00fcleri aras\u0131nda da yerini al\u0131yor. Caner Y\u0131ld\u0131r\u0131m, sosyal medya hesab\u0131ndan &#8220;\u00c7ocukla tatile giderken yan\u0131n\u0131za alman\u0131z gereken en \u00f6nemli \u015fey: 1 adet teyze&#8221; notuyla yapt\u0131\u011f\u0131 payla\u015f\u0131mla be\u011feni ve yorum ya\u011fmuruna tutuldu.<\/p>\n<p><img loading=\"lazy\" decoding=\"async\" class=\"alignnone size-full wp-image-295506\" src=\"https:\/\/www.tgrthaber.com\/mavikadin\/wp-content\/uploads\/2026\/01\/Asli-2026-01-27T105008.796.png\" alt=\"\" width=\"1208\" height=\"680\" title=\"\" srcset=\"https:\/\/www.tgrthaber.com\/mavikadin\/wp-content\/uploads\/2026\/01\/Asli-2026-01-27T105008.796.png 1208w, https:\/\/www.tgrthaber.com\/mavikadin\/wp-content\/uploads\/2026\/01\/Asli-2026-01-27T105008.796-300x169.png 300w, https:\/\/www.tgrthaber.com\/mavikadin\/wp-content\/uploads\/2026\/01\/Asli-2026-01-27T105008.796-1024x576.png 1024w, https:\/\/www.tgrthaber.com\/mavikadin\/wp-content\/uploads\/2026\/01\/Asli-2026-01-27T105008.796-768x432.png 768w\" sizes=\"(max-width: 1208px) 100vw, 1208px\" \/><\/p>\n<hr \/>\n<p>Takip\u00e7ilerinin be\u011fenisini kazanmay\u0131 ba\u015faran Caner Y\u0131ld\u0131r\u0131m, sosyal medya hesab\u0131ndan e\u015fi Gamze Er\u00e7el, k\u0131z\u0131 ve Hande Er\u00e7el ile gitti\u011fi Londra tatilinden video payla\u015farak, videoda e\u015fi Gamze Er\u00e7el&#8217;e &#8220;A\u015fk\u0131m, bak\u0131c\u0131 al\u0131p geldi\u011fimiz \u00e7ok iyi oldu dimi?&#8221; diyerek Hande Er\u00e7el ile k\u0131z\u0131 Mavi\u2019nin anlar\u0131n\u0131 payla\u015ft\u0131. \u0130zleyenlerin be\u011fenisini kazanan Caner Y\u0131ld\u0131r\u0131m\u2019\u0131n Hande Er\u00e7el ve ye\u011feni Mavi ile anlar\u0131 tebess\u00fcm ettirdi ve g\u00fcndem oldu.<\/p>\n<div style=\"width: 640px;\" class=\"wp-video\"><!--[if lt IE 9]><script>document.createElement('video');<\/script><![endif]-->\n<video class=\"wp-video-shortcode\" id=\"video-295494-1\" width=\"640\" height=\"1138\" preload=\"metadata\" controls=\"controls\"><source type=\"video\/mp4\" src=\"https:\/\/www.tgrthaber.com\/mavikadin\/wp-content\/uploads\/2026\/01\/reels-sessiz-98.mp4?_=1\" \/><a href=\"https:\/\/www.tgrthaber.com\/mavikadin\/wp-content\/uploads\/2026\/01\/reels-sessiz-98.mp4\">https:\/\/www.tgrthaber.com\/mavikadin\/wp-content\/uploads\/2026\/01\/reels-sessiz-98.mp4<\/a><\/video><\/div>\n<hr \/>\n<h3>GAMZE ER\u00c7EL YILDIRIM K\u0130MD\u0130R?<\/h3>\n<p>Oyuncu Hande Er\u00e7el\u2019in ablas\u0131 oldu\u011fu bilinen Gamze Er\u00e7el merak edildi. 17 Mart 1992 tarihinde Bal\u0131kesir\u2019in Band\u0131rma il\u00e7esinde do\u011fdu\u011fu bilinmektedir. Gamze Er\u00e7el, \u00c7anakkale 18 Mart \u00dcniversitesi Moda ve Tekstil Tasar\u0131m\u0131 b\u00f6l\u00fcm\u00fcnden mezun oldu. 10 y\u0131ld\u0131r tasar\u0131m ile ilgilenip \u00e7izim \u00e7al\u0131\u015fmalar\u0131 yap\u0131yor.<\/p>\n<p><img loading=\"lazy\" decoding=\"async\" class=\"alignnone size-full wp-image-295510\" src=\"https:\/\/www.tgrthaber.com\/mavikadin\/wp-content\/uploads\/2026\/01\/Asli-2026-01-27T104820.236.png\" alt=\"\" width=\"1208\" height=\"680\" title=\"\" srcset=\"https:\/\/www.tgrthaber.com\/mavikadin\/wp-content\/uploads\/2026\/01\/Asli-2026-01-27T104820.236.png 1208w, https:\/\/www.tgrthaber.com\/mavikadin\/wp-content\/uploads\/2026\/01\/Asli-2026-01-27T104820.236-300x169.png 300w, https:\/\/www.tgrthaber.com\/mavikadin\/wp-content\/uploads\/2026\/01\/Asli-2026-01-27T104820.236-1024x576.png 1024w, https:\/\/www.tgrthaber.com\/mavikadin\/wp-content\/uploads\/2026\/01\/Asli-2026-01-27T104820.236-768x432.png 768w\" sizes=\"(max-width: 1208px) 100vw, 1208px\" \/><\/p>\n<hr \/>\n<p>Erkek g\u00f6mle\u011fi tasar\u0131m\u0131 \u00e7al\u0131\u015fmalar\u0131 da bulunan Er\u00e7el, 2012 y\u0131l\u0131nda Miss Face of Cinema adl\u0131 bir organizasyona kat\u0131larak burada &#8220;Sinema G\u00fczeli&#8221; se\u00e7ilmi\u015ftir. G\u00fcne\u015fin K\u0131zlar\u0131 dizisiyle me\u015fhur olan k\u0131z karde\u015fi Hande Er\u00e7el gibi oyunculuk ile kariyerine devam eden Gamze Er\u00e7el, Hayat A\u011fac\u0131 ve \u00c7\u0131lg\u0131n Dershane \u00dcniversite gibi projelerde yer ald\u0131. &#8220;Umuda Kelep\u00e7e Vurulmaz&#8221; adl\u0131 dizide Simge karakterini oynam\u0131\u015ft\u0131r.<\/p>\n<p><img loading=\"lazy\" decoding=\"async\" class=\"alignnone size-full wp-image-295509\" src=\"https:\/\/www.tgrthaber.com\/mavikadin\/wp-content\/uploads\/2026\/01\/Asli-2026-01-27T104832.493.png\" alt=\"\" width=\"1208\" height=\"680\" title=\"\" srcset=\"https:\/\/www.tgrthaber.com\/mavikadin\/wp-content\/uploads\/2026\/01\/Asli-2026-01-27T104832.493.png 1208w, https:\/\/www.tgrthaber.com\/mavikadin\/wp-content\/uploads\/2026\/01\/Asli-2026-01-27T104832.493-300x169.png 300w, https:\/\/www.tgrthaber.com\/mavikadin\/wp-content\/uploads\/2026\/01\/Asli-2026-01-27T104832.493-1024x576.png 1024w, https:\/\/www.tgrthaber.com\/mavikadin\/wp-content\/uploads\/2026\/01\/Asli-2026-01-27T104832.493-768x432.png 768w\" sizes=\"(max-width: 1208px) 100vw, 1208px\" \/><\/p>\n<p>2019 y\u0131l\u0131nda mimar Caner Y\u0131ld\u0131r\u0131m ile evlenen Gamze Er\u00e7el Y\u0131ld\u0131r\u0131m, ayn\u0131 y\u0131l d\u00fcnyaya gelen k\u0131z\u0131na Aylin Mavi ad\u0131n\u0131 verdi. 1.69 metre boyunda oldu\u011fu bilinen Er\u00e7el, hem ailesi hem de kariyeriyle sosyal medyada merak edilen isimler aras\u0131nda yerini al\u0131yor.<\/p>\n","protected":false},"excerpt":{"rendered":"<p>Oyuncu Hande Er\u00e7el ailesiyle \u00e7\u0131kt\u0131\u011f\u0131 Londra tatilinde eni\u015ftesi Caner Y\u0131ld\u0131r\u0131m\u2019\u0131n tebess\u00fcm ettiren payla\u015f\u0131m\u0131yla g\u00fcndem oldu. Gamze Er\u00e7el ve e\u015fi Caner Y\u0131ld\u0131r\u0131m, Hande Er\u00e7el&#8217;e &#8220;bak\u0131c\u0131l\u0131k&#8221; g\u00f6revi olarak Londra tatiline g\u00f6t\u00fcrd\u00fckleri anlar\u0131 payla\u015ft\u0131.<\/p>\n","protected":false},"author":37,"featured_media":295511,"comment_status":"closed","ping_status":"closed","sticky":false,"template":"","format":"standard","meta":{"rank_math_lock_modified_date":false,"footnotes":""},"categories":[76],"tags":[8716,15864,2391],"class_list":["post-295494","post","type-post","status-publish","format-standard","has-post-thumbnail","hentry","category-magazin","tag-caner-yildirim-gamze-ercel","tag-gamze-ercel","tag-hande-ercel"],"_links":{"self":[{"href":"https:\/\/www.tgrthaber.com\/mavikadin\/wp-json\/wp\/v2\/posts\/295494"}],"collection":[{"href":"https:\/\/www.tgrthaber.com\/mavikadin\/wp-json\/wp\/v2\/posts"}],"about":[{"href":"https:\/\/www.tgrthaber.com\/mavikadin\/wp-json\/wp\/v2\/types\/post"}],"author":[{"embeddable":true,"href":"https:\/\/www.tgrthaber.com\/mavikadin\/wp-json\/wp\/v2\/users\/37"}],"replies":[{"embeddable":true,"href":"https:\/\/www.tgrthaber.com\/mavikadin\/wp-json\/wp\/v2\/comments?post=295494"}],"version-history":[{"count":2,"href":"https:\/\/www.tgrthaber.com\/mavikadin\/wp-json\/wp\/v2\/posts\/295494\/revisions"}],"predecessor-version":[{"id":295513,"href":"https:\/\/www.tgrthaber.com\/mavikadin\/wp-json\/wp\/v2\/posts\/295494\/revisions\/295513"}],"wp:featuredmedia":[{"embeddable":true,"href":"https:\/\/www.tgrthaber.com\/mavikadin\/wp-json\/wp\/v2\/media\/295511"}],"wp:attachment":[{"href":"https:\/\/www.tgrthaber.com\/mavikadin\/wp-json\/wp\/v2\/media?parent=295494"}],"wp:term":[{"taxonomy":"category","embeddable":true,"href":"https:\/\/www.tgrthaber.com\/mavikadin\/wp-json\/wp\/v2\/categories?post=295494"},{"taxonomy":"post_tag","embeddable":true,"href":"https:\/\/www.tgrthaber.com\/mavikadin\/wp-json\/wp\/v2\/tags?post=295494"}],"curies":[{"name":"wp","href":"https:\/\/api.w.org\/{rel}","templated":true}]}}