{"id":295495,"date":"2026-01-27T11:23:35","date_gmt":"2026-01-27T08:23:35","guid":{"rendered":"https:\/\/www.tgrthaber.com\/mavikadin\/?p=295495"},"modified":"2026-01-27T11:23:35","modified_gmt":"2026-01-27T08:23:35","slug":"kivanc-tatlitugun-basrol-oldugu-donence-dizisinin-yonetmeni-belli-oldu-can-evrenoldan-bir-imza-daha","status":"publish","type":"post","link":"https:\/\/www.tgrthaber.com\/mavikadin\/kivanc-tatlitugun-basrol-oldugu-donence-dizisinin-yonetmeni-belli-oldu-can-evrenoldan-bir-imza-daha\/","title":{"rendered":"K\u0131van\u00e7 Tatl\u0131tu\u011f\u2019un ba\u015frol oldu\u011fu D\u00f6nence dizisinin y\u00f6netmeni belli oldu! Can Evrenol\u2019dan bir imza daha"},"content":{"rendered":"<p>Uzun s\u00fcredir ekranlardan uzak kalan K\u0131van\u00e7 Tatl\u0131tu\u011f\u2019un, ba\u015frol oldu\u011fu <a href=\"https:\/\/www.tgrthaber.com\/mavikadin\/kivanc-tatlitugun-yeni-dizisi-netlesti-ajan-hikayesine-dahil-olan-tatlitugun-rolu-sasirtti\/?p=2\">D\u00f6nence<\/a> dizisinin y\u00f6netmeni belli oldu. Ba\u015far\u0131l\u0131 ve yak\u0131\u015f\u0131kl\u0131 oyunculu\u011fuyla dikkatleri \u00fczerine \u00e7eken K\u0131van\u00e7 Tatl\u0131tu\u011f\u2019un merakla beklenen yeni dizisi D\u00f6nence\u2019nin y\u00f6netmen koltu\u011funda Can Evrenol\u2019un oturaca\u011f\u0131 \u00f6\u011frenildi. Son olarak \u2018Aile\u2019 dizisiyle seyirci kar\u015f\u0131s\u0131na \u00e7\u0131kan K\u0131van\u00e7 Tatl\u0131tu\u011f, ekranlara geri d\u00f6n\u00fcyor. Etkileyici hikayesi ve g\u00fc\u00e7l\u00fc oyuncu kadrosuyla izleyici kar\u015f\u0131s\u0131na \u00e7\u0131kmaya haz\u0131rlanan dizinin y\u00f6netmen koltu\u011fu i\u00e7in kulislerde ad\u0131 ge\u00e7en isim Can Evrenol oldu. \u0130\u015fte D\u00f6nence dizisine dair merak edilenler\u2026<\/p>\n<h3>KIVAN\u00c7 TATLITU\u011e\u2019UN BA\u015eROL OLDU\u011eU D\u00d6NENCE D\u0130Z\u0130S\u0130N\u0130N Y\u00d6NETMEN\u0130 BELL\u0130 OLDU!<\/h3>\n<p>Oyunculuk kariyeri boyunca yer ald\u0131\u011f\u0131 dizilerde b\u00fcy\u00fck ses getirerek pop\u00fclerlik kazanan K\u0131van\u00e7 Tatl\u0131tu\u011f, <a href=\"https:\/\/www.tgrthaber.com\/mavikadin\/kivanc-tatlitugun-kazanci-dudak-ucuklatti-banka-reklamlarindan-milyon-dolar-kazandigi-ogrenildi\/?p=3\">D\u00f6nence<\/a> dizisinin ba\u015frol\u00fc olmu\u015ftu. Uzun s\u00fcredir ekranlarda g\u00f6r\u00fcnmeyen ba\u015far\u0131l\u0131 oyuncu, son olarak Organize \u0130\u015fler: Karun Hazinesi dizisinde yer alaca\u011f\u0131 haberleriyle dikkatleri \u00fczerine \u00e7ekmi\u015fti.<\/p>\n<p><img loading=\"lazy\" decoding=\"async\" class=\"size-full wp-image-295499\" src=\"https:\/\/www.tgrthaber.com\/mavikadin\/wp-content\/uploads\/2026\/01\/Donence-dizi-4.jpg\" alt=\"K\u0131van\u00e7 Tatl\u0131tu\u011f\u2019un ba\u015frol oldu\u011fu D\u00f6nence dizisinin y\u00f6netmeni belli oldu! Can Evrenol\u2019dan bir imza daha\" width=\"1208\" height=\"680\" title=\"\" srcset=\"https:\/\/www.tgrthaber.com\/mavikadin\/wp-content\/uploads\/2026\/01\/Donence-dizi-4.jpg 1208w, https:\/\/www.tgrthaber.com\/mavikadin\/wp-content\/uploads\/2026\/01\/Donence-dizi-4-300x169.jpg 300w, https:\/\/www.tgrthaber.com\/mavikadin\/wp-content\/uploads\/2026\/01\/Donence-dizi-4-1024x576.jpg 1024w, https:\/\/www.tgrthaber.com\/mavikadin\/wp-content\/uploads\/2026\/01\/Donence-dizi-4-768x432.jpg 768w\" sizes=\"(max-width: 1208px) 100vw, 1208px\" \/><\/p>\n<hr \/>\n<p>Ba\u015far\u0131l\u0131 ve yak\u0131\u015f\u0131kl\u0131 oyunculu\u011fuyla ad\u0131ndan s\u0131k s\u0131k s\u00f6z ettiren K\u0131van\u00e7 Tatl\u0131tu\u011f\u2019un ba\u015frol oynad\u0131\u011f\u0131 D\u00f6nence dizisinin y\u00f6netmeni belli oldu. Uzun bir aran\u0131n ard\u0131ndan dijital platform dizisiyle izleyici kar\u015f\u0131s\u0131na \u00e7\u0131kmaya haz\u0131rlanan K\u0131van\u00e7 Tatl\u0131tu\u011f\u2019un ba\u015frol oynayaca\u011f\u0131 D\u00f6nence dizisinin y\u00f6netmen koltu\u011funda Can Evrenol\u2019un oturaca\u011f\u0131 \u00f6\u011frenildi.<\/p>\n<p><img loading=\"lazy\" decoding=\"async\" class=\"size-full wp-image-295502\" src=\"https:\/\/www.tgrthaber.com\/mavikadin\/wp-content\/uploads\/2026\/01\/Donence-dizi-7.jpg\" alt=\"K\u0131van\u00e7 Tatl\u0131tu\u011f\u2019un ba\u015frol oldu\u011fu D\u00f6nence dizisinin y\u00f6netmeni belli oldu! Can Evrenol\u2019dan bir imza daha\" width=\"1208\" height=\"680\" title=\"\" srcset=\"https:\/\/www.tgrthaber.com\/mavikadin\/wp-content\/uploads\/2026\/01\/Donence-dizi-7.jpg 1208w, https:\/\/www.tgrthaber.com\/mavikadin\/wp-content\/uploads\/2026\/01\/Donence-dizi-7-300x169.jpg 300w, https:\/\/www.tgrthaber.com\/mavikadin\/wp-content\/uploads\/2026\/01\/Donence-dizi-7-1024x576.jpg 1024w, https:\/\/www.tgrthaber.com\/mavikadin\/wp-content\/uploads\/2026\/01\/Donence-dizi-7-768x432.jpg 768w\" sizes=\"(max-width: 1208px) 100vw, 1208px\" \/><\/p>\n<hr \/>\n<p>Son olarak \u2018Aile\u2019 dizisiyle seyirci kar\u015f\u0131s\u0131na \u00e7\u0131kan K\u0131van\u00e7 Tatl\u0131tu\u011f, ekranlara geri d\u00f6n\u00fcyor. Etkileyici hikayesi ve g\u00fc\u00e7l\u00fc oyuncu kadrosuyla izleyici kar\u015f\u0131s\u0131na \u00e7\u0131kmaya haz\u0131rlanan D\u00f6nence dizisinin y\u00f6netmen koltu\u011fu i\u00e7in kulislerde ad\u0131 ge\u00e7en isim Can Evrenol oldu.<\/p>\n<p><img loading=\"lazy\" decoding=\"async\" class=\"size-full wp-image-295497\" src=\"https:\/\/www.tgrthaber.com\/mavikadin\/wp-content\/uploads\/2026\/01\/Donence-dizi-2.jpg\" alt=\"K\u0131van\u00e7 Tatl\u0131tu\u011f\u2019un ba\u015frol oldu\u011fu D\u00f6nence dizisinin y\u00f6netmeni belli oldu! Can Evrenol\u2019dan bir imza daha\" width=\"1208\" height=\"680\" title=\"\" srcset=\"https:\/\/www.tgrthaber.com\/mavikadin\/wp-content\/uploads\/2026\/01\/Donence-dizi-2.jpg 1208w, https:\/\/www.tgrthaber.com\/mavikadin\/wp-content\/uploads\/2026\/01\/Donence-dizi-2-300x169.jpg 300w, https:\/\/www.tgrthaber.com\/mavikadin\/wp-content\/uploads\/2026\/01\/Donence-dizi-2-1024x576.jpg 1024w, https:\/\/www.tgrthaber.com\/mavikadin\/wp-content\/uploads\/2026\/01\/Donence-dizi-2-768x432.jpg 768w\" sizes=\"(max-width: 1208px) 100vw, 1208px\" \/><\/p>\n<hr \/>\n<p>Bozda\u011f Film\u2019in Disney Plus i\u00e7in \u00e7ekece\u011fi D\u00f6nence dizisi b\u00fcy\u00fck bir heeycanla bekleniyor. Gazeteci Birsen Altunta\u015f\u2019\u0131n haberine g\u00f6re; Mehmet Bozda\u011f ve Kerem Kurt\u2019un kaleme ald\u0131\u011f\u0131 dizide K\u0131van\u00e7 Tatl\u0131tu\u011f, polislikten at\u0131ld\u0131ktan sonra istihbarat ad\u0131na kurulan \u00f6zel timde ajan olan Ali rol\u00fcne hayat verecek. Dizinin y\u00f6netmen koltu\u011funda ise Can Evrenol\u2019un oturmas\u0131 bekleniyor.<\/p>\n<p><img loading=\"lazy\" decoding=\"async\" class=\"size-full wp-image-295504\" src=\"https:\/\/www.tgrthaber.com\/mavikadin\/wp-content\/uploads\/2026\/01\/Donence-dizi-1.jpg\" alt=\"K\u0131van\u00e7 Tatl\u0131tu\u011f\u2019un ba\u015frol oldu\u011fu D\u00f6nence dizisinin y\u00f6netmeni belli oldu! Can Evrenol\u2019dan bir imza daha\" width=\"1208\" height=\"680\" title=\"\" srcset=\"https:\/\/www.tgrthaber.com\/mavikadin\/wp-content\/uploads\/2026\/01\/Donence-dizi-1.jpg 1208w, https:\/\/www.tgrthaber.com\/mavikadin\/wp-content\/uploads\/2026\/01\/Donence-dizi-1-300x169.jpg 300w, https:\/\/www.tgrthaber.com\/mavikadin\/wp-content\/uploads\/2026\/01\/Donence-dizi-1-1024x576.jpg 1024w, https:\/\/www.tgrthaber.com\/mavikadin\/wp-content\/uploads\/2026\/01\/Donence-dizi-1-768x432.jpg 768w\" sizes=\"(max-width: 1208px) 100vw, 1208px\" \/><\/p>\n<hr \/>\n<h3>CAN EVRENOL KIVAN\u00c7 TATLITU\u011e\u2019LU D\u00d6NENCE D\u0130Z\u0130S\u0130NE \u0130MZA ATMAYA GEL\u0130YOR!<\/h3>\n<p>Y\u00f6netmenlik kariyeri boyunca bir\u00e7ok ba\u015far\u0131l\u0131 projeye imza atan Can Evrenol, bu kez K\u0131van\u00e7 Tatl\u0131tu\u011f\u2019un ba\u015frol oynad\u0131\u011f\u0131 <a href=\"https:\/\/www.tgrthaber.com\/mavikadin\/kivanc-tatlitug-yeni-projesiyle-aylik-16-milyon-tl-kazanacak-partnerinin-pinar-deniz-olacagi-iddia-ediliyor\/\">D\u00f6nence<\/a> dizisine imza atmaya geliyor. Etkileyici hikayesi ve g\u00fc\u00e7l\u00fc oyuncu kadrosuyla dikkat \u00e7eken dizinin y\u00f6netmen koltu\u011funda Can Evrenol\u2019un oturaca\u011f\u0131 konu\u015fuluyor.<\/p>\n<p><img loading=\"lazy\" decoding=\"async\" class=\"size-full wp-image-295501\" src=\"https:\/\/www.tgrthaber.com\/mavikadin\/wp-content\/uploads\/2026\/01\/Donence-dizi-6.jpg\" alt=\"K\u0131van\u00e7 Tatl\u0131tu\u011f\u2019un ba\u015frol oldu\u011fu D\u00f6nence dizisinin y\u00f6netmeni belli oldu! Can Evrenol\u2019dan bir imza daha\" width=\"1208\" height=\"680\" title=\"\" srcset=\"https:\/\/www.tgrthaber.com\/mavikadin\/wp-content\/uploads\/2026\/01\/Donence-dizi-6.jpg 1208w, https:\/\/www.tgrthaber.com\/mavikadin\/wp-content\/uploads\/2026\/01\/Donence-dizi-6-300x169.jpg 300w, https:\/\/www.tgrthaber.com\/mavikadin\/wp-content\/uploads\/2026\/01\/Donence-dizi-6-1024x576.jpg 1024w, https:\/\/www.tgrthaber.com\/mavikadin\/wp-content\/uploads\/2026\/01\/Donence-dizi-6-768x432.jpg 768w\" sizes=\"(max-width: 1208px) 100vw, 1208px\" \/><\/p>\n<hr \/>\n<p>Can Evrenol\u2019un y\u00f6netece\u011fi D\u00f6nence dizisinin kad\u0131n ba\u015frol karakteri i\u00e7in ajan Yasemin rol\u00fcnde P\u0131nar Deniz ile g\u00f6r\u00fc\u015fmelerin devam etti\u011fi biliniyor. G\u00fc\u00e7l\u00fc oyuncu kadrosuyla izleyici kar\u015f\u0131s\u0131na \u00e7\u0131kmas\u0131 beklenen D\u00f6nence dizisinin \u00e7ekimlerinin mart ay\u0131nda ba\u015flamas\u0131 planlan\u0131yor.<\/p>\n<p><img loading=\"lazy\" decoding=\"async\" class=\"size-full wp-image-295498\" src=\"https:\/\/www.tgrthaber.com\/mavikadin\/wp-content\/uploads\/2026\/01\/Donence-dizi-3.jpg\" alt=\"K\u0131van\u00e7 Tatl\u0131tu\u011f\u2019un ba\u015frol oldu\u011fu D\u00f6nence dizisinin y\u00f6netmeni belli oldu! Can Evrenol\u2019dan bir imza daha\" width=\"1208\" height=\"680\" title=\"\" srcset=\"https:\/\/www.tgrthaber.com\/mavikadin\/wp-content\/uploads\/2026\/01\/Donence-dizi-3.jpg 1208w, https:\/\/www.tgrthaber.com\/mavikadin\/wp-content\/uploads\/2026\/01\/Donence-dizi-3-300x169.jpg 300w, https:\/\/www.tgrthaber.com\/mavikadin\/wp-content\/uploads\/2026\/01\/Donence-dizi-3-1024x576.jpg 1024w, https:\/\/www.tgrthaber.com\/mavikadin\/wp-content\/uploads\/2026\/01\/Donence-dizi-3-768x432.jpg 768w\" sizes=\"(max-width: 1208px) 100vw, 1208px\" \/><\/p>\n<hr \/>\n<p>Toplamda 8 b\u00f6l\u00fcmden olu\u015facak D\u00f6nence dizisinin \u00e7ekimlerinin ise \u0130stanbul\u2019da yap\u0131laca\u011f\u0131 s\u00f6yleniyor. Di\u011fer yandan K\u0131van\u00e7 Tatl\u0131tu\u011f\u2019un b\u00f6l\u00fcm ba\u015f\u0131na diziden 4 milyon TL kazanaca\u011f\u0131 da iddia edilenler aras\u0131nda yer al\u0131yor.<\/p>\n","protected":false},"excerpt":{"rendered":"<p>K\u0131van\u00e7 Tatl\u0131tu\u011f\u2019un merakla beklenen yeni dizisi D\u00f6nence\u2019nin y\u00f6netmeni belli oldu. Yak\u0131\u015f\u0131kl\u0131 ve ba\u015far\u0131l\u0131 oyuncunun ba\u015frol oynayaca\u011f\u0131 D\u00f6nence dizisinin y\u00f6netmen koltu\u011funda Can Evrenol\u2019un oturaca\u011f\u0131 \u00f6\u011frenildi. \u0130\u015fte detaylar\u2026<\/p>\n","protected":false},"author":26,"featured_media":295500,"comment_status":"closed","ping_status":"closed","sticky":false,"template":"","format":"standard","meta":{"rank_math_lock_modified_date":false,"footnotes":""},"categories":[602],"tags":[71527,32159,2628,3602,68670,2498,2335],"class_list":["post-295495","post","type-post","status-publish","format-standard","has-post-thumbnail","hentry","category-diziler","tag-can-evrenol","tag-dizi","tag-dizi-haberleri","tag-diziler","tag-donence-dizisi","tag-kivanc-tatlitug","tag-pinar-deniz"],"_links":{"self":[{"href":"https:\/\/www.tgrthaber.com\/mavikadin\/wp-json\/wp\/v2\/posts\/295495"}],"collection":[{"href":"https:\/\/www.tgrthaber.com\/mavikadin\/wp-json\/wp\/v2\/posts"}],"about":[{"href":"https:\/\/www.tgrthaber.com\/mavikadin\/wp-json\/wp\/v2\/types\/post"}],"author":[{"embeddable":true,"href":"https:\/\/www.tgrthaber.com\/mavikadin\/wp-json\/wp\/v2\/users\/26"}],"replies":[{"embeddable":true,"href":"https:\/\/www.tgrthaber.com\/mavikadin\/wp-json\/wp\/v2\/comments?post=295495"}],"version-history":[{"count":1,"href":"https:\/\/www.tgrthaber.com\/mavikadin\/wp-json\/wp\/v2\/posts\/295495\/revisions"}],"predecessor-version":[{"id":295507,"href":"https:\/\/www.tgrthaber.com\/mavikadin\/wp-json\/wp\/v2\/posts\/295495\/revisions\/295507"}],"wp:featuredmedia":[{"embeddable":true,"href":"https:\/\/www.tgrthaber.com\/mavikadin\/wp-json\/wp\/v2\/media\/295500"}],"wp:attachment":[{"href":"https:\/\/www.tgrthaber.com\/mavikadin\/wp-json\/wp\/v2\/media?parent=295495"}],"wp:term":[{"taxonomy":"category","embeddable":true,"href":"https:\/\/www.tgrthaber.com\/mavikadin\/wp-json\/wp\/v2\/categories?post=295495"},{"taxonomy":"post_tag","embeddable":true,"href":"https:\/\/www.tgrthaber.com\/mavikadin\/wp-json\/wp\/v2\/tags?post=295495"}],"curies":[{"name":"wp","href":"https:\/\/api.w.org\/{rel}","templated":true}]}}