{"id":295496,"date":"2026-01-27T11:38:11","date_gmt":"2026-01-27T08:38:11","guid":{"rendered":"https:\/\/www.tgrthaber.com\/mavikadin\/?p=295496"},"modified":"2026-01-27T11:38:11","modified_gmt":"2026-01-27T08:38:11","slug":"cennetin-cocuklari-son-bolumde-ne-oldu-cennetin-cocuklari-20-bolum-fragmani-yayinlandi-mi","status":"publish","type":"post","link":"https:\/\/www.tgrthaber.com\/mavikadin\/cennetin-cocuklari-son-bolumde-ne-oldu-cennetin-cocuklari-20-bolum-fragmani-yayinlandi-mi\/","title":{"rendered":"Cennetin \u00c7ocuklar\u0131 son b\u00f6l\u00fcmde ne oldu? Cennetin \u00c7ocuklar\u0131 20. b\u00f6l\u00fcm fragman\u0131 yay\u0131nland\u0131 m\u0131?"},"content":{"rendered":"<p><a href=\"https:\/\/www.tgrthaber.com\/mavikadin\/melisa-senolsun-cennetin-cocuklari-dizisinden-ayriliyor-mu-cennetin-cocuklarinda-soke-eden-veda\/\">Cennetin \u00c7ocuklar\u0131<\/a>, izleyicisi taraf\u0131ndan merakla takip edilen dizilerden biri oluyor. Son b\u00f6l\u00fcm\u00fcyle d\u00fcn ak\u015fam ekranlara gelen Cennetin \u00c7ocuklar\u0131, 20. B\u00f6l\u00fcm fragman\u0131yla da arama motorlar\u0131nda en \u00e7ok merak edilen dizilerden biri oluyor. Peki, Cennetin \u00c7ocuklar\u0131 son b\u00f6l\u00fcmde ne oldu? Cennetin \u00c7ocuklar\u0131 20. b\u00f6l\u00fcm fragman\u0131 yay\u0131nland\u0131 m\u0131? sorular\u0131n\u0131 sizin i\u00e7in ara\u015ft\u0131rd\u0131k. \u0130\u015fte detaylar\u2026<\/p>\n<h3>CENNET\u0130N \u00c7OCUKLARI SON B\u00d6L\u00dcMDE NE OLDU?<\/h3>\n<p>TRT 1 ekranlar\u0131nda yay\u0131nlanan <a href=\"https:\/\/www.tgrthaber.com\/mavikadin\/cennetin-cocuklari-dizisinde-surpriz-karar-iki-oyuncu-veda-edecek\/\">Cennetin \u00c7ocuklar\u0131,<\/a> 26 Ocak 2026 tarihinde ekranlara gelerek yeni b\u00f6l\u00fcm\u00fcyle dikkatleri \u00fczerine \u00e7ekti. Yeni b\u00f6l\u00fcm\u00fcyle dikkatleri \u00fczerine \u00e7eken Cennetin \u00c7ocuklar\u0131, \u0130skender\u2019in kimli\u011finin a\u00e7\u0131\u011fa \u00e7\u0131kmas\u0131yla birlikte en b\u00fcy\u00fck korkusu da ger\u00e7e\u011fe d\u00f6n\u00fc\u015fmektedir.<\/p>\n<p><img loading=\"lazy\" decoding=\"async\" class=\"alignnone size-full wp-image-295520\" src=\"https:\/\/www.tgrthaber.com\/mavikadin\/wp-content\/uploads\/2026\/01\/cennetin-cocuklari-5.jpg\" alt=\"Cennetin \u00c7ocuklar\u0131 son b\u00f6l\u00fcmde ne oldu? Cennetin \u00c7ocuklar\u0131 20. b\u00f6l\u00fcm fragman\u0131 yay\u0131nland\u0131 m\u0131? \" width=\"1208\" height=\"680\" title=\"\" srcset=\"https:\/\/www.tgrthaber.com\/mavikadin\/wp-content\/uploads\/2026\/01\/cennetin-cocuklari-5.jpg 1208w, https:\/\/www.tgrthaber.com\/mavikadin\/wp-content\/uploads\/2026\/01\/cennetin-cocuklari-5-300x169.jpg 300w, https:\/\/www.tgrthaber.com\/mavikadin\/wp-content\/uploads\/2026\/01\/cennetin-cocuklari-5-1024x576.jpg 1024w, https:\/\/www.tgrthaber.com\/mavikadin\/wp-content\/uploads\/2026\/01\/cennetin-cocuklari-5-768x432.jpg 768w\" sizes=\"(max-width: 1208px) 100vw, 1208px\" \/><\/p>\n<hr \/>\n<p>Saklanacak yeri kalmayan \u0130skender, ailesiyle y\u00fczle\u015fmek zorunda kalarak hem \u00e7evresini hem de kendisini olduk\u00e7a zor bir duruma sokacakt\u0131r. Herkesin hayat\u0131 tamamen de\u011fi\u015ferek derinden etkilenecekler. Ayr\u0131ca Kamil\u2019in \u00f6l\u00fcm haberiyle \u00fcz\u00fclen Cennet Ana, derin ac\u0131lar ya\u015far.<\/p>\n<p><img loading=\"lazy\" decoding=\"async\" class=\"alignnone size-full wp-image-295519\" src=\"https:\/\/www.tgrthaber.com\/mavikadin\/wp-content\/uploads\/2026\/01\/cennetin-cocuklari-4.jpg\" alt=\"Cennetin \u00c7ocuklar\u0131 son b\u00f6l\u00fcmde ne oldu? Cennetin \u00c7ocuklar\u0131 20. b\u00f6l\u00fcm fragman\u0131 yay\u0131nland\u0131 m\u0131? \" width=\"1208\" height=\"680\" title=\"\" srcset=\"https:\/\/www.tgrthaber.com\/mavikadin\/wp-content\/uploads\/2026\/01\/cennetin-cocuklari-4.jpg 1208w, https:\/\/www.tgrthaber.com\/mavikadin\/wp-content\/uploads\/2026\/01\/cennetin-cocuklari-4-300x169.jpg 300w, https:\/\/www.tgrthaber.com\/mavikadin\/wp-content\/uploads\/2026\/01\/cennetin-cocuklari-4-1024x576.jpg 1024w, https:\/\/www.tgrthaber.com\/mavikadin\/wp-content\/uploads\/2026\/01\/cennetin-cocuklari-4-768x432.jpg 768w\" sizes=\"(max-width: 1208px) 100vw, 1208px\" \/><\/p>\n<hr \/>\n<p>Fakat gelen cenazenin ger\u00e7ekten Kamil\u2019e ait olup olmad\u0131\u011f\u0131 \u015f\u00fcpheleri \u00fczerine \u00e7eker. Kamil\u2019in \u00f6l\u00fcm\u00fc ailedeki her \u015feyi de\u011fi\u015ftirmeye ba\u015flar. \u00c7\u00fcnk\u00fc \u00f6\u011frendiklerini ger\u00e7eklerle \u0130skender\u2019e kar\u015f\u0131 sert bir tepki veren kuzenler durumu da olduk\u00e7a i\u00e7 a\u00e7mayan durumlara neden olmas\u0131na neden olacakt\u0131r.<\/p>\n<h3><img loading=\"lazy\" decoding=\"async\" class=\"alignnone size-full wp-image-295518\" src=\"https:\/\/www.tgrthaber.com\/mavikadin\/wp-content\/uploads\/2026\/01\/cennetin-cocuklari-3.jpg\" alt=\"Cennetin \u00c7ocuklar\u0131 son b\u00f6l\u00fcmde ne oldu? Cennetin \u00c7ocuklar\u0131 20. b\u00f6l\u00fcm fragman\u0131 yay\u0131nland\u0131 m\u0131? \" width=\"1208\" height=\"680\" title=\"\" srcset=\"https:\/\/www.tgrthaber.com\/mavikadin\/wp-content\/uploads\/2026\/01\/cennetin-cocuklari-3.jpg 1208w, https:\/\/www.tgrthaber.com\/mavikadin\/wp-content\/uploads\/2026\/01\/cennetin-cocuklari-3-300x169.jpg 300w, https:\/\/www.tgrthaber.com\/mavikadin\/wp-content\/uploads\/2026\/01\/cennetin-cocuklari-3-1024x576.jpg 1024w, https:\/\/www.tgrthaber.com\/mavikadin\/wp-content\/uploads\/2026\/01\/cennetin-cocuklari-3-768x432.jpg 768w\" sizes=\"(max-width: 1208px) 100vw, 1208px\" \/><\/h3>\n<hr \/>\n<h3>CENNET\u0130N \u00c7OCUKLARI 20. B\u00d6L\u00dcM FRAGMANI YAYINLANDI MI?<\/h3>\n<p>Pazartesi ak\u015famlar\u0131n\u0131n sevilen yap\u0131mlar\u0131ndan biri olan Cennetin \u00c7ocuklar\u0131, son b\u00f6l\u00fcm\u00fcyle izleyicinin dikkatini \u00fczerine \u00e7ekmeye ba\u015flad\u0131. Kamil\u2019den gelen ac\u0131 haberle t\u00fcm dengeler de\u011fi\u015firken, \u0130skender\u2019in kimli\u011fi a\u00e7\u0131\u011fa \u00e7\u0131kt\u0131. Nefes kesen son b\u00f6l\u00fcm\u00fc sonras\u0131 20. b\u00f6l\u00fcm fragman\u0131 merak edildi.<\/p>\n<p><img loading=\"lazy\" decoding=\"async\" class=\"alignnone size-full wp-image-295517\" src=\"https:\/\/www.tgrthaber.com\/mavikadin\/wp-content\/uploads\/2026\/01\/cennetin-cocuklari-2.jpg\" alt=\"Cennetin \u00c7ocuklar\u0131 son b\u00f6l\u00fcmde ne oldu? Cennetin \u00c7ocuklar\u0131 20. b\u00f6l\u00fcm fragman\u0131 yay\u0131nland\u0131 m\u0131? \" width=\"1208\" height=\"680\" title=\"\" srcset=\"https:\/\/www.tgrthaber.com\/mavikadin\/wp-content\/uploads\/2026\/01\/cennetin-cocuklari-2.jpg 1208w, https:\/\/www.tgrthaber.com\/mavikadin\/wp-content\/uploads\/2026\/01\/cennetin-cocuklari-2-300x169.jpg 300w, https:\/\/www.tgrthaber.com\/mavikadin\/wp-content\/uploads\/2026\/01\/cennetin-cocuklari-2-1024x576.jpg 1024w, https:\/\/www.tgrthaber.com\/mavikadin\/wp-content\/uploads\/2026\/01\/cennetin-cocuklari-2-768x432.jpg 768w\" sizes=\"(max-width: 1208px) 100vw, 1208px\" \/><\/p>\n<hr \/>\n<p>D\u00fcn ak\u015fam 19. B\u00f6l\u00fcm\u00fcyle ekranlara gelen Cennetin \u00c7ocuklar\u0131, aylard\u0131r herkesin bekledi\u011fi duygusal olan y\u00fczle\u015fmesi ekranlara ta\u015f\u0131m\u0131\u015f, izleyiciden de tam not alm\u0131\u015ft\u0131r. S\u0131r perdesinin araland\u0131\u011f\u0131 son b\u00f6l\u00fcmde duygusal anlamda da sosyal medyada da \u00e7ok konu\u015fulan yap\u0131mlar aras\u0131nda yer almaktad\u0131r.<\/p>\n<p><img loading=\"lazy\" decoding=\"async\" class=\"size-full wp-image-295516\" src=\"https:\/\/www.tgrthaber.com\/mavikadin\/wp-content\/uploads\/2026\/01\/cennetin-cocuklari-1.jpg\" alt=\"Cennetin \u00c7ocuklar\u0131 son b\u00f6l\u00fcmde ne oldu? Cennetin \u00c7ocuklar\u0131 20. b\u00f6l\u00fcm fragman\u0131 yay\u0131nland\u0131 m\u0131? \" width=\"1208\" height=\"680\" title=\"\" srcset=\"https:\/\/www.tgrthaber.com\/mavikadin\/wp-content\/uploads\/2026\/01\/cennetin-cocuklari-1.jpg 1208w, https:\/\/www.tgrthaber.com\/mavikadin\/wp-content\/uploads\/2026\/01\/cennetin-cocuklari-1-300x169.jpg 300w, https:\/\/www.tgrthaber.com\/mavikadin\/wp-content\/uploads\/2026\/01\/cennetin-cocuklari-1-1024x576.jpg 1024w, https:\/\/www.tgrthaber.com\/mavikadin\/wp-content\/uploads\/2026\/01\/cennetin-cocuklari-1-768x432.jpg 768w\" sizes=\"(max-width: 1208px) 100vw, 1208px\" \/><\/p>\n<hr \/>\n<p>\u0130zleyicinin bile g\u00f6zya\u015flar\u0131na hakim olamad\u0131\u011f\u0131 19. b\u00f6l\u00fcm, \u0130skender\u2019in ailesi ile ya\u015fad\u0131\u011f\u0131 ya da ya\u015fayaca\u011f\u0131 olaylar \u015fimdilerde merakla takip edilmeye ba\u015fland\u0131. Arama motorlar\u0131nda 20. B\u00f6l\u00fcm fragman\u0131n\u0131 da merak edildi.<\/p>\n<p><img loading=\"lazy\" decoding=\"async\" class=\"alignnone size-full wp-image-295515\" src=\"https:\/\/www.tgrthaber.com\/mavikadin\/wp-content\/uploads\/2026\/01\/cennetin-cocuklari-7.jpg\" alt=\"Cennetin \u00c7ocuklar\u0131 son b\u00f6l\u00fcmde ne oldu? Cennetin \u00c7ocuklar\u0131 20. b\u00f6l\u00fcm fragman\u0131 yay\u0131nland\u0131 m\u0131? \" width=\"1208\" height=\"680\" title=\"\" srcset=\"https:\/\/www.tgrthaber.com\/mavikadin\/wp-content\/uploads\/2026\/01\/cennetin-cocuklari-7.jpg 1208w, https:\/\/www.tgrthaber.com\/mavikadin\/wp-content\/uploads\/2026\/01\/cennetin-cocuklari-7-300x169.jpg 300w, https:\/\/www.tgrthaber.com\/mavikadin\/wp-content\/uploads\/2026\/01\/cennetin-cocuklari-7-1024x576.jpg 1024w, https:\/\/www.tgrthaber.com\/mavikadin\/wp-content\/uploads\/2026\/01\/cennetin-cocuklari-7-768x432.jpg 768w\" sizes=\"(max-width: 1208px) 100vw, 1208px\" \/><\/p>\n<hr \/>\n<p>Cennetin \u00c7ocuklar\u0131 dizisinin 20. B\u00f6l\u00fcm fragman\u0131 yay\u0131nlanm\u0131\u015ft\u0131r. Cennetin \u00c7ocuklar\u0131 dizisi, pazartesi g\u00fcn\u00fc TRT 1 ekranlar\u0131nda izleyicisiyle bulu\u015fmaya devam ediyor.<\/p>\n","protected":false},"excerpt":{"rendered":"<p>TRT 1 erkanlar\u0131n\u0131n sevilen dizisi Cennetin \u00c7ocuklar\u0131, son b\u00f6l\u00fcm\u00fcyle merak edilerek ara\u015ft\u0131r\u0131lmaya ba\u015fland\u0131. Son b\u00f6l\u00fcm\u00fcyle adeta ekranlara damga vuran Cennetin \u00c7ocuklar\u0131, 20. B\u00f6l\u00fcm fragman\u0131yla arama motorlar\u0131nda ara\u015ft\u0131r\u0131lmaya ba\u015fland\u0131. Peki, Cennetin \u00c7ocuklar\u0131 son b\u00f6l\u00fcmde ne oldu? Cennetin \u00c7ocuklar\u0131 20. b\u00f6l\u00fcm fragman\u0131 yay\u0131nland\u0131 m\u0131? \u0130\u015fte detaylar\u2026<\/p>\n","protected":false},"author":34,"featured_media":295521,"comment_status":"closed","ping_status":"closed","sticky":false,"template":"","format":"standard","meta":{"rank_math_lock_modified_date":false,"footnotes":""},"categories":[602],"tags":[28345,30615,62796,2628],"class_list":["post-295496","post","type-post","status-publish","format-standard","has-post-thumbnail","hentry","category-diziler","tag-cennetin-cocuklari","tag-cennetin-cocuklari-dizisi","tag-cennetin-cocuklari-son-bolum","tag-dizi-haberleri"],"_links":{"self":[{"href":"https:\/\/www.tgrthaber.com\/mavikadin\/wp-json\/wp\/v2\/posts\/295496"}],"collection":[{"href":"https:\/\/www.tgrthaber.com\/mavikadin\/wp-json\/wp\/v2\/posts"}],"about":[{"href":"https:\/\/www.tgrthaber.com\/mavikadin\/wp-json\/wp\/v2\/types\/post"}],"author":[{"embeddable":true,"href":"https:\/\/www.tgrthaber.com\/mavikadin\/wp-json\/wp\/v2\/users\/34"}],"replies":[{"embeddable":true,"href":"https:\/\/www.tgrthaber.com\/mavikadin\/wp-json\/wp\/v2\/comments?post=295496"}],"version-history":[{"count":2,"href":"https:\/\/www.tgrthaber.com\/mavikadin\/wp-json\/wp\/v2\/posts\/295496\/revisions"}],"predecessor-version":[{"id":295523,"href":"https:\/\/www.tgrthaber.com\/mavikadin\/wp-json\/wp\/v2\/posts\/295496\/revisions\/295523"}],"wp:featuredmedia":[{"embeddable":true,"href":"https:\/\/www.tgrthaber.com\/mavikadin\/wp-json\/wp\/v2\/media\/295521"}],"wp:attachment":[{"href":"https:\/\/www.tgrthaber.com\/mavikadin\/wp-json\/wp\/v2\/media?parent=295496"}],"wp:term":[{"taxonomy":"category","embeddable":true,"href":"https:\/\/www.tgrthaber.com\/mavikadin\/wp-json\/wp\/v2\/categories?post=295496"},{"taxonomy":"post_tag","embeddable":true,"href":"https:\/\/www.tgrthaber.com\/mavikadin\/wp-json\/wp\/v2\/tags?post=295496"}],"curies":[{"name":"wp","href":"https:\/\/api.w.org\/{rel}","templated":true}]}}