{"id":295514,"date":"2026-01-27T11:42:05","date_gmt":"2026-01-27T08:42:05","guid":{"rendered":"https:\/\/www.tgrthaber.com\/mavikadin\/?p=295514"},"modified":"2026-01-27T11:45:02","modified_gmt":"2026-01-27T08:45:02","slug":"ali-tutal-aslen-nereli-ali-tutal-hangi-dizilerde-oynadi","status":"publish","type":"post","link":"https:\/\/www.tgrthaber.com\/mavikadin\/ali-tutal-aslen-nereli-ali-tutal-hangi-dizilerde-oynadi\/","title":{"rendered":"Ali Tutal aslen nereli? Ali Tutal hangi dizilerde oynad\u0131?"},"content":{"rendered":"<p>&#8216;<a href=\"https:\/\/www.tgrthaber.com\/mavikadin\/ali-tutal-kimdir-kac-yasinda-ali-tutala-ne-oldu\/\">Ali Tutal<\/a> aslen nereli? Ali Tutal hangi dizilerde oynad\u0131?&#8217; gibi sorular\u0131n cevaplar\u0131 merak ediliyor. T\u00fcrk sinema ve televizyon d\u00fcnyas\u0131n\u0131n sevilen isimlerinden 75 ya\u015f\u0131ndaki Ali Tutal, kalp krizi ge\u00e7irerek hayranlar\u0131n\u0131 endi\u015felendirdi. Usta oyuncu, hastanede tedavi alt\u0131na al\u0131n\u0131rken sa\u011fl\u0131k durumu yak\u0131ndan takip ediliyor.<\/p>\n<h3>AL\u0130 TUTAL ASLEN NEREL\u0130?<\/h3>\n<p>Diyarbak\u0131r do\u011fumlu olan <a href=\"https:\/\/www.tgrthaber.com\/mavikadin\/ali-tutal-hastaligi-nedir-ali-tutal-saglik-durumu-nasil\/\">Ali Tutal<\/a>, sinema kariyerine 1976 y\u0131l\u0131nda \u201c\u0130zin\u201d filmiyle ad\u0131m att\u0131. Siyasal \u0130\u015fletme e\u011fitimi alan Tutal, 50\u201360 aras\u0131nda film ve 20\u2019den fazla televizyon dizisinde rol alarak geni\u015f bir hayran kitlesi edindi. Do\u011fu \u015fivesiyle \u00e7ekilen yap\u0131mlarda dublaj s\u00fcperviz\u00f6rl\u00fc\u011f\u00fc de yapan Tutal, sekt\u00f6rde \u00e7ok y\u00f6nl\u00fc bir sanat\u00e7\u0131 olarak tan\u0131n\u0131yor.<\/p>\n<p><img loading=\"lazy\" decoding=\"async\" class=\"aligncenter size-full wp-image-295524\" src=\"https:\/\/www.tgrthaber.com\/mavikadin\/wp-content\/uploads\/2026\/01\/Ali-Tutal-1-1.webp\" alt=\"\" width=\"1280\" height=\"720\" title=\"\" srcset=\"https:\/\/www.tgrthaber.com\/mavikadin\/wp-content\/uploads\/2026\/01\/Ali-Tutal-1-1.webp 1280w, https:\/\/www.tgrthaber.com\/mavikadin\/wp-content\/uploads\/2026\/01\/Ali-Tutal-1-1-300x169.webp 300w, https:\/\/www.tgrthaber.com\/mavikadin\/wp-content\/uploads\/2026\/01\/Ali-Tutal-1-1-1024x576.webp 1024w, https:\/\/www.tgrthaber.com\/mavikadin\/wp-content\/uploads\/2026\/01\/Ali-Tutal-1-1-768x432.webp 768w\" sizes=\"(max-width: 1280px) 100vw, 1280px\" \/><\/p>\n<hr \/>\n<h3>AL\u0130 TUTAL HANG\u0130 D\u0130Z\u0130LERDE OYNADI?<\/h3>\n<p>Usta oyuncu, 2009\u20132011 y\u0131llar\u0131 aras\u0131nda yay\u0131nlanan \u201cGeni\u015f Aile\u201d dizisinde Koyu Bilal\u2019in babas\u0131 Ali Ekber Elag\u00f6z rol\u00fcyle b\u00fcy\u00fck bir pop\u00fclerlik kazand\u0131. Ayr\u0131ca \u201cG\u00fcne\u015fi G\u00f6rd\u00fcm\u201d, \u201cM\u00fclteci\u201d, \u201cHem\u015fo\u201d, \u201cTatl\u0131 Ka\u00e7\u0131klar\u201d ve \u201cBereketli Topraklar \u00dczerinde\u201d gibi \u00f6nemli projelerde de yer ald\u0131.<\/p>\n<p><img loading=\"lazy\" decoding=\"async\" class=\"aligncenter size-full wp-image-295489\" src=\"https:\/\/www.tgrthaber.com\/mavikadin\/wp-content\/uploads\/2026\/01\/Ali-Tutal-3-1.webp\" alt=\"\" width=\"1280\" height=\"720\" title=\"\" srcset=\"https:\/\/www.tgrthaber.com\/mavikadin\/wp-content\/uploads\/2026\/01\/Ali-Tutal-3-1.webp 1280w, https:\/\/www.tgrthaber.com\/mavikadin\/wp-content\/uploads\/2026\/01\/Ali-Tutal-3-1-300x169.webp 300w, https:\/\/www.tgrthaber.com\/mavikadin\/wp-content\/uploads\/2026\/01\/Ali-Tutal-3-1-1024x576.webp 1024w, https:\/\/www.tgrthaber.com\/mavikadin\/wp-content\/uploads\/2026\/01\/Ali-Tutal-3-1-768x432.webp 768w\" sizes=\"(max-width: 1280px) 100vw, 1280px\" \/><\/p>\n<hr \/>\n<h3>AL\u0130 TUTAL SA\u011eLIK DURUMU<\/h3>\n<p>Ali Tutal\u2019\u0131n sa\u011fl\u0131k durumuyla ilgili geli\u015fmeler merakla bekleniyor; sevenleri usta oyuncudan gelecek iyi haberleri sab\u0131rs\u0131zl\u0131kla takip ediyor.<\/p>\n<p><img loading=\"lazy\" decoding=\"async\" class=\"aligncenter size-full wp-image-295527\" src=\"https:\/\/www.tgrthaber.com\/mavikadin\/wp-content\/uploads\/2026\/01\/Ali-Tutal-1-2.webp\" alt=\"\" width=\"1200\" height=\"800\" title=\"\" srcset=\"https:\/\/www.tgrthaber.com\/mavikadin\/wp-content\/uploads\/2026\/01\/Ali-Tutal-1-2.webp 1200w, https:\/\/www.tgrthaber.com\/mavikadin\/wp-content\/uploads\/2026\/01\/Ali-Tutal-1-2-300x200.webp 300w, https:\/\/www.tgrthaber.com\/mavikadin\/wp-content\/uploads\/2026\/01\/Ali-Tutal-1-2-1024x683.webp 1024w, https:\/\/www.tgrthaber.com\/mavikadin\/wp-content\/uploads\/2026\/01\/Ali-Tutal-1-2-768x512.webp 768w\" sizes=\"(max-width: 1200px) 100vw, 1200px\" \/><\/p>\n<hr \/>\n<h3>AL\u0130 TUTAL\u2019A NE OLDU?<\/h3>\n<p>Usta oyuncu Ali Tutal, evinde aniden rahats\u0131zlanarak hastaneye kald\u0131r\u0131ld\u0131 ve yo\u011fun bak\u0131m \u00fcnitesinde tedavi alt\u0131na al\u0131nd\u0131. Sanat\u00e7\u0131n\u0131n sa\u011fl\u0131k durumu ve ya\u015fam\u0131na dair detaylar, k\u0131sa s\u00fcrede kamuoyunun g\u00fcndeminde geni\u015f yer buldu.<\/p>\n<p><img loading=\"lazy\" decoding=\"async\" class=\"aligncenter size-full wp-image-295528\" src=\"https:\/\/www.tgrthaber.com\/mavikadin\/wp-content\/uploads\/2026\/01\/Ali-Tutal-2-1.webp\" alt=\"\" width=\"1280\" height=\"720\" title=\"\" srcset=\"https:\/\/www.tgrthaber.com\/mavikadin\/wp-content\/uploads\/2026\/01\/Ali-Tutal-2-1.webp 1280w, https:\/\/www.tgrthaber.com\/mavikadin\/wp-content\/uploads\/2026\/01\/Ali-Tutal-2-1-300x169.webp 300w, https:\/\/www.tgrthaber.com\/mavikadin\/wp-content\/uploads\/2026\/01\/Ali-Tutal-2-1-1024x576.webp 1024w, https:\/\/www.tgrthaber.com\/mavikadin\/wp-content\/uploads\/2026\/01\/Ali-Tutal-2-1-768x432.webp 768w\" sizes=\"(max-width: 1280px) 100vw, 1280px\" \/><\/p>\n<hr \/>\n<h3>AL\u0130 TUTAL YO\u011eUN BAKIMDA, DURUMU C\u0130DD\u0130YET\u0130N\u0130 KORUYOR<\/h3>\n<p>26 Ocak 2026 tarihinde evinde aniden fenala\u015fan usta oyuncu Ali Tutal, acil olarak hastaneye kald\u0131r\u0131ld\u0131. Yap\u0131lan tetkikler sonucunda beyin kanamas\u0131 ge\u00e7irdi\u011fi belirlendi. Acil servis m\u00fcdahalesinin ard\u0131ndan n\u00f6roloji ve yo\u011fun bak\u0131m ekipleri taraf\u0131ndan devral\u0131nan Tutal, hayati fonksiyonlar\u0131n\u0131n takip edilebilmesi i\u00e7in \u00f6zel bir yo\u011fun bak\u0131m \u00fcnitesine sevk edildi.<\/p>\n<p><img loading=\"lazy\" decoding=\"async\" class=\"aligncenter size-full wp-image-295529\" src=\"https:\/\/www.tgrthaber.com\/mavikadin\/wp-content\/uploads\/2026\/01\/Ali-Tutal-3-2.webp\" alt=\"\" width=\"559\" height=\"380\" title=\"\" srcset=\"https:\/\/www.tgrthaber.com\/mavikadin\/wp-content\/uploads\/2026\/01\/Ali-Tutal-3-2.webp 559w, https:\/\/www.tgrthaber.com\/mavikadin\/wp-content\/uploads\/2026\/01\/Ali-Tutal-3-2-300x204.webp 300w\" sizes=\"(max-width: 559px) 100vw, 559px\" \/><\/p>\n<hr \/>\n<p>\u015eu anda yo\u011fun bak\u0131mda ent\u00fcbe edilerek uyutulan 76 ya\u015f\u0131ndaki sanat\u00e7\u0131n\u0131n durumu ciddiyetini koruyor. Sa\u011fl\u0131k ekibi, hayati risk devam eden usta oyuncu i\u00e7in t\u00fcm \u00f6nlemleri titizlikle uyguluyor.<\/p>\n","protected":false},"excerpt":{"rendered":"<p>&#8216;Ali Tutal aslen nereli? Ali Tutal hangi dizilerde oynad\u0131?&#8217; gibi sorular\u0131n cevaplar\u0131 merak ediliyor.\u00a0T\u00fcrk sinema ve televizyonunun sevilen isimlerinden 75 ya\u015f\u0131ndaki Ali Tutal, ge\u00e7irdi\u011fi kalp krizi ile hayranlar\u0131n\u0131 endi\u015felendirdi. Usta oyuncu, hastanede tedavi alt\u0131na al\u0131nd\u0131 ve sa\u011fl\u0131k durumu yak\u0131ndan izleniyor.<\/p>\n","protected":false},"author":5,"featured_media":295526,"comment_status":"closed","ping_status":"closed","sticky":false,"template":"","format":"standard","meta":{"rank_math_lock_modified_date":false,"footnotes":""},"categories":[491],"tags":[71519,71522,71520,3374],"class_list":["post-295514","post","type-post","status-publish","format-standard","has-post-thumbnail","hentry","category-biyografi","tag-ali-tutal","tag-ali-tutal-kimdir","tag-ali-tutal-saglik-durumu","tag-biyografi"],"_links":{"self":[{"href":"https:\/\/www.tgrthaber.com\/mavikadin\/wp-json\/wp\/v2\/posts\/295514"}],"collection":[{"href":"https:\/\/www.tgrthaber.com\/mavikadin\/wp-json\/wp\/v2\/posts"}],"about":[{"href":"https:\/\/www.tgrthaber.com\/mavikadin\/wp-json\/wp\/v2\/types\/post"}],"author":[{"embeddable":true,"href":"https:\/\/www.tgrthaber.com\/mavikadin\/wp-json\/wp\/v2\/users\/5"}],"replies":[{"embeddable":true,"href":"https:\/\/www.tgrthaber.com\/mavikadin\/wp-json\/wp\/v2\/comments?post=295514"}],"version-history":[{"count":4,"href":"https:\/\/www.tgrthaber.com\/mavikadin\/wp-json\/wp\/v2\/posts\/295514\/revisions"}],"predecessor-version":[{"id":295533,"href":"https:\/\/www.tgrthaber.com\/mavikadin\/wp-json\/wp\/v2\/posts\/295514\/revisions\/295533"}],"wp:featuredmedia":[{"embeddable":true,"href":"https:\/\/www.tgrthaber.com\/mavikadin\/wp-json\/wp\/v2\/media\/295526"}],"wp:attachment":[{"href":"https:\/\/www.tgrthaber.com\/mavikadin\/wp-json\/wp\/v2\/media?parent=295514"}],"wp:term":[{"taxonomy":"category","embeddable":true,"href":"https:\/\/www.tgrthaber.com\/mavikadin\/wp-json\/wp\/v2\/categories?post=295514"},{"taxonomy":"post_tag","embeddable":true,"href":"https:\/\/www.tgrthaber.com\/mavikadin\/wp-json\/wp\/v2\/tags?post=295514"}],"curies":[{"name":"wp","href":"https:\/\/api.w.org\/{rel}","templated":true}]}}