{"id":295534,"date":"2026-01-27T12:19:39","date_gmt":"2026-01-27T09:19:39","guid":{"rendered":"https:\/\/www.tgrthaber.com\/mavikadin\/?p=295534"},"modified":"2026-01-27T12:19:39","modified_gmt":"2026-01-27T09:19:39","slug":"ertem-senerin-saglik-durumuyla-ilgili-sok-iddia-unlu-ismin-neden-hizla-kilo-verdigi-ortaya-cikti","status":"publish","type":"post","link":"https:\/\/www.tgrthaber.com\/mavikadin\/ertem-senerin-saglik-durumuyla-ilgili-sok-iddia-unlu-ismin-neden-hizla-kilo-verdigi-ortaya-cikti\/","title":{"rendered":"Ertem \u015eener\u2019in sa\u011fl\u0131k durumuyla ilgili \u015fok iddia! \u00dcnl\u00fc ismin neden h\u0131zla kilo verdi\u011fi ortaya \u00e7\u0131kt\u0131"},"content":{"rendered":"<p>Futbol yorumcusu olarak dikkatleri \u00fczerine eken <a href=\"https:\/\/www.tgrthaber.com\/mavikadin\/ertem-sener-kimdir-aslen-nereli-annesinin-vefati-sonrasi-arastiriliyor\/\">Ertem \u015eener<\/a>, magazin g\u00fcndemin de yak\u0131ndan takip etti\u011fi ki\u015filer aras\u0131nda yer al\u0131yor. \u00dcnl\u00fc ismin sa\u011fl\u0131k durumuyla ilgili \u015fok iddia ortaya at\u0131ld\u0131. Oda TV\u2019de yer alan habere g\u00f6re, Ertem \u015eener\u2019in neden h\u0131zla kilo verdi\u011fi ortaya \u00e7\u0131kt\u0131. \u0130\u015fte detaylar\u2026<\/p>\n<h3>ERTEM \u015eENER\u2019\u0130N SA\u011eLIK DURUMUYLA \u0130LG\u0130L\u0130 \u015eOK \u0130DD\u0130A!<\/h3>\n<p>Son zamanlarda \u00e7ok fazla zay\u0131flayan spor spikeri <a href=\"https:\/\/www.tgrthaber.com\/mavikadin\/ertem-senerin-annesinin-cenazesinde-bir-kisi-fenalasarak-yere-yigildi-o-anlar-kamerada\/\">Ertem \u015eener<\/a>, sa\u011fl\u0131k durumuyla merak uyand\u0131rd\u0131. Magazin g\u00fcndeminin de dikkatini \u00e7eken Ertem \u015eener, neden bu kadar h\u0131zla kilo verdi\u011fi ile ilgili ortaya at\u0131lan iddia dikkat \u00e7ekti. \u00dcnl\u00fc ismin son halini g\u00f6renler kilo kayb\u0131n\u0131n neden oldu\u011funu olduk\u00e7a merak ettiler.<\/p>\n<p><img loading=\"lazy\" decoding=\"async\" class=\"alignnone size-full wp-image-295553\" src=\"https:\/\/www.tgrthaber.com\/mavikadin\/wp-content\/uploads\/2026\/01\/ARZU-26-3.jpg\" alt=\"Ertem \u015eener\u2019in sa\u011fl\u0131k durumuyla ilgili \u015fok iddia! \u00dcnl\u00fc ismin neden h\u0131zla kilo verdi\u011fi ortaya \u00e7\u0131kt\u0131\" width=\"1208\" height=\"680\" title=\"\" srcset=\"https:\/\/www.tgrthaber.com\/mavikadin\/wp-content\/uploads\/2026\/01\/ARZU-26-3.jpg 1208w, https:\/\/www.tgrthaber.com\/mavikadin\/wp-content\/uploads\/2026\/01\/ARZU-26-3-300x169.jpg 300w, https:\/\/www.tgrthaber.com\/mavikadin\/wp-content\/uploads\/2026\/01\/ARZU-26-3-1024x576.jpg 1024w, https:\/\/www.tgrthaber.com\/mavikadin\/wp-content\/uploads\/2026\/01\/ARZU-26-3-768x432.jpg 768w\" sizes=\"(max-width: 1208px) 100vw, 1208px\" \/><\/p>\n<hr \/>\n<p>\u2018Beyaz Futbol\u2019 ve \u2018Derin Futbol\u2019 programlar\u0131yla tan\u0131n\u0131rl\u0131k kazanan spiker Ertem \u015eener, k\u0131sa s\u00fcrede verdi\u011fi kilolar ile hayranlar\u0131 taraf\u0131ndan olduk\u00e7a merak edilen isimler aras\u0131nda yer ald\u0131. Hatta \u00fcnl\u00fc spikerin b\u00fcy\u00fck bir hastal\u0131\u011fa yakaland\u0131\u011f\u0131n\u0131 bile d\u00fc\u015f\u00fcnmeye ba\u015flad\u0131lar. Ancak durum daha farkl\u0131 \u00e7\u0131kt\u0131.<\/p>\n<p><img loading=\"lazy\" decoding=\"async\" class=\"alignnone size-full wp-image-295552\" src=\"https:\/\/www.tgrthaber.com\/mavikadin\/wp-content\/uploads\/2026\/01\/ertem-sener-7.jpg\" alt=\"Ertem \u015eener\u2019in sa\u011fl\u0131k durumuyla ilgili \u015fok iddia! \u00dcnl\u00fc ismin neden h\u0131zla kilo verdi\u011fi ortaya \u00e7\u0131kt\u0131\" width=\"1208\" height=\"680\" title=\"\" srcset=\"https:\/\/www.tgrthaber.com\/mavikadin\/wp-content\/uploads\/2026\/01\/ertem-sener-7.jpg 1208w, https:\/\/www.tgrthaber.com\/mavikadin\/wp-content\/uploads\/2026\/01\/ertem-sener-7-300x169.jpg 300w, https:\/\/www.tgrthaber.com\/mavikadin\/wp-content\/uploads\/2026\/01\/ertem-sener-7-1024x576.jpg 1024w, https:\/\/www.tgrthaber.com\/mavikadin\/wp-content\/uploads\/2026\/01\/ertem-sener-7-768x432.jpg 768w\" sizes=\"(max-width: 1208px) 100vw, 1208px\" \/><\/p>\n<hr \/>\n<p>Oda TV\u2019de yer alan habere g\u00f6re, k\u0131sa s\u00fcrede h\u0131zl\u0131 bir \u015fekilde kilo vermesinin ard\u0131ndan sosyal medyada \u00fcnl\u00fc olan Ertem \u015eener\u2019in hastal\u0131\u011fa yakaland\u0131\u011f\u0131 ve durumunun da ciddi oldu\u011fu hayranlar\u0131 taraf\u0131ndan yap\u0131lan yorumlar ile dikkat \u00e7ekti. Ancak durum daha farkl\u0131 \u00e7\u0131kt\u0131.<\/p>\n<h3><img loading=\"lazy\" decoding=\"async\" class=\"alignnone size-full wp-image-295548\" src=\"https:\/\/www.tgrthaber.com\/mavikadin\/wp-content\/uploads\/2026\/01\/ertem-sener-3.jpg\" alt=\"Ertem \u015eener\u2019in sa\u011fl\u0131k durumuyla ilgili \u015fok iddia! \u00dcnl\u00fc ismin neden h\u0131zla kilo verdi\u011fi ortaya \u00e7\u0131kt\u0131\" width=\"1208\" height=\"680\" title=\"\" srcset=\"https:\/\/www.tgrthaber.com\/mavikadin\/wp-content\/uploads\/2026\/01\/ertem-sener-3.jpg 1208w, https:\/\/www.tgrthaber.com\/mavikadin\/wp-content\/uploads\/2026\/01\/ertem-sener-3-300x169.jpg 300w, https:\/\/www.tgrthaber.com\/mavikadin\/wp-content\/uploads\/2026\/01\/ertem-sener-3-1024x576.jpg 1024w, https:\/\/www.tgrthaber.com\/mavikadin\/wp-content\/uploads\/2026\/01\/ertem-sener-3-768x432.jpg 768w\" sizes=\"(max-width: 1208px) 100vw, 1208px\" \/><\/h3>\n<hr \/>\n<h3>\u00dcNL\u00dc \u0130SM\u0130N NEDEN HIZLA K\u0130LO VERD\u0130\u011e\u0130 ORTAYA \u00c7IKTI<\/h3>\n<p>Futbol camias\u0131n\u0131n sevilen spikerlerinden biri olan Ertem \u015eener, son zamanlarda verdi\u011fi kilolarla dikkatleri \u00fczerine \u00e7ekmektedir. Hayranlar\u0131 taraf\u0131ndan olduk\u00e7a merak edilen bu durumun nedeni ise ortaya \u00e7\u0131kt\u0131. \u00dcnl\u00fc ismin h\u0131zla kilo vermesi, magazin g\u00fcndeminin de s\u0131kl\u0131kla takip etti\u011fi konulardan biri oluyor.<\/p>\n<p><img loading=\"lazy\" decoding=\"async\" class=\"alignnone size-full wp-image-295551\" src=\"https:\/\/www.tgrthaber.com\/mavikadin\/wp-content\/uploads\/2026\/01\/ertem-sener-6.jpg\" alt=\"Ertem \u015eener\u2019in sa\u011fl\u0131k durumuyla ilgili \u015fok iddia! \u00dcnl\u00fc ismin neden h\u0131zla kilo verdi\u011fi ortaya \u00e7\u0131kt\u0131\" width=\"1208\" height=\"680\" title=\"\" srcset=\"https:\/\/www.tgrthaber.com\/mavikadin\/wp-content\/uploads\/2026\/01\/ertem-sener-6.jpg 1208w, https:\/\/www.tgrthaber.com\/mavikadin\/wp-content\/uploads\/2026\/01\/ertem-sener-6-300x169.jpg 300w, https:\/\/www.tgrthaber.com\/mavikadin\/wp-content\/uploads\/2026\/01\/ertem-sener-6-1024x576.jpg 1024w, https:\/\/www.tgrthaber.com\/mavikadin\/wp-content\/uploads\/2026\/01\/ertem-sener-6-768x432.jpg 768w\" sizes=\"(max-width: 1208px) 100vw, 1208px\" \/><\/p>\n<hr \/>\n<p>Oda TV\u2019de yer alan habere g\u00f6re, Ertem \u015eener bir s\u00fcredir doktor kontrol\u00fcyle zay\u0131flama i\u011fnesi oluyor. Toplam da 25 kilo veren \u015eener, h\u0131zla kilo verdi\u011finin nedeni ortaya \u00e7\u0131km\u0131\u015f oldu. Hayranlar\u0131n\u0131n korktu\u011fu ya\u015fanmad\u0131. Hayranlar\u0131 taraf\u0131ndan merak edilen Ertem \u015eener\u2019in sa\u011fl\u0131\u011f\u0131nda bir s\u0131k\u0131nt\u0131 oldu\u011fu d\u00fc\u015f\u00fcn\u00fclm\u00fc\u015ft\u00fc.<\/p>\n<p><img loading=\"lazy\" decoding=\"async\" class=\"alignnone size-full wp-image-295547\" src=\"https:\/\/www.tgrthaber.com\/mavikadin\/wp-content\/uploads\/2026\/01\/ertem-sener-2.jpg\" alt=\"Ertem \u015eener\u2019in sa\u011fl\u0131k durumuyla ilgili \u015fok iddia! \u00dcnl\u00fc ismin neden h\u0131zla kilo verdi\u011fi ortaya \u00e7\u0131kt\u0131\" width=\"1208\" height=\"680\" title=\"\" srcset=\"https:\/\/www.tgrthaber.com\/mavikadin\/wp-content\/uploads\/2026\/01\/ertem-sener-2.jpg 1208w, https:\/\/www.tgrthaber.com\/mavikadin\/wp-content\/uploads\/2026\/01\/ertem-sener-2-300x169.jpg 300w, https:\/\/www.tgrthaber.com\/mavikadin\/wp-content\/uploads\/2026\/01\/ertem-sener-2-1024x576.jpg 1024w, https:\/\/www.tgrthaber.com\/mavikadin\/wp-content\/uploads\/2026\/01\/ertem-sener-2-768x432.jpg 768w\" sizes=\"(max-width: 1208px) 100vw, 1208px\" \/><\/p>\n<hr \/>\n<p>Ger\u00e7e\u011fin zay\u0131flama i\u011fnesi ile tam 25 kilo veren Ertem \u015eener\u2019in sa\u011fl\u0131k durumunda herhangi bir s\u0131k\u0131nt\u0131n\u0131n olmad\u0131\u011f\u0131 ve gayet sa\u011fl\u0131kl\u0131 oldu\u011fu ifade edildi. Hatta \u015eener\u2019in zay\u0131flama i\u011fnesi tedavisinin bitti\u011fi belirtildi. Ertem \u015eener\u2019in tekrardan kilo almamas\u0131 i\u00e7in kilo kontrol\u00fcne gitti\u011fi \u00f6\u011frenildi.<\/p>\n<p><img loading=\"lazy\" decoding=\"async\" class=\"alignnone size-full wp-image-295549\" src=\"https:\/\/www.tgrthaber.com\/mavikadin\/wp-content\/uploads\/2026\/01\/ertem-sener-4.jpg\" alt=\"Ertem \u015eener\u2019in sa\u011fl\u0131k durumuyla ilgili \u015fok iddia! \u00dcnl\u00fc ismin neden h\u0131zla kilo verdi\u011fi ortaya \u00e7\u0131kt\u0131\" width=\"1208\" height=\"680\" title=\"\" srcset=\"https:\/\/www.tgrthaber.com\/mavikadin\/wp-content\/uploads\/2026\/01\/ertem-sener-4.jpg 1208w, https:\/\/www.tgrthaber.com\/mavikadin\/wp-content\/uploads\/2026\/01\/ertem-sener-4-300x169.jpg 300w, https:\/\/www.tgrthaber.com\/mavikadin\/wp-content\/uploads\/2026\/01\/ertem-sener-4-1024x576.jpg 1024w, https:\/\/www.tgrthaber.com\/mavikadin\/wp-content\/uploads\/2026\/01\/ertem-sener-4-768x432.jpg 768w\" sizes=\"(max-width: 1208px) 100vw, 1208px\" \/><\/p>\n<hr \/>\n<p>25 kilo veren Ertem \u015eener, zay\u0131flama i\u011fnesi tedavisinin bitti\u011fi belirtilirken tekrardan kilo almamak i\u00e7in olduk\u00e7a dikkatli davrand\u0131\u011f\u0131 da ifade edildi. \u00dcstelik \u00fcnl\u00fc spikerin sa\u011fl\u0131kl\u0131 beslenme programlar\u0131na da uydu\u011fu kamuoyunda yazan bilgiler aras\u0131nda yer ald\u0131.<\/p>\n","protected":false},"excerpt":{"rendered":"<p>Futbol d\u00fcnyas\u0131n\u0131n sevilen ve takip edilen isimlerinden biri olan Ertem \u015eener, sa\u011fl\u0131k durumuyla g\u00fcndeme geldi. \u00dcnl\u00fc ismin neden h\u0131zla kilo verdi\u011fi ile ilgili ortaya at\u0131lan iddia adete magazin g\u00fcndemine bomba gibi d\u00fc\u015ft\u00fc. \u0130\u015fte detaylar\u2026<\/p>\n","protected":false},"author":34,"featured_media":295546,"comment_status":"closed","ping_status":"closed","sticky":false,"template":"","format":"standard","meta":{"rank_math_lock_modified_date":false,"footnotes":""},"categories":[76],"tags":[4259,71531,71530,2218],"class_list":["post-295534","post","type-post","status-publish","format-standard","has-post-thumbnail","hentry","category-magazin","tag-ertem-sener","tag-ertem-sener-hakkinda-sok-iddia","tag-ertem-sener-saglik-durumu","tag-magazin-haberleri"],"_links":{"self":[{"href":"https:\/\/www.tgrthaber.com\/mavikadin\/wp-json\/wp\/v2\/posts\/295534"}],"collection":[{"href":"https:\/\/www.tgrthaber.com\/mavikadin\/wp-json\/wp\/v2\/posts"}],"about":[{"href":"https:\/\/www.tgrthaber.com\/mavikadin\/wp-json\/wp\/v2\/types\/post"}],"author":[{"embeddable":true,"href":"https:\/\/www.tgrthaber.com\/mavikadin\/wp-json\/wp\/v2\/users\/34"}],"replies":[{"embeddable":true,"href":"https:\/\/www.tgrthaber.com\/mavikadin\/wp-json\/wp\/v2\/comments?post=295534"}],"version-history":[{"count":2,"href":"https:\/\/www.tgrthaber.com\/mavikadin\/wp-json\/wp\/v2\/posts\/295534\/revisions"}],"predecessor-version":[{"id":295555,"href":"https:\/\/www.tgrthaber.com\/mavikadin\/wp-json\/wp\/v2\/posts\/295534\/revisions\/295555"}],"wp:featuredmedia":[{"embeddable":true,"href":"https:\/\/www.tgrthaber.com\/mavikadin\/wp-json\/wp\/v2\/media\/295546"}],"wp:attachment":[{"href":"https:\/\/www.tgrthaber.com\/mavikadin\/wp-json\/wp\/v2\/media?parent=295534"}],"wp:term":[{"taxonomy":"category","embeddable":true,"href":"https:\/\/www.tgrthaber.com\/mavikadin\/wp-json\/wp\/v2\/categories?post=295534"},{"taxonomy":"post_tag","embeddable":true,"href":"https:\/\/www.tgrthaber.com\/mavikadin\/wp-json\/wp\/v2\/tags?post=295534"}],"curies":[{"name":"wp","href":"https:\/\/api.w.org\/{rel}","templated":true}]}}