{"id":295564,"date":"2026-01-27T13:21:58","date_gmt":"2026-01-27T10:21:58","guid":{"rendered":"https:\/\/www.tgrthaber.com\/mavikadin\/?p=295564"},"modified":"2026-01-27T16:25:33","modified_gmt":"2026-01-27T13:25:33","slug":"gelinim-mutfakta-ceyrek-altini-kim-kazandi-27-ocak-2026-gelinim-mutfaktada-gunun-birincisi","status":"publish","type":"post","link":"https:\/\/www.tgrthaber.com\/mavikadin\/gelinim-mutfakta-ceyrek-altini-kim-kazandi-27-ocak-2026-gelinim-mutfaktada-gunun-birincisi\/","title":{"rendered":"Gelinim Mutfakta \u00e7eyrek alt\u0131n\u0131 kim kazand\u0131? 27 Ocak 2026 Gelinim Mutfakta&#8217;da g\u00fcn\u00fcn birincisi!"},"content":{"rendered":"<p>Kanal D&#8217;nin ilgiyle takip edilen yar\u0131\u015fma program\u0131 Gelinim Mutfakta h\u0131z kesmeden devam ediyor. Yar\u0131\u015fmada d\u00fcn ya\u015fanan diskalifiyeden sonra g\u00f6zler yeni b\u00f6l\u00fcmde ya\u015fanacak geli\u015fmelere \u00e7evrilmi\u015fti. Peki <a href=\"https:\/\/www.tgrthaber.com\/mavikadin\/gelinim-mutfakta-kim-kazandi-gelinim-mutfakta-26-ocak-2026-ceyrek-altini-kim-aldi\/\">Gelinim Mutfakta<\/a>&#8216;da kazanan isim a\u00e7\u0131kland\u0131 m\u0131? 27 Ocak 2026 Sal\u0131 Gelinim Mutfakta&#8217;da \u00e7eyre\u011fi kim ald\u0131. Hangi gelin alt\u0131n\u0131 yakas\u0131na takt\u0131? \u0130\u015fte Gelinim Mutfakta&#8217;da 27 Ocak Sal\u0131 yay\u0131n\u0131ndan merak edilen detaylar&#8230;<\/p>\n<h3>GEL\u0130N\u0130M MUTFAKTA&#8217;DA \u00c7EYREK ALTINI K\u0130M KAZANDI?<\/h3>\n<p>Hafta i\u00e7i her g\u00fcn 14:00&#8217;da yay\u0131nlanan ve ekran ba\u015f\u0131ndakileri kilitleyen yar\u0131\u015fma program\u0131 <a href=\"https:\/\/www.tgrthaber.com\/mavikadin\/gelinim-mutfaktada-kim-ayrildi-1-puani-basti-diskalifiye-edildi\/\">Gelinim Mutfakta<\/a>&#8216;da gelinler her g\u00fcn \u00e7eyrek alt\u0131n\u0131 almak i\u00e7in m\u00fccadele etmeye devam ediyor. Gelinler aras\u0131nda ya\u015fanan rekabet, kay\u0131nvalidelerin tabak puanlamas\u0131 sonucu \u00e7eyrek alt\u0131n\u0131 da beraberinde getiriyor.<\/p>\n<p><img loading=\"lazy\" decoding=\"async\" class=\"alignnone wp-image-295569 size-full\" src=\"https:\/\/www.tgrthaber.com\/mavikadin\/wp-content\/uploads\/2026\/01\/6970c638b547f97caa5e1d31.webp\" alt=\"\" width=\"1200\" height=\"630\" title=\"\" srcset=\"https:\/\/www.tgrthaber.com\/mavikadin\/wp-content\/uploads\/2026\/01\/6970c638b547f97caa5e1d31.webp 1200w, https:\/\/www.tgrthaber.com\/mavikadin\/wp-content\/uploads\/2026\/01\/6970c638b547f97caa5e1d31-300x158.webp 300w, https:\/\/www.tgrthaber.com\/mavikadin\/wp-content\/uploads\/2026\/01\/6970c638b547f97caa5e1d31-1024x538.webp 1024w, https:\/\/www.tgrthaber.com\/mavikadin\/wp-content\/uploads\/2026\/01\/6970c638b547f97caa5e1d31-768x403.webp 768w\" sizes=\"(max-width: 1200px) 100vw, 1200px\" \/><\/p>\n<hr \/>\n<p>Gelinim Mutfakta&#8217;da yar\u0131\u015fan G\u00f6zde, Tu\u011fba, Alime ve Miyase bug\u00fcnk\u00fc men\u00fcs\u00fcn\u00fc yeti\u015ftirebilmek ve lezzetten \u00f6d\u00fcn vermemek i\u00e7in b\u00fcy\u00fck \u00e7aba g\u00f6sterdi. Peki Gelinim Mutfakta&#8217;da kim birinci oldu, en y\u00fcksek puan\u0131 hangi gelin ald\u0131? Gelinim Mutfakta&#8217;da \u00e7eyrek alt\u0131n\u0131 kazanan gelin kim?<\/p>\n<p><img loading=\"lazy\" decoding=\"async\" class=\"alignnone wp-image-295571 size-full\" src=\"https:\/\/www.tgrthaber.com\/mavikadin\/wp-content\/uploads\/2026\/01\/67d183bf587331cb28bd491f-1.webp\" alt=\"\" width=\"1200\" height=\"630\" title=\"\" srcset=\"https:\/\/www.tgrthaber.com\/mavikadin\/wp-content\/uploads\/2026\/01\/67d183bf587331cb28bd491f-1.webp 1200w, https:\/\/www.tgrthaber.com\/mavikadin\/wp-content\/uploads\/2026\/01\/67d183bf587331cb28bd491f-1-300x158.webp 300w, https:\/\/www.tgrthaber.com\/mavikadin\/wp-content\/uploads\/2026\/01\/67d183bf587331cb28bd491f-1-1024x538.webp 1024w, https:\/\/www.tgrthaber.com\/mavikadin\/wp-content\/uploads\/2026\/01\/67d183bf587331cb28bd491f-1-768x403.webp 768w\" sizes=\"(max-width: 1200px) 100vw, 1200px\" \/><\/p>\n<hr \/>\n<p>Gelinim Mutfakta&#8217;da \u00e7eyrek alt\u0131n\u0131 almak i\u00e7in iki isim kuraya kald\u0131. Tu\u011fba ve Miyase aras\u0131nda yap\u0131lan kura \u00e7ekili\u015fi sonras\u0131 27 Ocak 2026 Sal\u0131 g\u00fcn\u00fc \u00e7eyrek alt\u0131n\u0131 alan yar\u0131\u015fmac\u0131 Tu\u011fba oldu.<\/p>\n<p><img loading=\"lazy\" decoding=\"async\" class=\"alignnone wp-image-295568 size-full\" src=\"https:\/\/www.tgrthaber.com\/mavikadin\/wp-content\/uploads\/2026\/01\/gelinim-mutfakta-26-ocak-2026-puan-durumu-ve-gunun-birincisi-bUydcTmH.png\" alt=\"\" width=\"1200\" height=\"675\" title=\"\" srcset=\"https:\/\/www.tgrthaber.com\/mavikadin\/wp-content\/uploads\/2026\/01\/gelinim-mutfakta-26-ocak-2026-puan-durumu-ve-gunun-birincisi-bUydcTmH.png 1200w, https:\/\/www.tgrthaber.com\/mavikadin\/wp-content\/uploads\/2026\/01\/gelinim-mutfakta-26-ocak-2026-puan-durumu-ve-gunun-birincisi-bUydcTmH-300x169.png 300w, https:\/\/www.tgrthaber.com\/mavikadin\/wp-content\/uploads\/2026\/01\/gelinim-mutfakta-26-ocak-2026-puan-durumu-ve-gunun-birincisi-bUydcTmH-1024x576.png 1024w, https:\/\/www.tgrthaber.com\/mavikadin\/wp-content\/uploads\/2026\/01\/gelinim-mutfakta-26-ocak-2026-puan-durumu-ve-gunun-birincisi-bUydcTmH-768x432.png 768w\" sizes=\"(max-width: 1200px) 100vw, 1200px\" \/><\/p>\n<hr \/>\n<h3>GEL\u0130N\u0130M MUTFAKTA&#8217;DA 26 OCAK 2026 \u00c7EYREK ALTINI K\u0130M ALDI?<\/h3>\n<p>Kanal D ekranlar\u0131n\u0131n vazge\u00e7ilmez yar\u0131\u015fmas\u0131 <a href=\"https:\/\/www.tgrthaber.com\/mavikadin\/gelinim-mutfaktada-buyuk-patlama-gelinler-kriz-gecirdi-kayinvalideler-bayildi\/\">Gelinim Mutfakta<\/a>&#8216;da d\u00fcn men\u00fcde panda pasta tarifi vard\u0131. Gelinlerin ter d\u00f6kt\u00fc\u011f\u00fc g\u00fcn sonunda \u00e7eyrek alt\u0131n\u0131 kazanan isim G\u00f6zde oldu. G\u00f6zde 16 puanla g\u00fcn birincisi se\u00e7ildi. Tu\u011fba toplam 12 puan alarak, onu Alime 10 puanla takip etti. G\u00fcn\u00fcn en d\u00fc\u015f\u00fck puan\u0131n\u0131 alan gelin ise Miyase oldu.<\/p>\n<p><img loading=\"lazy\" decoding=\"async\" class=\"alignnone wp-image-295567 size-full\" src=\"https:\/\/www.tgrthaber.com\/mavikadin\/wp-content\/uploads\/2026\/01\/gelinim-mutfakta.webp\" alt=\"\" width=\"1280\" height=\"720\" title=\"\" srcset=\"https:\/\/www.tgrthaber.com\/mavikadin\/wp-content\/uploads\/2026\/01\/gelinim-mutfakta.webp 1280w, https:\/\/www.tgrthaber.com\/mavikadin\/wp-content\/uploads\/2026\/01\/gelinim-mutfakta-300x169.webp 300w, https:\/\/www.tgrthaber.com\/mavikadin\/wp-content\/uploads\/2026\/01\/gelinim-mutfakta-1024x576.webp 1024w, https:\/\/www.tgrthaber.com\/mavikadin\/wp-content\/uploads\/2026\/01\/gelinim-mutfakta-768x432.webp 768w\" sizes=\"(max-width: 1280px) 100vw, 1280px\" \/><\/p>\n<hr \/>\n<h3>23 OCAK 10 ALTIN B\u0130LEZ\u0130\u011e\u0130 K\u0130M ALDI?<\/h3>\n<p>T\u00fcm hafta mutfakta iddial\u0131 men\u00fcler haz\u0131rlayan gelinler g\u00fcn sonunda \u00e7eyrek alt\u0131n\u0131 yakas\u0131na takarken, t\u00fcm hafta genel performans de\u011ferlendirmesinde de 10 alt\u0131n bilezi\u011fi koluna tak\u0131yor.<\/p>\n<p><img loading=\"lazy\" decoding=\"async\" class=\"alignnone wp-image-295576 size-full\" src=\"https:\/\/www.tgrthaber.com\/mavikadin\/wp-content\/uploads\/2026\/01\/67811b27db1a2a8b155c5fe0-1.webp\" alt=\"\" width=\"1200\" height=\"630\" title=\"\" srcset=\"https:\/\/www.tgrthaber.com\/mavikadin\/wp-content\/uploads\/2026\/01\/67811b27db1a2a8b155c5fe0-1.webp 1200w, https:\/\/www.tgrthaber.com\/mavikadin\/wp-content\/uploads\/2026\/01\/67811b27db1a2a8b155c5fe0-1-300x158.webp 300w, https:\/\/www.tgrthaber.com\/mavikadin\/wp-content\/uploads\/2026\/01\/67811b27db1a2a8b155c5fe0-1-1024x538.webp 1024w, https:\/\/www.tgrthaber.com\/mavikadin\/wp-content\/uploads\/2026\/01\/67811b27db1a2a8b155c5fe0-1-768x403.webp 768w\" sizes=\"(max-width: 1200px) 100vw, 1200px\" \/><\/p>\n<hr \/>\n<p>Cuma g\u00fcn\u00fc yap\u0131lan b\u00fcy\u00fck final olduk\u00e7a heyecanl\u0131 ge\u00e7erken, ge\u00e7en hafta 10 alt\u0131n bilezi\u011fin sahibi Miyase oldu. Miyase toplam 81 puan ald\u0131. Di\u011fer gelinler ise toplam 63 puanda kald\u0131. Ge\u00e7en hafta Gelinim Mutfakta&#8217;dan elenen isim bulunmuyor.<\/p>\n","protected":false},"excerpt":{"rendered":"<p>Gelinim Mutfakta&#8217;da haftan\u0131n 2. g\u00fcn\u00fc yine ekranlara damga vurdu. Gelinler aras\u0131ndaki rekabet zirve yapm\u0131\u015fken, g\u00fcn sonunda bir gelin \u00e7eyrek alt\u0131n\u0131 yakas\u0131na takt\u0131. Peki Gelinim Mutfakta&#8217;da kim birinci oldu, \u00e7eyrek alt\u0131n\u0131 kim ald\u0131? \u0130\u015fte Gelinim Mutfakta&#8217;da 27 Ocak 2026 Sal\u0131 g\u00fcn\u00fcn kazanan ismi&#8230;<\/p>\n","protected":false},"author":35,"featured_media":295566,"comment_status":"closed","ping_status":"closed","sticky":false,"template":"","format":"standard","meta":{"rank_math_lock_modified_date":false,"footnotes":""},"categories":[76],"tags":[7578,71533,71487,2766,133],"class_list":["post-295564","post","type-post","status-publish","format-standard","has-post-thumbnail","hentry","category-magazin","tag-gelinim-mutfakta","tag-gelinim-mutfakta-27-ocak-2026","tag-gelinim-mutfakta-ceyrek-altin","tag-kanal-d","tag-magazin"],"_links":{"self":[{"href":"https:\/\/www.tgrthaber.com\/mavikadin\/wp-json\/wp\/v2\/posts\/295564"}],"collection":[{"href":"https:\/\/www.tgrthaber.com\/mavikadin\/wp-json\/wp\/v2\/posts"}],"about":[{"href":"https:\/\/www.tgrthaber.com\/mavikadin\/wp-json\/wp\/v2\/types\/post"}],"author":[{"embeddable":true,"href":"https:\/\/www.tgrthaber.com\/mavikadin\/wp-json\/wp\/v2\/users\/35"}],"replies":[{"embeddable":true,"href":"https:\/\/www.tgrthaber.com\/mavikadin\/wp-json\/wp\/v2\/comments?post=295564"}],"version-history":[{"count":4,"href":"https:\/\/www.tgrthaber.com\/mavikadin\/wp-json\/wp\/v2\/posts\/295564\/revisions"}],"predecessor-version":[{"id":295691,"href":"https:\/\/www.tgrthaber.com\/mavikadin\/wp-json\/wp\/v2\/posts\/295564\/revisions\/295691"}],"wp:featuredmedia":[{"embeddable":true,"href":"https:\/\/www.tgrthaber.com\/mavikadin\/wp-json\/wp\/v2\/media\/295566"}],"wp:attachment":[{"href":"https:\/\/www.tgrthaber.com\/mavikadin\/wp-json\/wp\/v2\/media?parent=295564"}],"wp:term":[{"taxonomy":"category","embeddable":true,"href":"https:\/\/www.tgrthaber.com\/mavikadin\/wp-json\/wp\/v2\/categories?post=295564"},{"taxonomy":"post_tag","embeddable":true,"href":"https:\/\/www.tgrthaber.com\/mavikadin\/wp-json\/wp\/v2\/tags?post=295564"}],"curies":[{"name":"wp","href":"https:\/\/api.w.org\/{rel}","templated":true}]}}