{"id":295565,"date":"2026-01-27T13:27:43","date_gmt":"2026-01-27T10:27:43","guid":{"rendered":"https:\/\/www.tgrthaber.com\/mavikadin\/?p=295565"},"modified":"2026-01-27T13:27:43","modified_gmt":"2026-01-27T10:27:43","slug":"sarimsak-alirken-dikkat-diyetisyen-busra-caliskan-cin-sarimsagi-konusunda-uyardi","status":"publish","type":"post","link":"https:\/\/www.tgrthaber.com\/mavikadin\/sarimsak-alirken-dikkat-diyetisyen-busra-caliskan-cin-sarimsagi-konusunda-uyardi\/","title":{"rendered":"Sar\u0131msak al\u0131rken dikkat! Diyetisyen B\u00fc\u015fra \u00c7al\u0131\u015fkan \u00c7in sar\u0131msa\u011f\u0131 konusunda uyard\u0131"},"content":{"rendered":"<p>Uzmanlar <a href=\"https:\/\/www.tgrthaber.com\/mavikadin\/busra-caliskandan-yaglari-yakan-kur-kaynatin-kilolardan-kurtulun\/\">\u00c7in sar\u0131msa\u011f\u0131<\/a> konusunda uyar\u0131yor! Sar\u0131msak, sa\u011fl\u0131\u011f\u0131m\u0131za son derece faydal\u0131 olan besin kaynaklar\u0131 aras\u0131ndad\u0131r. Fakat \u00c7in sar\u0131msa\u011f\u0131 ile yerli sar\u0131msak kar\u0131\u015ft\u0131r\u0131lmamal\u0131d\u0131r. Hem yemeklere lezzet veren hem de sa\u011fl\u0131\u011f\u0131m\u0131za say\u0131s\u0131z faydas\u0131 bulunan sar\u0131msak, k\u00e2busunuz olmas\u0131n istiyorsan\u0131z, diyetisyen B\u00fc\u015fra \u00c7al\u0131\u015fkan\u2019\u0131n s\u00f6ylediklerine mutlaka g\u00f6z atmal\u0131s\u0131n\u0131z. Son zamanlarda \u00c7in sar\u0131msa\u011f\u0131 hakk\u0131nda iyi \u015feyler s\u00f6ylenmiyor. Diyetisyen B\u00fc\u015fra \u00c7al\u0131\u015fkan ise \u00c7in sar\u0131msa\u011f\u0131n\u0131n tehlikesine dikkat \u00e7ekiyor. Peki, sar\u0131msak al\u0131rken nelere dikkat emeliyiz? \u00c7in sar\u0131msa\u011f\u0131 ve yerli sar\u0131msak nas\u0131l ay\u0131rt edilir? \u00c7in sar\u0131msa\u011f\u0131 hakk\u0131nda bilinmesi gerekenler neler? \u00c7in sar\u0131msa\u011f\u0131n\u0131n tehlikeleri hakk\u0131nda merak edilenleri sizin i\u00e7in ara\u015ft\u0131rd\u0131k. \u0130\u015fte diyetisyen B\u00fc\u015fra \u00c7al\u0131\u015fkan\u2019dan \u00c7in sar\u0131msa\u011f\u0131 hakk\u0131nda uyar\u0131lar\u2026<\/p>\n<h3>SARIMSAK ALIRKEN NELERE D\u0130KKAT ETMEL\u0130Y\u0130Z?<\/h3>\n<p>Sizde sar\u0131msak al\u0131rken, <a href=\"https:\/\/www.tgrthaber.com\/mavikadin\/diyetisyen-busra-caliskandan-karanfil-hakkinda-bilinmeyenler-bir-tanesi-10-derde-deva\/\">\u00c7in sar\u0131msa\u011f\u0131<\/a> konusunda mutlaka dikkatli olun! Y\u00fczy\u0131llar boyunca hem alternatif t\u0131pta hem de modern t\u0131pta b\u00fcy\u00fck bir ilgiyle kullan\u0131lan sar\u0131msak, yemeklerimize lezzet katmaya devam ediyor. D\u00fcnyan\u0131n d\u00f6rt bir noktas\u0131nda kullan\u0131lan sar\u0131msa\u011f\u0131n en kalitelisi \u00fclkemizde Kastamonu\u2019nun Ta\u015fk\u00f6pr\u00fc il\u00e7esinde yeti\u015ftiriliyor.<\/p>\n<p><img loading=\"lazy\" decoding=\"async\" class=\"size-full wp-image-295590\" src=\"https:\/\/www.tgrthaber.com\/mavikadin\/wp-content\/uploads\/2026\/01\/sarimsak-11.jpg\" alt=\"Sar\u0131msak al\u0131rken dikkat! Diyetisyen B\u00fc\u015fra \u00c7al\u0131\u015fkan \u00c7in sar\u0131msa\u011f\u0131 konusunda uyard\u0131\" width=\"1208\" height=\"680\" title=\"\" srcset=\"https:\/\/www.tgrthaber.com\/mavikadin\/wp-content\/uploads\/2026\/01\/sarimsak-11.jpg 1208w, https:\/\/www.tgrthaber.com\/mavikadin\/wp-content\/uploads\/2026\/01\/sarimsak-11-300x169.jpg 300w, https:\/\/www.tgrthaber.com\/mavikadin\/wp-content\/uploads\/2026\/01\/sarimsak-11-1024x576.jpg 1024w, https:\/\/www.tgrthaber.com\/mavikadin\/wp-content\/uploads\/2026\/01\/sarimsak-11-768x432.jpg 768w\" sizes=\"(max-width: 1208px) 100vw, 1208px\" \/><\/p>\n<hr \/>\n<p>Di\u011fer yandan ise \u00c7in, sar\u0131msak \u00fcretiminde ve ihracat\u0131nda d\u00fcnya piyasalar\u0131na \u00f6nemli \u00f6l\u00e7\u00fcde katk\u0131 sa\u011flayan bir \u00fclke olarak kar\u015f\u0131m\u0131za \u00e7\u0131k\u0131yor. Son zamanlarda \u00c7in sar\u0131msa\u011f\u0131 hakk\u0131nda iyi \u015feyler s\u00f6ylenmiyor. \u00d6zellikle beslenme alan\u0131nda uzman ki\u015filer sar\u0131msak al\u0131rken mutlaka dikkat edilmesi noktas\u0131nda vatanda\u015flar\u0131 uyar\u0131yor.<\/p>\n<p><img loading=\"lazy\" decoding=\"async\" class=\"size-full wp-image-295589\" src=\"https:\/\/www.tgrthaber.com\/mavikadin\/wp-content\/uploads\/2026\/01\/sarimsak-10.jpg\" alt=\"Sar\u0131msak al\u0131rken dikkat! Diyetisyen B\u00fc\u015fra \u00c7al\u0131\u015fkan \u00c7in sar\u0131msa\u011f\u0131 konusunda uyard\u0131\" width=\"1208\" height=\"680\" title=\"\" srcset=\"https:\/\/www.tgrthaber.com\/mavikadin\/wp-content\/uploads\/2026\/01\/sarimsak-10.jpg 1208w, https:\/\/www.tgrthaber.com\/mavikadin\/wp-content\/uploads\/2026\/01\/sarimsak-10-300x169.jpg 300w, https:\/\/www.tgrthaber.com\/mavikadin\/wp-content\/uploads\/2026\/01\/sarimsak-10-1024x576.jpg 1024w, https:\/\/www.tgrthaber.com\/mavikadin\/wp-content\/uploads\/2026\/01\/sarimsak-10-768x432.jpg 768w\" sizes=\"(max-width: 1208px) 100vw, 1208px\" \/><\/p>\n<hr \/>\n<p>Bu noktada sar\u0131msak al\u0131rken dikkat edilmesi gereken baz\u0131 kurallar bulunuyor. Sizde mutfa\u011f\u0131n\u0131zda yemek yaparken ger\u00e7ek bir sar\u0131msak kullanmak istiyorsan\u0131z, bunlara mutlaka dikkat edin. \u0130\u015fte sar\u0131msak al\u0131rken dikkat etmeniz gerekenler\u2026<\/p>\n<p><img loading=\"lazy\" decoding=\"async\" class=\"size-full wp-image-295588\" src=\"https:\/\/www.tgrthaber.com\/mavikadin\/wp-content\/uploads\/2026\/01\/sarimsak-9.jpg\" alt=\"Sar\u0131msak al\u0131rken dikkat! Diyetisyen B\u00fc\u015fra \u00c7al\u0131\u015fkan \u00c7in sar\u0131msa\u011f\u0131 konusunda uyard\u0131\" width=\"1208\" height=\"680\" title=\"\" srcset=\"https:\/\/www.tgrthaber.com\/mavikadin\/wp-content\/uploads\/2026\/01\/sarimsak-9.jpg 1208w, https:\/\/www.tgrthaber.com\/mavikadin\/wp-content\/uploads\/2026\/01\/sarimsak-9-300x169.jpg 300w, https:\/\/www.tgrthaber.com\/mavikadin\/wp-content\/uploads\/2026\/01\/sarimsak-9-1024x576.jpg 1024w, https:\/\/www.tgrthaber.com\/mavikadin\/wp-content\/uploads\/2026\/01\/sarimsak-9-768x432.jpg 768w\" sizes=\"(max-width: 1208px) 100vw, 1208px\" \/><\/p>\n<hr \/>\n<ul>\n<li>Ald\u0131\u011f\u0131n\u0131z sar\u0131msa\u011f\u0131n ger\u00e7ek ve hakiki Kastamonu Ta\u015fk\u00f6pr\u00fc sar\u0131msak olmas\u0131na dikkat edin.<\/li>\n<li>Sar\u0131msa\u011f\u0131n ger\u00e7ek bir sar\u0131msak oldu\u011fu tad\u0131, kokusu, lezzeti ve aromas\u0131ndan anla\u015f\u0131l\u0131r. Bu noktada ald\u0131\u011f\u0131n\u0131z sar\u0131msakta bu \u00f6zelliklerin olmas\u0131na \u00f6zen g\u00f6sterin.<\/li>\n<li>Ald\u0131\u011f\u0131n\u0131z sar\u0131msa\u011f\u0131n ucuz olmas\u0131ndan ziyade kaliteli olmas\u0131na dikkat edin.<\/li>\n<li>Yurt d\u0131\u015f\u0131ndan ithal edilen sar\u0131msaklara dikkat edin. \u00c7in sar\u0131msa\u011f\u0131 almamaya \u00f6zen g\u00f6sterin.<\/li>\n<li>\u0130thal \u00fcr\u00fcnlerin raf \u00f6mr\u00fc \u00e7ok k\u0131sad\u0131r. Bu noktada tad\u0131 ve kokusu olmayan \u00fcr\u00fcnlerden uzak durun.<\/li>\n<li>Sar\u0131msak al\u0131rken, ba\u015f k\u0131sm\u0131n\u0131n zede g\u00f6rmemesine, k\u0131r\u0131lmam\u0131\u015f olmas\u0131na ve taneleri koruyan zar\u0131n yerinde olmas\u0131na dikkat edin.<\/li>\n<\/ul>\n<p><img loading=\"lazy\" decoding=\"async\" class=\"size-full wp-image-295591\" src=\"https:\/\/www.tgrthaber.com\/mavikadin\/wp-content\/uploads\/2026\/01\/sarimsak-1.jpg\" alt=\"Sar\u0131msak al\u0131rken dikkat! Diyetisyen B\u00fc\u015fra \u00c7al\u0131\u015fkan \u00c7in sar\u0131msa\u011f\u0131 konusunda uyard\u0131\" width=\"1208\" height=\"680\" title=\"\" srcset=\"https:\/\/www.tgrthaber.com\/mavikadin\/wp-content\/uploads\/2026\/01\/sarimsak-1.jpg 1208w, https:\/\/www.tgrthaber.com\/mavikadin\/wp-content\/uploads\/2026\/01\/sarimsak-1-300x169.jpg 300w, https:\/\/www.tgrthaber.com\/mavikadin\/wp-content\/uploads\/2026\/01\/sarimsak-1-1024x576.jpg 1024w, https:\/\/www.tgrthaber.com\/mavikadin\/wp-content\/uploads\/2026\/01\/sarimsak-1-768x432.jpg 768w\" sizes=\"(max-width: 1208px) 100vw, 1208px\" \/><\/p>\n<hr \/>\n<h3>D\u0130YET\u0130SYEN B\u00dc\u015eRA \u00c7ALI\u015eKAN \u00c7\u0130N SARIMSA\u011eI KONUSUNDA UYARDI!<\/h3>\n<p>Sosyal medyada verdi\u011fi birbirinden g\u00fczel tariflerle dikkatleri \u00fczerine \u00e7eken \u00fcnl\u00fc diyetisyen B\u00fc\u015fra \u00c7al\u0131\u015fkan\u2019dan bu kez <a href=\"https:\/\/www.tgrthaber.com\/mavikadin\/diyetisyen-busra-caliskandan-bacak-ve-basen-eriten-kur-tarifi-21-gunde-incelin\/\">\u00c7in sar\u0131msa\u011f\u0131<\/a> uyar\u0131s\u0131 geldi. Sizde sar\u0131msak se\u00e7erken teredd\u00fct ediyor ve \u00c7in sar\u0131msa\u011f\u0131 kullanmak istemiyorsan\u0131z, B\u00fc\u015fra \u00c7al\u0131\u015fkan\u2019a mutlaka kulak vermelisiniz.<\/p>\n<p><img loading=\"lazy\" decoding=\"async\" class=\"size-full wp-image-295585\" src=\"https:\/\/www.tgrthaber.com\/mavikadin\/wp-content\/uploads\/2026\/01\/sarimsak-7.jpg\" alt=\"Sar\u0131msak al\u0131rken dikkat! Diyetisyen B\u00fc\u015fra \u00c7al\u0131\u015fkan \u00c7in sar\u0131msa\u011f\u0131 konusunda uyard\u0131\" width=\"1208\" height=\"680\" title=\"\" srcset=\"https:\/\/www.tgrthaber.com\/mavikadin\/wp-content\/uploads\/2026\/01\/sarimsak-7.jpg 1208w, https:\/\/www.tgrthaber.com\/mavikadin\/wp-content\/uploads\/2026\/01\/sarimsak-7-300x169.jpg 300w, https:\/\/www.tgrthaber.com\/mavikadin\/wp-content\/uploads\/2026\/01\/sarimsak-7-1024x576.jpg 1024w, https:\/\/www.tgrthaber.com\/mavikadin\/wp-content\/uploads\/2026\/01\/sarimsak-7-768x432.jpg 768w\" sizes=\"(max-width: 1208px) 100vw, 1208px\" \/><\/p>\n<hr \/>\n<p>B\u00fc\u015fra \u00c7al\u0131\u015fkan, \u00c7in sar\u0131msa\u011f\u0131 konusunda vatanda\u015flar\u0131 uyar\u0131yor. Sar\u0131msak al\u0131rken \u00c7in sar\u0131msa\u011f\u0131 almamaya \u00f6zen g\u00f6sterilmesi gerekti\u011fini s\u00f6yleyen \u00c7al\u0131\u015fkan, \u201c\u00c7in\u2019den gelen sar\u0131msaklarda kullan\u0131lan g\u00fcbrelerde yo\u011fun miktarda insan d\u0131\u015fk\u0131s\u0131na rastland\u0131\u011f\u0131 ve bunu da beyazlatmak amac\u0131yla kanserojen bir madde olan \u2018klorit\u2019 kullan\u0131lm\u0131\u015f. Siz siz onun \u00c7in sar\u0131msa\u011f\u0131ndan uzak durun!\u201d ifadelerine yer veriyor.<\/p>\n<p><img loading=\"lazy\" decoding=\"async\" class=\"size-full wp-image-295582\" src=\"https:\/\/www.tgrthaber.com\/mavikadin\/wp-content\/uploads\/2026\/01\/sarimsak-5.jpg\" alt=\"Sar\u0131msak al\u0131rken dikkat! Diyetisyen B\u00fc\u015fra \u00c7al\u0131\u015fkan \u00c7in sar\u0131msa\u011f\u0131 konusunda uyard\u0131\" width=\"1208\" height=\"680\" title=\"\" srcset=\"https:\/\/www.tgrthaber.com\/mavikadin\/wp-content\/uploads\/2026\/01\/sarimsak-5.jpg 1208w, https:\/\/www.tgrthaber.com\/mavikadin\/wp-content\/uploads\/2026\/01\/sarimsak-5-300x169.jpg 300w, https:\/\/www.tgrthaber.com\/mavikadin\/wp-content\/uploads\/2026\/01\/sarimsak-5-1024x576.jpg 1024w, https:\/\/www.tgrthaber.com\/mavikadin\/wp-content\/uploads\/2026\/01\/sarimsak-5-768x432.jpg 768w\" sizes=\"(max-width: 1208px) 100vw, 1208px\" \/><\/p>\n<hr \/>\n<p>Son zamanlarda bir\u00e7ok vatanda\u015f \u00c7in\u2019den gelen sar\u0131msaklara olduk\u00e7a endi\u015feli bir \u015fekilde yakla\u015f\u0131yor. Bunun t\u00fcm sebebi ise \u00c7in\u2019de \u00fcretilen sar\u0131msaklarda kullan\u0131lan g\u00fcbrelerde yo\u011fun miktarda insan d\u0131\u015fk\u0131s\u0131na rastlanmas\u0131\u2026 Ayn\u0131 zamanda beyazlatma amac\u0131yla klorit de kullan\u0131ld\u0131\u011f\u0131 tespit edilen \u00c7in sar\u0131msaklar\u0131, sa\u011fl\u0131m\u0131z a\u00e7\u0131s\u0131ndan b\u00fcy\u00fck tehdit olu\u015fturuyor. Yo\u011fun miktarda pestisit ve a\u011f\u0131r metallere rastlanan \u00c7in sar\u0131msa\u011f\u0131, \u00e7e\u015fitli sindirim sorunlar\u0131n\u0131 da beraberinde getiriyor.<\/p>\n<p><img loading=\"lazy\" decoding=\"async\" class=\"size-full wp-image-295580\" src=\"https:\/\/www.tgrthaber.com\/mavikadin\/wp-content\/uploads\/2026\/01\/sarimsak-3.jpg\" alt=\"Sar\u0131msak al\u0131rken dikkat! Diyetisyen B\u00fc\u015fra \u00c7al\u0131\u015fkan \u00c7in sar\u0131msa\u011f\u0131 konusunda uyard\u0131\" width=\"1208\" height=\"680\" title=\"\" srcset=\"https:\/\/www.tgrthaber.com\/mavikadin\/wp-content\/uploads\/2026\/01\/sarimsak-3.jpg 1208w, https:\/\/www.tgrthaber.com\/mavikadin\/wp-content\/uploads\/2026\/01\/sarimsak-3-300x169.jpg 300w, https:\/\/www.tgrthaber.com\/mavikadin\/wp-content\/uploads\/2026\/01\/sarimsak-3-1024x576.jpg 1024w, https:\/\/www.tgrthaber.com\/mavikadin\/wp-content\/uploads\/2026\/01\/sarimsak-3-768x432.jpg 768w\" sizes=\"(max-width: 1208px) 100vw, 1208px\" \/><\/p>\n<hr \/>\n<h3>\u00c7\u0130N SARIMSA\u011eI VE YERL\u0130 SARIMSAK NASIL AYIRT ED\u0130L\u0130R?<\/h3>\n<p>Marketlerde, pazarlarda ya da manavlarda sat\u0131lan her sar\u0131msak elbette yerli Ta\u015fk\u00f6pr\u00fc sar\u0131msa\u011f\u0131 de\u011fildir. Hemen zaman zaman do\u011fru ve kaliteli sar\u0131msak se\u00e7me noktas\u0131nda zorlanabiliriz. Bu noktada yerli Ta\u015fk\u00f6pr\u00fc sar\u0131msa\u011f\u0131 ve<a href=\"https:\/\/www.tgrthaber.com\/mavikadin\/unlu-diyetisyen-busra-caliskandan-bulgur-uyarisi-1950-yilinda-genleriyle-oynadilar\/\"> \u00c7in sar\u0131msa\u011f\u0131<\/a> aras\u0131nda ay\u0131rt etmemizi sa\u011flayacak baz\u0131 p\u00fcf detaylar bulunuyor. \u0130\u015fte \u00c7in sar\u0131msa\u011f\u0131 ve yerli sar\u0131msa\u011f\u0131 ay\u0131rt etmenin p\u00fcf detaylar\u0131\u2026<\/p>\n<p><img loading=\"lazy\" decoding=\"async\" class=\"size-full wp-image-295584\" src=\"https:\/\/www.tgrthaber.com\/mavikadin\/wp-content\/uploads\/2026\/01\/sarimsak-6.jpg\" alt=\"Sar\u0131msak al\u0131rken dikkat! Diyetisyen B\u00fc\u015fra \u00c7al\u0131\u015fkan \u00c7in sar\u0131msa\u011f\u0131 konusunda uyard\u0131\" width=\"1208\" height=\"680\" title=\"\" srcset=\"https:\/\/www.tgrthaber.com\/mavikadin\/wp-content\/uploads\/2026\/01\/sarimsak-6.jpg 1208w, https:\/\/www.tgrthaber.com\/mavikadin\/wp-content\/uploads\/2026\/01\/sarimsak-6-300x169.jpg 300w, https:\/\/www.tgrthaber.com\/mavikadin\/wp-content\/uploads\/2026\/01\/sarimsak-6-1024x576.jpg 1024w, https:\/\/www.tgrthaber.com\/mavikadin\/wp-content\/uploads\/2026\/01\/sarimsak-6-768x432.jpg 768w\" sizes=\"(max-width: 1208px) 100vw, 1208px\" \/><\/p>\n<hr \/>\n<ul>\n<li>Sar\u0131msak al\u0131rken, ba\u015f yap\u0131s\u0131 ve kabuk rengine mutlaka dikkat edin. Sar\u0131msa\u011f\u0131n, ba\u015f yap\u0131s\u0131 b\u00fct\u00fcn ve yuvarlak \u015feklinde olmal\u0131, sap ba\u015flang\u0131\u00e7 k\u0131sm\u0131 \u00fcstten yass\u0131 olmamal\u0131d\u0131r.<\/li>\n<li>Sar\u0131msa\u011f\u0131n di\u015f yap\u0131s\u0131 ve rengi, kaliteli \u00fcr\u00fcn se\u00e7me noktas\u0131nda olduk\u00e7a \u00f6nemlidir. Sar\u0131msa\u011f\u0131n, di\u015f rengi k\u0131rm\u0131z\u0131 pembemsi olmal\u0131, di\u015f yap\u0131s\u0131 da\u011f\u0131n\u0131k de\u011fil i\u00e7eri sarmal b\u00fct\u00fcn \u015fekilde olmal\u0131d\u0131r.<\/li>\n<li>Sar\u0131msak al\u0131rken, mutlaka sap uzunlu\u011funa ve bi\u00e7imine dikkat etmelisiniz. Ger\u00e7ek kaliteli sar\u0131msa\u011f\u0131n sap uzunlu\u011fu maksimum 40 cm \u015feklinde ve sap \u015fekli odunsu, i\u00e7i boru \u015feklinde olmal\u0131.<\/li>\n<li>Ta\u015fk\u00f6pr\u00fc sar\u0131msa\u011f\u0131n\u0131 \u00c7in sar\u0131msa\u011f\u0131ndan ay\u0131ran en \u00f6nemli nokta; tad\u0131, kokusu ve lezzetidir. Bu noktada sar\u0131msa\u011f\u0131n\u0131z\u0131n tad\u0131na, kokusuna ve lezzetine mutlaka dikkat edin.<\/li>\n<\/ul>\n","protected":false},"excerpt":{"rendered":"<p>Sizde sar\u0131msak al\u0131rken mutlaka dikkatli olmal\u0131s\u0131n\u0131z. Her derde deva olan sar\u0131msak korkulu r\u00fcyan\u0131z olmas\u0131n! Diyetisyen B\u00fc\u015fra \u00c7al\u0131\u015fkan \u00c7in sar\u0131msa\u011f\u0131 konusunda uyar\u0131yor. \u0130\u015fte detaylar\u2026<\/p>\n","protected":false},"author":26,"featured_media":295579,"comment_status":"closed","ping_status":"closed","sticky":false,"template":"","format":"standard","meta":{"rank_math_lock_modified_date":false,"footnotes":""},"categories":[1991],"tags":[71534,3224,173,16668,170],"class_list":["post-295565","post","type-post","status-publish","format-standard","has-post-thumbnail","hentry","category-saglik","tag-cin-sarimsagi","tag-diyetisyen-busra-caliskan","tag-saglik","tag-saglik-haberleri","tag-sarimsak"],"_links":{"self":[{"href":"https:\/\/www.tgrthaber.com\/mavikadin\/wp-json\/wp\/v2\/posts\/295565"}],"collection":[{"href":"https:\/\/www.tgrthaber.com\/mavikadin\/wp-json\/wp\/v2\/posts"}],"about":[{"href":"https:\/\/www.tgrthaber.com\/mavikadin\/wp-json\/wp\/v2\/types\/post"}],"author":[{"embeddable":true,"href":"https:\/\/www.tgrthaber.com\/mavikadin\/wp-json\/wp\/v2\/users\/26"}],"replies":[{"embeddable":true,"href":"https:\/\/www.tgrthaber.com\/mavikadin\/wp-json\/wp\/v2\/comments?post=295565"}],"version-history":[{"count":2,"href":"https:\/\/www.tgrthaber.com\/mavikadin\/wp-json\/wp\/v2\/posts\/295565\/revisions"}],"predecessor-version":[{"id":295594,"href":"https:\/\/www.tgrthaber.com\/mavikadin\/wp-json\/wp\/v2\/posts\/295565\/revisions\/295594"}],"wp:featuredmedia":[{"embeddable":true,"href":"https:\/\/www.tgrthaber.com\/mavikadin\/wp-json\/wp\/v2\/media\/295579"}],"wp:attachment":[{"href":"https:\/\/www.tgrthaber.com\/mavikadin\/wp-json\/wp\/v2\/media?parent=295565"}],"wp:term":[{"taxonomy":"category","embeddable":true,"href":"https:\/\/www.tgrthaber.com\/mavikadin\/wp-json\/wp\/v2\/categories?post=295565"},{"taxonomy":"post_tag","embeddable":true,"href":"https:\/\/www.tgrthaber.com\/mavikadin\/wp-json\/wp\/v2\/tags?post=295565"}],"curies":[{"name":"wp","href":"https:\/\/api.w.org\/{rel}","templated":true}]}}