{"id":295619,"date":"2026-01-27T14:42:07","date_gmt":"2026-01-27T11:42:07","guid":{"rendered":"https:\/\/www.tgrthaber.com\/mavikadin\/?p=295619"},"modified":"2026-01-27T14:42:07","modified_gmt":"2026-01-27T11:42:07","slug":"sahtekarlar-ve-kiskanmak-ayni-aileden-cikti-izleyiciyi-soke-eden-baglanti","status":"publish","type":"post","link":"https:\/\/www.tgrthaber.com\/mavikadin\/sahtekarlar-ve-kiskanmak-ayni-aileden-cikti-izleyiciyi-soke-eden-baglanti\/","title":{"rendered":"Sahtekarlar ve K\u0131skanmak ayn\u0131 aileden \u00e7\u0131kt\u0131! \u0130zleyiciyi \u015foke eden ba\u011flant\u0131"},"content":{"rendered":"<p>Sahtekarlar ile K\u0131skanmak dizileri aras\u0131nda bir s\u00fcredir tahmin edilen ba\u011flant\u0131, son b\u00f6l\u00fcmle birlikte izleyicileri \u015fa\u015f\u0131rtan geli\u015fmelerle a\u00e7\u0131kl\u0131\u011fa kavu\u015ftu. \u0130kisi de Ay Yap\u0131m imzal\u0131 olan ve kar\u015f\u0131l\u0131kl\u0131 konuk oyuncu ge\u00e7i\u015fleriyle dikkat \u00e7eken dizilerde, izleyicilerin akl\u0131ndaki soru i\u015faretlerini gideren ilgin\u00e7 bir detay ortaya \u00e7\u0131kt\u0131. Ortaya \u00e7\u0131kan akrabal\u0131k ba\u011f\u0131, izleyicilerin kafas\u0131ndaki sorular\u0131 tek tek \u00e7\u00f6zd\u00fc. \u0130\u015fte detaylar&#8230;<\/p>\n<h3>SAHTEKARLAR \u0130LE KISKANMAK D\u0130Z\u0130LER\u0130 ARASINDAK\u0130 BA\u011eLANTI NETLE\u015eT\u0130!<\/h3>\n<p>Ay Yap\u0131m imzal\u0131 Sahtekarlar ve <a href=\"https:\/\/www.tgrthaber.com\/mavikadin\/kiskanmak-dizisinde-muhtesem-yuzyil-gondermesi-dikkat-cekti-sehzade-mustafa-yeniden-hatirlandi\/\">K\u0131skanmak<\/a> dizileri, akraba ba\u011f\u0131yla seyircileri \u015fa\u015f\u0131rtt\u0131. Kar\u015f\u0131l\u0131kl\u0131 konuk oyuncu ge\u00e7i\u015fleri ve senaryo detaylar\u0131yla \u00f6r\u00fclen bu ortak evren, senaryo ak\u0131\u015f\u0131n\u0131 k\u00f6kten etkileyen bir akrabal\u0131k ba\u011f\u0131yla ba\u011flanarak K\u0131skanmak ve Sahtekarlar dizisi seyircilerine keyifli bir seyir zevki sundu.<\/p>\n<p><img loading=\"lazy\" decoding=\"async\" class=\"alignnone size-full wp-image-295622\" src=\"https:\/\/www.tgrthaber.com\/mavikadin\/wp-content\/uploads\/2026\/01\/Asli-2026-01-27T115731.211.png\" alt=\"\" width=\"1208\" height=\"680\" title=\"\" srcset=\"https:\/\/www.tgrthaber.com\/mavikadin\/wp-content\/uploads\/2026\/01\/Asli-2026-01-27T115731.211.png 1208w, https:\/\/www.tgrthaber.com\/mavikadin\/wp-content\/uploads\/2026\/01\/Asli-2026-01-27T115731.211-300x169.png 300w, https:\/\/www.tgrthaber.com\/mavikadin\/wp-content\/uploads\/2026\/01\/Asli-2026-01-27T115731.211-1024x576.png 1024w, https:\/\/www.tgrthaber.com\/mavikadin\/wp-content\/uploads\/2026\/01\/Asli-2026-01-27T115731.211-768x432.png 768w\" sizes=\"(max-width: 1208px) 100vw, 1208px\" \/><\/p>\n<hr \/>\n<p>\u00c7o\u011fu televizyon ele\u015ftirmeni taraf\u0131ndan &#8220;anlat\u0131sal geni\u015fleme&#8221; olarak nitelendirilen bu hamle, her iki ba\u015far\u0131l\u0131 dizinin de senaryo ge\u00e7mi\u015fini iki ayr\u0131 hikayeden tek bir ortak noktaya ta\u015f\u0131d\u0131. Ay Yap\u0131m imzal\u0131 dizileri severek takip eden izleyiciler, merakla bekledikleri sorular\u0131n her yeni b\u00f6l\u00fcmde senaryonun daha da derinlerine gizlenen ba\u011flarla a\u00e7\u0131\u011fa \u00e7\u0131kmas\u0131 sayesinde ekran ba\u015f\u0131na kilitlendi. Yap\u0131mlar aras\u0131ndaki bu ge\u00e7i\u015fkenlik, modern dizi habercili\u011finde s\u0131k\u00e7a rastlanan &#8220;ortak evren&#8221; konseptinin T\u00fcrkiye\u2019deki en somut \u00f6rneklerinden biri olarak veri kay\u0131tlar\u0131na ge\u00e7ti.<\/p>\n<p><img loading=\"lazy\" decoding=\"async\" class=\"alignnone size-full wp-image-295623\" src=\"https:\/\/www.tgrthaber.com\/mavikadin\/wp-content\/uploads\/2026\/01\/Asli-2026-01-27T115750.541.png\" alt=\"\" width=\"1208\" height=\"680\" title=\"\" srcset=\"https:\/\/www.tgrthaber.com\/mavikadin\/wp-content\/uploads\/2026\/01\/Asli-2026-01-27T115750.541.png 1208w, https:\/\/www.tgrthaber.com\/mavikadin\/wp-content\/uploads\/2026\/01\/Asli-2026-01-27T115750.541-300x169.png 300w, https:\/\/www.tgrthaber.com\/mavikadin\/wp-content\/uploads\/2026\/01\/Asli-2026-01-27T115750.541-1024x576.png 1024w, https:\/\/www.tgrthaber.com\/mavikadin\/wp-content\/uploads\/2026\/01\/Asli-2026-01-27T115750.541-768x432.png 768w\" sizes=\"(max-width: 1208px) 100vw, 1208px\" \/><\/p>\n<hr \/>\n<h3>SAHTEKARLAR VE KISKANMAK D\u0130Z\u0130S\u0130NDE KUZEN BA\u011eI ORTAYA \u00c7IKTI!<\/h3>\n<p>Sahtekarlar dizisinin son b\u00f6l\u00fcm\u00fcnde Ertan karakterinin aile ge\u00e7mi\u015fine dair ortaya \u00e7\u0131kan olaylar\u0131n, K\u0131skanmak dizisinin senaryosuna do\u011frudan ba\u011flant\u0131l\u0131 oldu\u011fu anla\u015f\u0131ld\u0131. Ertan\u2019\u0131n annesinin, <a href=\"https:\/\/www.tgrthaber.com\/mavikadin\/kiskanmak-dizisine-tamer-levent-surprizi-sahtekarlarin-hidayet-bakizadesi-mediha-icin-geliyor\/\">K\u0131skanmak<\/a> dizisinin kilit fig\u00fcrlerinden Mediha\u2019n\u0131n \u00f6z k\u0131z karde\u015fi oldu\u011funun ortaya \u00e7\u0131kmas\u0131 izleyicileri \u015fa\u015f\u0131rtt\u0131.<\/p>\n<p><img loading=\"lazy\" decoding=\"async\" class=\"alignnone size-full wp-image-295624\" src=\"https:\/\/www.tgrthaber.com\/mavikadin\/wp-content\/uploads\/2026\/01\/Asli-2026-01-27T115833.677.png\" alt=\"\" width=\"1208\" height=\"680\" title=\"\" srcset=\"https:\/\/www.tgrthaber.com\/mavikadin\/wp-content\/uploads\/2026\/01\/Asli-2026-01-27T115833.677.png 1208w, https:\/\/www.tgrthaber.com\/mavikadin\/wp-content\/uploads\/2026\/01\/Asli-2026-01-27T115833.677-300x169.png 300w, https:\/\/www.tgrthaber.com\/mavikadin\/wp-content\/uploads\/2026\/01\/Asli-2026-01-27T115833.677-1024x576.png 1024w, https:\/\/www.tgrthaber.com\/mavikadin\/wp-content\/uploads\/2026\/01\/Asli-2026-01-27T115833.677-768x432.png 768w\" sizes=\"(max-width: 1208px) 100vw, 1208px\" \/><\/p>\n<hr \/>\n<p>Ayda Aksel ve Tamer Levent taraf\u0131ndan canland\u0131r\u0131lan Mediha ve Hidayet karakterlerinin bulu\u015fmas\u0131, ge\u00e7mi\u015fte kalan Bedia karakterinin hikayesinin asl\u0131nda Sahtekarlar dizisinin evreninde s\u00fcrd\u00fc\u011f\u00fcn\u00fc kan\u0131tlad\u0131. Mediha (Ayda Aksel) ve Hidayet\u2019in (Tamer Levent) son b\u00f6l\u00fcmde bir araya gelmesinin ard\u0131ndan, Mediha\u2019n\u0131n karde\u015fi Bedia\u2019n\u0131n hikayesinin Sahtekarlar evreninde devam etti\u011fi netle\u015fti. B\u00f6ylece Seniha (\u00d6zg\u00fc Namal), Ertan (Burak Deniz) ve Halit (Mehmet G\u00fcns\u00fcr) karakterlerinin kuzen oldu\u011fu ortaya \u00e7\u0131kt\u0131.<\/p>\n<p><img loading=\"lazy\" decoding=\"async\" class=\"alignnone size-full wp-image-295625\" src=\"https:\/\/www.tgrthaber.com\/mavikadin\/wp-content\/uploads\/2026\/01\/Asli-2026-01-27T115851.227.png\" alt=\"\" width=\"1208\" height=\"680\" title=\"\" srcset=\"https:\/\/www.tgrthaber.com\/mavikadin\/wp-content\/uploads\/2026\/01\/Asli-2026-01-27T115851.227.png 1208w, https:\/\/www.tgrthaber.com\/mavikadin\/wp-content\/uploads\/2026\/01\/Asli-2026-01-27T115851.227-300x169.png 300w, https:\/\/www.tgrthaber.com\/mavikadin\/wp-content\/uploads\/2026\/01\/Asli-2026-01-27T115851.227-1024x576.png 1024w, https:\/\/www.tgrthaber.com\/mavikadin\/wp-content\/uploads\/2026\/01\/Asli-2026-01-27T115851.227-768x432.png 768w\" sizes=\"(max-width: 1208px) 100vw, 1208px\" \/><\/p>\n<hr \/>\n<p>Senaryodaki bu hamle, karakterler aras\u0131ndaki ili\u015fkilerin anlam\u0131n\u0131 tamamen de\u011fi\u015ftirirken, ge\u00e7mi\u015fte ya\u015fanan bir\u00e7ok olay\u0131n da yeni bir g\u00f6zle de\u011ferlendirilmesine yol a\u00e7t\u0131. Aile a\u011fac\u0131ndaki bu geni\u015fleme, dizilerin gelecek b\u00f6l\u00fcmlerindeki olay \u00f6rg\u00fcs\u00fcne dair yeni de\u011fi\u015fimlere kap\u0131 aralad\u0131.<\/p>\n<p><img loading=\"lazy\" decoding=\"async\" class=\"alignnone size-full wp-image-295626\" src=\"https:\/\/www.tgrthaber.com\/mavikadin\/wp-content\/uploads\/2026\/01\/Asli-2026-01-27T115921.379.png\" alt=\"\" width=\"1208\" height=\"680\" title=\"\" srcset=\"https:\/\/www.tgrthaber.com\/mavikadin\/wp-content\/uploads\/2026\/01\/Asli-2026-01-27T115921.379.png 1208w, https:\/\/www.tgrthaber.com\/mavikadin\/wp-content\/uploads\/2026\/01\/Asli-2026-01-27T115921.379-300x169.png 300w, https:\/\/www.tgrthaber.com\/mavikadin\/wp-content\/uploads\/2026\/01\/Asli-2026-01-27T115921.379-1024x576.png 1024w, https:\/\/www.tgrthaber.com\/mavikadin\/wp-content\/uploads\/2026\/01\/Asli-2026-01-27T115921.379-768x432.png 768w\" sizes=\"(max-width: 1208px) 100vw, 1208px\" \/><\/p>\n<p>Bu iki ba\u015far\u0131l\u0131 dizinin hikayelerinin bir noktada kesi\u015fmesi, izleyicileri her iki diziyi de takip etmeye te\u015fvik ederken \u00e7apraz kurgu y\u00f6ntemiyle yerli dizi sekt\u00f6r\u00fcnde seyirciye daha keyifli bir izleme deneyimi sunan \u00f6zg\u00fcn bir senaryo yap\u0131s\u0131 ortaya koydu.<\/p>\n","protected":false},"excerpt":{"rendered":"<p>Ay Yap\u0131m imzal\u0131 Sahtekarlar ve K\u0131skanmak dizileri aras\u0131nda uzun s\u00fcredir konu\u015fulan ba\u011flant\u0131 resmen yay\u0131nlanan son b\u00f6l\u00fcm ile ortaya \u00e7\u0131kt\u0131. Son b\u00f6l\u00fcmde a\u00e7\u0131klanan akrabal\u0131k ba\u011f\u0131, iki dizinin hikayesini ortak bir evrende bulu\u015fturmas\u0131 g\u00fcndem oldu.<\/p>\n","protected":false},"author":37,"featured_media":295621,"comment_status":"closed","ping_status":"closed","sticky":false,"template":"","format":"standard","meta":{"rank_math_lock_modified_date":false,"footnotes":""},"categories":[602],"tags":[3602,21824,30619],"class_list":["post-295619","post","type-post","status-publish","format-standard","has-post-thumbnail","hentry","category-diziler","tag-diziler","tag-kiskanmak","tag-sahtekarlar"],"_links":{"self":[{"href":"https:\/\/www.tgrthaber.com\/mavikadin\/wp-json\/wp\/v2\/posts\/295619"}],"collection":[{"href":"https:\/\/www.tgrthaber.com\/mavikadin\/wp-json\/wp\/v2\/posts"}],"about":[{"href":"https:\/\/www.tgrthaber.com\/mavikadin\/wp-json\/wp\/v2\/types\/post"}],"author":[{"embeddable":true,"href":"https:\/\/www.tgrthaber.com\/mavikadin\/wp-json\/wp\/v2\/users\/37"}],"replies":[{"embeddable":true,"href":"https:\/\/www.tgrthaber.com\/mavikadin\/wp-json\/wp\/v2\/comments?post=295619"}],"version-history":[{"count":1,"href":"https:\/\/www.tgrthaber.com\/mavikadin\/wp-json\/wp\/v2\/posts\/295619\/revisions"}],"predecessor-version":[{"id":295635,"href":"https:\/\/www.tgrthaber.com\/mavikadin\/wp-json\/wp\/v2\/posts\/295619\/revisions\/295635"}],"wp:featuredmedia":[{"embeddable":true,"href":"https:\/\/www.tgrthaber.com\/mavikadin\/wp-json\/wp\/v2\/media\/295621"}],"wp:attachment":[{"href":"https:\/\/www.tgrthaber.com\/mavikadin\/wp-json\/wp\/v2\/media?parent=295619"}],"wp:term":[{"taxonomy":"category","embeddable":true,"href":"https:\/\/www.tgrthaber.com\/mavikadin\/wp-json\/wp\/v2\/categories?post=295619"},{"taxonomy":"post_tag","embeddable":true,"href":"https:\/\/www.tgrthaber.com\/mavikadin\/wp-json\/wp\/v2\/tags?post=295619"}],"curies":[{"name":"wp","href":"https:\/\/api.w.org\/{rel}","templated":true}]}}