{"id":295620,"date":"2026-01-27T14:44:46","date_gmt":"2026-01-27T11:44:46","guid":{"rendered":"https:\/\/www.tgrthaber.com\/mavikadin\/?p=295620"},"modified":"2026-01-27T14:44:47","modified_gmt":"2026-01-27T11:44:47","slug":"m-lisa-ve-mert-yazicioglu-aski-belgelendi-unlu-sarkicinin-paylasimi-cifti-ele-verdi","status":"publish","type":"post","link":"https:\/\/www.tgrthaber.com\/mavikadin\/m-lisa-ve-mert-yazicioglu-aski-belgelendi-unlu-sarkicinin-paylasimi-cifti-ele-verdi\/","title":{"rendered":"M Lisa ve Mert Yaz\u0131c\u0131o\u011flu a\u015fk\u0131 belgelendi! \u00dcnl\u00fc \u015fark\u0131c\u0131n\u0131n payla\u015f\u0131m\u0131 \u00e7ifti ele verdi"},"content":{"rendered":"<p>Ba\u015far\u0131l\u0131 oyunculu\u011fu ve yak\u0131\u015f\u0131kl\u0131l\u0131\u011f\u0131yla dikkatleri \u00fczerine \u00e7ekmeye devam eden <a href=\"http:\/\/er.com\/mavikadin\/mert-yazicioglu-yilin-oyuncusu-odulunu-kazandi-erkan-kolcak-kostendilin-odulu-verirken-ki-konusmasi-seyirciyi-kahkahaya-bogdu\/\" target=\"_blank\" rel=\"noopener\">Mert Yaz\u0131c\u0131o\u011flu<\/a>, bu kez M Lisa adl\u0131 \u015fark\u0131c\u0131yla a\u015fk ya\u015fad\u0131\u011f\u0131 iddialar\u0131yla g\u00fcndeme bomba gibi d\u00fc\u015ft\u00fc. \u00dcnl\u00fc \u015fark\u0131c\u0131 M Lisa ve ba\u015far\u0131l\u0131 oyuncu Mert Yaz\u0131c\u0131o\u011flu aras\u0131nda yeni bir a\u015fk dedikodusu ortaya at\u0131ld\u0131. Uzun bir s\u00fcredir magazin g\u00fcndeminde birlikte olduklar\u0131 iddia edilen M Lisa ve Mert Yaz\u0131c\u0131o\u011flu ikilisi a\u015fk\u0131 adeta belgelendi. M Lisa\u2019n\u0131n Mert Yaz\u0131c\u0131o\u011flu\u2019nun evinden yapt\u0131\u011f\u0131 payla\u015f\u0131m, resmen a\u015fk iddialar\u0131n\u0131 do\u011frulad\u0131. \u0130\u015fte M Lisa ve Mert Yaz\u0131c\u0131o\u011flu a\u015fk\u0131n\u0131 belgeleyen o payla\u015f\u0131m\u2026<\/p>\n<h3>M L\u0130SA VE MERT YAZICIO\u011eLU A\u015eKI BELGELEND\u0130!<\/h3>\n<p>Ba\u015far\u0131l\u0131 oyunculuk performans\u0131, yak\u0131\u015f\u0131kl\u0131l\u0131\u011f\u0131 ve kariyeriyle dikkatleri \u00fczerine \u00e7eken <a href=\"https:\/\/www.tgrthaber.com\/mavikadin\/mert-yazicioglundan-yilbasi-paylasimi-yeni-yili-yakin-arkadaslariyla-birlikte-kutladi\/?p=6\">Mert Yaz\u0131c\u0131o\u011flu<\/a>, bu kez M Lisa ile ya\u015fad\u0131\u011f\u0131 a\u015fk dedikodular\u0131yla g\u00fcndeme bomba gibi oturdu. Kariyerinin yan\u0131 s\u0131ra zaman zaman \u00f6zel hayat\u0131yla da ad\u0131ndan s\u00f6z ettiren Yaz\u0131c\u0131o\u011flu\u2019nun \u00fcnl\u00fc \u015fark\u0131c\u0131 M Lisa ile a\u015fk ya\u015fad\u0131\u011f\u0131 iddia edildi.<\/p>\n<p><img loading=\"lazy\" decoding=\"async\" class=\"size-full wp-image-295630\" src=\"https:\/\/www.tgrthaber.com\/mavikadin\/wp-content\/uploads\/2026\/01\/Mert-Yazicioglu-M-Lisa-6.jpg\" alt=\"M Lisa ve Mert Yaz\u0131c\u0131o\u011flu a\u015fk\u0131 belgelendi! \u00dcnl\u00fc \u015fark\u0131c\u0131n\u0131n payla\u015f\u0131m\u0131 \u00e7ifti ele verdi\" width=\"1208\" height=\"680\" title=\"\" srcset=\"https:\/\/www.tgrthaber.com\/mavikadin\/wp-content\/uploads\/2026\/01\/Mert-Yazicioglu-M-Lisa-6.jpg 1208w, https:\/\/www.tgrthaber.com\/mavikadin\/wp-content\/uploads\/2026\/01\/Mert-Yazicioglu-M-Lisa-6-300x169.jpg 300w, https:\/\/www.tgrthaber.com\/mavikadin\/wp-content\/uploads\/2026\/01\/Mert-Yazicioglu-M-Lisa-6-1024x576.jpg 1024w, https:\/\/www.tgrthaber.com\/mavikadin\/wp-content\/uploads\/2026\/01\/Mert-Yazicioglu-M-Lisa-6-768x432.jpg 768w\" sizes=\"(max-width: 1208px) 100vw, 1208px\" \/><\/p>\n<hr \/>\n<p>Bu sezon ATV ekranlar\u0131nda izleyici kar\u015f\u0131s\u0131na \u00e7\u0131kan Kurulu\u015f Orhan dizisinde \u2018Orhan Bey\u2019 karakteriyle ekranlara geri d\u00f6nen Mert Yaz\u0131c\u0131o\u011flu\u2019nun\u00a0s\u00f6z yazar\u0131 ve m\u00fczik yap\u0131mc\u0131s\u0131 M Lisa ile \u00e7\u0131kan a\u015fk dedikodular\u0131 adeta belgelendi. Son y\u0131llarda yer ald\u0131\u011f\u0131 projelerle ad\u0131ndan s\u0131k\u00e7a s\u00f6z ettiren ve gen\u00e7 k\u0131zlar\u0131n sevgilisi haline gelen Yaz\u0131c\u0131o\u011flu, bir s\u00fcredir a\u015fk hayat\u0131yla g\u00fcndeme gelmemi\u015fti.<\/p>\n<p><img loading=\"lazy\" decoding=\"async\" class=\"size-full wp-image-295634\" src=\"https:\/\/www.tgrthaber.com\/mavikadin\/wp-content\/uploads\/2026\/01\/Mert-Yazicioglu-M-Lisa-2.jpg\" alt=\"M Lisa ve Mert Yaz\u0131c\u0131o\u011flu a\u015fk\u0131 belgelendi! \u00dcnl\u00fc \u015fark\u0131c\u0131n\u0131n payla\u015f\u0131m\u0131 \u00e7ifti ele verdi\" width=\"1208\" height=\"680\" title=\"\" srcset=\"https:\/\/www.tgrthaber.com\/mavikadin\/wp-content\/uploads\/2026\/01\/Mert-Yazicioglu-M-Lisa-2.jpg 1208w, https:\/\/www.tgrthaber.com\/mavikadin\/wp-content\/uploads\/2026\/01\/Mert-Yazicioglu-M-Lisa-2-300x169.jpg 300w, https:\/\/www.tgrthaber.com\/mavikadin\/wp-content\/uploads\/2026\/01\/Mert-Yazicioglu-M-Lisa-2-1024x576.jpg 1024w, https:\/\/www.tgrthaber.com\/mavikadin\/wp-content\/uploads\/2026\/01\/Mert-Yazicioglu-M-Lisa-2-768x432.jpg 768w\" sizes=\"(max-width: 1208px) 100vw, 1208px\" \/><\/p>\n<hr \/>\n<p>\u00d6zellikle uzun bir s\u00fcre Afra Sara\u00e7o\u011flu ile ya\u015fad\u0131\u011f\u0131 ve olduk\u00e7a olayl\u0131 \u015fekilde sona eren ili\u015fkisiyle magazin g\u00fcndeminden bir an olsun d\u00fc\u015fmeyen Mert Yaz\u0131c\u0131o\u011flu, yo\u011fun \u00e7al\u0131\u015fma temposunu gerek\u00e7e g\u00f6stererek a\u015fk hayat\u0131na ara verdi\u011fini ve kalbinin bo\u015f oldu\u011funu s\u00f6ylemi\u015fti.<\/p>\n<p><img loading=\"lazy\" decoding=\"async\" class=\"size-full wp-image-295632\" src=\"https:\/\/www.tgrthaber.com\/mavikadin\/wp-content\/uploads\/2026\/01\/Mert-Yazicioglu-M-Lisa-8.jpg\" alt=\"M Lisa ve Mert Yaz\u0131c\u0131o\u011flu a\u015fk\u0131 belgelendi! \u00dcnl\u00fc \u015fark\u0131c\u0131n\u0131n payla\u015f\u0131m\u0131 \u00e7ifti ele verdi\" width=\"1208\" height=\"680\" title=\"\" srcset=\"https:\/\/www.tgrthaber.com\/mavikadin\/wp-content\/uploads\/2026\/01\/Mert-Yazicioglu-M-Lisa-8.jpg 1208w, https:\/\/www.tgrthaber.com\/mavikadin\/wp-content\/uploads\/2026\/01\/Mert-Yazicioglu-M-Lisa-8-300x169.jpg 300w, https:\/\/www.tgrthaber.com\/mavikadin\/wp-content\/uploads\/2026\/01\/Mert-Yazicioglu-M-Lisa-8-1024x576.jpg 1024w, https:\/\/www.tgrthaber.com\/mavikadin\/wp-content\/uploads\/2026\/01\/Mert-Yazicioglu-M-Lisa-8-768x432.jpg 768w\" sizes=\"(max-width: 1208px) 100vw, 1208px\" \/><\/p>\n<hr \/>\n<p>Bir s\u00fcre ad\u0131n\u0131 a\u015fk dedikodular\u0131ndan uzak tutan Mert Yaz\u0131c\u0131o\u011flu, kariyerine odaklanm\u0131\u015f ve bir\u00e7ok ba\u015far\u0131l\u0131 projeye imza atm\u0131\u015ft\u0131. \u015eimdilerde Kurulu\u015f Orhan dizisinde \u2018Orhan Bey\u2019 karakteriyle dikkatleri \u00fczerine \u00e7eken Yaz\u0131c\u0131o\u011flu ve \u00fcnl\u00fc \u015fark\u0131c\u0131 M Lisa aras\u0131nda yeni bir a\u015fk dedikodusu ortaya at\u0131ld\u0131.<\/p>\n<p><img loading=\"lazy\" decoding=\"async\" class=\"size-full wp-image-295631\" src=\"https:\/\/www.tgrthaber.com\/mavikadin\/wp-content\/uploads\/2026\/01\/Mert-Yazicioglu-M-Lisa-7.jpg\" alt=\"M Lisa ve Mert Yaz\u0131c\u0131o\u011flu a\u015fk\u0131 belgelendi! \u00dcnl\u00fc \u015fark\u0131c\u0131n\u0131n payla\u015f\u0131m\u0131 \u00e7ifti ele verdi\" width=\"1208\" height=\"680\" title=\"\" srcset=\"https:\/\/www.tgrthaber.com\/mavikadin\/wp-content\/uploads\/2026\/01\/Mert-Yazicioglu-M-Lisa-7.jpg 1208w, https:\/\/www.tgrthaber.com\/mavikadin\/wp-content\/uploads\/2026\/01\/Mert-Yazicioglu-M-Lisa-7-300x169.jpg 300w, https:\/\/www.tgrthaber.com\/mavikadin\/wp-content\/uploads\/2026\/01\/Mert-Yazicioglu-M-Lisa-7-1024x576.jpg 1024w, https:\/\/www.tgrthaber.com\/mavikadin\/wp-content\/uploads\/2026\/01\/Mert-Yazicioglu-M-Lisa-7-768x432.jpg 768w\" sizes=\"(max-width: 1208px) 100vw, 1208px\" \/><\/p>\n<hr \/>\n<h3>M L\u0130SA\u2019NIN MERT YAZICIO\u011eLU\u2019NUN EV\u0130NDEN YAPTI\u011eI PAYLA\u015eIM A\u015eK \u0130DD\u0130ALARINI DO\u011eRULADI!<\/h3>\n<p>Uzun bir s\u00fcredir magazin g\u00fcndeminde birlikte olduklar\u0131 iddia edilen M Lisa ve <a href=\"https:\/\/www.tgrthaber.com\/mavikadin\/mert-yazicioglunun-leyla-tanlarin-paylasimina-yaptigi-yorum-guldurdu-unlu-oyuncunun-yorumu-sosyal-medyada-gundem-oldu\/\">Mert Yaz\u0131c\u0131o\u011flu<\/a> ikilisi a\u015fk\u0131 adeta belgelendi. M Lisa\u2019n\u0131n Mert Yaz\u0131c\u0131o\u011flu\u2019nun evinden yapt\u0131\u011f\u0131 payla\u015f\u0131m, resmen a\u015fk iddialar\u0131n\u0131 do\u011frulad\u0131. Yaz\u0131c\u0131o\u011flu\u2019nun sahne ismi M Lisa olan \u015fark\u0131c\u0131 Zeynep Melisa G\u00fclen ile 2024 yaz\u0131nda g\u00f6zlerden uzak \u015fekilde \u00fc\u00e7 ay boyunca bir ili\u015fki ya\u015fad\u0131\u011f\u0131, ard\u0131ndan da \u00e7iftin ayr\u0131ld\u0131\u011f\u0131 iddia edilmi\u015fti.<\/p>\n<p><img loading=\"lazy\" decoding=\"async\" class=\"size-full wp-image-295629\" src=\"https:\/\/www.tgrthaber.com\/mavikadin\/wp-content\/uploads\/2026\/01\/Mert-Yazicioglu-M-Lisa-5.jpg\" alt=\"M Lisa ve Mert Yaz\u0131c\u0131o\u011flu a\u015fk\u0131 belgelendi! \u00dcnl\u00fc \u015fark\u0131c\u0131n\u0131n payla\u015f\u0131m\u0131 \u00e7ifti ele verdi\" width=\"1208\" height=\"680\" title=\"\" srcset=\"https:\/\/www.tgrthaber.com\/mavikadin\/wp-content\/uploads\/2026\/01\/Mert-Yazicioglu-M-Lisa-5.jpg 1208w, https:\/\/www.tgrthaber.com\/mavikadin\/wp-content\/uploads\/2026\/01\/Mert-Yazicioglu-M-Lisa-5-300x169.jpg 300w, https:\/\/www.tgrthaber.com\/mavikadin\/wp-content\/uploads\/2026\/01\/Mert-Yazicioglu-M-Lisa-5-1024x576.jpg 1024w, https:\/\/www.tgrthaber.com\/mavikadin\/wp-content\/uploads\/2026\/01\/Mert-Yazicioglu-M-Lisa-5-768x432.jpg 768w\" sizes=\"(max-width: 1208px) 100vw, 1208px\" \/><\/p>\n<hr \/>\n<p>Mert Yaz\u0131c\u0131o\u011flu ve M Lisa hakk\u0131nda ortaya at\u0131lan iddialar magazin g\u00fcndemini sarsm\u0131\u015ft\u0131. \u00dcnl\u00fc \u015fark\u0131c\u0131ya Yaz\u0131c\u0131o\u011flu sorulmu\u015f, M Lisa ise net bir dille \u201c\u00f6yle bir durum yok\u201d cevab\u0131n\u0131 vermi\u015fti. Uzun bir s\u00fcredir sosyal medyada ve magazin g\u00fcndeminde a\u015fk ya\u015fad\u0131klar\u0131 iddia edilen ikiliden M Lisa\u2019n\u0131n ge\u00e7ti\u011fimiz g\u00fcnlerde yapt\u0131\u011f\u0131 payla\u015f\u0131m, adeta a\u015fk iddialar\u0131n\u0131 yeniden alevlendirdi.<\/p>\n<p><img loading=\"lazy\" decoding=\"async\" class=\"size-full wp-image-295628\" src=\"https:\/\/www.tgrthaber.com\/mavikadin\/wp-content\/uploads\/2026\/01\/Mert-Yazicioglu-M-Lisa-4.jpg\" alt=\"M Lisa ve Mert Yaz\u0131c\u0131o\u011flu a\u015fk\u0131 belgelendi! \u00dcnl\u00fc \u015fark\u0131c\u0131n\u0131n payla\u015f\u0131m\u0131 \u00e7ifti ele verdi\" width=\"1208\" height=\"680\" title=\"\" srcset=\"https:\/\/www.tgrthaber.com\/mavikadin\/wp-content\/uploads\/2026\/01\/Mert-Yazicioglu-M-Lisa-4.jpg 1208w, https:\/\/www.tgrthaber.com\/mavikadin\/wp-content\/uploads\/2026\/01\/Mert-Yazicioglu-M-Lisa-4-300x169.jpg 300w, https:\/\/www.tgrthaber.com\/mavikadin\/wp-content\/uploads\/2026\/01\/Mert-Yazicioglu-M-Lisa-4-1024x576.jpg 1024w, https:\/\/www.tgrthaber.com\/mavikadin\/wp-content\/uploads\/2026\/01\/Mert-Yazicioglu-M-Lisa-4-768x432.jpg 768w\" sizes=\"(max-width: 1208px) 100vw, 1208px\" \/><\/p>\n<hr \/>\n<p>M Lisa\u2019n\u0131n Mert Yaz\u0131c\u0131o\u011flu\u2019nun evinden payla\u015f\u0131m yapt\u0131\u011f\u0131 iddia edildi. \u00dcnl\u00fc \u015fark\u0131c\u0131n\u0131n payla\u015ft\u0131\u011f\u0131 foto\u011fraftaki arka plan ve Mert Yaz\u0131c\u0131o\u011flu\u2019nun daha \u00f6nce sosyal medya hesab\u0131nda payla\u015ft\u0131\u011f\u0131 arka planla birebir \u00f6rt\u00fc\u015f\u00fcnce, \u201cBu ev Mert\u2019in evi mi?\u201d sorular\u0131n\u0131 beraberinde getirdi.<\/p>\n<p><img loading=\"lazy\" decoding=\"async\" class=\"size-full wp-image-295633\" src=\"https:\/\/www.tgrthaber.com\/mavikadin\/wp-content\/uploads\/2026\/01\/Mert-Yazicioglu-M-Lisa-1.jpg\" alt=\"M Lisa ve Mert Yaz\u0131c\u0131o\u011flu a\u015fk\u0131 belgelendi! \u00dcnl\u00fc \u015fark\u0131c\u0131n\u0131n payla\u015f\u0131m\u0131 \u00e7ifti ele verdi\" width=\"1208\" height=\"680\" title=\"\" srcset=\"https:\/\/www.tgrthaber.com\/mavikadin\/wp-content\/uploads\/2026\/01\/Mert-Yazicioglu-M-Lisa-1.jpg 1208w, https:\/\/www.tgrthaber.com\/mavikadin\/wp-content\/uploads\/2026\/01\/Mert-Yazicioglu-M-Lisa-1-300x169.jpg 300w, https:\/\/www.tgrthaber.com\/mavikadin\/wp-content\/uploads\/2026\/01\/Mert-Yazicioglu-M-Lisa-1-1024x576.jpg 1024w, https:\/\/www.tgrthaber.com\/mavikadin\/wp-content\/uploads\/2026\/01\/Mert-Yazicioglu-M-Lisa-1-768x432.jpg 768w\" sizes=\"(max-width: 1208px) 100vw, 1208px\" \/><\/p>\n<hr \/>\n<p>M Lisa ve Mert Yaz\u0131c\u0131o\u011flu aras\u0131ndaki a\u015fk iddialar\u0131 yeniden alevlenirken, sosyal medya kullan\u0131c\u0131lar\u0131 ise adeta ikiye b\u00f6l\u00fcnd\u00fc. Kimileri ikilinin uzun s\u00fcredir birlikte oldu\u011funu iddia ederken, kimileri de ayr\u0131l\u0131k sonras\u0131 yeniden bar\u0131\u015ft\u0131klar\u0131n\u0131 s\u00f6yledi. Fakat \u00e7iftin kamuoyuna yans\u0131yan net ve do\u011frulu\u011fu kan\u0131tlanm\u0131\u015f bir birlikteli\u011fi hen\u00fcz yok.<\/p>\n","protected":false},"excerpt":{"rendered":"<p>\u00dcnl\u00fc \u015fark\u0131c\u0131 M Lisa ve Mert Yaz\u0131c\u0131o\u011flu aras\u0131nda yeni bir a\u015fk dedikodusu ortaya at\u0131ld\u0131. Uzun bir s\u00fcredir magazin g\u00fcndeminde birlikte olduklar\u0131 iddia edilen M Lisa ve Mert Yaz\u0131c\u0131o\u011flu ikilisi, a\u015fk\u0131 adeta belgelendi. \u0130\u015fte detaylar\u2026<\/p>\n","protected":false},"author":26,"featured_media":295627,"comment_status":"closed","ping_status":"closed","sticky":false,"template":"","format":"standard","meta":{"rank_math_lock_modified_date":false,"footnotes":""},"categories":[76],"tags":[24338,133,2218,2307,71541],"class_list":["post-295620","post","type-post","status-publish","format-standard","has-post-thumbnail","hentry","category-magazin","tag-m-lisa","tag-magazin","tag-magazin-haberleri","tag-mert-yazicioglu","tag-mert-yazicioglu-ve-m-lisa"],"_links":{"self":[{"href":"https:\/\/www.tgrthaber.com\/mavikadin\/wp-json\/wp\/v2\/posts\/295620"}],"collection":[{"href":"https:\/\/www.tgrthaber.com\/mavikadin\/wp-json\/wp\/v2\/posts"}],"about":[{"href":"https:\/\/www.tgrthaber.com\/mavikadin\/wp-json\/wp\/v2\/types\/post"}],"author":[{"embeddable":true,"href":"https:\/\/www.tgrthaber.com\/mavikadin\/wp-json\/wp\/v2\/users\/26"}],"replies":[{"embeddable":true,"href":"https:\/\/www.tgrthaber.com\/mavikadin\/wp-json\/wp\/v2\/comments?post=295620"}],"version-history":[{"count":1,"href":"https:\/\/www.tgrthaber.com\/mavikadin\/wp-json\/wp\/v2\/posts\/295620\/revisions"}],"predecessor-version":[{"id":295636,"href":"https:\/\/www.tgrthaber.com\/mavikadin\/wp-json\/wp\/v2\/posts\/295620\/revisions\/295636"}],"wp:featuredmedia":[{"embeddable":true,"href":"https:\/\/www.tgrthaber.com\/mavikadin\/wp-json\/wp\/v2\/media\/295627"}],"wp:attachment":[{"href":"https:\/\/www.tgrthaber.com\/mavikadin\/wp-json\/wp\/v2\/media?parent=295620"}],"wp:term":[{"taxonomy":"category","embeddable":true,"href":"https:\/\/www.tgrthaber.com\/mavikadin\/wp-json\/wp\/v2\/categories?post=295620"},{"taxonomy":"post_tag","embeddable":true,"href":"https:\/\/www.tgrthaber.com\/mavikadin\/wp-json\/wp\/v2\/tags?post=295620"}],"curies":[{"name":"wp","href":"https:\/\/api.w.org\/{rel}","templated":true}]}}