{"id":295637,"date":"2026-01-27T15:10:21","date_gmt":"2026-01-27T12:10:21","guid":{"rendered":"https:\/\/www.tgrthaber.com\/mavikadin\/?p=295637"},"modified":"2026-01-27T15:10:21","modified_gmt":"2026-01-27T12:10:21","slug":"cilekes-grubu-geri-mi-dondu-cilekes-grubu-hangi-sahnede","status":"publish","type":"post","link":"https:\/\/www.tgrthaber.com\/mavikadin\/cilekes-grubu-geri-mi-dondu-cilekes-grubu-hangi-sahnede\/","title":{"rendered":"\u00c7ileke\u015f grubu geri mi d\u00f6nd\u00fc? \u00c7ileke\u015f grubu hangi sahnede?"},"content":{"rendered":"<p>T\u00fcrk\u00e7e alternatif rock m\u00fczi\u011finin sevilen grubu \u00c7ileke\u015f, y\u0131llar sonra sahnelere geri d\u00f6nmeleriyle dikkatleri \u00fczerlerine \u00e7ektiler. Hayranlar\u0131 taraf\u0131ndan merakla beklenen \u00c7ileke\u015f <a href=\"https:\/\/www.tgrthaber.com\/mavikadin\/guney-koreli-grup-hoon-doo-ve-doo-jin-soo-baris-manconun-gul-pembe-adli-sarkisini-soyledi\/\">grubu<\/a>nun tekrardan bir araya gelece\u011fini duyan ki\u015filer ise arama motorlar\u0131nda \u2018\u00c7ileke\u015f grubu geri mi d\u00f6nd\u00fc? \u00c7ileke\u015f grubu hangi sahnede?\u2019 sorular\u0131n\u0131 ara\u015ft\u0131rmaya ba\u015flad\u0131. \u0130\u015fte detaylar\u2026<\/p>\n<h3>\u00c7\u0130LEKE\u015e GRUBU GER\u0130 M\u0130 D\u00d6ND\u00dc?<\/h3>\n<p>T\u00fcrkiye\u2019nin alternatif rock sahnesinin en dikkat \u00e7eken <a href=\"https:\/\/www.tgrthaber.com\/mavikadin\/gulcin-ergul-kimdir-kac-yasinda-gulcin-ergul-gruptan-ne-zaman-ayrildi\/\">grup<\/a>lar\u0131ndan biri olan \u00c7ileke\u015f, uzun zaman sonra hayranlar\u0131yla bulu\u015fuyor. \u0130lk etapta Ankara\u2019da kurulan \u00c7ileke\u015f grubu, 2005 ve 2010 y\u0131llar\u0131 aras\u0131nda yay\u0131nlad\u0131klar\u0131 par\u00e7alar ile k\u0131sa s\u00fcrede \u00e7ok dinlenen gruplar aras\u0131nda yer almaktad\u0131r. Yay\u0131nlad\u0131klar\u0131 3 alb\u00fcmle adeta o zamanlara damga vurmu\u015flard\u0131.<\/p>\n<p><img loading=\"lazy\" decoding=\"async\" class=\"alignnone size-full wp-image-295644\" src=\"https:\/\/www.tgrthaber.com\/mavikadin\/wp-content\/uploads\/2026\/01\/ARZU-30-3.jpg\" alt=\"\u00c7ileke\u015f grubu geri mi d\u00f6nd\u00fc? \u00c7ileke\u015f grubu hangi sahnede?\" width=\"1208\" height=\"680\" title=\"\" srcset=\"https:\/\/www.tgrthaber.com\/mavikadin\/wp-content\/uploads\/2026\/01\/ARZU-30-3.jpg 1208w, https:\/\/www.tgrthaber.com\/mavikadin\/wp-content\/uploads\/2026\/01\/ARZU-30-3-300x169.jpg 300w, https:\/\/www.tgrthaber.com\/mavikadin\/wp-content\/uploads\/2026\/01\/ARZU-30-3-1024x576.jpg 1024w, https:\/\/www.tgrthaber.com\/mavikadin\/wp-content\/uploads\/2026\/01\/ARZU-30-3-768x432.jpg 768w\" sizes=\"(max-width: 1208px) 100vw, 1208px\" \/><\/p>\n<hr \/>\n<p>Grup hayranlar\u0131n\u0131 sevindiren haberi ge\u00e7ti\u011fimiz g\u00fcnlerde \u00c7ileke\u015f grubunun sosyal medya hesaplar\u0131ndan yapm\u0131\u015f olduklar\u0131 payla\u015f\u0131mla uzun y\u0131llard\u0131r sahnelerde yer alamayan ekip konser vermeyi planl\u0131yor.<\/p>\n<p><img loading=\"lazy\" decoding=\"async\" class=\"alignnone size-full wp-image-295643\" src=\"https:\/\/www.tgrthaber.com\/mavikadin\/wp-content\/uploads\/2026\/01\/ARZU-31-3.jpg\" alt=\"\u00c7ileke\u015f grubu geri mi d\u00f6nd\u00fc? \u00c7ileke\u015f grubu hangi sahnede?\" width=\"1208\" height=\"680\" title=\"\" srcset=\"https:\/\/www.tgrthaber.com\/mavikadin\/wp-content\/uploads\/2026\/01\/ARZU-31-3.jpg 1208w, https:\/\/www.tgrthaber.com\/mavikadin\/wp-content\/uploads\/2026\/01\/ARZU-31-3-300x169.jpg 300w, https:\/\/www.tgrthaber.com\/mavikadin\/wp-content\/uploads\/2026\/01\/ARZU-31-3-1024x576.jpg 1024w, https:\/\/www.tgrthaber.com\/mavikadin\/wp-content\/uploads\/2026\/01\/ARZU-31-3-768x432.jpg 768w\" sizes=\"(max-width: 1208px) 100vw, 1208px\" \/><\/p>\n<hr \/>\n<p>Sosyal medya \u00fczerinde payla\u015f\u0131m yapan \u00c7ileke\u015f grubu, \u201cY.O.K\u201d alb\u00fcm\u00fcn\u00fcn 21. y\u0131l\u0131na \u00f6zel dinleyicisiyle tekrardan bir araya gelecek. K\u0131sa s\u00fcrede dikkat \u00e7eken payla\u015f\u0131m, detaylar\u0131yla da dikkatleri \u00fczerine \u00e7ekti. Konserin hangi sahnede yap\u0131laca\u011f\u0131 ve konser hakk\u0131nda detaylar ara\u015ft\u0131r\u0131lmaya ba\u015fland\u0131.<\/p>\n<h3><img loading=\"lazy\" decoding=\"async\" class=\"alignnone size-full wp-image-295642\" src=\"https:\/\/www.tgrthaber.com\/mavikadin\/wp-content\/uploads\/2026\/01\/ARZU-32-3.jpg\" alt=\"\u00c7ileke\u015f grubu geri mi d\u00f6nd\u00fc? \u00c7ileke\u015f grubu hangi sahnede?\" width=\"1208\" height=\"680\" title=\"\" srcset=\"https:\/\/www.tgrthaber.com\/mavikadin\/wp-content\/uploads\/2026\/01\/ARZU-32-3.jpg 1208w, https:\/\/www.tgrthaber.com\/mavikadin\/wp-content\/uploads\/2026\/01\/ARZU-32-3-300x169.jpg 300w, https:\/\/www.tgrthaber.com\/mavikadin\/wp-content\/uploads\/2026\/01\/ARZU-32-3-1024x576.jpg 1024w, https:\/\/www.tgrthaber.com\/mavikadin\/wp-content\/uploads\/2026\/01\/ARZU-32-3-768x432.jpg 768w\" sizes=\"(max-width: 1208px) 100vw, 1208px\" \/><\/h3>\n<hr \/>\n<h3>\u00c7\u0130LEKE\u015e GRUBU HANG\u0130 SAHNEDE?<\/h3>\n<p>T\u00fcrkiye\u2019nin 2005 y\u0131l\u0131nda patlayarak k\u0131sa s\u00fcrede yay\u0131nlad\u0131klar\u0131 \u015fark\u0131lar ile dikkat \u00e7eken \u00c7ileke\u015f grubu, uzun s\u00fcre sonra konser vereceklerini a\u00e7\u0131klad\u0131lar. Hayranlar\u0131n\u0131 heyecanland\u0131ran bu haber sosyal medya \u00fczerinde k\u0131sa s\u00fcrede b\u00fcy\u00fck bir yank\u0131 uyand\u0131rd\u0131. Grubun Instagram \u00fczerinden yapt\u0131klar\u0131 payla\u015f\u0131m da \u201cY.O.K\u201d alb\u00fcm\u00fcn\u00fcn 21. Y\u0131l\u0131 olmas\u0131yla dinleyicilerle bir araya gelecek.<\/p>\n<p><img loading=\"lazy\" decoding=\"async\" class=\"alignnone size-full wp-image-295641\" src=\"https:\/\/www.tgrthaber.com\/mavikadin\/wp-content\/uploads\/2026\/01\/ARZU-33-3.jpg\" alt=\"\u00c7ileke\u015f grubu geri mi d\u00f6nd\u00fc? \u00c7ileke\u015f grubu hangi sahnede?\" width=\"1208\" height=\"680\" title=\"\" srcset=\"https:\/\/www.tgrthaber.com\/mavikadin\/wp-content\/uploads\/2026\/01\/ARZU-33-3.jpg 1208w, https:\/\/www.tgrthaber.com\/mavikadin\/wp-content\/uploads\/2026\/01\/ARZU-33-3-300x169.jpg 300w, https:\/\/www.tgrthaber.com\/mavikadin\/wp-content\/uploads\/2026\/01\/ARZU-33-3-1024x576.jpg 1024w, https:\/\/www.tgrthaber.com\/mavikadin\/wp-content\/uploads\/2026\/01\/ARZU-33-3-768x432.jpg 768w\" sizes=\"(max-width: 1208px) 100vw, 1208px\" \/><\/p>\n<hr \/>\n<p>Yo\u011fun bir ilgi ile beklenen grubun konserinin detaylar\u0131 da yava\u015f yava\u015f belli olmaya ba\u015flad\u0131. \u00c7ileke\u015f grubunun orijinal kadrosuyla tekrardan bir araya gelecekleri \u00f6zel bir gece olaca\u011f\u0131 iddia ediliyor. Bu haber sonras\u0131 grubun ne zaman konser verece\u011fi ve nerede olaca\u011f\u0131 merakla takip edilmeye ba\u015fland\u0131.<\/p>\n<p><img loading=\"lazy\" decoding=\"async\" class=\"alignnone size-full wp-image-295640\" src=\"https:\/\/www.tgrthaber.com\/mavikadin\/wp-content\/uploads\/2026\/01\/ARZU-34-2.jpg\" alt=\"\u00c7ileke\u015f grubu geri mi d\u00f6nd\u00fc? \u00c7ileke\u015f grubu hangi sahnede?\" width=\"1208\" height=\"680\" title=\"\" srcset=\"https:\/\/www.tgrthaber.com\/mavikadin\/wp-content\/uploads\/2026\/01\/ARZU-34-2.jpg 1208w, https:\/\/www.tgrthaber.com\/mavikadin\/wp-content\/uploads\/2026\/01\/ARZU-34-2-300x169.jpg 300w, https:\/\/www.tgrthaber.com\/mavikadin\/wp-content\/uploads\/2026\/01\/ARZU-34-2-1024x576.jpg 1024w, https:\/\/www.tgrthaber.com\/mavikadin\/wp-content\/uploads\/2026\/01\/ARZU-34-2-768x432.jpg 768w\" sizes=\"(max-width: 1208px) 100vw, 1208px\" \/><\/p>\n<hr \/>\n<p>\u00c7ileke\u015f grubu, 10 Ekim 2026 g\u00fcn\u00fcn sahneye \u00e7\u0131kacak. Konserin canl\u0131 performanslar grubun e\u011flenceli yanlar\u0131 dinleyicilerle bulu\u015facak. \u00c7ileke\u015f grubunun hayranlar\u0131n\u0131n y\u0131llard\u0131r bekledi\u011fi bu haber, \u00e7ok say\u0131da ki\u015fiyi de heyecanland\u0131rm\u0131\u015f durumda.<\/p>\n<p><img loading=\"lazy\" decoding=\"async\" class=\"alignnone size-full wp-image-295639\" src=\"https:\/\/www.tgrthaber.com\/mavikadin\/wp-content\/uploads\/2026\/01\/ARZU-35-4.jpg\" alt=\"\u00c7ileke\u015f grubu geri mi d\u00f6nd\u00fc? \u00c7ileke\u015f grubu hangi sahnede?\" width=\"1208\" height=\"680\" title=\"\" srcset=\"https:\/\/www.tgrthaber.com\/mavikadin\/wp-content\/uploads\/2026\/01\/ARZU-35-4.jpg 1208w, https:\/\/www.tgrthaber.com\/mavikadin\/wp-content\/uploads\/2026\/01\/ARZU-35-4-300x169.jpg 300w, https:\/\/www.tgrthaber.com\/mavikadin\/wp-content\/uploads\/2026\/01\/ARZU-35-4-1024x576.jpg 1024w, https:\/\/www.tgrthaber.com\/mavikadin\/wp-content\/uploads\/2026\/01\/ARZU-35-4-768x432.jpg 768w\" sizes=\"(max-width: 1208px) 100vw, 1208px\" \/><\/p>\n<hr \/>\n<p>\u00d6zellikle de konserin biletleri hakk\u0131nda merak edilenler ara\u015ft\u0131r\u0131l\u0131rken, sat\u0131\u015fa ne zaman \u00e7\u0131kaca\u011f\u0131 ara\u015ft\u0131r\u0131lmaya ba\u015fland\u0131. Biletler 28 Ocak\u2019ta sat\u0131\u015fa \u00e7\u0131kacak. \u015eimdiden alarmlar\u0131n\u0131z\u0131 kurmaya ba\u015flamal\u0131s\u0131n\u0131z. \u00c7\u00fcnk\u00fc uzun y\u0131llard\u0131r sahneye \u00e7\u0131kmayan \u00c7ileke\u015f grubu 21 y\u0131l sonra sahnelere geri d\u00f6n\u00fcyor.<\/p>\n","protected":false},"excerpt":{"rendered":"<p>Y\u0131llar sonra bir araya gelen \u00c7ileke\u015f grubu, hayranlar\u0131n\u0131 heyecanland\u0131ran haberle g\u00fcndem oldular. Arama motorlar\u0131nda \u2018\u00c7ileke\u015f grubu geri mi d\u00f6nd\u00fc? \u00c7ileke\u015f grubu hangi sahnede?\u2019 sorular\u0131 merakla ara\u015ft\u0131r\u0131lmaya ba\u015fland\u0131. \u0130\u015fte detaylar\u2026<\/p>\n","protected":false},"author":34,"featured_media":295639,"comment_status":"closed","ping_status":"closed","sticky":false,"template":"","format":"standard","meta":{"rank_math_lock_modified_date":false,"footnotes":""},"categories":[76],"tags":[71542,71544,71543,1645,2218],"class_list":["post-295637","post","type-post","status-publish","format-standard","has-post-thumbnail","hentry","category-magazin","tag-cilekes-grubu","tag-cilekes-grubu-sahnesi","tag-cilekes-grup-konser","tag-konser","tag-magazin-haberleri"],"_links":{"self":[{"href":"https:\/\/www.tgrthaber.com\/mavikadin\/wp-json\/wp\/v2\/posts\/295637"}],"collection":[{"href":"https:\/\/www.tgrthaber.com\/mavikadin\/wp-json\/wp\/v2\/posts"}],"about":[{"href":"https:\/\/www.tgrthaber.com\/mavikadin\/wp-json\/wp\/v2\/types\/post"}],"author":[{"embeddable":true,"href":"https:\/\/www.tgrthaber.com\/mavikadin\/wp-json\/wp\/v2\/users\/34"}],"replies":[{"embeddable":true,"href":"https:\/\/www.tgrthaber.com\/mavikadin\/wp-json\/wp\/v2\/comments?post=295637"}],"version-history":[{"count":1,"href":"https:\/\/www.tgrthaber.com\/mavikadin\/wp-json\/wp\/v2\/posts\/295637\/revisions"}],"predecessor-version":[{"id":295645,"href":"https:\/\/www.tgrthaber.com\/mavikadin\/wp-json\/wp\/v2\/posts\/295637\/revisions\/295645"}],"wp:featuredmedia":[{"embeddable":true,"href":"https:\/\/www.tgrthaber.com\/mavikadin\/wp-json\/wp\/v2\/media\/295639"}],"wp:attachment":[{"href":"https:\/\/www.tgrthaber.com\/mavikadin\/wp-json\/wp\/v2\/media?parent=295637"}],"wp:term":[{"taxonomy":"category","embeddable":true,"href":"https:\/\/www.tgrthaber.com\/mavikadin\/wp-json\/wp\/v2\/categories?post=295637"},{"taxonomy":"post_tag","embeddable":true,"href":"https:\/\/www.tgrthaber.com\/mavikadin\/wp-json\/wp\/v2\/tags?post=295637"}],"curies":[{"name":"wp","href":"https:\/\/api.w.org\/{rel}","templated":true}]}}