{"id":295638,"date":"2026-01-27T16:15:23","date_gmt":"2026-01-27T13:15:23","guid":{"rendered":"https:\/\/www.tgrthaber.com\/mavikadin\/?p=295638"},"modified":"2026-01-27T16:15:23","modified_gmt":"2026-01-27T13:15:23","slug":"tarihte-ali-kuscu-kimdir-neler-yapmis-ali-kuscunun-dini-nedir-hangi-padisah-doneminde-yasamistir","status":"publish","type":"post","link":"https:\/\/www.tgrthaber.com\/mavikadin\/tarihte-ali-kuscu-kimdir-neler-yapmis-ali-kuscunun-dini-nedir-hangi-padisah-doneminde-yasamistir\/","title":{"rendered":"Tarihte Ali Ku\u015f\u00e7u kimdir neler yapm\u0131\u015f? Ali Ku\u015f\u00e7u&#8217;nun dini nedir hangi padi\u015fah d\u00f6neminde ya\u015fam\u0131\u015ft\u0131r"},"content":{"rendered":"<p>TRT 1\u2019in \u00fc\u00e7 sezondur sal\u0131 ak\u015famlar\u0131 seyirciyi ekran ba\u015f\u0131na toplayan, Miray Yap\u0131m imzal\u0131 d\u00f6nem dizisi <a href=\"https:\/\/www.tgrthaber.com\/mavikadin\/mehmed-fetihler-sultani-dizisi-cicek-hatunu-kim-oynuyor-tarihte-cicek-hatun-kimdir\/\">Mehmed:Fetihler Sultan\u0131<\/a>\u2019na uluslararas\u0131 bir isim daha konuk oluyor. Dizinin oyuncu kadrosuna kat\u0131lan Javohir Zokirov\u2019un, ilerleyen b\u00f6l\u00fcmlerde d\u00f6nemin \u00f6nemli bilim insanlar\u0131ndan Ali Ku\u015f\u00e7u karakterini oynayaca\u011f\u0131 a\u00e7\u0131kland\u0131 ve bu geli\u015fme g\u00fcndem oldu. Bilim insan\u0131 Ali Ku\u015f\u00e7u\u2019nun kim oldu\u011fu ve neler yapm\u0131\u015f oldu\u011fu ise merak edilmeye ba\u015fland\u0131. \u0130\u015fte detaylar\u2026<\/p>\n<h3>AL\u0130 KU\u015e\u00c7U K\u0130MD\u0130R,NELER YAPMI\u015e?<\/h3>\n<p>T\u00fcrk-\u0130slam d\u00fcnyas\u0131n\u0131n astronomi ve matematik alimleri aras\u0131nda hakl\u0131 bir \u00fcne sahip olan <a href=\"https:\/\/www.tgrthaber.com\/mavikadin\/mehmed-fetihler-sultani-dizisine-uluslararasi-bir-isim-konuk-oluyor-ozbekistanli-javohir-zokirov-ali-kuscu-rolunde\/\">Ali Ku\u015f\u00e7u<\/a>&#8216;nun 15. y\u00fczy\u0131l\u0131n ilk \u00e7eyre\u011finde Semerkand&#8217;ta do\u011fdu\u011fu san\u0131l\u0131yor. &#8220;Ku\u015f\u00e7u&#8221; lakab\u0131 ise babas\u0131n\u0131n o d\u00f6nemde Timur \u0130mparatorlu\u011fu&#8217;nun 4. sultan\u0131, astronomi \u00e7al\u0131\u015fmalar\u0131n\u0131n temelini olu\u015fturan trigonometri ilmi \u00fczerinde olduk\u00e7a \u00f6nemli \u00e7al\u0131\u015fmalar\u0131 bulunan Ulu\u011f Bey&#8217;in ku\u015f\u00e7uba\u015f\u0131s\u0131 olmas\u0131ndan kaynaklan\u0131yor.<\/p>\n<p><img loading=\"lazy\" decoding=\"async\" class=\"alignnone size-full wp-image-295662\" src=\"https:\/\/www.tgrthaber.com\/mavikadin\/wp-content\/uploads\/2026\/01\/Asli-2026-01-27T155227.604.png\" alt=\"\" width=\"1208\" height=\"680\" title=\"\" srcset=\"https:\/\/www.tgrthaber.com\/mavikadin\/wp-content\/uploads\/2026\/01\/Asli-2026-01-27T155227.604.png 1208w, https:\/\/www.tgrthaber.com\/mavikadin\/wp-content\/uploads\/2026\/01\/Asli-2026-01-27T155227.604-300x169.png 300w, https:\/\/www.tgrthaber.com\/mavikadin\/wp-content\/uploads\/2026\/01\/Asli-2026-01-27T155227.604-1024x576.png 1024w, https:\/\/www.tgrthaber.com\/mavikadin\/wp-content\/uploads\/2026\/01\/Asli-2026-01-27T155227.604-768x432.png 768w\" sizes=\"(max-width: 1208px) 100vw, 1208px\" \/><\/p>\n<hr \/>\n<p>Ulu\u011f Bey&#8217;in o\u011flu gibi sevdi\u011fi ve yeti\u015ftirdi\u011fi Ali Ku\u015f\u00e7u, dini ilimlerin yan\u0131 s\u0131ra dil, matematik, astronomi konusunda da dersler ald\u0131. Semerkand&#8217;da tahsilini tamamlad\u0131ktan sonra Kirman ve Herat&#8217;ta bulunan ve astronomi ve dini bilgilerini geni\u015fleten Ali Ku\u015f\u00e7u, daha sonra yeniden Semerkand&#8217;a d\u00f6nd\u00fc. Bir d\u00f6nem Semerkand Rasathanesi&#8217;nin ba\u015f\u0131na getirildi\u011fi san\u0131lan Ali Ku\u015f\u00e7u, Ulu\u011f Bey&#8217;in \u00f6l\u00fcm\u00fcn\u00fcn ard\u0131ndan \u00e7\u0131kan taht kavgalar\u0131 s\u0131ras\u0131nda hacca gidece\u011fini belirterek kentten ayr\u0131ld\u0131.<\/p>\n<p><img loading=\"lazy\" decoding=\"async\" class=\"alignnone size-full wp-image-295663\" src=\"https:\/\/www.tgrthaber.com\/mavikadin\/wp-content\/uploads\/2026\/01\/Asli-2026-01-27T155645.657.png\" alt=\"\" width=\"1208\" height=\"680\" title=\"\" srcset=\"https:\/\/www.tgrthaber.com\/mavikadin\/wp-content\/uploads\/2026\/01\/Asli-2026-01-27T155645.657.png 1208w, https:\/\/www.tgrthaber.com\/mavikadin\/wp-content\/uploads\/2026\/01\/Asli-2026-01-27T155645.657-300x169.png 300w, https:\/\/www.tgrthaber.com\/mavikadin\/wp-content\/uploads\/2026\/01\/Asli-2026-01-27T155645.657-1024x576.png 1024w, https:\/\/www.tgrthaber.com\/mavikadin\/wp-content\/uploads\/2026\/01\/Asli-2026-01-27T155645.657-768x432.png 768w\" sizes=\"(max-width: 1208px) 100vw, 1208px\" \/><\/p>\n<hr \/>\n<p>Bir d\u00f6nem Herat, Ta\u015fkent ve Tebriz&#8217;de bulunan Ali Ku\u015f\u00e7u, 1470&#8217;lerde el\u00e7i olarak gitti\u011fi Fatih Sultan Mehmet&#8217;ten Osmanl\u0131 topraklar\u0131nda \u00e7al\u0131\u015fmas\u0131 konusunda teklif ald\u0131. Bu teklifi kabul eden Ali Ku\u015f\u00e7u, el\u00e7ilik g\u00f6revini tamamlay\u0131p ailesiyle birlikte yeniden kente d\u00f6nd\u00fc\u011f\u00fc s\u0131rada, Fatih Sultan Mehmet taraf\u0131ndan g\u00f6revlendirilen \u0130stanbul Kad\u0131s\u0131 Hocazade M\u00fcslih\u00fc&#8217;d-Din Mustafa ba\u015fkanl\u0131\u011f\u0131ndaki bir heyet taraf\u0131ndan \u0130stanbul yak\u0131nlar\u0131nda kar\u015f\u0131land\u0131. Otlukbeli Sava\u015f\u0131&#8217;ndan sonra Ayasofya Medresesi M\u00fcderrisli\u011fine atanan Ali Ku\u015f\u00e7u, hayat\u0131n\u0131n son y\u0131llar\u0131n\u0131 \u0130stanbul&#8217;da ge\u00e7irdi. Astronomi, matematik, dil ve kelam alanlar\u0131nda pek \u00e7ok \u00f6\u011frenci yeti\u015ftiren Ali Ku\u015f\u00e7u, \u0130stanbul&#8217;un enlem ve boylam\u0131n\u0131 \u00f6l\u00e7t\u00fc, d\u00fcnyan\u0131n e\u011fikli\u011fini, ay\u0131n evrelerini hesaplad\u0131 ve \u00e7e\u015fitli g\u00fcne\u015f saatleri yapt\u0131. Ali Ku\u015f\u00e7u 16 Aral\u0131k 1474&#8217;teki vefat\u0131n\u0131n ard\u0131ndan Ey\u00fcpsultan il\u00e7esindeki Ey\u00fcp Sultan T\u00fcrbesi haziresine defnedildi.<\/p>\n<h3><img loading=\"lazy\" decoding=\"async\" class=\"alignnone size-full wp-image-295660\" src=\"https:\/\/www.tgrthaber.com\/mavikadin\/wp-content\/uploads\/2026\/01\/Asli-2026-01-27T155024.663.png\" alt=\"\" width=\"1208\" height=\"680\" title=\"\" srcset=\"https:\/\/www.tgrthaber.com\/mavikadin\/wp-content\/uploads\/2026\/01\/Asli-2026-01-27T155024.663.png 1208w, https:\/\/www.tgrthaber.com\/mavikadin\/wp-content\/uploads\/2026\/01\/Asli-2026-01-27T155024.663-300x169.png 300w, https:\/\/www.tgrthaber.com\/mavikadin\/wp-content\/uploads\/2026\/01\/Asli-2026-01-27T155024.663-1024x576.png 1024w, https:\/\/www.tgrthaber.com\/mavikadin\/wp-content\/uploads\/2026\/01\/Asli-2026-01-27T155024.663-768x432.png 768w\" sizes=\"(max-width: 1208px) 100vw, 1208px\" \/><\/h3>\n<hr \/>\n<h3>AL\u0130 KU\u015e\u00c7U&#8217;NUN D\u0130N\u0130 NED\u0130R?<\/h3>\n<p>S\u00fcnni bir anlay\u0131\u015fa sahip olan Ku\u015f\u00e7u\u2019nun \u015ferh etti\u011fi bu metin, \u015eia d\u00fc\u015f\u00fcncesini temel alarak yaz\u0131lm\u0131\u015f olmas\u0131na ra\u011fmen, esere dair yapt\u0131\u011f\u0131 ele\u015ftiriler salt mezhep temelli olmam\u0131\u015ft\u0131r. Ku\u015f\u00e7u, ilmi tenkitlerini ileri s\u00fcrerken \u00f6zellikle belirli delillere dayanmaya dikkat etmi\u015ftir.<\/p>\n<p><img loading=\"lazy\" decoding=\"async\" class=\"alignnone size-full wp-image-295659\" src=\"https:\/\/www.tgrthaber.com\/mavikadin\/wp-content\/uploads\/2026\/01\/Asli-2026-01-27T154958.738.png\" alt=\"\" width=\"1208\" height=\"680\" title=\"\" srcset=\"https:\/\/www.tgrthaber.com\/mavikadin\/wp-content\/uploads\/2026\/01\/Asli-2026-01-27T154958.738.png 1208w, https:\/\/www.tgrthaber.com\/mavikadin\/wp-content\/uploads\/2026\/01\/Asli-2026-01-27T154958.738-300x169.png 300w, https:\/\/www.tgrthaber.com\/mavikadin\/wp-content\/uploads\/2026\/01\/Asli-2026-01-27T154958.738-1024x576.png 1024w, https:\/\/www.tgrthaber.com\/mavikadin\/wp-content\/uploads\/2026\/01\/Asli-2026-01-27T154958.738-768x432.png 768w\" sizes=\"(max-width: 1208px) 100vw, 1208px\" \/><\/p>\n<hr \/>\n<h3>AL\u0130 KU\u015e\u00c7U HANGI PADI\u015eAH D\u00d6NEM\u0130NDE YA\u015eAMI\u015eTIR?<\/h3>\n<p>As\u0131l ad\u0131 &#8220;Alaeddin Ali&#8221; olan Ku\u015f\u00e7u&#8217;nun, Bilime verdi\u011fi \u00f6nemle bilinen Osmanl\u0131 Padi\u015fah\u0131 Fatih Sultan Mehmet taraf\u0131ndan Ayasofya Medresesi&#8217;ne m\u00fcderris olarak tayin edilmesiyle Fatih Sultan Mehmet, 1473&#8217;te Uzun Hasan \u00fczerine yapt\u0131\u011f\u0131 seferde yan\u0131nda g\u00f6t\u00fcrd\u00fc\u011f\u00fc Ali Ku\u015f\u00e7u&#8217;yu, d\u00f6n\u00fc\u015fte Ayasofya Medresesi&#8217;ne m\u00fcderris tayin etti. \u0130stanbul&#8217;da astronomi ve matematik alan\u0131ndaki \u00e7al\u0131\u015fmalara canl\u0131l\u0131k getiren Ali Ku\u015f\u00e7u&#8217;nun derslerini ilim adamlar\u0131n\u0131n dahi takip etti\u011fi biliniyor.<\/p>\n<p><img loading=\"lazy\" decoding=\"async\" class=\"alignnone size-full wp-image-295658\" src=\"https:\/\/www.tgrthaber.com\/mavikadin\/wp-content\/uploads\/2026\/01\/Asli-2026-01-27T155732.917.png\" alt=\"\" width=\"1208\" height=\"680\" title=\"\" srcset=\"https:\/\/www.tgrthaber.com\/mavikadin\/wp-content\/uploads\/2026\/01\/Asli-2026-01-27T155732.917.png 1208w, https:\/\/www.tgrthaber.com\/mavikadin\/wp-content\/uploads\/2026\/01\/Asli-2026-01-27T155732.917-300x169.png 300w, https:\/\/www.tgrthaber.com\/mavikadin\/wp-content\/uploads\/2026\/01\/Asli-2026-01-27T155732.917-1024x576.png 1024w, https:\/\/www.tgrthaber.com\/mavikadin\/wp-content\/uploads\/2026\/01\/Asli-2026-01-27T155732.917-768x432.png 768w\" sizes=\"(max-width: 1208px) 100vw, 1208px\" \/><\/p>\n<p>Ku\u015f\u00e7u, medresedeki g\u00f6revinin yan\u0131nda medrese nizamnamelerini de haz\u0131rlarken, sadece astronomi ve matematik alan\u0131nda de\u011fil kelam ve felsefe alanlar\u0131nda eserler kaleme ald\u0131. ali ku\u015f\u00e7u nun fatih sultan Mehmet d\u00f6nem\u015fnbde ya\u015fad\u0131\u011f\u0131 bilinmektedir.<\/p>\n","protected":false},"excerpt":{"rendered":"<p>TRT 1\u2019in sevilen dizisi Mehmed: Fetihler Sultan\u0131\u2019n\u0131n kadrosuna kat\u0131lan Javohir Zokirov\u2019un oynayaca\u011f\u0131, d\u00f6nemin en \u00f6nemli isimlerinden biri olan Ali Ku\u015f\u00e7u karakteri merak konusu oldu.<\/p>\n","protected":false},"author":37,"featured_media":295671,"comment_status":"closed","ping_status":"closed","sticky":false,"template":"","format":"standard","meta":{"rank_math_lock_modified_date":false,"footnotes":""},"categories":[491],"tags":[71549,3374,47462,3832],"class_list":["post-295638","post","type-post","status-publish","format-standard","has-post-thumbnail","hentry","category-biyografi","tag-ali-kuscu","tag-biyografi","tag-fatih-sultan-mehmet","tag-mehmed-fetihler-sultani"],"_links":{"self":[{"href":"https:\/\/www.tgrthaber.com\/mavikadin\/wp-json\/wp\/v2\/posts\/295638"}],"collection":[{"href":"https:\/\/www.tgrthaber.com\/mavikadin\/wp-json\/wp\/v2\/posts"}],"about":[{"href":"https:\/\/www.tgrthaber.com\/mavikadin\/wp-json\/wp\/v2\/types\/post"}],"author":[{"embeddable":true,"href":"https:\/\/www.tgrthaber.com\/mavikadin\/wp-json\/wp\/v2\/users\/37"}],"replies":[{"embeddable":true,"href":"https:\/\/www.tgrthaber.com\/mavikadin\/wp-json\/wp\/v2\/comments?post=295638"}],"version-history":[{"count":2,"href":"https:\/\/www.tgrthaber.com\/mavikadin\/wp-json\/wp\/v2\/posts\/295638\/revisions"}],"predecessor-version":[{"id":295684,"href":"https:\/\/www.tgrthaber.com\/mavikadin\/wp-json\/wp\/v2\/posts\/295638\/revisions\/295684"}],"wp:featuredmedia":[{"embeddable":true,"href":"https:\/\/www.tgrthaber.com\/mavikadin\/wp-json\/wp\/v2\/media\/295671"}],"wp:attachment":[{"href":"https:\/\/www.tgrthaber.com\/mavikadin\/wp-json\/wp\/v2\/media?parent=295638"}],"wp:term":[{"taxonomy":"category","embeddable":true,"href":"https:\/\/www.tgrthaber.com\/mavikadin\/wp-json\/wp\/v2\/categories?post=295638"},{"taxonomy":"post_tag","embeddable":true,"href":"https:\/\/www.tgrthaber.com\/mavikadin\/wp-json\/wp\/v2\/tags?post=295638"}],"curies":[{"name":"wp","href":"https:\/\/api.w.org\/{rel}","templated":true}]}}