{"id":295657,"date":"2026-01-27T16:11:52","date_gmt":"2026-01-27T13:11:52","guid":{"rendered":"https:\/\/www.tgrthaber.com\/mavikadin\/?p=295657"},"modified":"2026-01-27T16:11:53","modified_gmt":"2026-01-27T13:11:53","slug":"gelinim-mutfakta-tugbanin-yeni-kayinvalidesi-kim-eski-kayinvalide-ile-benzerlik-yok-artik-dedirtti","status":"publish","type":"post","link":"https:\/\/www.tgrthaber.com\/mavikadin\/gelinim-mutfakta-tugbanin-yeni-kayinvalidesi-kim-eski-kayinvalide-ile-benzerlik-yok-artik-dedirtti\/","title":{"rendered":"Gelinim Mutfakta Tu\u011fba&#8217;n\u0131n yeni kay\u0131nvalidesi kim? Eski kay\u0131nvalide ile benzerlik yok art\u0131k dedirtti"},"content":{"rendered":"<p>Kanal D ekranlar\u0131na damga vuran <a href=\"https:\/\/www.tgrthaber.com\/mavikadin\/gelinim-mutfakta-kim-kazandi-gelinim-mutfakta-26-ocak-2026-ceyrek-altini-kim-aldi\/\">Gelinim Mutfakta<\/a>&#8216;n\u0131n yeni b\u00f6l\u00fcm\u00fc olayl\u0131 ba\u015flad\u0131. Menek\u015fe Han\u0131m&#8217;\u0131n diskalifiye olmas\u0131 sonras\u0131 t\u00fcm g\u00f6zler Tu\u011fba&#8217;n\u0131n kiminle yar\u0131\u015faca\u011f\u0131na \u00e7evrilmi\u015fti. Gelinim Mutfakta&#8217;da eski defterler a\u00e7\u0131ld\u0131, st\u00fcdyoya gelen isim a\u011f\u0131zlar\u0131 a\u00e7\u0131kta b\u0131rakt\u0131. Peki Gelinim Mutfakta&#8217;da Tu\u011fba ile yar\u0131\u015facak isim kim oldu? Gelinim Mutfakta Tu\u011fba&#8217;n\u0131n yeni kay\u0131nvalidesi kim oldu? \u0130\u015fte herkesin merak etti\u011fi o isim&#8230;<\/p>\n<h3>GEL\u0130N\u0130M MUTFAKTA TU\u011eBA&#8217;NIN YEN\u0130 KAYINVAL\u0130DES\u0130 K\u0130M?<\/h3>\n<p>Gelinim Mutfakta&#8217;da d\u00fcn ya\u015fanan diskalifiye olay\u0131 sonras\u0131 Tu\u011fba ortada kalm\u0131\u015ft\u0131. <a href=\"https:\/\/www.tgrthaber.com\/mavikadin\/gelinim-mutfaktada-kim-ayrildi-1-puani-basti-diskalifiye-edildi\/\">Gelinim Mutfakta<\/a> izleyicileri Tu\u011fba&#8217;n\u0131n yeni kay\u0131nvalidesinin kimin olaca\u011f\u0131n\u0131 merak ederken, beklenen haber gecikmedi. 27 Ocak Sal\u0131 g\u00fcn\u00fc Tu\u011fba ile yar\u0131\u015facak yeni kay\u0131nvalide st\u00fcdyoya giri\u015f yapt\u0131.<\/p>\n<p><img loading=\"lazy\" decoding=\"async\" class=\"alignnone wp-image-295666 size-full\" src=\"https:\/\/www.tgrthaber.com\/mavikadin\/wp-content\/uploads\/2026\/01\/Ekran-goruntusu-2026-01-27-143350.png\" alt=\"\" width=\"1171\" height=\"641\" title=\"\" srcset=\"https:\/\/www.tgrthaber.com\/mavikadin\/wp-content\/uploads\/2026\/01\/Ekran-goruntusu-2026-01-27-143350.png 1171w, https:\/\/www.tgrthaber.com\/mavikadin\/wp-content\/uploads\/2026\/01\/Ekran-goruntusu-2026-01-27-143350-300x164.png 300w, https:\/\/www.tgrthaber.com\/mavikadin\/wp-content\/uploads\/2026\/01\/Ekran-goruntusu-2026-01-27-143350-1024x561.png 1024w, https:\/\/www.tgrthaber.com\/mavikadin\/wp-content\/uploads\/2026\/01\/Ekran-goruntusu-2026-01-27-143350-768x420.png 768w\" sizes=\"(max-width: 1171px) 100vw, 1171px\" \/><\/p>\n<hr \/>\n<p>Tu\u011fba&#8217;n\u0131n yeni kay\u0131nvalidesi asl\u0131nda Gelinim Mutfakta izleyicisinin yak\u0131ndan tan\u0131d\u0131\u011f\u0131 bir isim. 3 Ocak 2025 tarihinde Gelinim Mutfakta&#8217;ya gelen ve o\u011flu ile Tu\u011fba&#8217;n\u0131n aras\u0131n\u0131 yapmaya \u00e7al\u0131\u015fan S\u00fcheyla Han\u0131m. Menek\u015fe Han\u0131m2\u0131n ani diskalifiyesinden sonra, S\u00fcheyla Han\u0131m&#8217;\u0131n yar\u0131\u015fmaya kat\u0131lmas\u0131 ise kafalar\u0131 biraz kar\u0131\u015ft\u0131rd\u0131.<\/p>\n<p><img loading=\"lazy\" decoding=\"async\" class=\"alignnone wp-image-295667 size-full\" src=\"https:\/\/www.tgrthaber.com\/mavikadin\/wp-content\/uploads\/2026\/01\/Ekran-goruntusu-2026-01-27-143551.png\" alt=\"\" width=\"1171\" height=\"663\" title=\"\" srcset=\"https:\/\/www.tgrthaber.com\/mavikadin\/wp-content\/uploads\/2026\/01\/Ekran-goruntusu-2026-01-27-143551.png 1171w, https:\/\/www.tgrthaber.com\/mavikadin\/wp-content\/uploads\/2026\/01\/Ekran-goruntusu-2026-01-27-143551-300x170.png 300w, https:\/\/www.tgrthaber.com\/mavikadin\/wp-content\/uploads\/2026\/01\/Ekran-goruntusu-2026-01-27-143551-1024x580.png 1024w, https:\/\/www.tgrthaber.com\/mavikadin\/wp-content\/uploads\/2026\/01\/Ekran-goruntusu-2026-01-27-143551-768x435.png 768w\" sizes=\"(max-width: 1171px) 100vw, 1171px\" \/><\/p>\n<hr \/>\n<p>Gelin Tu\u011fba ise S\u00fcheyla Han\u0131m&#8217;\u0131n programa geli\u015finin tamamen tesad\u00fcf oldu\u011funu savundu. Tu\u011fba; &#8216;Benim akrabalar\u0131m hepsi uzak ve ya\u015fl\u0131 insanlar. S\u00fcheyla Han\u0131m&#8217;a \u00e7ok g\u00fcveniyorum. Onunla kazanaca\u011f\u0131m\u0131 biliyorum. Kendisi programa gelmek i\u00e7in m\u00fcsaitti. Asla planl\u0131 bir durum yok. Hatta kendi ad\u0131ma risk ald\u0131m. Benim akrabalar\u0131m elimin lezzetini biliyor. Ancak S\u00fcheyla Han\u0131m sadece beni ekrandan izliyor. Bu benim i\u00e7in eksi bir durum&#8217; diyerek, gelen tepkileri susturmaya \u00e7al\u0131\u015ft\u0131.<\/p>\n<p><img loading=\"lazy\" decoding=\"async\" class=\"alignnone wp-image-295669 \" src=\"https:\/\/www.tgrthaber.com\/mavikadin\/wp-content\/uploads\/2026\/01\/Ekran-goruntusu-2026-01-27-144633.png\" alt=\"\" width=\"1161\" height=\"659\" title=\"\" srcset=\"https:\/\/www.tgrthaber.com\/mavikadin\/wp-content\/uploads\/2026\/01\/Ekran-goruntusu-2026-01-27-144633.png 978w, https:\/\/www.tgrthaber.com\/mavikadin\/wp-content\/uploads\/2026\/01\/Ekran-goruntusu-2026-01-27-144633-300x170.png 300w, https:\/\/www.tgrthaber.com\/mavikadin\/wp-content\/uploads\/2026\/01\/Ekran-goruntusu-2026-01-27-144633-768x436.png 768w\" sizes=\"(max-width: 1161px) 100vw, 1161px\" \/><\/p>\n<hr \/>\n<h3>ESK\u0130 KAYINVAL\u0130DE \u0130LE BENZERL\u0130K YOK ARTIK DED\u0130RTT\u0130<\/h3>\n<p><a href=\"https:\/\/www.tgrthaber.com\/mavikadin\/gelinim-mutfaktada-kayinvalideden-tam-not-alan-lavas-kebabi-tarifi-bu-sekilde-yapilinca-lezzeti-katlaniyor\/\">Gelinim Mutfakta<\/a>&#8216;da S\u00fcheyla Han\u0131m&#8217;\u0131n yar\u0131\u015fmaya kat\u0131lmas\u0131yla g\u00f6zler bir anda Tu\u011fba&#8217;n\u0131n eski kay\u0131nvalidesine \u00e7evrildi. Tu\u011fba&#8217;n\u0131n bir d\u00f6nem birlikte yar\u0131\u015ft\u0131\u011f\u0131 G\u00f6n\u00fcl Han\u0131m ile yeni kay\u0131nvalide S\u00fcheyla aras\u0131ndaki benzerlik yok art\u0131k dedirtti.<\/p>\n<p><img loading=\"lazy\" decoding=\"async\" class=\"alignnone wp-image-295668 size-full\" src=\"https:\/\/www.tgrthaber.com\/mavikadin\/wp-content\/uploads\/2026\/01\/Ekran-goruntusu-2026-01-27-143630.png\" alt=\"\" width=\"1162\" height=\"642\" title=\"\" srcset=\"https:\/\/www.tgrthaber.com\/mavikadin\/wp-content\/uploads\/2026\/01\/Ekran-goruntusu-2026-01-27-143630.png 1162w, https:\/\/www.tgrthaber.com\/mavikadin\/wp-content\/uploads\/2026\/01\/Ekran-goruntusu-2026-01-27-143630-300x166.png 300w, https:\/\/www.tgrthaber.com\/mavikadin\/wp-content\/uploads\/2026\/01\/Ekran-goruntusu-2026-01-27-143630-1024x566.png 1024w, https:\/\/www.tgrthaber.com\/mavikadin\/wp-content\/uploads\/2026\/01\/Ekran-goruntusu-2026-01-27-143630-768x424.png 768w\" sizes=\"(max-width: 1162px) 100vw, 1162px\" \/><\/p>\n<hr \/>\n<p>S\u00fcheyla Han\u0131m; &#8216;Biz Tu\u011fba&#8217;yla aram\u0131zdaki ileti\u015fimi hi\u00e7 koparmad\u0131k&#8217; diyerek a\u00e7\u0131k kap\u0131 b\u0131rakmay\u0131 da ihmal etmedi. S\u00fcheyla Han\u0131m, yar\u0131\u015fmadan diskalifiye edilen Menek\u015fe Han\u0131m&#8217;\u0131n haks\u0131z puanlama yapt\u0131\u011f\u0131n\u0131, olmayan tabaklara 5, lezzetli tabaklara ise d\u00fc\u015f\u00fck verdi\u011fini ve bu nedenle Tu\u011fba ile aralar\u0131n\u0131n hep gerdin oldu\u011funu da ifade etti.<\/p>\n<p><img loading=\"lazy\" decoding=\"async\" class=\"alignnone wp-image-295670 size-full\" src=\"https:\/\/www.tgrthaber.com\/mavikadin\/wp-content\/uploads\/2026\/01\/Ekran-goruntusu-2026-01-27-143241.png\" alt=\"\" width=\"1160\" height=\"647\" title=\"\" srcset=\"https:\/\/www.tgrthaber.com\/mavikadin\/wp-content\/uploads\/2026\/01\/Ekran-goruntusu-2026-01-27-143241.png 1160w, https:\/\/www.tgrthaber.com\/mavikadin\/wp-content\/uploads\/2026\/01\/Ekran-goruntusu-2026-01-27-143241-300x167.png 300w, https:\/\/www.tgrthaber.com\/mavikadin\/wp-content\/uploads\/2026\/01\/Ekran-goruntusu-2026-01-27-143241-1024x571.png 1024w, https:\/\/www.tgrthaber.com\/mavikadin\/wp-content\/uploads\/2026\/01\/Ekran-goruntusu-2026-01-27-143241-768x428.png 768w\" sizes=\"(max-width: 1160px) 100vw, 1160px\" \/><\/p>\n<hr \/>\n<h3>&#8216;BEN BURAYA G\u00d6R\u00dcC\u00dcL\u00dc\u011eE DE\u011e\u0130L, YARI\u015eMAYA GELD\u0130M&#8217;<\/h3>\n<p>S\u00fcheyla Han\u0131m&#8217;\u0131n yar\u0131\u015fmaya yeni kay\u0131nvalide olarak gelmesi, gelinler ve kay\u0131nvalideler a\u00e7\u0131s\u0131ndan da biraz tepki toplad\u0131. S\u00fcheyla Han\u0131m kafalardaki soru i\u015faretlerine ise net bir \u015fekilde cevap verdi. S\u00fcheyla Han\u0131m; &#8216;Ben buraya g\u00f6r\u00fcc\u00fcl\u00fck yapmaya gelmedim. Yar\u0131\u015fmaya geldim. Tu\u011fba&#8217;y\u0131 hala gelinim olarak istiyorum ama bu Tu\u011fba ve o\u011flum aras\u0131nda olan bir karar ben kar\u0131\u015famam.&#8217; diyerek hem Tu\u011fba&#8217;ya hala talip olduklar\u0131n\u0131 hem de yar\u0131\u015fmaya kazanmak i\u00e7in geldi\u011fini belirtti.<\/p>\n<div style=\"width: 640px;\" class=\"wp-video\"><!--[if lt IE 9]><script>document.createElement('video');<\/script><![endif]-->\n<video class=\"wp-video-shortcode\" id=\"video-295657-1\" width=\"640\" height=\"640\" preload=\"metadata\" controls=\"controls\"><source type=\"video\/mp4\" src=\"https:\/\/www.tgrthaber.com\/mavikadin\/wp-content\/uploads\/2026\/01\/Siz-Sevilay-Hanimin-yorumuna-katiliyor-musunuz-Suheyla-Hanimi-sevdiniz-mi-@aslihunel-@kanald-online-video-cutter.com_.mp4?_=1\" \/><a href=\"https:\/\/www.tgrthaber.com\/mavikadin\/wp-content\/uploads\/2026\/01\/Siz-Sevilay-Hanimin-yorumuna-katiliyor-musunuz-Suheyla-Hanimi-sevdiniz-mi-@aslihunel-@kanald-online-video-cutter.com_.mp4\">https:\/\/www.tgrthaber.com\/mavikadin\/wp-content\/uploads\/2026\/01\/Siz-Sevilay-Hanimin-yorumuna-katiliyor-musunuz-Suheyla-Hanimi-sevdiniz-mi-@aslihunel-@kanald-online-video-cutter.com_.mp4<\/a><\/video><\/div>\n<hr \/>\n<p>Gelinim Mutfakta&#8217;da ya\u015fanan bu geli\u015fme sonras\u0131 g\u00f6zler \u015fimdi Tu\u011fba ve yeni kay\u0131nvalide S\u00fcheyla&#8217;ya \u00e7evrildi. S\u00fcheyla Han\u0131m&#8217;\u0131n Tu\u011fba&#8217;n\u0131n taba\u011f\u0131n\u0131 bulup bulamayaca\u011f\u0131 ise \u015fimdiden merak konusu.<\/p>\n","protected":false},"excerpt":{"rendered":"<p>Gelinim Mutfakta&#8217;da dengeler yeniden de\u011fi\u015fiyor. D\u00fcn ger\u00e7ekle\u015fen yay\u0131nda Tu\u011fba&#8217;n\u0131n birlikte yar\u0131\u015ft\u0131\u011f\u0131 isim Menek\u015fe Han\u0131m diskalifiye olmu\u015ftu. Tu\u011fba&#8217;n\u0131n yeni kay\u0131nvalidesi merak edilirken, 27 Ocak Sal\u0131 g\u00fcn\u00fc st\u00fcdyoya gelen isim \u015fa\u015f\u0131rtt\u0131. Peki Gelinim Mutfakta Tu\u011fba&#8217;n\u0131n yeni kay\u0131nvalidesi kim? \u0130\u015fte Gelinim Mutfakta&#8217;da \u015foke eden g\u00f6r\u00fcc\u00fc detay\u0131&#8230;<\/p>\n","protected":false},"author":35,"featured_media":295661,"comment_status":"closed","ping_status":"closed","sticky":false,"template":"","format":"standard","meta":{"rank_math_lock_modified_date":false,"footnotes":""},"categories":[76],"tags":[7578,71547,71265,133,71548],"class_list":["post-295657","post","type-post","status-publish","format-standard","has-post-thumbnail","hentry","category-magazin","tag-gelinim-mutfakta","tag-gelinim-mutfakta-suheyla","tag-gelinim-mutfakta-tugba","tag-magazin","tag-tugba-yeni-kayinvalidesi"],"_links":{"self":[{"href":"https:\/\/www.tgrthaber.com\/mavikadin\/wp-json\/wp\/v2\/posts\/295657"}],"collection":[{"href":"https:\/\/www.tgrthaber.com\/mavikadin\/wp-json\/wp\/v2\/posts"}],"about":[{"href":"https:\/\/www.tgrthaber.com\/mavikadin\/wp-json\/wp\/v2\/types\/post"}],"author":[{"embeddable":true,"href":"https:\/\/www.tgrthaber.com\/mavikadin\/wp-json\/wp\/v2\/users\/35"}],"replies":[{"embeddable":true,"href":"https:\/\/www.tgrthaber.com\/mavikadin\/wp-json\/wp\/v2\/comments?post=295657"}],"version-history":[{"count":2,"href":"https:\/\/www.tgrthaber.com\/mavikadin\/wp-json\/wp\/v2\/posts\/295657\/revisions"}],"predecessor-version":[{"id":295673,"href":"https:\/\/www.tgrthaber.com\/mavikadin\/wp-json\/wp\/v2\/posts\/295657\/revisions\/295673"}],"wp:featuredmedia":[{"embeddable":true,"href":"https:\/\/www.tgrthaber.com\/mavikadin\/wp-json\/wp\/v2\/media\/295661"}],"wp:attachment":[{"href":"https:\/\/www.tgrthaber.com\/mavikadin\/wp-json\/wp\/v2\/media?parent=295657"}],"wp:term":[{"taxonomy":"category","embeddable":true,"href":"https:\/\/www.tgrthaber.com\/mavikadin\/wp-json\/wp\/v2\/categories?post=295657"},{"taxonomy":"post_tag","embeddable":true,"href":"https:\/\/www.tgrthaber.com\/mavikadin\/wp-json\/wp\/v2\/tags?post=295657"}],"curies":[{"name":"wp","href":"https:\/\/api.w.org\/{rel}","templated":true}]}}