{"id":295685,"date":"2026-01-27T16:35:13","date_gmt":"2026-01-27T13:35:13","guid":{"rendered":"https:\/\/www.tgrthaber.com\/mavikadin\/?p=295685"},"modified":"2026-01-27T16:35:13","modified_gmt":"2026-01-27T13:35:13","slug":"yemekteyiz-erkan-kolakan-kimdir-kac-yasinda-yemekteyiz-erkan-bey-meslegi-nedir","status":"publish","type":"post","link":"https:\/\/www.tgrthaber.com\/mavikadin\/yemekteyiz-erkan-kolakan-kimdir-kac-yasinda-yemekteyiz-erkan-bey-meslegi-nedir\/","title":{"rendered":"Yemekteyiz Erkan Kolakan kimdir, ka\u00e7 ya\u015f\u0131nda? Yemekteyiz Erkan Bey mesle\u011fi nedir?"},"content":{"rendered":"<p>TV8 ekranlar\u0131nda hafta i\u00e7i her g\u00fcn yay\u0131nlanan <a href=\"https:\/\/www.tgrthaber.com\/mavikadin\/zuhal-topalla-yemekteyiz-ramazan-kardas-kimdir-yemekteyizde-38-yasindaki-yarismaciya-gelin-adayi-arandi\/\">Yemekteyiz<\/a>&#8216;de bu hafta da 5 iddial\u0131 yar\u0131\u015fmac\u0131 mutfaktaki yerini ald\u0131. Masalar\u0131n donat\u0131l\u0131p s\u00fcslendi\u011fi yar\u0131\u015fmada lezzet en b\u00fcy\u00fck kriter oluyor. 200 bin TL i\u00e7in m\u00fccadelenin h\u0131z kesmedi\u011fi Yemekteyiz&#8217;de bu hafta Erkan Bey yar\u0131\u015facak. Peki Yemekteyiz Erkan Kolakan kimdir, ka\u00e7 ya\u015f\u0131nda? Yemekteyiz Erkan mesle\u011fi nedir, evli mi? \u0130\u015fte Yemekteyiz Erkan Kolakan hakk\u0131nda merak edilen t\u00fcm detaylar&#8230;<\/p>\n<h3>YEMEKTEY\u0130Z ERKAN KOLAKAN K\u0130MD\u0130R, KA\u00c7 YA\u015eINDA?<\/h3>\n<p>TV8&#8217;in fenomen yar\u0131\u015fmas\u0131 <a href=\"https:\/\/www.tgrthaber.com\/mavikadin\/yemekteyiz-yarismacisi-selin-elif-arslan-kimdir-kac-yasinda-yemekteyiz-selin-aslen-nereli\/\">Zuhal Topal&#8217;la Yemekteyiz<\/a>&#8216;de yeni hafta olduk\u00e7a e\u011flenceli ba\u015flad\u0131. Program yay\u0131nlan\u0131r yay\u0131nlanamz dikkatleri \u00fczerine \u00e7eken isim ise Erkan Bey oldu.<\/p>\n<p><img loading=\"lazy\" decoding=\"async\" class=\"alignnone wp-image-295705 size-full\" src=\"https:\/\/www.tgrthaber.com\/mavikadin\/wp-content\/uploads\/2026\/01\/Ekran-goruntusu-2026-01-27-122918.png\" alt=\"\" width=\"1165\" height=\"640\" title=\"\" srcset=\"https:\/\/www.tgrthaber.com\/mavikadin\/wp-content\/uploads\/2026\/01\/Ekran-goruntusu-2026-01-27-122918.png 1165w, https:\/\/www.tgrthaber.com\/mavikadin\/wp-content\/uploads\/2026\/01\/Ekran-goruntusu-2026-01-27-122918-300x165.png 300w, https:\/\/www.tgrthaber.com\/mavikadin\/wp-content\/uploads\/2026\/01\/Ekran-goruntusu-2026-01-27-122918-1024x563.png 1024w, https:\/\/www.tgrthaber.com\/mavikadin\/wp-content\/uploads\/2026\/01\/Ekran-goruntusu-2026-01-27-122918-768x422.png 768w\" sizes=\"(max-width: 1165px) 100vw, 1165px\" \/><\/p>\n<hr \/>\n<p>Arama motorlar\u0131nda &#8216;Yemekteyiz Erkan Kolakan kimdir, ka\u00e7 ya\u015f\u0131nda?&#8217;, &#8216;Yemekteyiz Erkan ne i\u015f yap\u0131yor, evli mi?&#8217; gibi sorular cevap ar\u0131yor. Sosyal medya kullan\u0131c\u0131lar\u0131n\u0131n da radar\u0131na giren Erkan Bey, gen\u00e7 ya\u015fta olmas\u0131na ra\u011fmen, ya\u015f\u0131ndan da k\u00fc\u00e7\u00fck g\u00f6stermesiyle hem Zuhal Topal&#8217;\u0131 hem de ekran ba\u015f\u0131ndakileri \u015fa\u015fk\u0131na \u00e7evirdi.<\/p>\n<p><img loading=\"lazy\" decoding=\"async\" class=\"alignnone wp-image-295707 size-full\" src=\"https:\/\/www.tgrthaber.com\/mavikadin\/wp-content\/uploads\/2026\/01\/Ekran-goruntusu-2026-01-27-123138.png\" alt=\"\" width=\"1163\" height=\"632\" title=\"\" srcset=\"https:\/\/www.tgrthaber.com\/mavikadin\/wp-content\/uploads\/2026\/01\/Ekran-goruntusu-2026-01-27-123138.png 1163w, https:\/\/www.tgrthaber.com\/mavikadin\/wp-content\/uploads\/2026\/01\/Ekran-goruntusu-2026-01-27-123138-300x163.png 300w, https:\/\/www.tgrthaber.com\/mavikadin\/wp-content\/uploads\/2026\/01\/Ekran-goruntusu-2026-01-27-123138-1024x556.png 1024w, https:\/\/www.tgrthaber.com\/mavikadin\/wp-content\/uploads\/2026\/01\/Ekran-goruntusu-2026-01-27-123138-768x417.png 768w\" sizes=\"(max-width: 1163px) 100vw, 1163px\" \/><\/p>\n<hr \/>\n<p>Yemekteyiz2in 26 -30 Ocak haftas\u0131nda yar\u0131\u015fan ve Yemekteyiz&#8217;in 3. g\u00fcn\u00fc mutfa\u011fa giren Erkan Bey yar\u0131\u015fmaya \u0130stanbul G\u00fcng\u00f6ren&#8217;den kat\u0131l\u0131yor. Aslen anne taraf\u0131ndan Diyarbak\u0131rl\u0131 olan gen\u00e7 yar\u0131\u015fmac\u0131 hen\u00fcz 23 ya\u015f\u0131nda olmas\u0131na ra\u011fmen mutfak bilgisine ve elinin lezzetine \u00e7ok g\u00fcveniyor.<\/p>\n<p><img loading=\"lazy\" decoding=\"async\" class=\"alignnone wp-image-295702 size-full\" src=\"https:\/\/www.tgrthaber.com\/mavikadin\/wp-content\/uploads\/2026\/01\/Ekran-goruntusu-2026-01-26-194625-1.png\" alt=\"\" width=\"1919\" height=\"1079\" title=\"\" srcset=\"https:\/\/www.tgrthaber.com\/mavikadin\/wp-content\/uploads\/2026\/01\/Ekran-goruntusu-2026-01-26-194625-1.png 1919w, https:\/\/www.tgrthaber.com\/mavikadin\/wp-content\/uploads\/2026\/01\/Ekran-goruntusu-2026-01-26-194625-1-300x169.png 300w, https:\/\/www.tgrthaber.com\/mavikadin\/wp-content\/uploads\/2026\/01\/Ekran-goruntusu-2026-01-26-194625-1-1024x576.png 1024w, https:\/\/www.tgrthaber.com\/mavikadin\/wp-content\/uploads\/2026\/01\/Ekran-goruntusu-2026-01-26-194625-1-768x432.png 768w, https:\/\/www.tgrthaber.com\/mavikadin\/wp-content\/uploads\/2026\/01\/Ekran-goruntusu-2026-01-26-194625-1-1536x864.png 1536w\" sizes=\"(max-width: 1919px) 100vw, 1919px\" \/><\/p>\n<hr \/>\n<h3>YEMEKTEY\u0130Z ERKAN BEY MESLE\u011e\u0130 NED\u0130R?<\/h3>\n<p>K\u00fc\u00e7\u00fck ya\u015flardan itibaren \u00e7al\u0131\u015fma hayat\u0131n\u0131n oldu\u011funu s\u00f6yleyen Erkan Bey, daha \u00f6nce \u00e7e\u015fitli sekt\u00f6rlerde \u00e7al\u0131\u015fm\u0131\u015f. \u015eu an Ordu \u00dcniversitesinde e\u011fitim alan Erkan Bey, yaz\u0131l\u0131m sekt\u00f6r\u00fcnde kendini geli\u015ftirmeye odaklanm\u0131\u015f durumda. Erkan Bey&#8217;in gen\u00e7 ya\u015f\u0131na ra\u011fmen <a href=\"https:\/\/www.tgrthaber.com\/mavikadin\/yemekteyiz-23-ocak-2026-cuma-kim-kazandi-zuhal-topalla-yemekteyiz-200-bin-tlyi-kim-aldi\/\">Yemekteyiz<\/a>&#8216;de Cuma g\u00fcn\u00fc yap\u0131lan oylamada 200 bin TL&#8217;yi al\u0131p almayaca\u011f\u0131 ise merak konusu.<\/p>\n<p><img loading=\"lazy\" decoding=\"async\" class=\"alignnone wp-image-295706 size-full\" src=\"https:\/\/www.tgrthaber.com\/mavikadin\/wp-content\/uploads\/2026\/01\/Ekran-goruntusu-2026-01-27-123146.png\" alt=\"\" width=\"1179\" height=\"656\" title=\"\" srcset=\"https:\/\/www.tgrthaber.com\/mavikadin\/wp-content\/uploads\/2026\/01\/Ekran-goruntusu-2026-01-27-123146.png 1179w, https:\/\/www.tgrthaber.com\/mavikadin\/wp-content\/uploads\/2026\/01\/Ekran-goruntusu-2026-01-27-123146-300x167.png 300w, https:\/\/www.tgrthaber.com\/mavikadin\/wp-content\/uploads\/2026\/01\/Ekran-goruntusu-2026-01-27-123146-1024x570.png 1024w, https:\/\/www.tgrthaber.com\/mavikadin\/wp-content\/uploads\/2026\/01\/Ekran-goruntusu-2026-01-27-123146-768x427.png 768w\" sizes=\"(max-width: 1179px) 100vw, 1179px\" \/><\/p>\n<hr \/>\n<h3>YEMEKTEY\u0130Z 26 &#8211; 30 OCAK HAFTASINDA K\u0130MLER YARI\u015eIYOR?<\/h3>\n<p>Yemekteyiz&#8217;in bu hafta yar\u0131\u015fan isimleri de merak ediliyor. \u0130\u015fte TV8 ekranlar\u0131nda hafta i\u00e7i her g\u00fcn 16:00&#8217;da ekrana gelen Yemekteyiz&#8217;de 26 &#8211; 30 Ocak haftas\u0131nda yar\u0131\u015fan yar\u0131\u015fmac\u0131lar&#8230;<\/p>\n<p>Yemekteyiz 1. g\u00fcn yar\u0131\u015fan yar\u0131\u015fmac\u0131s\u0131 Selin Elif Arslan<\/p>\n<p>Yemekteyiz 2. g\u00fcn yar\u0131\u015fan yar\u0131\u015fmac\u0131s\u0131 Ramazan Karda\u015f<\/p>\n<p>Yemekteyiz 3. g\u00fcn yar\u0131\u015fan yar\u0131\u015fmac\u0131s\u0131 Erkan Kolakan<\/p>\n<p><img loading=\"lazy\" decoding=\"async\" class=\"alignnone wp-image-295703 size-full\" src=\"https:\/\/www.tgrthaber.com\/mavikadin\/wp-content\/uploads\/2026\/01\/Ekran-goruntusu-2026-01-27-123328.png\" alt=\"\" width=\"1165\" height=\"626\" title=\"\" srcset=\"https:\/\/www.tgrthaber.com\/mavikadin\/wp-content\/uploads\/2026\/01\/Ekran-goruntusu-2026-01-27-123328.png 1165w, https:\/\/www.tgrthaber.com\/mavikadin\/wp-content\/uploads\/2026\/01\/Ekran-goruntusu-2026-01-27-123328-300x161.png 300w, https:\/\/www.tgrthaber.com\/mavikadin\/wp-content\/uploads\/2026\/01\/Ekran-goruntusu-2026-01-27-123328-1024x550.png 1024w, https:\/\/www.tgrthaber.com\/mavikadin\/wp-content\/uploads\/2026\/01\/Ekran-goruntusu-2026-01-27-123328-768x413.png 768w\" sizes=\"(max-width: 1165px) 100vw, 1165px\" \/><\/p>\n<hr \/>\n<p>Yemekteyiz 4. g\u00fcn yar\u0131\u015fan yar\u0131\u015fmac\u0131s\u0131 Og\u00fcn \u00d6zkanca<\/p>\n<p>Yemekteyiz 5. g\u00fcn yar\u0131\u015fan yar\u0131\u015fmac\u0131s\u0131 Cemile Elitop<\/p>\n<p><img loading=\"lazy\" decoding=\"async\" class=\"alignnone wp-image-295704 size-full\" src=\"https:\/\/www.tgrthaber.com\/mavikadin\/wp-content\/uploads\/2026\/01\/Ekran-goruntusu-2026-01-27-122822.png\" alt=\"\" width=\"1158\" height=\"626\" title=\"\" srcset=\"https:\/\/www.tgrthaber.com\/mavikadin\/wp-content\/uploads\/2026\/01\/Ekran-goruntusu-2026-01-27-122822.png 1158w, https:\/\/www.tgrthaber.com\/mavikadin\/wp-content\/uploads\/2026\/01\/Ekran-goruntusu-2026-01-27-122822-300x162.png 300w, https:\/\/www.tgrthaber.com\/mavikadin\/wp-content\/uploads\/2026\/01\/Ekran-goruntusu-2026-01-27-122822-1024x554.png 1024w, https:\/\/www.tgrthaber.com\/mavikadin\/wp-content\/uploads\/2026\/01\/Ekran-goruntusu-2026-01-27-122822-768x415.png 768w\" sizes=\"(max-width: 1158px) 100vw, 1158px\" \/><\/p>\n<hr \/>\n<h3>YEMEKTEY\u0130Z 23 OCAK 2026 CUMA K\u0130M KAZANDI?<\/h3>\n<p>Ge\u00e7en hafta yar\u0131\u015fan ve izleyicinin dikkatini \u00e7ekmeyi ba\u015faran Samet Ya\u015f, Cuma g\u00fcn\u00fc de 200 bin TL&#8217;yi alan isim oldu. Samet Bey, hem Zuhal Topal&#8217;dan hem de di\u011fer yar\u0131\u015fmac\u0131lardan toplamda 33 puan alarak haftan\u0131n kazanan ismi se\u00e7ildi.<\/p>\n","protected":false},"excerpt":{"rendered":"<p>Zuhal Topal&#8217;la Yemekteyiz&#8217;de haftan\u0131n ortas\u0131nda yar\u0131\u015fan isim Erkan Bey oldu. Gen\u00e7 g\u00f6r\u00fcn\u00fcm\u00fcyle dikkatleri \u00fczerine \u00e7eken Erkan Bey&#8217;in kim oldu\u011fu, ya\u015f\u0131 ve mesle\u011fi de merak edildi. Peki Yemekteyiz Erkan Kolakan kimdir, ka\u00e7 ya\u015f\u0131nda? Yemekteyiz Erkan mesle\u011fi nedir? \u0130\u015fte merak edilen detaylar&#8230;<\/p>\n","protected":false},"author":35,"featured_media":295688,"comment_status":"closed","ping_status":"closed","sticky":false,"template":"","format":"standard","meta":{"rank_math_lock_modified_date":false,"footnotes":""},"categories":[491],"tags":[3374,71554,71553,71552,8465],"class_list":["post-295685","post","type-post","status-publish","format-standard","has-post-thumbnail","hentry","category-biyografi","tag-biyografi","tag-erkan-kolakan-aslen-nereli","tag-erkan-kolakan-kac-yasinda","tag-erkan-kolakan-kimdir","tag-yemekteyiz"],"_links":{"self":[{"href":"https:\/\/www.tgrthaber.com\/mavikadin\/wp-json\/wp\/v2\/posts\/295685"}],"collection":[{"href":"https:\/\/www.tgrthaber.com\/mavikadin\/wp-json\/wp\/v2\/posts"}],"about":[{"href":"https:\/\/www.tgrthaber.com\/mavikadin\/wp-json\/wp\/v2\/types\/post"}],"author":[{"embeddable":true,"href":"https:\/\/www.tgrthaber.com\/mavikadin\/wp-json\/wp\/v2\/users\/35"}],"replies":[{"embeddable":true,"href":"https:\/\/www.tgrthaber.com\/mavikadin\/wp-json\/wp\/v2\/comments?post=295685"}],"version-history":[{"count":2,"href":"https:\/\/www.tgrthaber.com\/mavikadin\/wp-json\/wp\/v2\/posts\/295685\/revisions"}],"predecessor-version":[{"id":295711,"href":"https:\/\/www.tgrthaber.com\/mavikadin\/wp-json\/wp\/v2\/posts\/295685\/revisions\/295711"}],"wp:featuredmedia":[{"embeddable":true,"href":"https:\/\/www.tgrthaber.com\/mavikadin\/wp-json\/wp\/v2\/media\/295688"}],"wp:attachment":[{"href":"https:\/\/www.tgrthaber.com\/mavikadin\/wp-json\/wp\/v2\/media?parent=295685"}],"wp:term":[{"taxonomy":"category","embeddable":true,"href":"https:\/\/www.tgrthaber.com\/mavikadin\/wp-json\/wp\/v2\/categories?post=295685"},{"taxonomy":"post_tag","embeddable":true,"href":"https:\/\/www.tgrthaber.com\/mavikadin\/wp-json\/wp\/v2\/tags?post=295685"}],"curies":[{"name":"wp","href":"https:\/\/api.w.org\/{rel}","templated":true}]}}