{"id":295689,"date":"2026-01-27T16:33:50","date_gmt":"2026-01-27T13:33:50","guid":{"rendered":"https:\/\/www.tgrthaber.com\/mavikadin\/?p=295689"},"modified":"2026-01-27T16:33:50","modified_gmt":"2026-01-27T13:33:50","slug":"cocuklarda-gorulmeye-basladi-zona-hastaliginin-belirtileri","status":"publish","type":"post","link":"https:\/\/www.tgrthaber.com\/mavikadin\/cocuklarda-gorulmeye-basladi-zona-hastaliginin-belirtileri\/","title":{"rendered":"\u00c7ocuklarda g\u00f6r\u00fclmeye ba\u015flad\u0131! Zona hastal\u0131\u011f\u0131n\u0131n belirtileri"},"content":{"rendered":"<p>A\u011fr\u0131l\u0131 bir deri d\u00f6k\u00fcnt\u00fcs\u00fc olarak kendini g\u00f6steren <a href=\"https:\/\/www.tgrthaber.com\/mavikadin\/bogaz-yanmasini-aninda-iyilestiren-karisim-zencefil-limon\/\">zona hastal\u0131\u011f\u0131<\/a> son zamanlarda s\u0131kl\u0131kla \u00e7ocuklarda g\u00f6r\u00fclmeye ba\u015flad\u0131. Genellikle \u00e7ocuklarda zona hastal\u0131\u011f\u0131 yayg\u0131n olmasa da \u015fimdilerde s\u0131kl\u0131kla g\u00f6r\u00fcl\u00fcyor. Sizde zona hastal\u0131\u011f\u0131ndan endi\u015feleniyor ve korkuyorsan\u0131z, mutlaka bunlar\u0131 bilmelisiniz. Peki, zona hastal\u0131\u011f\u0131 nedir? Zona hastal\u0131\u011f\u0131 belirtileri neler? Zona hastal\u0131\u011f\u0131 neden olur? Zona hastal\u0131\u011f\u0131 \u00e7ocuklarda ne s\u0131kl\u0131kla g\u00f6r\u00fcl\u00fcr? Zona hastal\u0131\u011f\u0131 hakk\u0131nda merak edilenleri sizin i\u00e7in ara\u015ft\u0131rd\u0131k. \u0130\u015fte zona hastal\u0131\u011f\u0131na dair bilinmeyenler\u2026<\/p>\n<h3>ZONA HASTALI\u011eI NED\u0130R?<\/h3>\n<p><a href=\"https:\/\/www.tgrthaber.com\/mavikadin\/sarimsak-alirken-dikkat-diyetisyen-busra-caliskan-cin-sarimsagi-konusunda-uyardi\/\">Zona hastal\u0131\u011f\u0131<\/a>, ciltte a\u011fr\u0131 ve s\u0131v\u0131 dolu kabarc\u0131klara d\u00f6n\u00fc\u015fen k\u0131rm\u0131z\u0131 d\u00f6k\u00fcnt\u00fclere neden olan viral bir enfeksiyon olarak kar\u015f\u0131m\u0131za \u00e7\u0131kar. Tek tarafl\u0131 olarak kendini g\u00f6steren bu d\u00f6k\u00fcnt\u00fcler v\u00fccudun sol ya da sa\u011f k\u0131sm\u0131n\u0131 kapsayan \u015feritler halindedir. Herpes Zoster olarak da adland\u0131r\u0131lan zona hastal\u0131\u011f\u0131, a\u011fr\u0131l\u0131 bir deri d\u00f6k\u00fcnt\u00fcs\u00fcd\u00fcr.<\/p>\n<p><img loading=\"lazy\" decoding=\"async\" class=\"size-full wp-image-295699\" src=\"https:\/\/www.tgrthaber.com\/mavikadin\/wp-content\/uploads\/2026\/01\/zona-hastaligi-9.jpg\" alt=\"\u00c7ocuklarda g\u00f6r\u00fclmeye ba\u015flad\u0131! Zona hastal\u0131\u011f\u0131n\u0131n belirtileri\" width=\"1208\" height=\"680\" title=\"\" srcset=\"https:\/\/www.tgrthaber.com\/mavikadin\/wp-content\/uploads\/2026\/01\/zona-hastaligi-9.jpg 1208w, https:\/\/www.tgrthaber.com\/mavikadin\/wp-content\/uploads\/2026\/01\/zona-hastaligi-9-300x169.jpg 300w, https:\/\/www.tgrthaber.com\/mavikadin\/wp-content\/uploads\/2026\/01\/zona-hastaligi-9-1024x576.jpg 1024w, https:\/\/www.tgrthaber.com\/mavikadin\/wp-content\/uploads\/2026\/01\/zona-hastaligi-9-768x432.jpg 768w\" sizes=\"(max-width: 1208px) 100vw, 1208px\" \/><\/p>\n<hr \/>\n<p>Zona hastal\u0131\u011f\u0131, varicella-zoster vir\u00fcs\u00fc ile meydana gelir. Bu vir\u00fcs ayn\u0131 zamanda su \u00e7i\u00e7e\u011fine neden olan bir vir\u00fcst\u00fcr. Ka\u015f\u0131nan k\u0131rm\u0131z\u0131 d\u00f6k\u00fcnt\u00fcler ve kabuklu s\u0131v\u0131 dolu kabarc\u0131klar \u015feklinde kendini g\u00f6steren zona hastal\u0131\u011f\u0131, \u00f6zellikle geceleri yaralar\u0131n oldu\u011fu yerlerde yanma, \u015fiddetli a\u011fr\u0131, ate\u015f, \u0131s\u0131 hassasiyeti ve yorgunlu\u011fa neden olur.<\/p>\n<p>Halk aras\u0131nda gece yan\u0131\u011f\u0131 olarak da bilinen zona hastal\u0131\u011f\u0131, ciddi bir deri d\u00f6k\u00fcnt\u00fcs\u00fcd\u00fcr. Varicella zoster vir\u00fcs\u00fcn\u00fcn cildi ve sinirleri etkileyerek k\u00fc\u00e7\u00fck kabarc\u0131klar ve a\u011fr\u0131l\u0131 deri d\u00f6k\u00fcnt\u00fcleri olu\u015fumuna neden olan bu viral enfeksiyon, zona hastal\u0131\u011f\u0131 olarak adland\u0131r\u0131l\u0131r.<\/p>\n<p><img loading=\"lazy\" decoding=\"async\" class=\"size-full wp-image-295698\" src=\"https:\/\/www.tgrthaber.com\/mavikadin\/wp-content\/uploads\/2026\/01\/zona-hastaligi-8.jpg\" alt=\"\u00c7ocuklarda g\u00f6r\u00fclmeye ba\u015flad\u0131! Zona hastal\u0131\u011f\u0131n\u0131n belirtileri\" width=\"1208\" height=\"680\" title=\"\" srcset=\"https:\/\/www.tgrthaber.com\/mavikadin\/wp-content\/uploads\/2026\/01\/zona-hastaligi-8.jpg 1208w, https:\/\/www.tgrthaber.com\/mavikadin\/wp-content\/uploads\/2026\/01\/zona-hastaligi-8-300x169.jpg 300w, https:\/\/www.tgrthaber.com\/mavikadin\/wp-content\/uploads\/2026\/01\/zona-hastaligi-8-1024x576.jpg 1024w, https:\/\/www.tgrthaber.com\/mavikadin\/wp-content\/uploads\/2026\/01\/zona-hastaligi-8-768x432.jpg 768w\" sizes=\"(max-width: 1208px) 100vw, 1208px\" \/><\/p>\n<hr \/>\n<h3>ZONA HASTALI\u011eI NEDEN OLUR?<\/h3>\n<p>Su \u00e7i\u00e7e\u011fi hastal\u0131\u011f\u0131na da neden olan varicella-zoster vir\u00fcs\u00fcnden kaynaklanan <a href=\"https:\/\/www.tgrthaber.com\/mavikadin\/agzinizda-10-dakika-karanfil-bekletin-bagirsaklardan-agiz-kokusuna-kadar\/\">zona hastal\u0131\u011f\u0131<\/a>, daha \u00f6nce su\u00e7i\u00e7e\u011fi ge\u00e7iren hastalarda s\u0131kl\u0131kla g\u00f6r\u00fcl\u00fcr. Su\u00e7i\u00e7e\u011fi ge\u00e7irdikten sonra varicella-zoster adl\u0131 vir\u00fcs v\u00fccudun sinir h\u00fccrelerinde kal\u0131r. Ancak bu s\u00fcre\u00e7te vir\u00fcs aktif de\u011fildir.<\/p>\n<p><img loading=\"lazy\" decoding=\"async\" class=\"size-full wp-image-295697\" src=\"https:\/\/www.tgrthaber.com\/mavikadin\/wp-content\/uploads\/2026\/01\/zona-hastaligi-7.jpg\" alt=\"\u00c7ocuklarda g\u00f6r\u00fclmeye ba\u015flad\u0131! Zona hastal\u0131\u011f\u0131n\u0131n belirtileri\" width=\"1208\" height=\"680\" title=\"\" srcset=\"https:\/\/www.tgrthaber.com\/mavikadin\/wp-content\/uploads\/2026\/01\/zona-hastaligi-7.jpg 1208w, https:\/\/www.tgrthaber.com\/mavikadin\/wp-content\/uploads\/2026\/01\/zona-hastaligi-7-300x169.jpg 300w, https:\/\/www.tgrthaber.com\/mavikadin\/wp-content\/uploads\/2026\/01\/zona-hastaligi-7-1024x576.jpg 1024w, https:\/\/www.tgrthaber.com\/mavikadin\/wp-content\/uploads\/2026\/01\/zona-hastaligi-7-768x432.jpg 768w\" sizes=\"(max-width: 1208px) 100vw, 1208px\" \/><\/p>\n<hr \/>\n<p>Aylar veya y\u0131llar sonra, varisella-zoster vir\u00fcs\u00fc tekrar aktif hale gelebilir. Vir\u00fcs daha sonra genellikle v\u00fccudun bir taraf\u0131nda k\u0131rm\u0131z\u0131 bir d\u00f6k\u00fcnt\u00fcye veya k\u00fc\u00e7\u00fck s\u0131v\u0131 dolu kabarc\u0131klara neden olabilir. D\u00f6k\u00fcnt\u00fc veya kabarc\u0131klar, vir\u00fcs\u00fcn ya\u015fad\u0131\u011f\u0131 sinir yolu boyunca yay\u0131l\u0131r.<\/p>\n<p><img loading=\"lazy\" decoding=\"async\" class=\"size-full wp-image-295694\" src=\"https:\/\/www.tgrthaber.com\/mavikadin\/wp-content\/uploads\/2026\/01\/zona-hastaligi-4.jpg\" alt=\"\u00c7ocuklarda g\u00f6r\u00fclmeye ba\u015flad\u0131! Zona hastal\u0131\u011f\u0131n\u0131n belirtileri\" width=\"1208\" height=\"680\" title=\"\" srcset=\"https:\/\/www.tgrthaber.com\/mavikadin\/wp-content\/uploads\/2026\/01\/zona-hastaligi-4.jpg 1208w, https:\/\/www.tgrthaber.com\/mavikadin\/wp-content\/uploads\/2026\/01\/zona-hastaligi-4-300x169.jpg 300w, https:\/\/www.tgrthaber.com\/mavikadin\/wp-content\/uploads\/2026\/01\/zona-hastaligi-4-1024x576.jpg 1024w, https:\/\/www.tgrthaber.com\/mavikadin\/wp-content\/uploads\/2026\/01\/zona-hastaligi-4-768x432.jpg 768w\" sizes=\"(max-width: 1208px) 100vw, 1208px\" \/><\/p>\n<hr \/>\n<p>V\u00fccutta uyku halinde bulunan varisella zoster vir\u00fcs\u00fcn\u00fcn, tekrar aktif olmas\u0131 ile ortaya \u00e7\u0131kan a\u011fr\u0131l\u0131 ve kabarc\u0131k \u015feklinde deri d\u00f6k\u00fcnt\u00fcleri de zona hastal\u0131\u011f\u0131 olarak adland\u0131r\u0131l\u0131r. Bu hastal\u0131k hem deriyi hem de sinirleri tutar. Zona hastal\u0131\u011f\u0131, genellikle su \u00e7i\u00e7e\u011fi ge\u00e7iren ki\u015filerde duyusal sinir h\u00fccrelerinde inaktif bir \u015fekilde uykuda bekleyen varicella-zoster vir\u00fcs\u00fcn\u00fcn tekrar aktif olmas\u0131yla kendini g\u00f6sterir.<\/p>\n<p><img loading=\"lazy\" decoding=\"async\" class=\"size-full wp-image-295696\" src=\"https:\/\/www.tgrthaber.com\/mavikadin\/wp-content\/uploads\/2026\/01\/zona-hastaligi-6.jpg\" alt=\"\u00c7ocuklarda g\u00f6r\u00fclmeye ba\u015flad\u0131! Zona hastal\u0131\u011f\u0131n\u0131n belirtileri\" width=\"1208\" height=\"680\" title=\"\" srcset=\"https:\/\/www.tgrthaber.com\/mavikadin\/wp-content\/uploads\/2026\/01\/zona-hastaligi-6.jpg 1208w, https:\/\/www.tgrthaber.com\/mavikadin\/wp-content\/uploads\/2026\/01\/zona-hastaligi-6-300x169.jpg 300w, https:\/\/www.tgrthaber.com\/mavikadin\/wp-content\/uploads\/2026\/01\/zona-hastaligi-6-1024x576.jpg 1024w, https:\/\/www.tgrthaber.com\/mavikadin\/wp-content\/uploads\/2026\/01\/zona-hastaligi-6-768x432.jpg 768w\" sizes=\"(max-width: 1208px) 100vw, 1208px\" \/><\/p>\n<hr \/>\n<p>Bu noktada ba\u011f\u0131\u015f\u0131kl\u0131\u011f\u0131n zay\u0131flamas\u0131 ve Grip, enfeksiyon, ileri ya\u015f, HIV\/AIDS gibi hastal\u0131klar\u0131n g\u00f6r\u00fclmesi varicella-zoster vir\u00fcs\u00fcn\u00fcn tekrar aktif olmas\u0131na sebep olarak zona hastal\u0131\u011f\u0131n\u0131 beraberinde getirir.<\/p>\n<h3>\u00c7OCUKLARDA ZONA HASTALI\u011eININ BEL\u0130RT\u0130LER\u0130 NELERD\u0130R?<\/h3>\n<p><a href=\"https:\/\/www.tgrthaber.com\/mavikadin\/nipah-virusu-nasil-ortaya-cikti-nipah-virusu-kimlere-bulasiyor-olumcul-mu\/\">Zona hastal\u0131\u011f\u0131n\u0131n e<\/a>n \u00f6nemli fakt\u00f6rlerinden biri ya\u015flanmad\u0131r. Genellikle 50 ya\u015f\u0131n \u00fczerinde ki\u015filerde g\u00f6r\u00fclen bu hastal\u0131k, \u015fimdilerde \u00e7ocuklarda s\u0131kl\u0131kla g\u00f6r\u00fclmeye ba\u015flad\u0131. Zona hastal\u0131\u011f\u0131nda vakalar\u0131n y\u00fczde 70\u2019i 50 ya\u015f \u00fczerindeki ki\u015filerden olu\u015fur.<\/p>\n<p><img loading=\"lazy\" decoding=\"async\" class=\"size-full wp-image-295700\" src=\"https:\/\/www.tgrthaber.com\/mavikadin\/wp-content\/uploads\/2026\/01\/zona-hastaligi-10.jpg\" alt=\"\u00c7ocuklarda g\u00f6r\u00fclmeye ba\u015flad\u0131! Zona hastal\u0131\u011f\u0131n\u0131n belirtileri\" width=\"1208\" height=\"680\" title=\"\" srcset=\"https:\/\/www.tgrthaber.com\/mavikadin\/wp-content\/uploads\/2026\/01\/zona-hastaligi-10.jpg 1208w, https:\/\/www.tgrthaber.com\/mavikadin\/wp-content\/uploads\/2026\/01\/zona-hastaligi-10-300x169.jpg 300w, https:\/\/www.tgrthaber.com\/mavikadin\/wp-content\/uploads\/2026\/01\/zona-hastaligi-10-1024x576.jpg 1024w, https:\/\/www.tgrthaber.com\/mavikadin\/wp-content\/uploads\/2026\/01\/zona-hastaligi-10-768x432.jpg 768w\" sizes=\"(max-width: 1208px) 100vw, 1208px\" \/><\/p>\n<hr \/>\n<p>\u00c7ocuklarda zona hastal\u0131\u011f\u0131 yayg\u0131n de\u011fildir. 1 ya\u015f\u0131ndan \u00f6nce su\u00e7i\u00e7e\u011fi ge\u00e7iren, annesi hamileli\u011finin son d\u00f6nemlerinde su\u00e7i\u00e7e\u011fi ge\u00e7iren ve ba\u011f\u0131\u015f\u0131kl\u0131k sistemi olduk\u00e7a d\u00fc\u015f\u00fck olan \u00e7ocuklarda zona hastal\u0131\u011f\u0131na yakalanma riski daha y\u00fcksektir.<\/p>\n<p><img loading=\"lazy\" decoding=\"async\" class=\"size-full wp-image-295695\" src=\"https:\/\/www.tgrthaber.com\/mavikadin\/wp-content\/uploads\/2026\/01\/zona-hastaligi-5.jpg\" alt=\"\u00c7ocuklarda g\u00f6r\u00fclmeye ba\u015flad\u0131! Zona hastal\u0131\u011f\u0131n\u0131n belirtileri\" width=\"1208\" height=\"680\" title=\"\" srcset=\"https:\/\/www.tgrthaber.com\/mavikadin\/wp-content\/uploads\/2026\/01\/zona-hastaligi-5.jpg 1208w, https:\/\/www.tgrthaber.com\/mavikadin\/wp-content\/uploads\/2026\/01\/zona-hastaligi-5-300x169.jpg 300w, https:\/\/www.tgrthaber.com\/mavikadin\/wp-content\/uploads\/2026\/01\/zona-hastaligi-5-1024x576.jpg 1024w, https:\/\/www.tgrthaber.com\/mavikadin\/wp-content\/uploads\/2026\/01\/zona-hastaligi-5-768x432.jpg 768w\" sizes=\"(max-width: 1208px) 100vw, 1208px\" \/><\/p>\n<hr \/>\n<p>Su \u00e7i\u00e7e\u011fi a\u015f\u0131s\u0131 olan \u00e7ocuklarda zona hastal\u0131\u011f\u0131 riski daha az g\u00f6r\u00fclse de hi\u00e7 yok de\u011fildir. Zona hastal\u0131\u011f\u0131nda d\u00f6k\u00fcnt\u00fcler s\u0131kl\u0131kla g\u00f6vde ve kal\u00e7alarda g\u00f6r\u00fcl\u00fcr. D\u00f6k\u00fcnt\u00fc, k\u00fc\u00e7\u00fck, k\u0131rm\u0131z\u0131 lekeler \u015feklinde ba\u015flar ve kabarc\u0131klara d\u00f6n\u00fc\u015f\u00fcr. Kabarc\u0131klar sarar\u0131r ve kurur. D\u00f6k\u00fcnt\u00fc genellikle v\u00fccudun sadece bir taraf\u0131nda veya bir b\u00f6l\u00fcm\u00fcnde g\u00f6r\u00fcl\u00fcr. Peki, \u00e7ocuklarda zona hastal\u0131\u011f\u0131 belirtileri nelerdir? \u0130\u015fte \u00e7ocuklarda zona hastal\u0131\u011f\u0131n\u0131n belirtileri\u2026<\/p>\n<p><img loading=\"lazy\" decoding=\"async\" class=\"size-full wp-image-295701\" src=\"https:\/\/www.tgrthaber.com\/mavikadin\/wp-content\/uploads\/2026\/01\/zona-hastaligi-1.jpg\" alt=\"\u00c7ocuklarda g\u00f6r\u00fclmeye ba\u015flad\u0131! Zona hastal\u0131\u011f\u0131n\u0131n belirtileri\" width=\"1208\" height=\"680\" title=\"\" srcset=\"https:\/\/www.tgrthaber.com\/mavikadin\/wp-content\/uploads\/2026\/01\/zona-hastaligi-1.jpg 1208w, https:\/\/www.tgrthaber.com\/mavikadin\/wp-content\/uploads\/2026\/01\/zona-hastaligi-1-300x169.jpg 300w, https:\/\/www.tgrthaber.com\/mavikadin\/wp-content\/uploads\/2026\/01\/zona-hastaligi-1-1024x576.jpg 1024w, https:\/\/www.tgrthaber.com\/mavikadin\/wp-content\/uploads\/2026\/01\/zona-hastaligi-1-768x432.jpg 768w\" sizes=\"(max-width: 1208px) 100vw, 1208px\" \/><\/p>\n<hr \/>\n<ul>\n<li>Ate\u015f ve titreme<\/li>\n<li>Ba\u015f a\u011fr\u0131s\u0131<\/li>\n<li>Bulant\u0131<\/li>\n<\/ul>\n<p><strong>Zona hastal\u0131\u011f\u0131n\u0131n di\u011fer belirtileri \u015funlard\u0131r:<\/strong><\/p>\n<ul>\n<li>A\u011fr\u0131<\/li>\n<li>Etkilenen b\u00f6lgede kar\u0131ncalanma veya yanma hissi<\/li>\n<li>Ka\u015f\u0131nt\u0131l\u0131 k\u0131rm\u0131z\u0131 d\u00f6k\u00fcnt\u00fc<\/li>\n<li>Kabuklanan s\u0131v\u0131 dolu kabarc\u0131klar<\/li>\n<li>Ate\u015f<\/li>\n<li>Ba\u015f a\u011fr\u0131s\u0131<\/li>\n<li>Titreme<\/li>\n<li>I\u015f\u0131\u011fa kar\u015f\u0131 duyarl\u0131l\u0131k<\/li>\n<li>Yorgun ve t\u00fckenmi\u015flik hissi<\/li>\n<\/ul>\n","protected":false},"excerpt":{"rendered":"<p>Zona hastal\u0131\u011f\u0131 son zamanlarda s\u0131kl\u0131kla \u00e7ocuklarda g\u00f6r\u00fclmeye ba\u015flad\u0131. Peki, zona hastal\u0131\u011f\u0131 nedir? Zona hastal\u0131\u011f\u0131 belirtileri neler? \u0130\u015fte detaylar\u2026<\/p>\n","protected":false},"author":26,"featured_media":295693,"comment_status":"closed","ping_status":"closed","sticky":false,"template":"","format":"standard","meta":{"rank_math_lock_modified_date":false,"footnotes":""},"categories":[1991,111],"tags":[71550,173,16668,7159,71551],"class_list":["post-295689","post","type-post","status-publish","format-standard","has-post-thumbnail","hentry","category-saglik","category-anne-cocuk","tag-cocuklarda-zona-hastaligi","tag-saglik","tag-saglik-haberleri","tag-zona-hastaligi","tag-zona-hastaligi-belirtileri"],"_links":{"self":[{"href":"https:\/\/www.tgrthaber.com\/mavikadin\/wp-json\/wp\/v2\/posts\/295689"}],"collection":[{"href":"https:\/\/www.tgrthaber.com\/mavikadin\/wp-json\/wp\/v2\/posts"}],"about":[{"href":"https:\/\/www.tgrthaber.com\/mavikadin\/wp-json\/wp\/v2\/types\/post"}],"author":[{"embeddable":true,"href":"https:\/\/www.tgrthaber.com\/mavikadin\/wp-json\/wp\/v2\/users\/26"}],"replies":[{"embeddable":true,"href":"https:\/\/www.tgrthaber.com\/mavikadin\/wp-json\/wp\/v2\/comments?post=295689"}],"version-history":[{"count":2,"href":"https:\/\/www.tgrthaber.com\/mavikadin\/wp-json\/wp\/v2\/posts\/295689\/revisions"}],"predecessor-version":[{"id":295709,"href":"https:\/\/www.tgrthaber.com\/mavikadin\/wp-json\/wp\/v2\/posts\/295689\/revisions\/295709"}],"wp:featuredmedia":[{"embeddable":true,"href":"https:\/\/www.tgrthaber.com\/mavikadin\/wp-json\/wp\/v2\/media\/295693"}],"wp:attachment":[{"href":"https:\/\/www.tgrthaber.com\/mavikadin\/wp-json\/wp\/v2\/media?parent=295689"}],"wp:term":[{"taxonomy":"category","embeddable":true,"href":"https:\/\/www.tgrthaber.com\/mavikadin\/wp-json\/wp\/v2\/categories?post=295689"},{"taxonomy":"post_tag","embeddable":true,"href":"https:\/\/www.tgrthaber.com\/mavikadin\/wp-json\/wp\/v2\/tags?post=295689"}],"curies":[{"name":"wp","href":"https:\/\/api.w.org\/{rel}","templated":true}]}}