{"id":295712,"date":"2026-01-27T17:14:34","date_gmt":"2026-01-27T14:14:34","guid":{"rendered":"https:\/\/www.tgrthaber.com\/mavikadin\/?p=295712"},"modified":"2026-01-27T17:14:35","modified_gmt":"2026-01-27T14:14:35","slug":"gelinim-mutfaktada-ortalik-karisti-gozde-ve-esi-zafer-studyoda-restlesti-kayinvalide-meryem-ipleri-kopardi","status":"publish","type":"post","link":"https:\/\/www.tgrthaber.com\/mavikadin\/gelinim-mutfaktada-ortalik-karisti-gozde-ve-esi-zafer-studyoda-restlesti-kayinvalide-meryem-ipleri-kopardi\/","title":{"rendered":"Gelinim Mutfakta\u2019da ortal\u0131k kar\u0131\u015ft\u0131! G\u00f6zde ve e\u015fi Zafer st\u00fcdyoda restle\u015fti, kay\u0131nvalide Meryem ipleri kopard\u0131"},"content":{"rendered":"<p><a href=\"https:\/\/www.tgrthaber.com\/mavikadin\/gelinim-mutfaktada-kayinvalideden-tam-not-alan-lavas-kebabi-tarifi-bu-sekilde-yapilinca-lezzeti-katlaniyor\/\">Gelinim Mutfakta<\/a>&#8216;da bug\u00fcn tansiyon bir anda y\u00fckseldi. Yar\u0131\u015fman\u0131n dikkat \u00e7eken gelini G\u00f6zde&#8217;nin e\u015fi st\u00fcdyoya geldi. G\u00f6zde ve e\u015fi aras\u0131nda ya\u015fanan sert diyalog, herkesi \u015fa\u015fk\u0131na \u00e7evirdi. \u00dcst\u00fcne kay\u0131nvalide Meryem&#8217;in ipleri adeta koparmas\u0131, gerilimin fitilini daha da ate\u015fledi. \u0130\u015fte Gelinim Mutfakta&#8217;da 27 Ocak 2026 yay\u0131n\u0131nda ya\u015fanan geli\u015fmeler&#8230;<\/p>\n<h3>GEL\u0130N\u0130M MUTFAKTA&#8217;DA ORTALIK KARI\u015eTI!<\/h3>\n<p><a href=\"https:\/\/www.tgrthaber.com\/mavikadin\/gelinim-mutfaktada-altin-kazandiran-tavada-anne-pizzasi-nasil-yapilir-tam-kivami-bu-puf-noktasinda-sakli\/\">Gelinim Mutfakta<\/a>, Asl\u0131 H\u00fcnel&#8217;in e\u011flenceli sunumuyla Kanal D ekranlar\u0131nda olmaya devam ediyor. E\u011flenceli anlar\u0131n st\u00fcdyoda eksik olmad\u0131\u011f\u0131 yar\u0131\u015fmada, tart\u0131\u015fmalar da bitmek bilmiyor.<\/p>\n<p><img loading=\"lazy\" decoding=\"async\" class=\"alignnone wp-image-295729 size-full\" src=\"https:\/\/www.tgrthaber.com\/mavikadin\/wp-content\/uploads\/2026\/01\/Ekran-goruntusu-2026-01-27-114436.png\" alt=\"\" width=\"1402\" height=\"744\" title=\"\" srcset=\"https:\/\/www.tgrthaber.com\/mavikadin\/wp-content\/uploads\/2026\/01\/Ekran-goruntusu-2026-01-27-114436.png 1402w, https:\/\/www.tgrthaber.com\/mavikadin\/wp-content\/uploads\/2026\/01\/Ekran-goruntusu-2026-01-27-114436-300x159.png 300w, https:\/\/www.tgrthaber.com\/mavikadin\/wp-content\/uploads\/2026\/01\/Ekran-goruntusu-2026-01-27-114436-1024x543.png 1024w, https:\/\/www.tgrthaber.com\/mavikadin\/wp-content\/uploads\/2026\/01\/Ekran-goruntusu-2026-01-27-114436-768x408.png 768w\" sizes=\"(max-width: 1402px) 100vw, 1402px\" \/><\/p>\n<hr \/>\n<p>Gelinim Mutfakta&#8217;da Sal\u0131 g\u00fcn\u00fc ya\u015fanan G\u00f6zde ve e\u015fi Zafer aras\u0131ndaki tart\u0131\u015fma, sosyal medyada an\u0131nda g\u00fcndem olurken, st\u00fcdyoda bulunan yar\u0131\u015fmac\u0131lar da s\u00f6ylenilen s\u00f6zler kar\u015f\u0131s\u0131nda \u015fa\u015fk\u0131nl\u0131klar\u0131n\u0131 gizleyemedi. G\u00f6zde&#8217;nin &#8216;Ben size fazlay\u0131m&#8217; \u00e7\u0131k\u0131\u015f\u0131, Zafer&#8217;in kar\u015f\u0131 hamlesi sonras\u0131 kay\u0131nvalide Meryem&#8217;de a\u00e7t\u0131 a\u011fz\u0131n\u0131 yumdu g\u00f6z\u00fcn\u00fc. Gelinim Mutfakta&#8217;ya damga vuran o anlar milyonlar\u0131 ekran ba\u015f\u0131na kilitledi.<\/p>\n<p><img loading=\"lazy\" decoding=\"async\" class=\"alignnone wp-image-295733 \" src=\"https:\/\/www.tgrthaber.com\/mavikadin\/wp-content\/uploads\/2026\/01\/Ekran-goruntusu-2026-01-26-115002.png\" alt=\"\" width=\"1255\" height=\"683\" title=\"\" srcset=\"https:\/\/www.tgrthaber.com\/mavikadin\/wp-content\/uploads\/2026\/01\/Ekran-goruntusu-2026-01-26-115002.png 1016w, https:\/\/www.tgrthaber.com\/mavikadin\/wp-content\/uploads\/2026\/01\/Ekran-goruntusu-2026-01-26-115002-300x163.png 300w, https:\/\/www.tgrthaber.com\/mavikadin\/wp-content\/uploads\/2026\/01\/Ekran-goruntusu-2026-01-26-115002-768x418.png 768w\" sizes=\"(max-width: 1255px) 100vw, 1255px\" \/><\/p>\n<hr \/>\n<h3>G\u00d6ZDE VE E\u015e\u0130 ZAFER ST\u00dcDYODA RESTLE\u015eT\u0130, KAYINVAL\u0130DE MERYEM \u0130PLER\u0130 KOPARDI<\/h3>\n<p><a href=\"https:\/\/www.tgrthaber.com\/mavikadin\/gelinim-mutfaktada-buyuk-patlama-gelinler-kriz-gecirdi-kayinvalideler-bayildi\/\">Gelinim Mutfakta<\/a>&#8216;n\u0131n bug\u00fcn yay\u0131nlanan b\u00f6l\u00fcm\u00fcnde tart\u0131\u015fman\u0131n fitilini ate\u015fleyen s\u00f6zler gelin G\u00f6zde&#8217;den geldi. E\u015finin evde olmamas\u0131na tepki g\u00f6steren G\u00f6zde; &#8216;E\u015fim buraya de\u011fil, eve gelecek&#8217; diyerek Zafer&#8217;e y\u00fcklendi. G\u00f6zde&#8217;nin \u00e7enesinden dert yanan Zafer&#8217;in s\u00f6yledikleri ise tart\u0131\u015fmay\u0131 giderek alevlendirdi.<\/p>\n<p><img loading=\"lazy\" decoding=\"async\" class=\"alignnone wp-image-295731 size-full\" src=\"https:\/\/www.tgrthaber.com\/mavikadin\/wp-content\/uploads\/2026\/01\/Ekran-goruntusu-2026-01-27-114527.png\" alt=\"\" width=\"1407\" height=\"736\" title=\"\" srcset=\"https:\/\/www.tgrthaber.com\/mavikadin\/wp-content\/uploads\/2026\/01\/Ekran-goruntusu-2026-01-27-114527.png 1407w, https:\/\/www.tgrthaber.com\/mavikadin\/wp-content\/uploads\/2026\/01\/Ekran-goruntusu-2026-01-27-114527-300x157.png 300w, https:\/\/www.tgrthaber.com\/mavikadin\/wp-content\/uploads\/2026\/01\/Ekran-goruntusu-2026-01-27-114527-1024x536.png 1024w, https:\/\/www.tgrthaber.com\/mavikadin\/wp-content\/uploads\/2026\/01\/Ekran-goruntusu-2026-01-27-114527-768x402.png 768w\" sizes=\"(max-width: 1407px) 100vw, 1407px\" \/><\/p>\n<hr \/>\n<p>Gelinim Mutfakta&#8217;da G\u00f6zde ve Zafer aras\u0131na giren kay\u0131nvalide Meryem ise gelinine \u00e7\u0131k\u0131\u015f\u0131yla g\u00fcndem oldu. G\u00f6zde&#8217;nin; &#8216;Size pasakl\u0131 biri laz\u0131md\u0131, ben size fazlay\u0131m&#8217; demesi \u00fczerine iyice k\u00fcplere binen Meryem; &#8216;O\u011flum al e\u015fyalar\u0131n\u0131 \u00e7\u0131k gel, onla 5 y\u0131l ya\u015fad\u0131ysan bizle de 10 y\u0131l ya\u015fars\u0131n&#8217; diyerek geliniyle resmen ipleri kopard\u0131.<\/p>\n<p><img loading=\"lazy\" decoding=\"async\" class=\"alignnone wp-image-295730 size-full\" src=\"https:\/\/www.tgrthaber.com\/mavikadin\/wp-content\/uploads\/2026\/01\/Ekran-goruntusu-2026-01-27-114450.png\" alt=\"\" width=\"1401\" height=\"741\" title=\"\" srcset=\"https:\/\/www.tgrthaber.com\/mavikadin\/wp-content\/uploads\/2026\/01\/Ekran-goruntusu-2026-01-27-114450.png 1401w, https:\/\/www.tgrthaber.com\/mavikadin\/wp-content\/uploads\/2026\/01\/Ekran-goruntusu-2026-01-27-114450-300x159.png 300w, https:\/\/www.tgrthaber.com\/mavikadin\/wp-content\/uploads\/2026\/01\/Ekran-goruntusu-2026-01-27-114450-1024x542.png 1024w, https:\/\/www.tgrthaber.com\/mavikadin\/wp-content\/uploads\/2026\/01\/Ekran-goruntusu-2026-01-27-114450-768x406.png 768w\" sizes=\"(max-width: 1401px) 100vw, 1401px\" \/><\/p>\n<hr \/>\n<p>Sosyal medyada binlerce defa izlenen g\u00f6r\u00fcnt\u00fclere yorumlar da eksik olmad\u0131. \u0130\u015fte Gelinim Mutfakta&#8217;da G\u00f6zde, e\u015fi Zafer ve kay\u0131nvalide Meryem aras\u0131nda ya\u015fanan ve ekranlara damga vuran o anlar&#8230;.<\/p>\n<p><img loading=\"lazy\" decoding=\"async\" class=\"alignnone wp-image-295732 size-full\" src=\"https:\/\/www.tgrthaber.com\/mavikadin\/wp-content\/uploads\/2026\/01\/Ekran-goruntusu-2026-01-27-114356.png\" alt=\"\" width=\"1334\" height=\"749\" title=\"\" srcset=\"https:\/\/www.tgrthaber.com\/mavikadin\/wp-content\/uploads\/2026\/01\/Ekran-goruntusu-2026-01-27-114356.png 1334w, https:\/\/www.tgrthaber.com\/mavikadin\/wp-content\/uploads\/2026\/01\/Ekran-goruntusu-2026-01-27-114356-300x168.png 300w, https:\/\/www.tgrthaber.com\/mavikadin\/wp-content\/uploads\/2026\/01\/Ekran-goruntusu-2026-01-27-114356-1024x575.png 1024w, https:\/\/www.tgrthaber.com\/mavikadin\/wp-content\/uploads\/2026\/01\/Ekran-goruntusu-2026-01-27-114356-768x431.png 768w\" sizes=\"(max-width: 1334px) 100vw, 1334px\" \/><\/p>\n<hr \/>\n<h3>SOSYAL MEDYADAN YORUM YA\u011eIYOR<\/h3>\n<p>Ya\u015fanan bu olay sonras\u0131 Gelinim Mutfakta izleyicileri yorumlar\u0131n\u0131 da ard\u0131 ard\u0131na s\u0131ralad\u0131. Dikkat \u00e7eken baz\u0131 yorumlar aras\u0131nda ise &#8216;Adam erimi\u015f akm\u0131\u015f d\u00fc\u015fman ba\u015f\u0131na b\u00f6yle gelin&#8217;, &#8216;B\u0131rakmad\u0131n\u0131z ba\u015f\u0131m\u0131z \u015fi\u015fti&#8217;, &#8216;Buras\u0131 yemek yar\u0131\u015fmas\u0131, G\u00f6zde&#8217;deki \u00e7eneye bak. S\u0131k\u0131ld\u0131k art\u0131k sizin kavgan\u0131z\u0131 izlemekten&#8217;, &#8216;G\u00f6zde elensin, oras\u0131 kavga etme yeri de\u011fil, bu hafta gitsinler&#8217; gibi ifadeler bulunuyor.<\/p>\n<div style=\"width: 640px;\" class=\"wp-video\"><!--[if lt IE 9]><script>document.createElement('video');<\/script><![endif]-->\n<video class=\"wp-video-shortcode\" id=\"video-295712-1\" width=\"640\" height=\"360\" preload=\"metadata\" controls=\"controls\"><source type=\"video\/mp4\" src=\"https:\/\/www.tgrthaber.com\/mavikadin\/wp-content\/uploads\/2026\/01\/Gelinim-Mutfakta-yeni-bolumuyle-bugun-saat-14.00te-Kanal-Dde-@aslihunel-@kanald-@kargafilm-online-video-cutter.com_-1.mp4?_=1\" \/><a href=\"https:\/\/www.tgrthaber.com\/mavikadin\/wp-content\/uploads\/2026\/01\/Gelinim-Mutfakta-yeni-bolumuyle-bugun-saat-14.00te-Kanal-Dde-@aslihunel-@kanald-@kargafilm-online-video-cutter.com_-1.mp4\">https:\/\/www.tgrthaber.com\/mavikadin\/wp-content\/uploads\/2026\/01\/Gelinim-Mutfakta-yeni-bolumuyle-bugun-saat-14.00te-Kanal-Dde-@aslihunel-@kanald-@kargafilm-online-video-cutter.com_-1.mp4<\/a><\/video><\/div>\n<hr \/>\n<h3>GEL\u0130N\u0130M MUTFAKTA 26 OCAK 2026 \u00c7EYRE\u011e\u0130 K\u0130M ALDI?<\/h3>\n<p>Gelinim Mutfakta&#8217;da d\u00fcn yap\u0131lan tabak de\u011ferlendirmesi sonras\u0131 \u00e7eyrek alt\u0131n\u0131 alan isim G\u00f6zde oldu. Toplam 16 puan alan G\u00f6zdeyi, Tu\u011fba 12 puan alarak ikinci s\u0131rada takip etti. Alime 10, Miyase ise toplam 2 puan alarak g\u00fcn\u00fc en d\u00fc\u015f\u00fck kapatan gelin oldu.<\/p>\n","protected":false},"excerpt":{"rendered":"<p>Kanal D ekranlar\u0131n\u0131n fenomen yar\u0131\u015fmas\u0131 Gelinim Mutfakta haftan\u0131n ikinci g\u00fcn\u00fcne temposu y\u00fcksek ba\u015flad\u0131. Gelinler ve kay\u0131nvalidelerin yar\u0131\u015ft\u0131\u011f\u0131 programda tansiyon yine zirve yapt\u0131. Gelinlerden G\u00f6zde&#8217;nin e\u015fi st\u00fcdyoya geldi, ortal\u0131k adeta kar\u0131\u015ft\u0131. Kay\u0131nvalide Meryem ise geliniyle ipleri kopard\u0131. \u0130\u015fte detaylar&#8230;<\/p>\n","protected":false},"author":35,"featured_media":295726,"comment_status":"closed","ping_status":"closed","sticky":false,"template":"","format":"standard","meta":{"rank_math_lock_modified_date":false,"footnotes":""},"categories":[76],"tags":[7578,71056,71558,2766,133],"class_list":["post-295712","post","type-post","status-publish","format-standard","has-post-thumbnail","hentry","category-magazin","tag-gelinim-mutfakta","tag-gelinim-mutfakta-gozde","tag-gozde-ve-zafer-kavgasi","tag-kanal-d","tag-magazin"],"_links":{"self":[{"href":"https:\/\/www.tgrthaber.com\/mavikadin\/wp-json\/wp\/v2\/posts\/295712"}],"collection":[{"href":"https:\/\/www.tgrthaber.com\/mavikadin\/wp-json\/wp\/v2\/posts"}],"about":[{"href":"https:\/\/www.tgrthaber.com\/mavikadin\/wp-json\/wp\/v2\/types\/post"}],"author":[{"embeddable":true,"href":"https:\/\/www.tgrthaber.com\/mavikadin\/wp-json\/wp\/v2\/users\/35"}],"replies":[{"embeddable":true,"href":"https:\/\/www.tgrthaber.com\/mavikadin\/wp-json\/wp\/v2\/comments?post=295712"}],"version-history":[{"count":2,"href":"https:\/\/www.tgrthaber.com\/mavikadin\/wp-json\/wp\/v2\/posts\/295712\/revisions"}],"predecessor-version":[{"id":295735,"href":"https:\/\/www.tgrthaber.com\/mavikadin\/wp-json\/wp\/v2\/posts\/295712\/revisions\/295735"}],"wp:featuredmedia":[{"embeddable":true,"href":"https:\/\/www.tgrthaber.com\/mavikadin\/wp-json\/wp\/v2\/media\/295726"}],"wp:attachment":[{"href":"https:\/\/www.tgrthaber.com\/mavikadin\/wp-json\/wp\/v2\/media?parent=295712"}],"wp:term":[{"taxonomy":"category","embeddable":true,"href":"https:\/\/www.tgrthaber.com\/mavikadin\/wp-json\/wp\/v2\/categories?post=295712"},{"taxonomy":"post_tag","embeddable":true,"href":"https:\/\/www.tgrthaber.com\/mavikadin\/wp-json\/wp\/v2\/tags?post=295712"}],"curies":[{"name":"wp","href":"https:\/\/api.w.org\/{rel}","templated":true}]}}