{"id":295736,"date":"2026-01-27T17:42:03","date_gmt":"2026-01-27T14:42:03","guid":{"rendered":"https:\/\/www.tgrthaber.com\/mavikadin\/?p=295736"},"modified":"2026-01-27T17:42:03","modified_gmt":"2026-01-27T14:42:03","slug":"yemekteyiz-ogun-ozkanca-kimdir-kac-yasinda-yemekteyiz-ogun-hanim-fit-goruntusuyle-zuhal-topalin-dikkatini-cekti","status":"publish","type":"post","link":"https:\/\/www.tgrthaber.com\/mavikadin\/yemekteyiz-ogun-ozkanca-kimdir-kac-yasinda-yemekteyiz-ogun-hanim-fit-goruntusuyle-zuhal-topalin-dikkatini-cekti\/","title":{"rendered":"Yemekteyiz Og\u00fcn \u00d6zkanca kimdir, ka\u00e7 ya\u015f\u0131nda? Yemekteyiz Og\u00fcn Han\u0131m fit g\u00f6r\u00fcnt\u00fcs\u00fcyle Zuhal Topal&#8217;\u0131n dikkatini \u00e7ekti"},"content":{"rendered":"<p>Zuhal Topal&#8217;la Yemekteyiz&#8217;de haftan\u0131n 4. g\u00fcn\u00fc yar\u0131\u015fan isim Og\u00fcn \u00d6zkanca oldu. Og\u00fcn Han\u0131m 26 &#8211; 30 Ocak haftas\u0131nda yar\u0131\u015farak 200 bin TL&#8217;yi almak i\u00e7in t\u00fcm mutfak bilgisini ve el lezzetini sunmay\u0131 d\u00fc\u015f\u00fcn\u00fcyor. Og\u00fcn Han\u0131m, <a href=\"https:\/\/www.tgrthaber.com\/mavikadin\/yemekteyiz-erkan-kolakan-kimdir-kac-yasinda-yemekteyiz-erkan-bey-meslegi-nedir\/\">Yemekteyiz<\/a>&#8216;in yeni haftas\u0131nda izleyicinin dikkatini \u00e7ekmeyi ba\u015fard\u0131. Ya\u015f\u0131na ra\u011fmen fit ve gen\u00e7 g\u00f6r\u00fcn\u00fcm\u00fcyle Zuhal Topal&#8217;dan \u00f6vg\u00fc alan Og\u00fcn Han\u0131m sosyal medyan\u0131n da oda\u011f\u0131na yerle\u015fti. Peki Yemekteyiz 4. g\u00fcn yar\u0131\u015fan Og\u00fcn \u00d6zkanca kimdir, ya\u015f\u0131 ka\u00e7 ve aslen nereli? Yemekteyiz Og\u00fcn Han\u0131m ne i\u015f yap\u0131yor, evli mi, \u00e7ocu\u011fu var m\u0131? \u0130\u015fte detaylar&#8230;<\/p>\n<h3>YEMEKTEY\u0130Z OG\u00dcN \u00d6ZKANCA K\u0130MD\u0130R, KA\u00c7 YA\u015eINDA?<\/h3>\n<p>TV8&#8217;in en sevilen yar\u0131\u015fma program\u0131 <a href=\"https:\/\/www.tgrthaber.com\/mavikadin\/zuhal-topalla-yemekteyiz-ramazan-kardas-kimdir-yemekteyizde-38-yasindaki-yarismaciya-gelin-adayi-arandi\/\">Zuhal Topal&#8217;la Yemekteyiz<\/a> yeni haftaya yine e\u011flence dozu y\u00fcksek ba\u015flad\u0131. 5 farkl\u0131 yar\u0131\u015fmac\u0131 Yemekteyiz m\u00f6utfa\u011f\u0131na kendi g\u00fcn\u00fcnde girerek, Cuma g\u00fcn\u00fc yap\u0131lacak 200 bin TL&#8217;lik \u00f6d\u00fcl i\u00e7in ter d\u00f6kecek. Bu isimlerden biri de 4. g\u00fcn yar\u0131\u015fan Og\u00fcn \u00d6zkanca oldu.<\/p>\n<p><img loading=\"lazy\" decoding=\"async\" class=\"alignnone wp-image-295738 size-full\" src=\"https:\/\/www.tgrthaber.com\/mavikadin\/wp-content\/uploads\/2026\/01\/Ekran-goruntusu-2026-01-27-123118.png\" alt=\"\" width=\"1157\" height=\"634\" title=\"\" srcset=\"https:\/\/www.tgrthaber.com\/mavikadin\/wp-content\/uploads\/2026\/01\/Ekran-goruntusu-2026-01-27-123118.png 1157w, https:\/\/www.tgrthaber.com\/mavikadin\/wp-content\/uploads\/2026\/01\/Ekran-goruntusu-2026-01-27-123118-300x164.png 300w, https:\/\/www.tgrthaber.com\/mavikadin\/wp-content\/uploads\/2026\/01\/Ekran-goruntusu-2026-01-27-123118-1024x561.png 1024w, https:\/\/www.tgrthaber.com\/mavikadin\/wp-content\/uploads\/2026\/01\/Ekran-goruntusu-2026-01-27-123118-768x421.png 768w\" sizes=\"(max-width: 1157px) 100vw, 1157px\" \/><\/p>\n<hr \/>\n<p>Og\u00fcn Han\u0131m Yemekteyiz program\u0131na \u0130stanbul Kartal&#8217;dan kat\u0131l\u0131yor. Aslen Trabzon&#8217;un Of il\u00e7esinden olan Og\u00fcn Han\u0131m \u00e7al\u0131\u015fma hayat\u0131na gen\u00e7 ya\u015fta at\u0131lm\u0131\u015f bir isim. 18 ya\u015f\u0131ndan beri aktif olarak \u00e7al\u0131\u015fan Og\u00fcn Han\u0131m, \u015fu anda turizm i\u015fiyle ilgileniyor.<\/p>\n<p><img loading=\"lazy\" decoding=\"async\" class=\"alignnone wp-image-295742 size-full\" src=\"https:\/\/www.tgrthaber.com\/mavikadin\/wp-content\/uploads\/2026\/01\/Ekran-goruntusu-2026-01-27-123254.png\" alt=\"\" width=\"1168\" height=\"638\" title=\"\" srcset=\"https:\/\/www.tgrthaber.com\/mavikadin\/wp-content\/uploads\/2026\/01\/Ekran-goruntusu-2026-01-27-123254.png 1168w, https:\/\/www.tgrthaber.com\/mavikadin\/wp-content\/uploads\/2026\/01\/Ekran-goruntusu-2026-01-27-123254-300x164.png 300w, https:\/\/www.tgrthaber.com\/mavikadin\/wp-content\/uploads\/2026\/01\/Ekran-goruntusu-2026-01-27-123254-1024x559.png 1024w, https:\/\/www.tgrthaber.com\/mavikadin\/wp-content\/uploads\/2026\/01\/Ekran-goruntusu-2026-01-27-123254-768x420.png 768w\" sizes=\"(max-width: 1168px) 100vw, 1168px\" \/><\/p>\n<hr \/>\n<p>Yemekteyiz&#8217;in 4. g\u00fcn\u00fc yar\u0131\u015fan Og\u00fcn Han\u0131m hakk\u0131nda herkesin merak etti\u011fi bir detay ise ya\u015f\u0131 oldu. Og\u00fcn \u00d6zkanca 51 ya\u015f\u0131nda. Fit g\u00f6r\u00fcnt\u00fcs\u00fc ve enerjisiyle dikkat \u00e7eken Og\u00fcn Han\u0131m, g\u00f6r\u00fcn\u00fcm\u00fcyle Zuhal Topal&#8217;\u0131 da \u015fa\u015fk\u0131na \u00e7evirdi.<\/p>\n<p><img loading=\"lazy\" decoding=\"async\" class=\"alignnone wp-image-295739 size-full\" src=\"https:\/\/www.tgrthaber.com\/mavikadin\/wp-content\/uploads\/2026\/01\/Ekran-goruntusu-2026-01-27-123129.png\" alt=\"\" width=\"1174\" height=\"641\" title=\"\" srcset=\"https:\/\/www.tgrthaber.com\/mavikadin\/wp-content\/uploads\/2026\/01\/Ekran-goruntusu-2026-01-27-123129.png 1174w, https:\/\/www.tgrthaber.com\/mavikadin\/wp-content\/uploads\/2026\/01\/Ekran-goruntusu-2026-01-27-123129-300x164.png 300w, https:\/\/www.tgrthaber.com\/mavikadin\/wp-content\/uploads\/2026\/01\/Ekran-goruntusu-2026-01-27-123129-1024x559.png 1024w, https:\/\/www.tgrthaber.com\/mavikadin\/wp-content\/uploads\/2026\/01\/Ekran-goruntusu-2026-01-27-123129-768x419.png 768w\" sizes=\"(max-width: 1174px) 100vw, 1174px\" \/><\/p>\n<hr \/>\n<h3>YEMEKTEY\u0130Z OG\u00dcN \u00d6ZKANCA EVL\u0130 M\u0130, \u00c7OCU\u011eU VAR MI?<\/h3>\n<p>Og\u00fcn \u00d6zkanca 18 y\u0131l s\u00fcren evlili\u011fini sonlans\u0131rm\u0131\u015f bir yar\u0131\u015fmac\u0131. 24 ya\u015f\u0131nda bir o\u011flu olan Og\u00fcn han\u0131m, uzun y\u0131llar boyunca da Voleybol oynam\u0131\u015f. Bir d\u00f6nem Galatasaray&#8217;da forma giyen Og\u00fcn Han\u0131m, spora olan d\u00fc\u015fk\u00fcnl\u00fc\u011f\u00fcn\u00fc de <a href=\"https:\/\/www.tgrthaber.com\/mavikadin\/yemekteyiz-yarismacisi-selin-elif-arslan-kimdir-kac-yasinda-yemekteyiz-selin-aslen-nereli\/\">Yemekteyiz<\/a> boyunca her f\u0131rsatta dile getirdi.<\/p>\n<p><img loading=\"lazy\" decoding=\"async\" class=\"alignnone wp-image-295743 size-full\" src=\"https:\/\/www.tgrthaber.com\/mavikadin\/wp-content\/uploads\/2026\/01\/Ekran-goruntusu-2026-01-27-123459.png\" alt=\"\" width=\"1169\" height=\"637\" title=\"\" srcset=\"https:\/\/www.tgrthaber.com\/mavikadin\/wp-content\/uploads\/2026\/01\/Ekran-goruntusu-2026-01-27-123459.png 1169w, https:\/\/www.tgrthaber.com\/mavikadin\/wp-content\/uploads\/2026\/01\/Ekran-goruntusu-2026-01-27-123459-300x163.png 300w, https:\/\/www.tgrthaber.com\/mavikadin\/wp-content\/uploads\/2026\/01\/Ekran-goruntusu-2026-01-27-123459-1024x558.png 1024w, https:\/\/www.tgrthaber.com\/mavikadin\/wp-content\/uploads\/2026\/01\/Ekran-goruntusu-2026-01-27-123459-768x418.png 768w\" sizes=\"(max-width: 1169px) 100vw, 1169px\" \/><\/p>\n<hr \/>\n<h3>YEMEKTEY\u0130Z 23 OCAK 2026 CUMA 200 B\u0130N TL&#8217;Y\u0130 K\u0130M ALDI?<\/h3>\n<p>Zuhal Topal&#8217;la Yemekteyiz&#8217;de ge\u00e7en hafta 200 bin TL&#8217;yi alan yar\u0131\u015fmac\u0131 Samet Ya\u015f oldu. Samet Bey sundu\u011fu men\u00fcyle dikkat \u00e7ekerken, hem Zuhal Topal&#8217;dan hem de yar\u0131\u015fmac\u0131 arkada\u015flar\u0131ndan en y\u00fcksek puan\u0131 alarak haftan\u0131n kazanan ismi olarak a\u00e7\u0131kland\u0131. Toplam 33 puan alan Samet Bey, yar\u0131\u015fmadan g\u00fclerek ayr\u0131lan isim oldu.<\/p>\n<p><img loading=\"lazy\" decoding=\"async\" class=\"alignnone wp-image-295741 size-full\" src=\"https:\/\/www.tgrthaber.com\/mavikadin\/wp-content\/uploads\/2026\/01\/Ekran-goruntusu-2026-01-27-123201.png\" alt=\"\" width=\"1173\" height=\"643\" title=\"\" srcset=\"https:\/\/www.tgrthaber.com\/mavikadin\/wp-content\/uploads\/2026\/01\/Ekran-goruntusu-2026-01-27-123201.png 1173w, https:\/\/www.tgrthaber.com\/mavikadin\/wp-content\/uploads\/2026\/01\/Ekran-goruntusu-2026-01-27-123201-300x164.png 300w, https:\/\/www.tgrthaber.com\/mavikadin\/wp-content\/uploads\/2026\/01\/Ekran-goruntusu-2026-01-27-123201-1024x561.png 1024w, https:\/\/www.tgrthaber.com\/mavikadin\/wp-content\/uploads\/2026\/01\/Ekran-goruntusu-2026-01-27-123201-768x421.png 768w\" sizes=\"(max-width: 1173px) 100vw, 1173px\" \/><\/p>\n<hr \/>\n<h3>YEMEKTEY\u0130Z 26 &#8211; 30 OCAK HAFTASINDA HANG\u0130 \u0130S\u0130MLER YARI\u015eIYOR?<\/h3>\n<p>Yemekteyiz 1. g\u00fcn yar\u0131\u015fan yar\u0131\u015fmac\u0131s\u0131 Selin Elif Arslan<\/p>\n<p>Yemekteyiz 2. g\u00fcn yar\u0131\u015fan yar\u0131\u015fmac\u0131s\u0131 Ramazan Karda\u015f<\/p>\n<p>Yemekteyiz 3. g\u00fcn yar\u0131\u015fan yar\u0131\u015fmac\u0131s\u0131 Erkan Kolakan<\/p>\n<p><img loading=\"lazy\" decoding=\"async\" class=\"alignnone wp-image-295740 \" src=\"https:\/\/www.tgrthaber.com\/mavikadin\/wp-content\/uploads\/2026\/01\/Ekran-goruntusu-2026-01-26-174318-1.png\" alt=\"\" width=\"1187\" height=\"701\" title=\"\" srcset=\"https:\/\/www.tgrthaber.com\/mavikadin\/wp-content\/uploads\/2026\/01\/Ekran-goruntusu-2026-01-26-174318-1.png 750w, https:\/\/www.tgrthaber.com\/mavikadin\/wp-content\/uploads\/2026\/01\/Ekran-goruntusu-2026-01-26-174318-1-300x177.png 300w\" sizes=\"(max-width: 1187px) 100vw, 1187px\" \/><\/p>\n<hr \/>\n<p>Yemekteyiz 4. g\u00fcn yar\u0131\u015fan yar\u0131\u015fmac\u0131s\u0131 Og\u00fcn \u00d6zkanca<\/p>\n<p>Yemekteyiz 5. g\u00fcn yar\u0131\u015fan yar\u0131\u015fmac\u0131s\u0131 Cemile Elitop<\/p>\n","protected":false},"excerpt":{"rendered":"<p>Zuhal Topal&#8217;la Yemekteyiz&#8217;de 26 &#8211; 30 Ocak haftas\u0131nda yar\u0131\u015fan Og\u00fcn Han\u0131m fit g\u00f6r\u00fcnt\u00fcs\u00fcyle hem Zuhal Topal&#8217;\u0131n hem de ekran ba\u015f\u0131ndakilerin ilgisini \u00e7ekmeyi ba\u015fard\u0131. Peki Yemekteyiz  Og\u00fcn \u00d6zkanca kimdir, ka\u00e7 ya\u015f\u0131nda? Og\u00fcn \u00d6zkanca mesle\u011fi nedir, evli mi? \u0130\u015fte Yemekteyiz Og\u00fcn Han\u0131m&#8217;a dair merak edilen t\u00fcm detaylar&#8230;<\/p>\n","protected":false},"author":35,"featured_media":295737,"comment_status":"closed","ping_status":"closed","sticky":false,"template":"","format":"standard","meta":{"rank_math_lock_modified_date":false,"footnotes":""},"categories":[491],"tags":[3374,71560,71559,71561,17699],"class_list":["post-295736","post","type-post","status-publish","format-standard","has-post-thumbnail","hentry","category-biyografi","tag-biyografi","tag-yemekteyiz-ogun-kac-yasinda","tag-yemekteyiz-ogun-kimdir","tag-yemekteyiz-ogun-ozkanca","tag-zuhal-topalla-yemekteyiz"],"_links":{"self":[{"href":"https:\/\/www.tgrthaber.com\/mavikadin\/wp-json\/wp\/v2\/posts\/295736"}],"collection":[{"href":"https:\/\/www.tgrthaber.com\/mavikadin\/wp-json\/wp\/v2\/posts"}],"about":[{"href":"https:\/\/www.tgrthaber.com\/mavikadin\/wp-json\/wp\/v2\/types\/post"}],"author":[{"embeddable":true,"href":"https:\/\/www.tgrthaber.com\/mavikadin\/wp-json\/wp\/v2\/users\/35"}],"replies":[{"embeddable":true,"href":"https:\/\/www.tgrthaber.com\/mavikadin\/wp-json\/wp\/v2\/comments?post=295736"}],"version-history":[{"count":2,"href":"https:\/\/www.tgrthaber.com\/mavikadin\/wp-json\/wp\/v2\/posts\/295736\/revisions"}],"predecessor-version":[{"id":295746,"href":"https:\/\/www.tgrthaber.com\/mavikadin\/wp-json\/wp\/v2\/posts\/295736\/revisions\/295746"}],"wp:featuredmedia":[{"embeddable":true,"href":"https:\/\/www.tgrthaber.com\/mavikadin\/wp-json\/wp\/v2\/media\/295737"}],"wp:attachment":[{"href":"https:\/\/www.tgrthaber.com\/mavikadin\/wp-json\/wp\/v2\/media?parent=295736"}],"wp:term":[{"taxonomy":"category","embeddable":true,"href":"https:\/\/www.tgrthaber.com\/mavikadin\/wp-json\/wp\/v2\/categories?post=295736"},{"taxonomy":"post_tag","embeddable":true,"href":"https:\/\/www.tgrthaber.com\/mavikadin\/wp-json\/wp\/v2\/tags?post=295736"}],"curies":[{"name":"wp","href":"https:\/\/api.w.org\/{rel}","templated":true}]}}