{"id":295748,"date":"2026-01-27T17:59:55","date_gmt":"2026-01-27T14:59:55","guid":{"rendered":"https:\/\/www.tgrthaber.com\/mavikadin\/?p=295748"},"modified":"2026-01-27T17:59:56","modified_gmt":"2026-01-27T14:59:56","slug":"survivor-2026-nefise-karataydan-estetik-itirafi-yuzum-bana-ait-degil","status":"publish","type":"post","link":"https:\/\/www.tgrthaber.com\/mavikadin\/survivor-2026-nefise-karataydan-estetik-itirafi-yuzum-bana-ait-degil\/","title":{"rendered":"Survivor 2026 Nefise Karatay&#8217;dan estetik itiraf\u0131! Y\u00fcz\u00fcm bana ait de\u011fil"},"content":{"rendered":"<p>Nefise Karatay 2 y\u0131l aradan sonra All Star kadrosuyla Survivor 2026&#8217;ya dahil oldu. <a href=\"https:\/\/www.tgrthaber.com\/mavikadin\/survivor-2026-yarismacisi-nefise-karatayin-degisimi-tepkilere-neden-oldu-yuzu-bambaska-biri\/\">Nefise Karatay<\/a>, parkurlarda g\u00f6sterdi\u011fi performans\u0131yla hala haf\u0131zalarda yer edinirken, son g\u00f6r\u00fcnt\u00fcs\u00fcyle g\u00fcndemin adeta merkezine yerle\u015fti. \u00d6zellikle y\u00fcz hatlar\u0131ndaki inan\u0131lmaz de\u011fi\u015fim, Karat fanlar\u0131n\u0131 da ikiye b\u00f6ld\u00fc. T\u00fcm bu geli\u015fmeler sonras\u0131 Survivor 2026 kadrosunda bulunan Nefise Karatay&#8217;dan bir estetik itiraf\u0131 geldi. T\u00fcm detaylar haberimizde&#8230;<\/p>\n<h3>SURV\u0130VOR 2026 NEF\u0130SE KARATAY&#8217;DAN ESTET\u0130K \u0130T\u0130RAFI! Y\u00dcZ\u00dcM BANA A\u0130T DE\u011e\u0130L<\/h3>\n<p>Survivor maceras\u0131yla tan\u0131nan ve ba\u015far\u0131l\u0131 performans\u0131yla ad\u0131ndan s\u00f6z ettiren <a href=\"https:\/\/www.tgrthaber.com\/mavikadin\/survivor-nefise-karatayin-annesi-guner-karatay-mujdeli-haberi-duyurdu-survivor-2026-kadrosunda-nefise-karatay\/\">Nefise Karatay<\/a>, hakk\u0131nda dola\u015fan t\u00fcm s\u00f6ylentilere daha fazla sessiz kalmad\u0131.<\/p>\n<p><img loading=\"lazy\" decoding=\"async\" class=\"alignnone wp-image-295764 size-full\" src=\"https:\/\/www.tgrthaber.com\/mavikadin\/wp-content\/uploads\/2026\/01\/Adsiz-tasarim-8-18-scaled.jpg\" alt=\"\" width=\"2560\" height=\"1440\" title=\"\" srcset=\"https:\/\/www.tgrthaber.com\/mavikadin\/wp-content\/uploads\/2026\/01\/Adsiz-tasarim-8-18-scaled.jpg 2560w, https:\/\/www.tgrthaber.com\/mavikadin\/wp-content\/uploads\/2026\/01\/Adsiz-tasarim-8-18-300x169.jpg 300w, https:\/\/www.tgrthaber.com\/mavikadin\/wp-content\/uploads\/2026\/01\/Adsiz-tasarim-8-18-1024x576.jpg 1024w, https:\/\/www.tgrthaber.com\/mavikadin\/wp-content\/uploads\/2026\/01\/Adsiz-tasarim-8-18-768x432.jpg 768w, https:\/\/www.tgrthaber.com\/mavikadin\/wp-content\/uploads\/2026\/01\/Adsiz-tasarim-8-18-1536x864.jpg 1536w, https:\/\/www.tgrthaber.com\/mavikadin\/wp-content\/uploads\/2026\/01\/Adsiz-tasarim-8-18-2048x1152.jpg 2048w\" sizes=\"(max-width: 2560px) 100vw, 2560px\" \/><\/p>\n<hr \/>\n<p>Estetik iddialar\u0131na net bir a\u00e7\u0131klama getiren Karatay&#8217;\u0131n s\u00f6zleri sosyal medyada geni\u015f yank\u0131 uyand\u0131rd\u0131. Nefise Karatay, y\u00fcz\u00fcnde yap\u0131lan i\u015flemlerin herkesin abartaca\u011f\u0131 kadar bir durum olmad\u0131\u011f\u0131n\u0131 belirtti. Karatay;<\/p>\n<p><img loading=\"lazy\" decoding=\"async\" class=\"alignnone wp-image-295763 size-full\" src=\"https:\/\/www.tgrthaber.com\/mavikadin\/wp-content\/uploads\/2026\/01\/Adsiz-tasarim-9-9-scaled.jpg\" alt=\"\" width=\"2560\" height=\"1440\" title=\"\" srcset=\"https:\/\/www.tgrthaber.com\/mavikadin\/wp-content\/uploads\/2026\/01\/Adsiz-tasarim-9-9-scaled.jpg 2560w, https:\/\/www.tgrthaber.com\/mavikadin\/wp-content\/uploads\/2026\/01\/Adsiz-tasarim-9-9-300x169.jpg 300w, https:\/\/www.tgrthaber.com\/mavikadin\/wp-content\/uploads\/2026\/01\/Adsiz-tasarim-9-9-1024x576.jpg 1024w, https:\/\/www.tgrthaber.com\/mavikadin\/wp-content\/uploads\/2026\/01\/Adsiz-tasarim-9-9-768x432.jpg 768w, https:\/\/www.tgrthaber.com\/mavikadin\/wp-content\/uploads\/2026\/01\/Adsiz-tasarim-9-9-1536x864.jpg 1536w, https:\/\/www.tgrthaber.com\/mavikadin\/wp-content\/uploads\/2026\/01\/Adsiz-tasarim-9-9-2048x1152.jpg 2048w\" sizes=\"(max-width: 2560px) 100vw, 2560px\" \/><\/p>\n<hr \/>\n<p>&#8216;Y\u00fcz\u00fcm bana ait de\u011filmi\u015f gibi yorumlar yap\u0131l\u0131yor. Ancak y\u00fcz\u00fcmde d\u00fc\u015f\u00fcn\u00fcld\u00fc\u011f\u00fc gibi \u00e7ok fazla bir i\u015flem yok. Dudak ve di\u015f esteti\u011fim var. \u00c7eneme de \u00e7ok dokunmak istediler asl\u0131nda. Sa\u00e7\u0131mda da sadece kaynak var. Onun d\u0131\u015f\u0131nda \u00f6yle abart\u0131lacak bir durum yok yani&#8217; diyerek hakk\u0131nda \u00e7\u0131kan bamba\u015fka biri olmu\u015f s\u00f6ylentilerine de bu \u015fekilde cevap vermi\u015f oldu.<\/p>\n<p><img loading=\"lazy\" decoding=\"async\" class=\"alignnone wp-image-295767 \" src=\"https:\/\/www.tgrthaber.com\/mavikadin\/wp-content\/uploads\/2026\/01\/Nefise-Karatay-7-768x432-1.webp\" alt=\"\" width=\"1228\" height=\"691\" title=\"\" srcset=\"https:\/\/www.tgrthaber.com\/mavikadin\/wp-content\/uploads\/2026\/01\/Nefise-Karatay-7-768x432-1.webp 768w, https:\/\/www.tgrthaber.com\/mavikadin\/wp-content\/uploads\/2026\/01\/Nefise-Karatay-7-768x432-1-300x169.webp 300w\" sizes=\"(max-width: 1228px) 100vw, 1228px\" \/><\/p>\n<hr \/>\n<h3>SOSYAL MEDYADA KARATAY DE\u011e\u0130\u015e\u0130M\u0130NE YORUM YA\u011eIYOR<\/h3>\n<p><a href=\"https:\/\/www.tgrthaber.com\/mavikadin\/sampiyon-nefise-karataydan-survivor-2026ya-yesil-isik-nefise-karatay-survivor-2026ya-katilacak-mi\/\">Nefise Karatay<\/a>&#8216;\u0131n Survivor 2026&#8217;ya yeni g\u00f6r\u00fcnt\u00fcs\u00fcyle kat\u0131lmas\u0131 sonras\u0131 sosyal medyada adeta \u00e7alkaland\u0131. Karatay&#8217;\u0131n yeni g\u00f6r\u00fcnt\u00fcs\u00fc yorum ya\u011fmuruna tutuldu. &#8216;Eskisi daha do\u011fald\u0131&#8217;, &#8216;Nefise Karatay de\u011fil ki bu&#8217;, &#8216;G\u00fczelim k\u0131z ne hale gelmi\u015f&#8217;, &#8216;Sadece botoks yok o y\u00fczde baya\u011f\u0131 bir \u015feyler yapt\u0131r\u0131lm\u0131\u015f&#8217;, &#8216;\u00c7ok k\u00f6t\u00fc bozmu\u015f kendini, neden bunu yapt\u0131?&#8217;<\/p>\n<p><img loading=\"lazy\" decoding=\"async\" class=\"alignnone wp-image-295766 size-full\" src=\"https:\/\/www.tgrthaber.com\/mavikadin\/wp-content\/uploads\/2026\/01\/Adsiz-tasarim-6-16-scaled.jpg\" alt=\"\" width=\"2560\" height=\"1440\" title=\"\" srcset=\"https:\/\/www.tgrthaber.com\/mavikadin\/wp-content\/uploads\/2026\/01\/Adsiz-tasarim-6-16-scaled.jpg 2560w, https:\/\/www.tgrthaber.com\/mavikadin\/wp-content\/uploads\/2026\/01\/Adsiz-tasarim-6-16-300x169.jpg 300w, https:\/\/www.tgrthaber.com\/mavikadin\/wp-content\/uploads\/2026\/01\/Adsiz-tasarim-6-16-1024x576.jpg 1024w, https:\/\/www.tgrthaber.com\/mavikadin\/wp-content\/uploads\/2026\/01\/Adsiz-tasarim-6-16-768x432.jpg 768w, https:\/\/www.tgrthaber.com\/mavikadin\/wp-content\/uploads\/2026\/01\/Adsiz-tasarim-6-16-1536x864.jpg 1536w, https:\/\/www.tgrthaber.com\/mavikadin\/wp-content\/uploads\/2026\/01\/Adsiz-tasarim-6-16-2048x1152.jpg 2048w\" sizes=\"(max-width: 2560px) 100vw, 2560px\" \/><\/p>\n<hr \/>\n<p>Nefise Karatay&#8217;\u0131n yeni g\u00f6r\u00fcnt\u00fcs\u00fcnde en \u00e7ok dikkat \u00e7eken detay ise b\u0131y\u0131k detay\u0131 oldu. \u00c7o\u011fu ki\u015fi &#8216;Herhalde botoks yapt\u0131r\u0131rken b\u0131y\u0131k da eklettirmi\u015f&#8217; diyerek, Survivor Karatay&#8217;\u0131n yeni g\u00f6r\u00fcnt\u00fcs\u00fcne ele\u015ftiride bulundu.<\/p>\n<div style=\"width: 640px;\" class=\"wp-video\"><!--[if lt IE 9]><script>document.createElement('video');<\/script><![endif]-->\n<video class=\"wp-video-shortcode\" id=\"video-295748-1\" width=\"640\" height=\"360\" preload=\"metadata\" controls=\"controls\"><source type=\"video\/mp4\" src=\"https:\/\/www.tgrthaber.com\/mavikadin\/wp-content\/uploads\/2026\/01\/get-online-video-cutter.com_.mp4?_=1\" \/><a href=\"https:\/\/www.tgrthaber.com\/mavikadin\/wp-content\/uploads\/2026\/01\/get-online-video-cutter.com_.mp4\">https:\/\/www.tgrthaber.com\/mavikadin\/wp-content\/uploads\/2026\/01\/get-online-video-cutter.com_.mp4<\/a><\/video><\/div>\n<hr \/>\n<h3>NEF\u0130SE KARATAY K\u0130MD\u0130R, KA\u00c7 YA\u015eINDA?<\/h3>\n<p>Survivor ba\u015far\u0131s\u0131yla haf\u0131zalara kaz\u0131nan Nefise Karatay, 25 \u015eubat 2000 do\u011fumludur. Aslen Bal\u0131kesirli olan Nefise Karatay, \u00f6zellikle sporcu kimli\u011fi ile tan\u0131n\u0131yor. Profesyonel olarak atletizm yapan Karatay, \u00f6zellikle ko\u015fu bran\u015f\u0131nda ad\u0131n\u0131 duyuran milli atlettir. Nefise Karatay e\u011fitimini de spor \u00fczerine alm\u0131\u015ft\u0131r.<\/p>\n<p><img loading=\"lazy\" decoding=\"async\" class=\"alignnone wp-image-295768 \" src=\"https:\/\/www.tgrthaber.com\/mavikadin\/wp-content\/uploads\/2026\/01\/Nefise-Karatay-10-1024x576-1.webp\" alt=\"\" width=\"1177\" height=\"662\" title=\"\" srcset=\"https:\/\/www.tgrthaber.com\/mavikadin\/wp-content\/uploads\/2026\/01\/Nefise-Karatay-10-1024x576-1.webp 1024w, https:\/\/www.tgrthaber.com\/mavikadin\/wp-content\/uploads\/2026\/01\/Nefise-Karatay-10-1024x576-1-300x169.webp 300w, https:\/\/www.tgrthaber.com\/mavikadin\/wp-content\/uploads\/2026\/01\/Nefise-Karatay-10-1024x576-1-768x432.webp 768w\" sizes=\"(max-width: 1177px) 100vw, 1177px\" \/><\/p>\n<hr \/>\n<p>Nefise Karatay Survivor 2023 \u015fampiyonu olarak ad\u0131n\u0131 geni\u015f kitlelere duyurmu\u015ftur. \u015eimdi TV8 ekranlar\u0131nda yeni sezonu ba\u015flayan Survivor 2026&#8217;n\u0131n kadrosunda da yer al\u0131yor. Survivor \u00dcnl\u00fcler &#8211; G\u00f6n\u00fcll\u00fcler yar\u0131\u015fmas\u0131na dahil olan Karatay, son zamanlarda y\u00fcz\u00fcndeki de\u011fi\u015fimle g\u00fcndemde yer almaya devam ediyor.<\/p>\n","protected":false},"excerpt":{"rendered":"<p>Survivor&#8217;\u0131n 2023 \u015fampiyonu olarak milyonlar\u0131n dikkatini \u00e7eken Nefise Karatay, Survivor 2026 \u00dcnl\u00fcler &#8211; G\u00f6n\u00fcll\u00fcler kadrosunda yer ald\u0131. Ancak bu defa y\u00fcz\u00fcndeki de\u011fi\u015fimle konu\u015fulmaya ba\u015flanan Karatay son haline dair estetik itiraf\u0131yla g\u00fcndeme geldi. \u0130\u015fte y\u00fcz\u00fcm bana ait de\u011fil diyen Karatay&#8217;dan \u00e7arp\u0131c\u0131 a\u00e7\u0131klamalar&#8230;<\/p>\n","protected":false},"author":35,"featured_media":295750,"comment_status":"closed","ping_status":"closed","sticky":false,"template":"","format":"standard","meta":{"rank_math_lock_modified_date":false,"footnotes":""},"categories":[76],"tags":[133,2218,71564,71565,71400],"class_list":["post-295748","post","type-post","status-publish","format-standard","has-post-thumbnail","hentry","category-magazin","tag-magazin","tag-magazin-haberleri","tag-nefise-karatay-estetik","tag-nefise-karatay-kimdir","tag-survivor-nefise-karatay"],"_links":{"self":[{"href":"https:\/\/www.tgrthaber.com\/mavikadin\/wp-json\/wp\/v2\/posts\/295748"}],"collection":[{"href":"https:\/\/www.tgrthaber.com\/mavikadin\/wp-json\/wp\/v2\/posts"}],"about":[{"href":"https:\/\/www.tgrthaber.com\/mavikadin\/wp-json\/wp\/v2\/types\/post"}],"author":[{"embeddable":true,"href":"https:\/\/www.tgrthaber.com\/mavikadin\/wp-json\/wp\/v2\/users\/35"}],"replies":[{"embeddable":true,"href":"https:\/\/www.tgrthaber.com\/mavikadin\/wp-json\/wp\/v2\/comments?post=295748"}],"version-history":[{"count":2,"href":"https:\/\/www.tgrthaber.com\/mavikadin\/wp-json\/wp\/v2\/posts\/295748\/revisions"}],"predecessor-version":[{"id":295771,"href":"https:\/\/www.tgrthaber.com\/mavikadin\/wp-json\/wp\/v2\/posts\/295748\/revisions\/295771"}],"wp:featuredmedia":[{"embeddable":true,"href":"https:\/\/www.tgrthaber.com\/mavikadin\/wp-json\/wp\/v2\/media\/295750"}],"wp:attachment":[{"href":"https:\/\/www.tgrthaber.com\/mavikadin\/wp-json\/wp\/v2\/media?parent=295748"}],"wp:term":[{"taxonomy":"category","embeddable":true,"href":"https:\/\/www.tgrthaber.com\/mavikadin\/wp-json\/wp\/v2\/categories?post=295748"},{"taxonomy":"post_tag","embeddable":true,"href":"https:\/\/www.tgrthaber.com\/mavikadin\/wp-json\/wp\/v2\/tags?post=295748"}],"curies":[{"name":"wp","href":"https:\/\/api.w.org\/{rel}","templated":true}]}}