{"id":295772,"date":"2026-01-27T18:58:05","date_gmt":"2026-01-27T15:58:05","guid":{"rendered":"https:\/\/www.tgrthaber.com\/mavikadin\/?p=295772"},"modified":"2026-01-27T18:58:29","modified_gmt":"2026-01-27T15:58:29","slug":"yemekteyiz-cemile-kimdir-kac-yasinda-yemekteyiz-erkan-bey-ile-diyalogu-dikkat-cekti","status":"publish","type":"post","link":"https:\/\/www.tgrthaber.com\/mavikadin\/yemekteyiz-cemile-kimdir-kac-yasinda-yemekteyiz-erkan-bey-ile-diyalogu-dikkat-cekti\/","title":{"rendered":"Yemekteyiz Cemile kimdir, ka\u00e7 ya\u015f\u0131nda? Yemekteyiz Erkan Bey ile diyalo\u011fu dikkat \u00e7ekti"},"content":{"rendered":"<p>Zuhal Topal&#8217;la Yemekteyiz TV8 ekranlar\u0131nda hafta i\u00e7i her g\u00fcn 16:00&#8217;da yeni b\u00f6l\u00fcmleriyle yay\u0131nlanmaya devam ediyor. Milyonlar\u0131n takipm etti\u011fi yar\u0131\u015fmada final g\u00fcn\u00fc yar\u0131\u015fan isim ise Cemile Elitop. <a href=\"https:\/\/www.tgrthaber.com\/mavikadin\/yemekteyiz-ogun-ozkanca-kimdir-kac-yasinda-yemekteyiz-ogun-hanim-fit-goruntusuyle-zuhal-topalin-dikkatini-cekti\/\">Yemekteyiz<\/a> 26 &#8211; 30 Ocak haftas\u0131na ba\u015flar ba\u015flamaz Cemile Han\u0131m izleyicilerin radar\u0131na girmeyi ba\u015fard\u0131. Peki Zuhal Topal&#8217;la Yemketeyiz Cemile Elitop kimdir, ya\u015f\u0131 ka\u00e7 ve aslen nereli? Yemekteyiz Cemile Han\u0131m ne i\u015f yap\u0131yor? \u0130\u015fte merak edilenler&#8230;<\/p>\n<h3>YEMEKTEY\u0130Z CEM\u0130LE K\u0130MD\u0130R, KA\u00c7 YA\u015eINDA?<\/h3>\n<p>TV8 ekranlar\u0131n\u0131n vazge\u00e7ilmez yar\u0131\u015fma program\u0131 <a href=\"https:\/\/www.tgrthaber.com\/mavikadin\/yemekteyiz-erkan-kolakan-kimdir-kac-yasinda-yemekteyiz-erkan-bey-meslegi-nedir\/\">Yemekteyiz<\/a> yeni haftas\u0131na ba\u015flad\u0131. Final g\u00fcn\u00fc heyecan\u0131 ya\u015fayan yar\u0131\u015fmac\u0131lar, o g\u00fcn Cemile Han\u0131m&#8217;\u0131n men\u00fcs\u00fcn\u00fc tadacak.<\/p>\n<p><img loading=\"lazy\" decoding=\"async\" class=\"alignnone wp-image-295785 \" src=\"https:\/\/www.tgrthaber.com\/mavikadin\/wp-content\/uploads\/2026\/01\/Ekran-goruntusu-2026-01-27-131138.png\" alt=\"\" width=\"1176\" height=\"645\" title=\"\" srcset=\"https:\/\/www.tgrthaber.com\/mavikadin\/wp-content\/uploads\/2026\/01\/Ekran-goruntusu-2026-01-27-131138.png 992w, https:\/\/www.tgrthaber.com\/mavikadin\/wp-content\/uploads\/2026\/01\/Ekran-goruntusu-2026-01-27-131138-300x165.png 300w, https:\/\/www.tgrthaber.com\/mavikadin\/wp-content\/uploads\/2026\/01\/Ekran-goruntusu-2026-01-27-131138-768x421.png 768w\" sizes=\"(max-width: 1176px) 100vw, 1176px\" \/><\/p>\n<hr \/>\n<p>Arama motorlar\u0131nda &#8216;Yemekteyiz Cemile kimdir, ka\u00e7 ya\u015f\u0131nda?&#8217;, &#8216;Yemekteyiz Cemile Elitop aslen nereli?&#8217; gibi sorular final g\u00fcn\u00fc yakla\u015ft\u0131k\u00e7a daha \u00e7ok ara\u015ft\u0131r\u0131lmaya ba\u015fland\u0131. Yemekteyiz&#8217;de 5. g\u00fcn yar\u0131\u015fan Cemile Han\u0131m programa \u0130stanbul Pendik&#8217;ten kat\u0131l\u0131yor. \u015eu anda 37 ya\u015f\u0131nda olan Cemile Han\u0131m 17 y\u0131ll\u0131k evli ve 3 \u00e7ocu\u011fu var. Ev han\u0131m\u0131 olan Cemile Han\u0131m elinin lezzetine de olduk\u00e7a g\u00fcveniyor. Cemile Elitop aslen K\u0131r\u0131kkalelidir.<\/p>\n<p><img loading=\"lazy\" decoding=\"async\" class=\"alignnone wp-image-295788 size-full\" src=\"https:\/\/www.tgrthaber.com\/mavikadin\/wp-content\/uploads\/2026\/01\/Ekran-goruntusu-2026-01-27-122935.png\" alt=\"\" width=\"1170\" height=\"629\" title=\"\" srcset=\"https:\/\/www.tgrthaber.com\/mavikadin\/wp-content\/uploads\/2026\/01\/Ekran-goruntusu-2026-01-27-122935.png 1170w, https:\/\/www.tgrthaber.com\/mavikadin\/wp-content\/uploads\/2026\/01\/Ekran-goruntusu-2026-01-27-122935-300x161.png 300w, https:\/\/www.tgrthaber.com\/mavikadin\/wp-content\/uploads\/2026\/01\/Ekran-goruntusu-2026-01-27-122935-1024x551.png 1024w, https:\/\/www.tgrthaber.com\/mavikadin\/wp-content\/uploads\/2026\/01\/Ekran-goruntusu-2026-01-27-122935-768x413.png 768w\" sizes=\"(max-width: 1170px) 100vw, 1170px\" \/><\/p>\n<hr \/>\n<h3>ERKAN BEY \u0130LE D\u0130YALO\u011eU D\u0130KKAT \u00c7EKT\u0130!<\/h3>\n<p><a href=\"https:\/\/www.tgrthaber.com\/mavikadin\/zuhal-topalla-yemekteyiz-ramazan-kardas-kimdir-yemekteyizde-38-yasindaki-yarismaciya-gelin-adayi-arandi\/\">Yemekteyiz<\/a>&#8216;in 26 &#8211; 30 Ocak haftas\u0131nda ya\u015fanan gerginlikler ve tart\u0131\u015fmalar sosyal medyan\u0131n yine \u00fcst s\u0131ralar\u0131na yerle\u015fti. Haftan\u0131n en \u00e7ok konu\u015fulan detaylar\u0131ndan biri de hi\u00e7 ku\u015fkusuz Cemile Han\u0131m ve Erkan Bey aras\u0131nda ya\u015fanan gerginlik oldu.<\/p>\n<p><img loading=\"lazy\" decoding=\"async\" class=\"alignnone wp-image-295786 size-full\" src=\"https:\/\/www.tgrthaber.com\/mavikadin\/wp-content\/uploads\/2026\/01\/Ekran-goruntusu-2026-01-27-123341.png\" alt=\"\" width=\"1166\" height=\"640\" title=\"\" srcset=\"https:\/\/www.tgrthaber.com\/mavikadin\/wp-content\/uploads\/2026\/01\/Ekran-goruntusu-2026-01-27-123341.png 1166w, https:\/\/www.tgrthaber.com\/mavikadin\/wp-content\/uploads\/2026\/01\/Ekran-goruntusu-2026-01-27-123341-300x165.png 300w, https:\/\/www.tgrthaber.com\/mavikadin\/wp-content\/uploads\/2026\/01\/Ekran-goruntusu-2026-01-27-123341-1024x562.png 1024w, https:\/\/www.tgrthaber.com\/mavikadin\/wp-content\/uploads\/2026\/01\/Ekran-goruntusu-2026-01-27-123341-768x422.png 768w\" sizes=\"(max-width: 1166px) 100vw, 1166px\" \/><\/p>\n<hr \/>\n<p>Gen\u00e7 yar\u0131\u015fmac\u0131 Erkan Bey&#8217;e &#8216;Evde anne o\u011ful yemek etkinli\u011fi mi yap\u0131yorsunuz&#8217; diyen Cemile Han\u0131m, daha ilk g\u00fcnden Yemekteyiz&#8217;de tansiyonu y\u00fckselmesine neden oldu. Annesi a\u015f\u00e7\u0131 olan Erkan Bey ise jet h\u0131z\u0131yla &#8216;Ben de size teyze mi diyeyim ozaman&#8217; diyerek, Yemekteyiz&#8217;de tatl\u0131 sert bir at\u0131\u015fmay\u0131 ekrana ta\u015f\u0131d\u0131.<\/p>\n<p><img loading=\"lazy\" decoding=\"async\" class=\"alignnone wp-image-295790 size-full\" src=\"https:\/\/www.tgrthaber.com\/mavikadin\/wp-content\/uploads\/2026\/01\/Ekran-goruntusu-2026-01-27-122904.png\" alt=\"\" width=\"1147\" height=\"645\" title=\"\" srcset=\"https:\/\/www.tgrthaber.com\/mavikadin\/wp-content\/uploads\/2026\/01\/Ekran-goruntusu-2026-01-27-122904.png 1147w, https:\/\/www.tgrthaber.com\/mavikadin\/wp-content\/uploads\/2026\/01\/Ekran-goruntusu-2026-01-27-122904-300x169.png 300w, https:\/\/www.tgrthaber.com\/mavikadin\/wp-content\/uploads\/2026\/01\/Ekran-goruntusu-2026-01-27-122904-1024x576.png 1024w, https:\/\/www.tgrthaber.com\/mavikadin\/wp-content\/uploads\/2026\/01\/Ekran-goruntusu-2026-01-27-122904-768x432.png 768w\" sizes=\"(max-width: 1147px) 100vw, 1147px\" \/><\/p>\n<hr \/>\n<h3>F\u0130NAL G\u00dcN\u00dc DENGELER HER AN DE\u011e\u0130\u015eEB\u0130L\u0130R<\/h3>\n<p>Zuhal Topal&#8217;la Yemekteyiz&#8217;de haftan\u0131n final g\u00fcn\u00fc yar\u0131\u015fan Cemile Han\u0131m&#8217;\u0131n nas\u0131l bir performans g\u00f6sterece\u011fi \u015fimdiden merak konusu oldu. T\u00fcm dengelerin her an de\u011fi\u015febilece\u011fi final g\u00fcn\u00fc i\u00e7in \u015fimdiden t\u00fcm g\u00f6zler Cemile&#8217;nin performans\u0131na \u00e7evrilmi\u015f durumda.<\/p>\n<p><img loading=\"lazy\" decoding=\"async\" class=\"alignnone wp-image-295787 size-full\" src=\"https:\/\/www.tgrthaber.com\/mavikadin\/wp-content\/uploads\/2026\/01\/Ekran-goruntusu-2026-01-26-194503-1.png\" alt=\"\" width=\"1913\" height=\"1070\" title=\"\" srcset=\"https:\/\/www.tgrthaber.com\/mavikadin\/wp-content\/uploads\/2026\/01\/Ekran-goruntusu-2026-01-26-194503-1.png 1913w, https:\/\/www.tgrthaber.com\/mavikadin\/wp-content\/uploads\/2026\/01\/Ekran-goruntusu-2026-01-26-194503-1-300x168.png 300w, https:\/\/www.tgrthaber.com\/mavikadin\/wp-content\/uploads\/2026\/01\/Ekran-goruntusu-2026-01-26-194503-1-1024x573.png 1024w, https:\/\/www.tgrthaber.com\/mavikadin\/wp-content\/uploads\/2026\/01\/Ekran-goruntusu-2026-01-26-194503-1-768x430.png 768w, https:\/\/www.tgrthaber.com\/mavikadin\/wp-content\/uploads\/2026\/01\/Ekran-goruntusu-2026-01-26-194503-1-1536x859.png 1536w\" sizes=\"(max-width: 1913px) 100vw, 1913px\" \/><\/p>\n<hr \/>\n<p>\u015eimdi gelin bu hafta Yemekteyiz&#8217;de kimler bug\u00fcne kadar yar\u0131\u015fm\u0131\u015f, g\u00fcn g\u00fcn hangi isimler Yemekteyiz mutfa\u011f\u0131na girdi bir g\u00f6z atal\u0131m&#8230;<\/p>\n<p>Yemekteyiz 1. g\u00fcn yar\u0131\u015fan yar\u0131\u015fmac\u0131s\u0131 Selin Elif Arslan<\/p>\n<p>Yemekteyiz 2. g\u00fcn yar\u0131\u015fan yar\u0131\u015fmac\u0131s\u0131 Ramazan Karda\u015f<\/p>\n<p><img loading=\"lazy\" decoding=\"async\" class=\"alignnone wp-image-295784 size-full\" src=\"https:\/\/www.tgrthaber.com\/mavikadin\/wp-content\/uploads\/2026\/01\/Ekran-goruntusu-2026-01-27-123301.png\" alt=\"\" width=\"1174\" height=\"637\" title=\"\" srcset=\"https:\/\/www.tgrthaber.com\/mavikadin\/wp-content\/uploads\/2026\/01\/Ekran-goruntusu-2026-01-27-123301.png 1174w, https:\/\/www.tgrthaber.com\/mavikadin\/wp-content\/uploads\/2026\/01\/Ekran-goruntusu-2026-01-27-123301-300x163.png 300w, https:\/\/www.tgrthaber.com\/mavikadin\/wp-content\/uploads\/2026\/01\/Ekran-goruntusu-2026-01-27-123301-1024x556.png 1024w, https:\/\/www.tgrthaber.com\/mavikadin\/wp-content\/uploads\/2026\/01\/Ekran-goruntusu-2026-01-27-123301-768x417.png 768w\" sizes=\"(max-width: 1174px) 100vw, 1174px\" \/><\/p>\n<hr \/>\n<p>Yemekteyiz 3. g\u00fcn yar\u0131\u015fan yar\u0131\u015fmac\u0131s\u0131 Erkan Kolakan<\/p>\n<p>Yemekteyiz 4. g\u00fcn yar\u0131\u015fan yar\u0131\u015fmac\u0131s\u0131 Og\u00fcn \u00d6zkanca<\/p>\n<p>Yemekteyiz 5. g\u00fcn yar\u0131\u015fan yar\u0131\u015fmac\u0131s\u0131 Cemile Elitop<\/p>\n","protected":false},"excerpt":{"rendered":"<p>Zuhal Topal&#8217;\u0131n sunumuyla ger\u00e7ekle\u015fen Zuhal Topal&#8217;la Yemekteyiz&#8217;in 5. g\u00fcn\u00fcnde mutfa\u011fa giren isim Cemile Elitop oldu. Cemile Han\u0131m final g\u00fcn\u00fc yar\u0131\u015farak, t\u00fcm dengeleri de\u011fi\u015ftirmeye kararl\u0131. Peki Yemekteyiz Cemile kimdir, ka\u00e7 ya\u015f\u0131nda? Yemekteyiz final g\u00fcn\u00fc yar\u0131\u015fan Cemile Elitop aslen nereli, mesle\u011fi nedir? \u0130\u015fte Yemekteyiz 5. g\u00fcn\u00fc yar\u0131\u015fan Cemile Han\u0131m hakk\u0131nda merak edilen t\u00fcm detaylar&#8230;<\/p>\n","protected":false},"author":35,"featured_media":295780,"comment_status":"closed","ping_status":"closed","sticky":false,"template":"","format":"standard","meta":{"rank_math_lock_modified_date":false,"footnotes":""},"categories":[491],"tags":[3374,71572,71573,71571,17699],"class_list":["post-295772","post","type-post","status-publish","format-standard","has-post-thumbnail","hentry","category-biyografi","tag-biyografi","tag-cemile-elitop","tag-yemekteyiz-cemile-kac-yasinda","tag-yemekteyiz-cemile-kimdir","tag-zuhal-topalla-yemekteyiz"],"_links":{"self":[{"href":"https:\/\/www.tgrthaber.com\/mavikadin\/wp-json\/wp\/v2\/posts\/295772"}],"collection":[{"href":"https:\/\/www.tgrthaber.com\/mavikadin\/wp-json\/wp\/v2\/posts"}],"about":[{"href":"https:\/\/www.tgrthaber.com\/mavikadin\/wp-json\/wp\/v2\/types\/post"}],"author":[{"embeddable":true,"href":"https:\/\/www.tgrthaber.com\/mavikadin\/wp-json\/wp\/v2\/users\/35"}],"replies":[{"embeddable":true,"href":"https:\/\/www.tgrthaber.com\/mavikadin\/wp-json\/wp\/v2\/comments?post=295772"}],"version-history":[{"count":2,"href":"https:\/\/www.tgrthaber.com\/mavikadin\/wp-json\/wp\/v2\/posts\/295772\/revisions"}],"predecessor-version":[{"id":295795,"href":"https:\/\/www.tgrthaber.com\/mavikadin\/wp-json\/wp\/v2\/posts\/295772\/revisions\/295795"}],"wp:featuredmedia":[{"embeddable":true,"href":"https:\/\/www.tgrthaber.com\/mavikadin\/wp-json\/wp\/v2\/media\/295780"}],"wp:attachment":[{"href":"https:\/\/www.tgrthaber.com\/mavikadin\/wp-json\/wp\/v2\/media?parent=295772"}],"wp:term":[{"taxonomy":"category","embeddable":true,"href":"https:\/\/www.tgrthaber.com\/mavikadin\/wp-json\/wp\/v2\/categories?post=295772"},{"taxonomy":"post_tag","embeddable":true,"href":"https:\/\/www.tgrthaber.com\/mavikadin\/wp-json\/wp\/v2\/tags?post=295772"}],"curies":[{"name":"wp","href":"https:\/\/api.w.org\/{rel}","templated":true}]}}