{"id":295773,"date":"2026-01-27T18:24:26","date_gmt":"2026-01-27T15:24:26","guid":{"rendered":"https:\/\/www.tgrthaber.com\/mavikadin\/?p=295773"},"modified":"2026-01-28T00:05:11","modified_gmt":"2026-01-27T21:05:11","slug":"survivorda-takimlar-yeniden-kuruluyor-survivor-2026-kirmizi-ve-mavi-takim-kadrosu","status":"publish","type":"post","link":"https:\/\/www.tgrthaber.com\/mavikadin\/survivorda-takimlar-yeniden-kuruluyor-survivor-2026-kirmizi-ve-mavi-takim-kadrosu\/","title":{"rendered":"Survivor\u2019da tak\u0131mlar yeniden kuruluyor! Survivor 2026 K\u0131rm\u0131z\u0131 ve Mavi tak\u0131m kadrosu"},"content":{"rendered":"<p><a href=\"https:\/\/www.tgrthaber.com\/mavikadin\/survivor-27-ocak-2026-odul-oyununu-hangi-takim-kazandi-survivorda-ceza-odulunu-hangi-takim-aldi\/\">Survivor<\/a> 2026\u2019da dengeleri de\u011fi\u015ftirecek kritik bir s\u00fcre\u00e7 ba\u015fl\u0131yor. \u00dcnl\u00fcler ve G\u00f6n\u00fcll\u00fcler tak\u0131mlar\u0131n\u0131n yeniden \u015fekillenece\u011fi yar\u0131\u015fmada, All Star ekibinin adaya gelmesinden sadece 4 g\u00fcn sonra as\u0131l kadronun kurulaca\u011f\u0131 \u00f6\u011frenildi. Bu ak\u015fam oynanacak Survivor Challenge oyunu, yeni d\u00f6nemin kaderini belirleyecek. M\u00fccadele sonras\u0131 konseyde konu\u015facak olan Acun Il\u0131cal\u0131, Survivor 2026\u2019n\u0131n K\u0131rm\u0131z\u0131 ve Mavi tak\u0131m kadrolar\u0131n\u0131 ilk kez a\u00e7\u0131klayacak. Hangi yar\u0131\u015fmac\u0131 hangi tak\u0131mda yer alacak sorusu \u015fimdiden b\u00fcy\u00fck merak uyand\u0131r\u0131rken, \u00dcnl\u00fcler ve G\u00f6n\u00fcll\u00fcler aras\u0131ndaki g\u00fc\u00e7 dengelerinin tamamen de\u011fi\u015fmesi bekleniyor. Peki, Suvivor 2026 k\u0131rm\u0131z\u0131 ve mavi tak\u0131m kadrosunda kimler var? Survivor 2026 \u00dcnl\u00fcler G\u00f6n\u00fcll\u00fcler tak\u0131m\u0131nda kimler yer alacak?<\/p>\n<h3>SURV\u0130VOR 2026\u2019DA YEN\u0130 D\u00d6NEM<\/h3>\n<p>Survivor 2026 \u00dcnl\u00fcler G\u00f6n\u00fcll\u00fcler yar\u0131\u015fmas\u0131nda yeni bir d\u00f6nem ba\u015fl\u0131yor. All Star ekibinin gelmesiyle beraber, \u00dcnl\u00fcler G\u00f6n\u00fcll\u00fcler kadrosu yeniden olu\u015fturulacak. Survivor yar\u0131\u015fmas\u0131na damga vuran isimlerinin yeniden oyuna dahil olmas\u0131yla heyecan ikiye katland\u0131. Acun Il\u0131cal\u0131\u2019n\u0131n Ada Konseyinde a\u00e7\u0131klayaca\u011f\u0131 yeni kadro merak edilmeye ba\u015fland\u0131. Peki, Suvivor 2026 k\u0131rm\u0131z\u0131 ve mavi tak\u0131m kadrosunda kimler var?<\/p>\n<p><img loading=\"lazy\" decoding=\"async\" class=\"alignnone wp-image-295774 size-full\" src=\"https:\/\/www.tgrthaber.com\/mavikadin\/wp-content\/uploads\/2026\/01\/Suvivor-2026-kirmizi-ve-mavi-takim-kadrosunda-kimler-var.jpg\" alt=\"\" width=\"1208\" height=\"680\" title=\"\" srcset=\"https:\/\/www.tgrthaber.com\/mavikadin\/wp-content\/uploads\/2026\/01\/Suvivor-2026-kirmizi-ve-mavi-takim-kadrosunda-kimler-var.jpg 1208w, https:\/\/www.tgrthaber.com\/mavikadin\/wp-content\/uploads\/2026\/01\/Suvivor-2026-kirmizi-ve-mavi-takim-kadrosunda-kimler-var-300x169.jpg 300w, https:\/\/www.tgrthaber.com\/mavikadin\/wp-content\/uploads\/2026\/01\/Suvivor-2026-kirmizi-ve-mavi-takim-kadrosunda-kimler-var-1024x576.jpg 1024w, https:\/\/www.tgrthaber.com\/mavikadin\/wp-content\/uploads\/2026\/01\/Suvivor-2026-kirmizi-ve-mavi-takim-kadrosunda-kimler-var-768x432.jpg 768w\" sizes=\"(max-width: 1208px) 100vw, 1208px\" \/><\/p>\n<hr \/>\n<h3>SURV\u0130VOR 2026 \u00dcNL\u00dcLER G\u00d6N\u00dcLL\u00dcLER TAKIMINDA K\u0130MLER YER ALACAK?<\/h3>\n<p>\u0130zleyicilerin her ak\u015fam ekran ba\u015f\u0131nda b\u00fcy\u00fck heyecanla izledi\u011fi Survivor 2026 \u00dcnl\u00fcler G\u00f6n\u00fcll\u00fcler yar\u0131\u015fmas\u0131nda oyun kartlar\u0131 yeniden da\u011f\u0131t\u0131l\u0131yor. Yeni yar\u0131\u015fmac\u0131lar ve eski yar\u0131\u015fmac\u0131lar\u0131n birlikte yer alaca\u011f\u0131 kadrolarla g\u00fc\u00e7 dengesinde de\u011fi\u015fimler ya\u015fanabilir. 27 Ocak ak\u015fam\u0131 yay\u0131nlanan b\u00f6l\u00fcmde yeni tak\u0131mlar belli olacak. Gecenin sonunda bamba\u015fka bir Survivor 2026 ya\u015fanacak. Survivor 2026 K\u0131rm\u0131z\u0131 ve Mavi tak\u0131m kadrosu:<\/p>\n<p><strong>Survivor 2026 K\u0131rm\u0131z\u0131 tak\u0131m kadrosu\u00a0<\/strong><\/p>\n<ul>\n<li>Bayhan G\u00fcrhan<\/li>\n<li>Deniz \u00c7atalba\u015f<\/li>\n<li>Nagihan Karadere<\/li>\n<li>Sercan Y\u0131ld\u0131r\u0131m<\/li>\n<li>Mert Nobre<\/li>\n<li>Meryem Boz<\/li>\n<li>Murat Ark\u0131n<\/li>\n<li>Seren Ay \u00c7etin<\/li>\n<li>Serhan Onat<\/li>\n<li>B\u00fc\u015fra Yal\u00e7\u0131n<\/li>\n<li>Can Berkay Ertemiz<\/li>\n<li>Seda Albayrak<\/li>\n<li>Do\u011fu\u015f<\/li>\n<\/ul>\n<p><strong>Survivor 2026 Mavi tak\u0131m kadrosu\u00a0<\/strong><\/p>\n<ul>\n<li>Ramazan Sar\u0131<\/li>\n<li>Beyza Gemici<\/li>\n<li>Engincan Tura<\/li>\n<li>Eren Semerci<\/li>\n<li>G\u00f6zde Bozkurt<\/li>\n<li>Lina Hourieh<\/li>\n<li>Nisanur G\u00fcler<\/li>\n<li>Onur Alp \u00c7am<\/li>\n<li>Nefise Karatay<\/li>\n<li>Bar\u0131\u015f Murat Ya\u011fc\u0131<\/li>\n<li>Osman Can Ural<\/li>\n<li>Tu\u011f\u00e7e Melis Demir<\/li>\n<\/ul>\n<p><img loading=\"lazy\" decoding=\"async\" class=\"alignnone wp-image-295775 size-full\" src=\"https:\/\/www.tgrthaber.com\/mavikadin\/wp-content\/uploads\/2026\/01\/Suvivor-2026-kirmizi-ve-mavi-takim-kadrosunda-kimler-var-2.jpg\" alt=\"\" width=\"1208\" height=\"680\" title=\"\" srcset=\"https:\/\/www.tgrthaber.com\/mavikadin\/wp-content\/uploads\/2026\/01\/Suvivor-2026-kirmizi-ve-mavi-takim-kadrosunda-kimler-var-2.jpg 1208w, https:\/\/www.tgrthaber.com\/mavikadin\/wp-content\/uploads\/2026\/01\/Suvivor-2026-kirmizi-ve-mavi-takim-kadrosunda-kimler-var-2-300x169.jpg 300w, https:\/\/www.tgrthaber.com\/mavikadin\/wp-content\/uploads\/2026\/01\/Suvivor-2026-kirmizi-ve-mavi-takim-kadrosunda-kimler-var-2-1024x576.jpg 1024w, https:\/\/www.tgrthaber.com\/mavikadin\/wp-content\/uploads\/2026\/01\/Suvivor-2026-kirmizi-ve-mavi-takim-kadrosunda-kimler-var-2-768x432.jpg 768w\" sizes=\"(max-width: 1208px) 100vw, 1208px\" \/><\/p>\n<hr \/>\n<h3>SURV\u0130VOR 2026 \u00dcNL\u00dcLER VE G\u00d6N\u00dcLL\u00dcLER KADROSU<\/h3>\n<p><strong>\u00dcnl\u00fcler Tak\u0131m\u0131 kadrosu<\/strong><\/p>\n<ul>\n<li>Bayhan G\u00fcrhan<\/li>\n<li>Deniz \u00c7atalba\u015f<\/li>\n<li>Dilan \u00c7\u0131tak (elendi)<\/li>\n<li>Keremcem D\u00fcr\u00fck ( elendi)<\/li>\n<li>Mert Nobre<\/li>\n<li>Meryem Boz<\/li>\n<li>Murat Ark\u0131n<\/li>\n<li>Selen G\u00f6rg\u00fczel (elendi)<\/li>\n<li>Seren Ay \u00c7etin<\/li>\n<li>Serhan Onat<\/li>\n<\/ul>\n<p><strong>\u00dcnl\u00fcler tak\u0131m\u0131na yedeklerden gelen adaylar<\/strong><\/p>\n<ul>\n<li>Can Berkay Ertemiz<\/li>\n<li>Seda Albayrak<\/li>\n<\/ul>\n<p><img loading=\"lazy\" decoding=\"async\" class=\"alignnone wp-image-295776 size-full\" src=\"https:\/\/www.tgrthaber.com\/mavikadin\/wp-content\/uploads\/2026\/01\/Adsiz-tasarim-8-19.jpg\" alt=\"\" width=\"1208\" height=\"680\" title=\"\" srcset=\"https:\/\/www.tgrthaber.com\/mavikadin\/wp-content\/uploads\/2026\/01\/Adsiz-tasarim-8-19.jpg 1208w, https:\/\/www.tgrthaber.com\/mavikadin\/wp-content\/uploads\/2026\/01\/Adsiz-tasarim-8-19-300x169.jpg 300w, https:\/\/www.tgrthaber.com\/mavikadin\/wp-content\/uploads\/2026\/01\/Adsiz-tasarim-8-19-1024x576.jpg 1024w, https:\/\/www.tgrthaber.com\/mavikadin\/wp-content\/uploads\/2026\/01\/Adsiz-tasarim-8-19-768x432.jpg 768w\" sizes=\"(max-width: 1208px) 100vw, 1208px\" \/><\/p>\n<hr \/>\n<p><strong>G\u00f6n\u00fcll\u00fcler tak\u0131m\u0131 kadrosu<\/strong><\/p>\n<ul>\n<li>Ramazan Sar\u0131<\/li>\n<li>Beyza Gemici<\/li>\n<li>Engincan Tura<\/li>\n<li>Eren Semerci<\/li>\n<li>Erkan Bilben (elendi)<\/li>\n<li>G\u00f6zde Bozkurt<\/li>\n<li>Lina Hourieh<\/li>\n<li>Nisanur G\u00fcler<\/li>\n<li>Onur Alp \u00c7am<\/li>\n<\/ul>\n<p><img loading=\"lazy\" decoding=\"async\" class=\"alignnone wp-image-295751 size-full\" src=\"https:\/\/www.tgrthaber.com\/mavikadin\/wp-content\/uploads\/2026\/01\/SURVIVOR-2026-UNLULER-VE-GONULLULER-KADROSU-5.jpg\" alt=\"\" width=\"1208\" height=\"680\" title=\"\" srcset=\"https:\/\/www.tgrthaber.com\/mavikadin\/wp-content\/uploads\/2026\/01\/SURVIVOR-2026-UNLULER-VE-GONULLULER-KADROSU-5.jpg 1208w, https:\/\/www.tgrthaber.com\/mavikadin\/wp-content\/uploads\/2026\/01\/SURVIVOR-2026-UNLULER-VE-GONULLULER-KADROSU-5-300x169.jpg 300w, https:\/\/www.tgrthaber.com\/mavikadin\/wp-content\/uploads\/2026\/01\/SURVIVOR-2026-UNLULER-VE-GONULLULER-KADROSU-5-1024x576.jpg 1024w, https:\/\/www.tgrthaber.com\/mavikadin\/wp-content\/uploads\/2026\/01\/SURVIVOR-2026-UNLULER-VE-GONULLULER-KADROSU-5-768x432.jpg 768w\" sizes=\"(max-width: 1208px) 100vw, 1208px\" \/><\/p>\n<hr \/>\n<p><strong>Sar\u0131 tak\u0131m kadrosu\u00a0<\/strong><\/p>\n<ul>\n<li>Nagihan Karadere<\/li>\n<li>Bar\u0131\u015f Murat Ya\u011fc\u0131<\/li>\n<li>Sercan Y\u0131ld\u0131r\u0131m<\/li>\n<li>Tu\u011f\u00e7e Melis Demir<\/li>\n<li>B\u00fc\u015fra Yal\u00e7\u0131n<\/li>\n<li>Osman Can<\/li>\n<li>Nefise Karatay<\/li>\n<li>Do\u011fu\u015f<\/li>\n<\/ul>\n<p><img loading=\"lazy\" decoding=\"async\" class=\"alignnone wp-image-295749 size-full\" src=\"https:\/\/www.tgrthaber.com\/mavikadin\/wp-content\/uploads\/2026\/01\/Adsiz-tasarim-103.jpg\" alt=\"\" width=\"1208\" height=\"680\" title=\"\" srcset=\"https:\/\/www.tgrthaber.com\/mavikadin\/wp-content\/uploads\/2026\/01\/Adsiz-tasarim-103.jpg 1208w, https:\/\/www.tgrthaber.com\/mavikadin\/wp-content\/uploads\/2026\/01\/Adsiz-tasarim-103-300x169.jpg 300w, https:\/\/www.tgrthaber.com\/mavikadin\/wp-content\/uploads\/2026\/01\/Adsiz-tasarim-103-1024x576.jpg 1024w, https:\/\/www.tgrthaber.com\/mavikadin\/wp-content\/uploads\/2026\/01\/Adsiz-tasarim-103-768x432.jpg 768w\" sizes=\"(max-width: 1208px) 100vw, 1208px\" \/><\/p>\n<hr \/>\n<h3>SURV\u0130VOR 2026\u2019YA VEDE EDEN YARI\u015eMACILAR<\/h3>\n<ul>\n<li>Dilan \u00c7\u0131tak<\/li>\n<li>Keremcem D\u00fcr\u00fck<\/li>\n<li>Selen G\u00f6rg\u00fczel<\/li>\n<li>Erkan Bilben<\/li>\n<\/ul>\n","protected":false},"excerpt":{"rendered":"<p>Survivor 2026 \u00dcnl\u00fcler G\u00f6n\u00fcll\u00fcler kadrosu yeniden olu\u015fturuluyor. All Star tak\u0131m\u0131n\u0131n gelmedikten 4 g\u00fcn sonra as\u0131l kadro kurulmaya ba\u015flanacak. Bu ak\u015fam oynanacak Survivor Challenge oyunundan sonra Acun Il\u0131cal\u0131 Survivor 2026\u2019\u0131n yeni kadrosunu a\u00e7\u0131klayacak. Peki, Suvivor 2026 k\u0131rm\u0131z\u0131 ve mavi tak\u0131m kadrosunda kimler var? Survivor 2026 \u00dcnl\u00fcler G\u00f6n\u00fcll\u00fcler tak\u0131m\u0131nda kimler yer alacak? <\/p>\n","protected":false},"author":10,"featured_media":295777,"comment_status":"closed","ping_status":"closed","sticky":false,"template":"","format":"standard","meta":{"rank_math_lock_modified_date":false,"footnotes":""},"categories":[76],"tags":[133,71568,2366,63785,71567,71566],"class_list":["post-295773","post","type-post","status-publish","format-standard","has-post-thumbnail","hentry","category-magazin","tag-magazin","tag-magazin-haber-i","tag-survivor","tag-survivor-2026","tag-survivor-2026-kirmizi-ve-mavi-takim-kadrosu","tag-survivor-2026-unluler-gonulluler-takimi"],"_links":{"self":[{"href":"https:\/\/www.tgrthaber.com\/mavikadin\/wp-json\/wp\/v2\/posts\/295773"}],"collection":[{"href":"https:\/\/www.tgrthaber.com\/mavikadin\/wp-json\/wp\/v2\/posts"}],"about":[{"href":"https:\/\/www.tgrthaber.com\/mavikadin\/wp-json\/wp\/v2\/types\/post"}],"author":[{"embeddable":true,"href":"https:\/\/www.tgrthaber.com\/mavikadin\/wp-json\/wp\/v2\/users\/10"}],"replies":[{"embeddable":true,"href":"https:\/\/www.tgrthaber.com\/mavikadin\/wp-json\/wp\/v2\/comments?post=295773"}],"version-history":[{"count":9,"href":"https:\/\/www.tgrthaber.com\/mavikadin\/wp-json\/wp\/v2\/posts\/295773\/revisions"}],"predecessor-version":[{"id":295802,"href":"https:\/\/www.tgrthaber.com\/mavikadin\/wp-json\/wp\/v2\/posts\/295773\/revisions\/295802"}],"wp:featuredmedia":[{"embeddable":true,"href":"https:\/\/www.tgrthaber.com\/mavikadin\/wp-json\/wp\/v2\/media\/295777"}],"wp:attachment":[{"href":"https:\/\/www.tgrthaber.com\/mavikadin\/wp-json\/wp\/v2\/media?parent=295773"}],"wp:term":[{"taxonomy":"category","embeddable":true,"href":"https:\/\/www.tgrthaber.com\/mavikadin\/wp-json\/wp\/v2\/categories?post=295773"},{"taxonomy":"post_tag","embeddable":true,"href":"https:\/\/www.tgrthaber.com\/mavikadin\/wp-json\/wp\/v2\/tags?post=295773"}],"curies":[{"name":"wp","href":"https:\/\/api.w.org\/{rel}","templated":true}]}}