{"id":295779,"date":"2026-01-27T18:53:41","date_gmt":"2026-01-27T15:53:41","guid":{"rendered":"https:\/\/www.tgrthaber.com\/mavikadin\/?p=295779"},"modified":"2026-01-27T18:53:42","modified_gmt":"2026-01-27T15:53:42","slug":"gullunun-oglu-tugberk-yagiz-gulterin-yasakli-madde-testi-sonuclandi-tugberk-yagizdan-aciklama","status":"publish","type":"post","link":"https:\/\/www.tgrthaber.com\/mavikadin\/gullunun-oglu-tugberk-yagiz-gulterin-yasakli-madde-testi-sonuclandi-tugberk-yagizdan-aciklama\/","title":{"rendered":"G\u00fcll\u00fc\u2019n\u00fcn o\u011flu Tu\u011fberk Ya\u011f\u0131z G\u00fclter\u2019in yasakl\u0131 madde testi sonu\u00e7land\u0131! Tu\u011fberk Ya\u011f\u0131z\u2019dan a\u00e7\u0131klama"},"content":{"rendered":"<p><a href=\"https:\/\/www.tgrthaber.com\/mavikadin\/gullunun-oglu-tugberk-yagiz-gulterden-carpici-aciklama-annemin-hayatini-babam-mahvetti\/\">G\u00fcll\u00fc<\/a>\u2019n\u00fcn o\u011flu Tu\u011fberk Ya\u011f\u0131z G\u00fclter\u2019in ad\u0131 yasakl\u0131 madde iddialar\u0131yla g\u00fcndeme gelmi\u015fti. Konuyla ilgili merakla beklenen test sonu\u00e7lar\u0131 a\u00e7\u0131kland\u0131. Son g\u00fcnlerde magazin g\u00fcndeminin ilk s\u0131ralar\u0131nda yer alan olay, kamuoyunda geni\u015f yank\u0131 uyand\u0131rm\u0131\u015ft\u0131. \u0130ddialar\u0131n ard\u0131ndan ba\u015flat\u0131lan resmi test s\u00fcreci tamamlan\u0131rken, ortaya \u00e7\u0131kan sonu\u00e7lar tart\u0131\u015fmalar\u0131 farkl\u0131 bir boyuta ta\u015f\u0131d\u0131. Test sonucunun netle\u015fmesiyle birlikte hem G\u00fclter cephesinden gelecek a\u00e7\u0131klamalar hem de s\u00fcrecin hukuki boyutu merak konusu oldu.<\/p>\n<h3>G\u00dcLL\u00dc\u2019N\u00dcN O\u011eLU TU\u011eBERK\u2019\u0130N TEST SONUCU NEGAT\u0130F<\/h3>\n<p>26 Eyl\u00fcl 2025 g\u00fcn\u00fc hayat\u0131n\u0131 kaybeden sanat\u00e7\u0131 <a href=\"https:\/\/www.tgrthaber.com\/mavikadin\/gullunun-olmeden-once-yardim-istedigi-ortaya-cikti-yapimci-sahin-ozerden-carpici-aciklamalar\/\">G\u00fcll\u00fc<\/a>&#8216;n\u00fcn o\u011flu Tu\u011fberk Ya\u011f\u0131z G\u00fclter, hakk\u0131nda ortaya at\u0131lan &#8216;yasakl\u0131 madde kullan\u0131m\u0131&#8217; iddialar\u0131na ili\u015fkin test yapt\u0131rm\u0131\u015ft\u0131. Tu\u011fberk Ya\u011f\u0131z G\u00fclter, sosyal medya \u00fczerinden yapt\u0131\u011f\u0131 payla\u015f\u0131mla yasakl\u0131 madde taramas\u0131n\u0131n negatif \u00e7\u0131kt\u0131\u011f\u0131n\u0131 a\u00e7\u0131klad\u0131.<\/p>\n<p><img loading=\"lazy\" decoding=\"async\" class=\"alignnone wp-image-295782 size-full\" src=\"https:\/\/www.tgrthaber.com\/mavikadin\/wp-content\/uploads\/2026\/01\/Gullunun-oglu-Tugberk-Yagiz-Gulterin-yasakli-madde-testi-sonuclandi.jpg\" alt=\"\" width=\"1208\" height=\"680\" title=\"\" srcset=\"https:\/\/www.tgrthaber.com\/mavikadin\/wp-content\/uploads\/2026\/01\/Gullunun-oglu-Tugberk-Yagiz-Gulterin-yasakli-madde-testi-sonuclandi.jpg 1208w, https:\/\/www.tgrthaber.com\/mavikadin\/wp-content\/uploads\/2026\/01\/Gullunun-oglu-Tugberk-Yagiz-Gulterin-yasakli-madde-testi-sonuclandi-300x169.jpg 300w, https:\/\/www.tgrthaber.com\/mavikadin\/wp-content\/uploads\/2026\/01\/Gullunun-oglu-Tugberk-Yagiz-Gulterin-yasakli-madde-testi-sonuclandi-1024x576.jpg 1024w, https:\/\/www.tgrthaber.com\/mavikadin\/wp-content\/uploads\/2026\/01\/Gullunun-oglu-Tugberk-Yagiz-Gulterin-yasakli-madde-testi-sonuclandi-768x432.jpg 768w\" sizes=\"(max-width: 1208px) 100vw, 1208px\" \/><\/p>\n<hr \/>\n<h3>G\u00dcLL\u00dc\u2019N\u00dcN O\u011eLU TU\u011eBERK\u2019TEN A\u00c7IKLAMA<\/h3>\n<p>Merhum \u015fark\u0131c\u0131 G\u00fcll\u00fc\u2019n\u00fcn o\u011flu Tu\u011fberk Ya\u011f\u0131z G\u00fclter\u2019in avukat\u0131 arac\u0131l\u0131\u011f\u0131yla sosyal medyas\u0131nda yay\u0131nlad\u0131\u011f\u0131 manifeste, bildirdi.<\/p>\n<p><img loading=\"lazy\" decoding=\"async\" class=\"alignnone wp-image-295781 size-full\" src=\"https:\/\/www.tgrthaber.com\/mavikadin\/wp-content\/uploads\/2026\/01\/gullu^nun-oglu-Tugberk^ten-yasakli-madde-aciklamasi.jpg\" alt=\"\" width=\"1208\" height=\"680\" title=\"\" srcset=\"https:\/\/www.tgrthaber.com\/mavikadin\/wp-content\/uploads\/2026\/01\/gullu^nun-oglu-Tugberk^ten-yasakli-madde-aciklamasi.jpg 1208w, https:\/\/www.tgrthaber.com\/mavikadin\/wp-content\/uploads\/2026\/01\/gullu^nun-oglu-Tugberk^ten-yasakli-madde-aciklamasi-300x169.jpg 300w, https:\/\/www.tgrthaber.com\/mavikadin\/wp-content\/uploads\/2026\/01\/gullu^nun-oglu-Tugberk^ten-yasakli-madde-aciklamasi-1024x576.jpg 1024w, https:\/\/www.tgrthaber.com\/mavikadin\/wp-content\/uploads\/2026\/01\/gullu^nun-oglu-Tugberk^ten-yasakli-madde-aciklamasi-768x432.jpg 768w\" sizes=\"(max-width: 1208px) 100vw, 1208px\" \/><\/p>\n<hr \/>\n<p>\u201c20 Aral\u0131k 2025 tarihinde, m\u00fcvekkilim Tu\u011fberk Ya\u011f\u0131z Hamza G\u00fclter ve k\u0131ymetli ailesine y\u00f6nelik ger\u00e7ekle\u015ftirilen, hi\u00e7bir mesnedi bulunmayan ve vicdan s\u0131n\u0131rlar\u0131n\u0131 zorlayan as\u0131ls\u0131z ihbarlar neticesinde i\u015fbu a\u00e7\u0131klaman\u0131n yap\u0131lmas\u0131 zarureti has\u0131l olmu\u015ftur. S\u00f6z konusu tarihte, emniyet te\u015fkilat\u0131m\u0131za ula\u015ft\u0131r\u0131lan karanl\u0131k bir elin \u00fcr\u00fcn\u00fc olan iddialarda; m\u00fcvekkilimin ve yak\u0131nlar\u0131n\u0131n gayriahlaki ve yasad\u0131\u015f\u0131 maddeler kulland\u0131\u011f\u0131, bunlar\u0131 ikametgahlar\u0131nda depolad\u0131klar\u0131, hatta daha da elim bir iftira ile merhume anneleri G\u00fcl Tut&#8217;un aziz hat\u0131ras\u0131na ve miras b\u0131rakt\u0131\u011f\u0131 de\u011ferlere dil uzat\u0131larak, bu ac\u0131 kayb\u0131n ard\u0131nda \u015f\u00fcphe uyand\u0131r\u0131lmaya \u00e7al\u0131\u015f\u0131ld\u0131\u011f\u0131 esefle m\u00fc\u015fahede edilmi\u015ftir.\u201d<\/p>\n<p><img loading=\"lazy\" decoding=\"async\" class=\"alignnone wp-image-295783 size-full\" src=\"https:\/\/www.tgrthaber.com\/mavikadin\/wp-content\/uploads\/2026\/01\/Adsiz-tasarim-5-15.jpg\" alt=\"\" width=\"1208\" height=\"680\" title=\"\" srcset=\"https:\/\/www.tgrthaber.com\/mavikadin\/wp-content\/uploads\/2026\/01\/Adsiz-tasarim-5-15.jpg 1208w, https:\/\/www.tgrthaber.com\/mavikadin\/wp-content\/uploads\/2026\/01\/Adsiz-tasarim-5-15-300x169.jpg 300w, https:\/\/www.tgrthaber.com\/mavikadin\/wp-content\/uploads\/2026\/01\/Adsiz-tasarim-5-15-1024x576.jpg 1024w, https:\/\/www.tgrthaber.com\/mavikadin\/wp-content\/uploads\/2026\/01\/Adsiz-tasarim-5-15-768x432.jpg 768w\" sizes=\"(max-width: 1208px) 100vw, 1208px\" \/><\/p>\n<hr \/>\n<p>\u201cAdli makamlarca titizlikle y\u00fcr\u00fct\u00fclen tahkikat ve m\u00fcvekkilimin hanesinde ger\u00e7ekle\u015ftirilen kapsaml\u0131 arama neticesinde: Herhangi bir su\u00e7 unsuruna veya yasakl\u0131 maddeye rastlanmam\u0131\u015f, M\u00fcvekkilime uygulanan ilk biyolojik tetkik ve testlerin neticeleri &#8216;Negatif&#8217; \u00e7\u0131karak iddialar\u0131n as\u0131ls\u0131zl\u0131\u011f\u0131 bilimsel olarak tescillenmi\u015f, Merhume G\u00fcl Tut&#8217;un vefat\u0131 \u00fczerinden kurgulanan menfur senaryolar\u0131n, yaln\u0131zca bir ailenin yas\u0131n\u0131 kirletmeye y\u00f6nelik beyhude bir \u00e7abadan ibaret oldu\u011fu g\u00fcn y\u00fcz\u00fcne \u00e7\u0131km\u0131\u015ft\u0131r. \u0130lgililerin tespiti y\u00f6n\u00fcnde \u00e7al\u0131\u015fmalar ba\u015flat\u0131lm\u0131\u015f olup gerekli hukuki giri\u015fimler ba\u015flat\u0131lm\u0131\u015ft\u0131r.\u201d<\/p>\n","protected":false},"excerpt":{"rendered":"<p>Yalova \u00c7\u0131narc\u0131k\u2019ta 6 kattan d\u00fc\u015ferek ya\u015fama veda eden merhum \u015fark\u0131c\u0131 G\u00fcll\u00fc\u2019n\u00fcn o\u011flu Tu\u011fberk Ya\u011f\u0131z G\u00fclter\u2019in yasakl\u0131 madde iddialar\u0131nda kritik geli\u015fme ya\u015fand\u0131. Kamuoyunda geni\u015f yank\u0131 uyand\u0131ran olay\u0131n ard\u0131ndan yap\u0131lan testlerin sonu\u00e7lar\u0131 netle\u015fti. Test s\u00fcrecinin tamamlanmas\u0131yla birlikte iddialar\u0131n seyri de\u011fi\u015firken, g\u00f6zler hukuki s\u00fcrecin nas\u0131l ilerleyece\u011fine \u00e7evrildi. <\/p>\n","protected":false},"author":10,"featured_media":295791,"comment_status":"closed","ping_status":"closed","sticky":false,"template":"","format":"standard","meta":{"rank_math_lock_modified_date":false,"footnotes":""},"categories":[76],"tags":[1424,71569,133,71570],"class_list":["post-295779","post","type-post","status-publish","format-standard","has-post-thumbnail","hentry","category-magazin","tag-gullu","tag-gullunun-oglu-tugberk","tag-magazin","tag-mazagin-haberi"],"_links":{"self":[{"href":"https:\/\/www.tgrthaber.com\/mavikadin\/wp-json\/wp\/v2\/posts\/295779"}],"collection":[{"href":"https:\/\/www.tgrthaber.com\/mavikadin\/wp-json\/wp\/v2\/posts"}],"about":[{"href":"https:\/\/www.tgrthaber.com\/mavikadin\/wp-json\/wp\/v2\/types\/post"}],"author":[{"embeddable":true,"href":"https:\/\/www.tgrthaber.com\/mavikadin\/wp-json\/wp\/v2\/users\/10"}],"replies":[{"embeddable":true,"href":"https:\/\/www.tgrthaber.com\/mavikadin\/wp-json\/wp\/v2\/comments?post=295779"}],"version-history":[{"count":2,"href":"https:\/\/www.tgrthaber.com\/mavikadin\/wp-json\/wp\/v2\/posts\/295779\/revisions"}],"predecessor-version":[{"id":295793,"href":"https:\/\/www.tgrthaber.com\/mavikadin\/wp-json\/wp\/v2\/posts\/295779\/revisions\/295793"}],"wp:featuredmedia":[{"embeddable":true,"href":"https:\/\/www.tgrthaber.com\/mavikadin\/wp-json\/wp\/v2\/media\/295791"}],"wp:attachment":[{"href":"https:\/\/www.tgrthaber.com\/mavikadin\/wp-json\/wp\/v2\/media?parent=295779"}],"wp:term":[{"taxonomy":"category","embeddable":true,"href":"https:\/\/www.tgrthaber.com\/mavikadin\/wp-json\/wp\/v2\/categories?post=295779"},{"taxonomy":"post_tag","embeddable":true,"href":"https:\/\/www.tgrthaber.com\/mavikadin\/wp-json\/wp\/v2\/tags?post=295779"}],"curies":[{"name":"wp","href":"https:\/\/api.w.org\/{rel}","templated":true}]}}