{"id":295804,"date":"2026-01-27T20:53:34","date_gmt":"2026-01-27T17:53:34","guid":{"rendered":"https:\/\/www.tgrthaber.com\/mavikadin\/?p=295804"},"modified":"2026-01-27T20:55:48","modified_gmt":"2026-01-27T17:55:48","slug":"survivor-izleyicisi-acun-ilicaliya-tepkili-sosyal-medyada-elestiriler-cig-gibi-buyuyor","status":"publish","type":"post","link":"https:\/\/www.tgrthaber.com\/mavikadin\/survivor-izleyicisi-acun-ilicaliya-tepkili-sosyal-medyada-elestiriler-cig-gibi-buyuyor\/","title":{"rendered":"Survivor izleyicisi Acun Il\u0131cal\u0131\u2019ya tepkili! Sosyal medyada ele\u015ftiriler \u00e7\u0131\u011f gibi b\u00fcy\u00fcyor!"},"content":{"rendered":"<p><a href=\"https:\/\/www.tgrthaber.com\/mavikadin\/survivor-27-ocak-2026-odul-oyununu-hangi-takim-kazandi-survivorda-ceza-odulunu-hangi-takim-aldi\/\">Survivor<\/a> 2026 \u00dcnl\u00fcler G\u00f6n\u00fcll\u00fcler yar\u0131\u015fmas\u0131 All Star yar\u0131\u015fmac\u0131lar\u0131n gelmesiyle tart\u0131\u015fmalar\u0131n merkezine oturdu. Eski Survivor yar\u0131\u015fmac\u0131lar\u0131n\u0131n yeniden kadroya dahil edilmesi, izleyiciler aras\u0131nda b\u00fcy\u00fck rahats\u0131zl\u0131k olu\u015fturdu. Sosyal medya platformlar\u0131nda binlerce kullan\u0131c\u0131, format\u0131n \u00f6zg\u00fcnl\u00fc\u011f\u00fcn\u00fc kaybetti\u011fini savunarak Acun Il\u0131cal\u0131\u2019ya tepki g\u00f6sterdi. Yeni yar\u0131\u015fmac\u0131 g\u00f6rmek isteyen izleyiciler, \u201cayn\u0131 isimler, ayn\u0131 senaryo\u201d ele\u015ftirilerini s\u0131k\u00e7a dile getiriyor. Tepkilerin \u00e7\u0131\u011f gibi b\u00fcy\u00fcmesiyle birlikte g\u00f6zler yap\u0131m ekibinden ve Acun Il\u0131cal\u0131\u2019dan gelecek olas\u0131 a\u00e7\u0131klamalara \u00e7evrildi.<\/p>\n<h3>SURV\u0130VOR \u0130ZLEY\u0130C\u0130S\u0130NDEN ACUN ILICALI\u2019YA TEPK\u0130<\/h3>\n<p><a href=\"https:\/\/www.tgrthaber.com\/mavikadin\/survivorda-bir-ilk-yasanacak-3-takim-1-kupa\/\">Survivor<\/a> 2026 \u00dcnl\u00fcler G\u00f6n\u00fcll\u00fcler yeni yar\u0131\u015fmac\u0131lar\u0131yla yeni sezona ba\u015flam\u0131\u015ft\u0131. Survivor yar\u0131\u015fmas\u0131n\u0131n izleyicisi kitlesi yeni yar\u0131\u015fmac\u0131lar\u0131n dinamizmini ve oyun i\u00e7erisindeki performanslar\u0131n\u0131 \u00e7ok be\u011fenmi\u015fti. \u0130zleyicilerin Survivor 2026\u2019da en \u00e7ok sevdi\u011fi yar\u0131\u015fmac\u0131lar aras\u0131nda Bayhan, Onur Alp, Beyza, Deniz, Nobre, Murat ve Nobre yer al\u0131yor.<\/p>\n<p><img loading=\"lazy\" decoding=\"async\" class=\"alignnone wp-image-295749 size-full\" src=\"https:\/\/www.tgrthaber.com\/mavikadin\/wp-content\/uploads\/2026\/01\/Adsiz-tasarim-103.jpg\" alt=\"\" width=\"1208\" height=\"680\" title=\"\" srcset=\"https:\/\/www.tgrthaber.com\/mavikadin\/wp-content\/uploads\/2026\/01\/Adsiz-tasarim-103.jpg 1208w, https:\/\/www.tgrthaber.com\/mavikadin\/wp-content\/uploads\/2026\/01\/Adsiz-tasarim-103-300x169.jpg 300w, https:\/\/www.tgrthaber.com\/mavikadin\/wp-content\/uploads\/2026\/01\/Adsiz-tasarim-103-1024x576.jpg 1024w, https:\/\/www.tgrthaber.com\/mavikadin\/wp-content\/uploads\/2026\/01\/Adsiz-tasarim-103-768x432.jpg 768w\" sizes=\"(max-width: 1208px) 100vw, 1208px\" \/><\/p>\n<hr \/>\n<p>Il\u0131cal\u0131, Survivor 2026 yar\u0131\u015fmas\u0131na 5 hafta sonra dahil olan 8 eski All Star yar\u0131\u015fmac\u0131lar\u0131, 4 g\u00fcnl\u00fck Survivor Challenge i\u00e7in geldiklerini a\u00e7\u0131klam\u0131\u015ft\u0131. Survivor program\u0131n\u0131n bu ak\u015fam ki yay\u0131nlanan yeni b\u00f6l\u00fcm\u00fcnde Acun Il\u0131cal\u0131 Sar\u0131 tak\u0131m olarak adland\u0131rd\u0131\u011f\u0131 eski All Star yar\u0131\u015fmac\u0131lar\u0131n\u0131 ana kadroya dahil etti\u011fini a\u00e7\u0131klad\u0131. Il\u0131cal\u0131\u2019n\u0131n a\u00e7\u0131klamas\u0131 sonras\u0131 sosyal medya kullan\u0131c\u0131lar\u0131 ve program\u0131n fanlar\u0131 eski All Star yar\u0131\u015fmac\u0131lar\u0131n\u0131n kadroya al\u0131nmas\u0131na tepki g\u00f6sterdi.<\/p>\n<p><img loading=\"lazy\" decoding=\"async\" class=\"alignnone wp-image-295808 size-full\" src=\"https:\/\/www.tgrthaber.com\/mavikadin\/wp-content\/uploads\/2026\/01\/Adsiz-tasarim-12-14.jpg\" alt=\"\" width=\"1208\" height=\"680\" title=\"\" srcset=\"https:\/\/www.tgrthaber.com\/mavikadin\/wp-content\/uploads\/2026\/01\/Adsiz-tasarim-12-14.jpg 1208w, https:\/\/www.tgrthaber.com\/mavikadin\/wp-content\/uploads\/2026\/01\/Adsiz-tasarim-12-14-300x169.jpg 300w, https:\/\/www.tgrthaber.com\/mavikadin\/wp-content\/uploads\/2026\/01\/Adsiz-tasarim-12-14-1024x576.jpg 1024w, https:\/\/www.tgrthaber.com\/mavikadin\/wp-content\/uploads\/2026\/01\/Adsiz-tasarim-12-14-768x432.jpg 768w\" sizes=\"(max-width: 1208px) 100vw, 1208px\" \/><\/p>\n<hr \/>\n<h3>SOSYAL MEDYA KULLANICILARI ELE\u015eT\u0130R\u0130 YA\u011eMURUNA TUTTU<\/h3>\n<p>Survivor 2026 kadrosuna eski All Starlar\u0131n gelmesi sosyal medya kullan\u0131c\u0131lar\u0131 taraf\u0131ndan ele\u015ftiri ya\u011fmuruna tutuldu. Kullan\u0131c\u0131lar Acun Il\u0131cal\u0131\u2019n\u0131n ald\u0131\u011f\u0131 bu karar\u0131 yanl\u0131\u015f bulduklar\u0131n\u0131 dile getirdi. Kullan\u0131c\u0131lar, \u201c Sar\u0131 tak\u0131m kalmas\u0131n dedik\u00e7e inad\u0131na Acun sanki izleyici ile inat eder gibi torpillilerini tak\u0131mlara da\u011f\u0131tma karar\u0131 verdi. Ee izleyicini dinlemezsen, izleyicin ile inat edersen kim niye izlesin. Reyting gelecek san\u0131rken tamamen \u00e7ak\u0131lacak.\u201d yorumlar\u0131n\u0131 yapt\u0131.<\/p>\n<h3>SURV\u0130VOR 2026 \u00dcNL\u00dcLER VE G\u00d6N\u00dcLL\u00dcLER KADROSU<\/h3>\n<p><strong>\u00dcnl\u00fcler Tak\u0131m\u0131 kadrosu<\/strong><\/p>\n<ul>\n<li>Bayhan G\u00fcrhan<\/li>\n<li>Deniz \u00c7atalba\u015f<\/li>\n<li>Dilan \u00c7\u0131tak (elendi)<\/li>\n<li>Keremcem D\u00fcr\u00fck ( elendi)<\/li>\n<li>Mert Nobre<\/li>\n<li>Meryem Boz<\/li>\n<li>Murat Ark\u0131n<\/li>\n<li>Selen G\u00f6rg\u00fczel (elendi)<\/li>\n<li>Seren Ay \u00c7etin<\/li>\n<li>Serhan Onat<\/li>\n<\/ul>\n<p><img loading=\"lazy\" decoding=\"async\" class=\"alignnone wp-image-295776 size-full\" src=\"https:\/\/www.tgrthaber.com\/mavikadin\/wp-content\/uploads\/2026\/01\/Adsiz-tasarim-8-19.jpg\" alt=\"\" width=\"1208\" height=\"680\" title=\"\" srcset=\"https:\/\/www.tgrthaber.com\/mavikadin\/wp-content\/uploads\/2026\/01\/Adsiz-tasarim-8-19.jpg 1208w, https:\/\/www.tgrthaber.com\/mavikadin\/wp-content\/uploads\/2026\/01\/Adsiz-tasarim-8-19-300x169.jpg 300w, https:\/\/www.tgrthaber.com\/mavikadin\/wp-content\/uploads\/2026\/01\/Adsiz-tasarim-8-19-1024x576.jpg 1024w, https:\/\/www.tgrthaber.com\/mavikadin\/wp-content\/uploads\/2026\/01\/Adsiz-tasarim-8-19-768x432.jpg 768w\" sizes=\"(max-width: 1208px) 100vw, 1208px\" \/><\/p>\n<hr \/>\n<p><strong>\u00dcnl\u00fcler tak\u0131m\u0131na yedeklerden gelen adaylar<\/strong><\/p>\n<ul>\n<li>Can Berkay Ertemiz<\/li>\n<li>Seda Albayrak<\/li>\n<\/ul>\n<p><img loading=\"lazy\" decoding=\"async\" class=\"alignnone wp-image-295751 size-full\" src=\"https:\/\/www.tgrthaber.com\/mavikadin\/wp-content\/uploads\/2026\/01\/SURVIVOR-2026-UNLULER-VE-GONULLULER-KADROSU-5.jpg\" alt=\"\" width=\"1208\" height=\"680\" title=\"\" srcset=\"https:\/\/www.tgrthaber.com\/mavikadin\/wp-content\/uploads\/2026\/01\/SURVIVOR-2026-UNLULER-VE-GONULLULER-KADROSU-5.jpg 1208w, https:\/\/www.tgrthaber.com\/mavikadin\/wp-content\/uploads\/2026\/01\/SURVIVOR-2026-UNLULER-VE-GONULLULER-KADROSU-5-300x169.jpg 300w, https:\/\/www.tgrthaber.com\/mavikadin\/wp-content\/uploads\/2026\/01\/SURVIVOR-2026-UNLULER-VE-GONULLULER-KADROSU-5-1024x576.jpg 1024w, https:\/\/www.tgrthaber.com\/mavikadin\/wp-content\/uploads\/2026\/01\/SURVIVOR-2026-UNLULER-VE-GONULLULER-KADROSU-5-768x432.jpg 768w\" sizes=\"(max-width: 1208px) 100vw, 1208px\" \/><\/p>\n<hr \/>\n<p><strong>G\u00f6n\u00fcll\u00fcler tak\u0131m\u0131 kadrosu<\/strong><\/p>\n<ul>\n<li>Ramazan Sar\u0131<\/li>\n<li>Beyza Gemici<\/li>\n<li>Engincan Tura<\/li>\n<li>Eren Semerci<\/li>\n<li>Erkan Bilben (elendi)<\/li>\n<li>G\u00f6zde Bozkurt<\/li>\n<li>Lina Hourieh<\/li>\n<li>Nisanur G\u00fcler<\/li>\n<li>Onur Alp \u00c7am<\/li>\n<\/ul>\n<p><img loading=\"lazy\" decoding=\"async\" class=\"alignnone wp-image-295749 size-full\" src=\"https:\/\/www.tgrthaber.com\/mavikadin\/wp-content\/uploads\/2026\/01\/Adsiz-tasarim-103.jpg\" alt=\"\" width=\"1208\" height=\"680\" title=\"\" srcset=\"https:\/\/www.tgrthaber.com\/mavikadin\/wp-content\/uploads\/2026\/01\/Adsiz-tasarim-103.jpg 1208w, https:\/\/www.tgrthaber.com\/mavikadin\/wp-content\/uploads\/2026\/01\/Adsiz-tasarim-103-300x169.jpg 300w, https:\/\/www.tgrthaber.com\/mavikadin\/wp-content\/uploads\/2026\/01\/Adsiz-tasarim-103-1024x576.jpg 1024w, https:\/\/www.tgrthaber.com\/mavikadin\/wp-content\/uploads\/2026\/01\/Adsiz-tasarim-103-768x432.jpg 768w\" sizes=\"(max-width: 1208px) 100vw, 1208px\" \/><\/p>\n<hr \/>\n<p><strong>Sar\u0131 tak\u0131m kadrosu\u00a0<\/strong><\/p>\n<ul>\n<li>Nagihan Karadere<\/li>\n<li>Bar\u0131\u015f Murat Ya\u011fc\u0131<\/li>\n<li>Sercan Y\u0131ld\u0131r\u0131m<\/li>\n<li>Tu\u011f\u00e7e Melis Demir<\/li>\n<li>B\u00fc\u015fra Yal\u00e7\u0131n<\/li>\n<li>Osman Can<\/li>\n<li>Nefise Karatay<\/li>\n<li>Do\u011fu\u015f<\/li>\n<\/ul>\n<p><img loading=\"lazy\" decoding=\"async\" class=\"alignnone wp-image-295758 size-full\" src=\"https:\/\/www.tgrthaber.com\/mavikadin\/wp-content\/uploads\/2026\/01\/Survivor-Unluler-Gonulluler-2.jpg\" alt=\"\" width=\"1208\" height=\"680\" title=\"\" srcset=\"https:\/\/www.tgrthaber.com\/mavikadin\/wp-content\/uploads\/2026\/01\/Survivor-Unluler-Gonulluler-2.jpg 1208w, https:\/\/www.tgrthaber.com\/mavikadin\/wp-content\/uploads\/2026\/01\/Survivor-Unluler-Gonulluler-2-300x169.jpg 300w, https:\/\/www.tgrthaber.com\/mavikadin\/wp-content\/uploads\/2026\/01\/Survivor-Unluler-Gonulluler-2-1024x576.jpg 1024w, https:\/\/www.tgrthaber.com\/mavikadin\/wp-content\/uploads\/2026\/01\/Survivor-Unluler-Gonulluler-2-768x432.jpg 768w\" sizes=\"(max-width: 1208px) 100vw, 1208px\" \/><\/p>\n<hr \/>\n<h3>SURV\u0130VOR 2026\u2019YA VEDE EDEN YARI\u015eMACILAR<\/h3>\n<ul>\n<li>Dilan \u00c7\u0131tak<\/li>\n<li>Keremcem D\u00fcr\u00fck<\/li>\n<li>Selen G\u00f6rg\u00fczel<\/li>\n<li>Erkan Bilben<\/li>\n<\/ul>\n","protected":false},"excerpt":{"rendered":"<p>Survivor 2026 \u00dcnl\u00fcler G\u00f6n\u00fcll\u00fcler sezonunda eski yar\u0131\u015fmac\u0131lar\u0131n yeniden kadroya dahil edilmesi, izleyicilerin tepkisini \u00e7ekti. Sosyal medyada art arda yap\u0131lan payla\u015f\u0131mlarda yar\u0131\u015fman\u0131n adaletine ve format\u0131na y\u00f6nelik ele\u015ftiriler \u00f6ne \u00e7\u0131karken, tepkilerin oda\u011f\u0131nda Acun Il\u0131cal\u0131 yer ald\u0131. \u201cYeni isimlere \u015fans tan\u0131nmal\u0131\u201d yorumlar\u0131 k\u0131sa s\u00fcrede g\u00fcndem olurken, Survivor izleyicisinin memnuniyetsizli\u011fi her ge\u00e7en g\u00fcn daha da b\u00fcy\u00fcyor.<\/p>\n","protected":false},"author":10,"featured_media":295805,"comment_status":"closed","ping_status":"closed","sticky":false,"template":"","format":"standard","meta":{"rank_math_lock_modified_date":false,"footnotes":""},"categories":[76],"tags":[2368,133,12175,2366,63785,2367],"class_list":["post-295804","post","type-post","status-publish","format-standard","has-post-thumbnail","hentry","category-magazin","tag-acun-ilicali","tag-magazin","tag-magazin-haberi","tag-survivor","tag-survivor-2026","tag-survivor-all-star"],"_links":{"self":[{"href":"https:\/\/www.tgrthaber.com\/mavikadin\/wp-json\/wp\/v2\/posts\/295804"}],"collection":[{"href":"https:\/\/www.tgrthaber.com\/mavikadin\/wp-json\/wp\/v2\/posts"}],"about":[{"href":"https:\/\/www.tgrthaber.com\/mavikadin\/wp-json\/wp\/v2\/types\/post"}],"author":[{"embeddable":true,"href":"https:\/\/www.tgrthaber.com\/mavikadin\/wp-json\/wp\/v2\/users\/10"}],"replies":[{"embeddable":true,"href":"https:\/\/www.tgrthaber.com\/mavikadin\/wp-json\/wp\/v2\/comments?post=295804"}],"version-history":[{"count":4,"href":"https:\/\/www.tgrthaber.com\/mavikadin\/wp-json\/wp\/v2\/posts\/295804\/revisions"}],"predecessor-version":[{"id":295810,"href":"https:\/\/www.tgrthaber.com\/mavikadin\/wp-json\/wp\/v2\/posts\/295804\/revisions\/295810"}],"wp:featuredmedia":[{"embeddable":true,"href":"https:\/\/www.tgrthaber.com\/mavikadin\/wp-json\/wp\/v2\/media\/295805"}],"wp:attachment":[{"href":"https:\/\/www.tgrthaber.com\/mavikadin\/wp-json\/wp\/v2\/media?parent=295804"}],"wp:term":[{"taxonomy":"category","embeddable":true,"href":"https:\/\/www.tgrthaber.com\/mavikadin\/wp-json\/wp\/v2\/categories?post=295804"},{"taxonomy":"post_tag","embeddable":true,"href":"https:\/\/www.tgrthaber.com\/mavikadin\/wp-json\/wp\/v2\/tags?post=295804"}],"curies":[{"name":"wp","href":"https:\/\/api.w.org\/{rel}","templated":true}]}}