{"id":295813,"date":"2026-01-27T23:28:18","date_gmt":"2026-01-27T20:28:18","guid":{"rendered":"https:\/\/www.tgrthaber.com\/mavikadin\/?p=295813"},"modified":"2026-01-27T23:28:18","modified_gmt":"2026-01-27T20:28:18","slug":"sibel-can-tarkan-ve-ata-demirer-ayni-sahnede-surpriz-bulusma-geceye-damga-vurdu","status":"publish","type":"post","link":"https:\/\/www.tgrthaber.com\/mavikadin\/sibel-can-tarkan-ve-ata-demirer-ayni-sahnede-surpriz-bulusma-geceye-damga-vurdu\/","title":{"rendered":"Sibel Can Tarkan ve Ata Demirer ayn\u0131 sahnede! S\u00fcrpriz bulu\u015fma geceye damga vurdu"},"content":{"rendered":"<p>M\u00fczik ve e\u011flence d\u00fcnyas\u0131, bu ak\u015fam ya\u015fanan s\u00fcrpriz bulu\u015fma unutulmaz anlara sahne oldu. Megastar <a href=\"https:\/\/www.tgrthaber.com\/mavikadin\/tarkan-ve-cem-yilmaz-ayni-sahnede-kahkaha-ve-muzik-bir-aradaydi\/\">Tarkan<\/a>\u2019\u0131n sahnesine konuk olan Sibel Can, g\u00fc\u00e7l\u00fc yorumu ve enerjisiyle izleyenleri etkilerken, Ata Demirer de bu \u00f6zel ana esprileri ve sahne performans\u0131yla e\u015flik etti. \u00dc\u00e7 \u00fcnl\u00fc ismin ayn\u0131 sahnede yer almas\u0131, konseri izleyenler i\u00e7in adeta g\u00f6rsel ve i\u015fitsel bir \u015f\u00f6lene d\u00f6n\u00fc\u015ft\u00fc. O anlar cep telefonu kameralar\u0131yla kaydedilerek k\u0131sa s\u00fcrede sosyal medyada yay\u0131l\u0131rken, hayranlar s\u00fcrpriz bulu\u015fmay\u0131 \u201cgecenin olay\u0131\u201d olarak yorumlad\u0131. Magazin d\u00fcnyas\u0131nda yank\u0131 uyand\u0131ran bu anlar uzun s\u00fcre konu\u015fulaca\u011fa benziyor.<\/p>\n<h3>TARKAN VE S\u0130BEL CAN AYNI SAHNEDE!<\/h3>\n<p>T\u00fcrk m\u00fczi\u011finin iki g\u00fc\u00e7l\u00fc sesi Tarkan ve Sibel Can ayn\u0131 sahnede yer ald\u0131. Bu ak\u015fam \u0130stanbul\u2019da d\u00fczenlenen konser de \u00fcnl\u00fc \u015fark\u0131c\u0131 Sibel Can can dostum dedi\u011fi Megastar Tarkan\u2019\u0131n konserine \u00e7\u0131kt\u0131. Tarkan ve Sibel Can\u2019\u0131n sahnede bulu\u015fmas\u0131, konserin en unutulmaz anlar\u0131ndan biri oldu.<\/p>\n<p><img loading=\"lazy\" decoding=\"async\" class=\"alignnone wp-image-295815 size-full\" src=\"https:\/\/www.tgrthaber.com\/mavikadin\/wp-content\/uploads\/2026\/01\/Adsiz-tasarim-13-12.jpg\" alt=\"\" width=\"1208\" height=\"680\" title=\"\" srcset=\"https:\/\/www.tgrthaber.com\/mavikadin\/wp-content\/uploads\/2026\/01\/Adsiz-tasarim-13-12.jpg 1208w, https:\/\/www.tgrthaber.com\/mavikadin\/wp-content\/uploads\/2026\/01\/Adsiz-tasarim-13-12-300x169.jpg 300w, https:\/\/www.tgrthaber.com\/mavikadin\/wp-content\/uploads\/2026\/01\/Adsiz-tasarim-13-12-1024x576.jpg 1024w, https:\/\/www.tgrthaber.com\/mavikadin\/wp-content\/uploads\/2026\/01\/Adsiz-tasarim-13-12-768x432.jpg 768w\" sizes=\"(max-width: 1208px) 100vw, 1208px\" \/><\/p>\n<hr \/>\n<p>Megastar Tarkan, Sibel Can\u2019\u0131 b\u00fcy\u00fck alk\u0131\u015flar e\u015fli\u011finde sahneye davet ederken, ikilinin samimi halleri izleyicilerden tam not ald\u0131. Birlikte s\u00f6yledikleri \u015fark\u0131 salondaki co\u015fkuyu zirveye ta\u015f\u0131rken, m\u00fczikseverler bu \u00f6zel an\u0131 dakikalarca ayakta alk\u0131\u015flad\u0131. Uzun s\u00fcre sonra ger\u00e7ekle\u015fen s\u00fcrpriz bulu\u015fma, hem seyirciler hem de sosyal medya kullan\u0131c\u0131lar\u0131 taraf\u0131ndan \u201cm\u00fczik gecesinin y\u0131ld\u0131z\u0131\u201d olarak yorumland\u0131.<\/p>\n<div style=\"width: 640px;\" class=\"wp-video\"><!--[if lt IE 9]><script>document.createElement('video');<\/script><![endif]-->\n<video class=\"wp-video-shortcode\" id=\"video-295813-1\" width=\"640\" height=\"1138\" preload=\"metadata\" controls=\"controls\"><source type=\"video\/mp4\" src=\"https:\/\/www.tgrthaber.com\/mavikadin\/wp-content\/uploads\/2026\/01\/Sibel-Can-Tarkan-ve-Ata-Demirer-ayni-sahnede.mp4?_=1\" \/><a href=\"https:\/\/www.tgrthaber.com\/mavikadin\/wp-content\/uploads\/2026\/01\/Sibel-Can-Tarkan-ve-Ata-Demirer-ayni-sahnede.mp4\">https:\/\/www.tgrthaber.com\/mavikadin\/wp-content\/uploads\/2026\/01\/Sibel-Can-Tarkan-ve-Ata-Demirer-ayni-sahnede.mp4<\/a><\/video><\/div>\n<hr \/>\n<h3>ATA DEM\u0130RER TARKAN KONSER\u0130NE RENK KATTI<\/h3>\n<p>\u00dcnl\u00fc komedyen Ata Demirer, Tarkan konserine yapt\u0131\u011f\u0131 s\u00fcrprizle geceye renk katt\u0131. Sahneye enerjik ve esprili tav\u0131rlar\u0131yla \u00e7\u0131kan Demirer, hem Tarkan\u2019la hem de Sibel Can\u2019la olan samimi diyaloglar\u0131 ve seyirciyi g\u00fcld\u00fcren yorumlar\u0131yla alk\u0131\u015f toplad\u0131.<\/p>\n<p><img loading=\"lazy\" decoding=\"async\" class=\"alignnone wp-image-295816 size-full\" src=\"https:\/\/www.tgrthaber.com\/mavikadin\/wp-content\/uploads\/2026\/01\/tarkan-sibel-can-ata-demiere-ayni-sahnede.jpg\" alt=\"\" width=\"1208\" height=\"680\" title=\"\" srcset=\"https:\/\/www.tgrthaber.com\/mavikadin\/wp-content\/uploads\/2026\/01\/tarkan-sibel-can-ata-demiere-ayni-sahnede.jpg 1208w, https:\/\/www.tgrthaber.com\/mavikadin\/wp-content\/uploads\/2026\/01\/tarkan-sibel-can-ata-demiere-ayni-sahnede-300x169.jpg 300w, https:\/\/www.tgrthaber.com\/mavikadin\/wp-content\/uploads\/2026\/01\/tarkan-sibel-can-ata-demiere-ayni-sahnede-1024x576.jpg 1024w, https:\/\/www.tgrthaber.com\/mavikadin\/wp-content\/uploads\/2026\/01\/tarkan-sibel-can-ata-demiere-ayni-sahnede-768x432.jpg 768w\" sizes=\"(max-width: 1208px) 100vw, 1208px\" \/><\/p>\n<hr \/>\n<p>Konser alan\u0131nda kahkaha ve m\u00fczi\u011fin bir araya geldi\u011fi anlar ya\u015fan\u0131rken, Ata Demirer\u2019in performans\u0131 co\u015fkuyu daha da art\u0131rd\u0131. \u00dcnl\u00fc komedyenin sahnedeki do\u011fal halleri ve Tarkan\u2019la uyumu, izleyiciler taraf\u0131ndan gecenin en keyifli s\u00fcrprizlerinden biri olarak de\u011ferlendirildi.<\/p>\n","protected":false},"excerpt":{"rendered":"<p>Tarkan\u2019\u0131n konserine s\u00fcrpriz konuk olarak \u00e7\u0131kan Sibel Can, izleyicilere unutulmaz anlar ya\u015fat\u0131rken, Ata Demirer\u2019in ne\u015feli e\u015fli\u011fi salondaki co\u015fkuyu ikiye katlad\u0131. \u00d6zel bulu\u015fma k\u0131sa s\u00fcrede sosyal medyada g\u00fcndem olurken, sahnedeki samimi anlar b\u00fcy\u00fck be\u011feni toplad\u0131.<\/p>\n","protected":false},"author":10,"featured_media":295817,"comment_status":"closed","ping_status":"closed","sticky":false,"template":"","format":"standard","meta":{"rank_math_lock_modified_date":false,"footnotes":""},"categories":[76],"tags":[4269,133,12175,2810,19412],"class_list":["post-295813","post","type-post","status-publish","format-standard","has-post-thumbnail","hentry","category-magazin","tag-ata-demirer","tag-magazin","tag-magazin-haberi","tag-sibel-can","tag-tarkan-konseri"],"_links":{"self":[{"href":"https:\/\/www.tgrthaber.com\/mavikadin\/wp-json\/wp\/v2\/posts\/295813"}],"collection":[{"href":"https:\/\/www.tgrthaber.com\/mavikadin\/wp-json\/wp\/v2\/posts"}],"about":[{"href":"https:\/\/www.tgrthaber.com\/mavikadin\/wp-json\/wp\/v2\/types\/post"}],"author":[{"embeddable":true,"href":"https:\/\/www.tgrthaber.com\/mavikadin\/wp-json\/wp\/v2\/users\/10"}],"replies":[{"embeddable":true,"href":"https:\/\/www.tgrthaber.com\/mavikadin\/wp-json\/wp\/v2\/comments?post=295813"}],"version-history":[{"count":2,"href":"https:\/\/www.tgrthaber.com\/mavikadin\/wp-json\/wp\/v2\/posts\/295813\/revisions"}],"predecessor-version":[{"id":295819,"href":"https:\/\/www.tgrthaber.com\/mavikadin\/wp-json\/wp\/v2\/posts\/295813\/revisions\/295819"}],"wp:featuredmedia":[{"embeddable":true,"href":"https:\/\/www.tgrthaber.com\/mavikadin\/wp-json\/wp\/v2\/media\/295817"}],"wp:attachment":[{"href":"https:\/\/www.tgrthaber.com\/mavikadin\/wp-json\/wp\/v2\/media?parent=295813"}],"wp:term":[{"taxonomy":"category","embeddable":true,"href":"https:\/\/www.tgrthaber.com\/mavikadin\/wp-json\/wp\/v2\/categories?post=295813"},{"taxonomy":"post_tag","embeddable":true,"href":"https:\/\/www.tgrthaber.com\/mavikadin\/wp-json\/wp\/v2\/tags?post=295813"}],"curies":[{"name":"wp","href":"https:\/\/api.w.org\/{rel}","templated":true}]}}