{"id":295827,"date":"2026-01-28T08:53:18","date_gmt":"2026-01-28T05:53:18","guid":{"rendered":"https:\/\/www.tgrthaber.com\/mavikadin\/?p=295827"},"modified":"2026-01-28T08:53:18","modified_gmt":"2026-01-28T05:53:18","slug":"hakan-tasiyan-kimdir-kac-yasinda-hakan-tasiyan-aslen-nereli","status":"publish","type":"post","link":"https:\/\/www.tgrthaber.com\/mavikadin\/hakan-tasiyan-kimdir-kac-yasinda-hakan-tasiyan-aslen-nereli\/","title":{"rendered":"Hakan Ta\u015f\u0131yan kimdir, ka\u00e7 ya\u015f\u0131nda? Hakan Ta\u015f\u0131yan aslen nereli?"},"content":{"rendered":"<p>K\u00fc\u00e7\u00fck ya\u015flardan itibaren saza ilgi duyan <a href=\"https:\/\/www.tgrthaber.com\/mavikadin\/botokslu-erkek-unluler-kervanina-hakan-tasiyan-da-dahil-oldu\/\">Hakan Ta\u015f\u0131yan<\/a>, m\u00fczikle erken ya\u015fta tan\u0131\u015ft\u0131. Askerlik hizmetinin ard\u0131ndan ilk alb\u00fcm\u00fc Hesab\u0131m Bitmedi\u2019yi m\u00fczikseverlerle bulu\u015fturdu. 1997 y\u0131l\u0131nda yay\u0131mlanan ikinci alb\u00fcm\u00fc Sensiz \u0130ki G\u00fcn ise sanat\u00e7\u0131n\u0131n kariyerinde \u00f6nemli bir d\u00f6n\u00fcm noktas\u0131 oldu.<\/p>\n<h3>HAKAN TA\u015eIYAN KAR\u0130YER\u0130<\/h3>\n<p><a href=\"https:\/\/www.tgrthaber.com\/mavikadin\/hakan-tasiyan-bobrek-nakline-yardim-eden-cumhurbaskanina-vefa-gosterdi\/\">Hakan Ta\u015f\u0131yan<\/a> ilk alb\u00fcm\u00fc Hesab\u0131m Bitmedi\u2019yi m\u00fczikseverlerle bulu\u015fturduktan sonra ikinci alb\u00fcm\u00fc Sensiz \u0130ki G\u00fcn oldu.<br \/>\nM\u00fczik kariyerinin yan\u0131 s\u0131ra oyunculuk alan\u0131nda da ba\u015far\u0131l\u0131 \u00e7al\u0131\u015fmalara imza atan Ta\u015f\u0131yan, 1998 y\u0131l\u0131nda Hesab\u0131m Bitmedi adl\u0131 dizide Hilal Aslangiray ve Ebru Destan ile ba\u015frol\u00fc payla\u015ft\u0131. 2001 y\u0131l\u0131nda ise G\u00fcz G\u00fclleri dizisiyle ekranlara geldi ve dizide Kemal karakterini \u00fcstlendi.<\/p>\n<p><img loading=\"lazy\" decoding=\"async\" class=\"aligncenter size-full wp-image-295828\" src=\"https:\/\/www.tgrthaber.com\/mavikadin\/wp-content\/uploads\/2026\/01\/Hakan-Tasiyan-2.jpg\" alt=\"\" width=\"1280\" height=\"640\" title=\"\" srcset=\"https:\/\/www.tgrthaber.com\/mavikadin\/wp-content\/uploads\/2026\/01\/Hakan-Tasiyan-2.jpg 1280w, https:\/\/www.tgrthaber.com\/mavikadin\/wp-content\/uploads\/2026\/01\/Hakan-Tasiyan-2-300x150.jpg 300w, https:\/\/www.tgrthaber.com\/mavikadin\/wp-content\/uploads\/2026\/01\/Hakan-Tasiyan-2-1024x512.jpg 1024w, https:\/\/www.tgrthaber.com\/mavikadin\/wp-content\/uploads\/2026\/01\/Hakan-Tasiyan-2-768x384.jpg 768w\" sizes=\"(max-width: 1280px) 100vw, 1280px\" \/><\/p>\n<hr \/>\n<p>Ekim 2020\u2019de sa\u011fl\u0131k sorunlar\u0131 nedeniyle hastaneye kald\u0131r\u0131lan sanat\u00e7\u0131n\u0131n organ nakline ihtiya\u00e7 duydu\u011fu a\u00e7\u0131klanm\u0131\u015f, ard\u0131ndan karaci\u011fer ve b\u00f6brek nakli ger\u00e7ekle\u015ftirilmi\u015ftir. Tedavi s\u00fcrecinin ard\u0131ndan sa\u011fl\u0131k durumunun iyi oldu\u011fu kamuoyuyla payla\u015f\u0131lm\u0131\u015ft\u0131r.<\/p>\n<h3>HAKAN TA\u015eIYAN K\u0130MD\u0130R?<\/h3>\n<p>Hakan Ta\u015f\u0131yan, 1 Nisan 1973\u2019te Ankara\u2019da do\u011fdu. K\u00fc\u00e7\u00fck ya\u015flarda saza ilgi duymaya ba\u015flayan sanat\u00e7\u0131, m\u00fczikle erken ya\u015fta tan\u0131\u015ft\u0131. Askerlik hizmetinin ard\u0131ndan ilk alb\u00fcm\u00fc Hesab\u0131m Bitmedi\u2019yi m\u00fczikseverlerle bulu\u015fturdu. 1997 y\u0131l\u0131nda yay\u0131mlanan ikinci alb\u00fcm\u00fc Sensiz \u0130ki G\u00fcn ise sanat\u00e7\u0131n\u0131n en be\u011fenilen ve en g\u00fc\u00e7l\u00fc \u00e7al\u0131\u015fmalar\u0131ndan biri olarak dikkat \u00e7ekti.<\/p>\n<p><img loading=\"lazy\" decoding=\"async\" class=\"aligncenter size-full wp-image-295829\" src=\"https:\/\/www.tgrthaber.com\/mavikadin\/wp-content\/uploads\/2026\/01\/Hakan-Tasiyan-4.webp\" alt=\"\" width=\"1280\" height=\"720\" title=\"\" srcset=\"https:\/\/www.tgrthaber.com\/mavikadin\/wp-content\/uploads\/2026\/01\/Hakan-Tasiyan-4.webp 1280w, https:\/\/www.tgrthaber.com\/mavikadin\/wp-content\/uploads\/2026\/01\/Hakan-Tasiyan-4-300x169.webp 300w, https:\/\/www.tgrthaber.com\/mavikadin\/wp-content\/uploads\/2026\/01\/Hakan-Tasiyan-4-1024x576.webp 1024w, https:\/\/www.tgrthaber.com\/mavikadin\/wp-content\/uploads\/2026\/01\/Hakan-Tasiyan-4-768x432.webp 768w\" sizes=\"(max-width: 1280px) 100vw, 1280px\" \/><\/p>\n<hr \/>\n<h3>HAKAN TA\u015eIYAN ASLEN NEREL\u0130?<\/h3>\n<p>Hakan Ta\u015f\u0131yan\u2019\u0131n annesi Trabzonlu, babas\u0131 Diyarbak\u0131rl\u0131d\u0131r.<\/p>\n<p><img loading=\"lazy\" decoding=\"async\" class=\"aligncenter size-full wp-image-295830\" src=\"https:\/\/www.tgrthaber.com\/mavikadin\/wp-content\/uploads\/2026\/01\/Hakan-Tasiyan-6.jpg\" alt=\"\" width=\"1280\" height=\"720\" title=\"\" srcset=\"https:\/\/www.tgrthaber.com\/mavikadin\/wp-content\/uploads\/2026\/01\/Hakan-Tasiyan-6.jpg 1280w, https:\/\/www.tgrthaber.com\/mavikadin\/wp-content\/uploads\/2026\/01\/Hakan-Tasiyan-6-300x169.jpg 300w, https:\/\/www.tgrthaber.com\/mavikadin\/wp-content\/uploads\/2026\/01\/Hakan-Tasiyan-6-1024x576.jpg 1024w, https:\/\/www.tgrthaber.com\/mavikadin\/wp-content\/uploads\/2026\/01\/Hakan-Tasiyan-6-768x432.jpg 768w\" sizes=\"(max-width: 1280px) 100vw, 1280px\" \/><\/p>\n<hr \/>\n<h3>HAKAN TA\u015eIYAN\u2019A NE OLDU?<\/h3>\n<p>Arabesk m\u00fczi\u011fin sevilen isimlerinden Hakan Ta\u015f\u0131yan, ge\u00e7irdi\u011fi kalp krizi sonras\u0131 hastaneye kald\u0131r\u0131ld\u0131. Durumu kritik olan sanat\u00e7\u0131 i\u00e7in anjiyo yap\u0131l\u0131p yap\u0131lmayaca\u011f\u0131na ili\u015fkin karar s\u00fcreci devam ederken, Cumhurba\u015fkan\u0131 Recep Tayyip Erdo\u011fan\u2019\u0131n tedavi s\u00fcrecine ili\u015fkin her t\u00fcrl\u00fc deste\u011fin sa\u011flanmas\u0131 talimat\u0131n\u0131 verdi\u011fi \u00f6\u011frenildi.<\/p>\n<p><img loading=\"lazy\" decoding=\"async\" class=\"aligncenter size-full wp-image-295832\" src=\"https:\/\/www.tgrthaber.com\/mavikadin\/wp-content\/uploads\/2026\/01\/Hakan-Tasiyan_restored.webp\" alt=\"\" width=\"2000\" height=\"1224\" title=\"\" srcset=\"https:\/\/www.tgrthaber.com\/mavikadin\/wp-content\/uploads\/2026\/01\/Hakan-Tasiyan_restored.webp 2000w, https:\/\/www.tgrthaber.com\/mavikadin\/wp-content\/uploads\/2026\/01\/Hakan-Tasiyan_restored-300x184.webp 300w, https:\/\/www.tgrthaber.com\/mavikadin\/wp-content\/uploads\/2026\/01\/Hakan-Tasiyan_restored-1024x627.webp 1024w, https:\/\/www.tgrthaber.com\/mavikadin\/wp-content\/uploads\/2026\/01\/Hakan-Tasiyan_restored-768x470.webp 768w, https:\/\/www.tgrthaber.com\/mavikadin\/wp-content\/uploads\/2026\/01\/Hakan-Tasiyan_restored-1536x940.webp 1536w\" sizes=\"(max-width: 2000px) 100vw, 2000px\" \/><\/p>\n<hr \/>\n<p>\u00d6nceki g\u00fcn kalp krizi ge\u00e7iren Ta\u015f\u0131yan, acil olarak hastaneye sevk edildi. Daha \u00f6nce organ nakli ge\u00e7irmi\u015f olmas\u0131 nedeniyle doktorlar\u0131n anjiyo konusunda temkinli davrand\u0131\u011f\u0131, bu nedenle karar\u0131n sa\u011fl\u0131k kurulu taraf\u0131ndan de\u011ferlendirilmek \u00fczere ertelendi\u011fi belirtildi. Sabah gazetesinde yer alan habere g\u00f6re, kurulun toplanmas\u0131 beklenirken Cumhurba\u015fkan\u0131 Erdo\u011fan s\u00fcrece m\u00fcdahil oldu ve sanat\u00e7\u0131 i\u00e7in gerekli t\u00fcm imkanlar\u0131n seferber edilmesini istedi.<\/p>\n","protected":false},"excerpt":{"rendered":"<p>K\u00fc\u00e7\u00fck ya\u015flardan itibaren saza ilgi duyan Hakan Ta\u015f\u0131yan, m\u00fczik hayat\u0131na erken ya\u015fta ad\u0131m att\u0131. Askerlik g\u00f6revini tamamlad\u0131ktan sonra ilk alb\u00fcm\u00fc Hesab\u0131m Bitmedi\u2019yi m\u00fczik piyasas\u0131na sundu. 1997 y\u0131l\u0131nda yay\u0131mlanan ikinci alb\u00fcm\u00fc Sensiz \u0130ki G\u00fcn, sanat\u00e7\u0131n\u0131n kariyerinde \u00f6nemli bir \u00e7\u0131k\u0131\u015f yakalamas\u0131n\u0131 sa\u011flad\u0131.<\/p>\n","protected":false},"author":5,"featured_media":295833,"comment_status":"closed","ping_status":"closed","sticky":false,"template":"","format":"standard","meta":{"rank_math_lock_modified_date":false,"footnotes":""},"categories":[491],"tags":[3374,10403,71575,71576],"class_list":["post-295827","post","type-post","status-publish","format-standard","has-post-thumbnail","hentry","category-biyografi","tag-biyografi","tag-hakan-tasiyan","tag-hakan-tasiyan-kimdir","tag-hakan-tasiyana-ne-oldu"],"_links":{"self":[{"href":"https:\/\/www.tgrthaber.com\/mavikadin\/wp-json\/wp\/v2\/posts\/295827"}],"collection":[{"href":"https:\/\/www.tgrthaber.com\/mavikadin\/wp-json\/wp\/v2\/posts"}],"about":[{"href":"https:\/\/www.tgrthaber.com\/mavikadin\/wp-json\/wp\/v2\/types\/post"}],"author":[{"embeddable":true,"href":"https:\/\/www.tgrthaber.com\/mavikadin\/wp-json\/wp\/v2\/users\/5"}],"replies":[{"embeddable":true,"href":"https:\/\/www.tgrthaber.com\/mavikadin\/wp-json\/wp\/v2\/comments?post=295827"}],"version-history":[{"count":2,"href":"https:\/\/www.tgrthaber.com\/mavikadin\/wp-json\/wp\/v2\/posts\/295827\/revisions"}],"predecessor-version":[{"id":295835,"href":"https:\/\/www.tgrthaber.com\/mavikadin\/wp-json\/wp\/v2\/posts\/295827\/revisions\/295835"}],"wp:featuredmedia":[{"embeddable":true,"href":"https:\/\/www.tgrthaber.com\/mavikadin\/wp-json\/wp\/v2\/media\/295833"}],"wp:attachment":[{"href":"https:\/\/www.tgrthaber.com\/mavikadin\/wp-json\/wp\/v2\/media?parent=295827"}],"wp:term":[{"taxonomy":"category","embeddable":true,"href":"https:\/\/www.tgrthaber.com\/mavikadin\/wp-json\/wp\/v2\/categories?post=295827"},{"taxonomy":"post_tag","embeddable":true,"href":"https:\/\/www.tgrthaber.com\/mavikadin\/wp-json\/wp\/v2\/tags?post=295827"}],"curies":[{"name":"wp","href":"https:\/\/api.w.org\/{rel}","templated":true}]}}