{"id":295837,"date":"2026-01-28T09:21:08","date_gmt":"2026-01-28T06:21:08","guid":{"rendered":"https:\/\/www.tgrthaber.com\/mavikadin\/?p=295837"},"modified":"2026-01-28T09:21:08","modified_gmt":"2026-01-28T06:21:08","slug":"hakan-tasiyan-hastaligi-nedir-hakan-tasiyan-sag-mi","status":"publish","type":"post","link":"https:\/\/www.tgrthaber.com\/mavikadin\/hakan-tasiyan-hastaligi-nedir-hakan-tasiyan-sag-mi\/","title":{"rendered":"Hakan Ta\u015f\u0131yan hastal\u0131\u011f\u0131 nedir? Hakan Ta\u015f\u0131yan sa\u011f m\u0131?"},"content":{"rendered":"<p>Arabesk m\u00fczi\u011fin sevilen isimlerinden <a href=\"https:\/\/www.tgrthaber.com\/mavikadin\/hakan-tasiyan-kimdir-kac-yasinda-hakan-tasiyan-aslen-nereli\/\">Hakan Ta\u015f\u0131yan<\/a>, ge\u00e7irdi\u011fi kalp krizi nedeniyle hastaneye kald\u0131r\u0131ld\u0131. Daha \u00f6nce b\u00f6brek ve karaci\u011fer nakli olan 52 ya\u015f\u0131ndaki sanat\u00e7\u0131n\u0131n sa\u011fl\u0131k durumunun ciddiyetini korudu\u011fu \u00f6\u011frenildi. Peki Hakan Ta\u015f\u0131yan hastal\u0131\u011f\u0131 nedir? Hakan Ta\u015f\u0131yan sa\u011f m\u0131?<\/p>\n<h3>HAKAN TA\u015eIYAN HASTALI\u011eI NED\u0130R?<\/h3>\n<p>Kalp krizi sonras\u0131 Ankara\u2019da tedavi alt\u0131na al\u0131nan <a href=\"https:\/\/www.tgrthaber.com\/mavikadin\/botokslu-erkek-unluler-kervanina-hakan-tasiyan-da-dahil-oldu\/\">Hakan Ta\u015f\u0131yan<\/a>\u2019a, ge\u00e7irdi\u011fi organ nakilleri nedeniyle anjiyo uygulan\u0131p uygulanamayaca\u011f\u0131 konusunda doktorlar teredd\u00fct ya\u015fad\u0131. Bu nedenle uzmanlardan olu\u015fan bir sa\u011fl\u0131k kurulu olu\u015fturularak kapsaml\u0131 bir t\u0131bbi de\u011ferlendirme s\u00fcreci ba\u015flat\u0131ld\u0131.<\/p>\n<p>Ta\u015f\u0131yan daha \u00f6nce de b\u00f6brek ve karaci\u011fer nakli olmu\u015f kritik s\u00fcre\u00e7lerden ge\u00e7mi\u015fti.<\/p>\n<h3><img loading=\"lazy\" decoding=\"async\" class=\"aligncenter size-full wp-image-295838\" src=\"https:\/\/www.tgrthaber.com\/mavikadin\/wp-content\/uploads\/2026\/01\/Hakan-Tasiyan-2.webp\" alt=\"\" width=\"1200\" height=\"675\" title=\"\" srcset=\"https:\/\/www.tgrthaber.com\/mavikadin\/wp-content\/uploads\/2026\/01\/Hakan-Tasiyan-2.webp 1200w, https:\/\/www.tgrthaber.com\/mavikadin\/wp-content\/uploads\/2026\/01\/Hakan-Tasiyan-2-300x169.webp 300w, https:\/\/www.tgrthaber.com\/mavikadin\/wp-content\/uploads\/2026\/01\/Hakan-Tasiyan-2-1024x576.webp 1024w, https:\/\/www.tgrthaber.com\/mavikadin\/wp-content\/uploads\/2026\/01\/Hakan-Tasiyan-2-768x432.webp 768w\" sizes=\"(max-width: 1200px) 100vw, 1200px\" \/><\/h3>\n<hr \/>\n<h3>RECEP TAYY\u0130P ERDO\u011eAN DEVREYE G\u0130RD\u0130<\/h3>\n<p><a href=\"https:\/\/www.tgrthaber.com\/mavikadin\/hakan-tasiyan-bobrek-nakline-yardim-eden-cumhurbaskanina-vefa-gosterdi\/\">Hakan Ta\u015f\u0131yan<\/a>\u2019\u0131n sa\u011fl\u0131k durumu Cumhurba\u015fkan\u0131 ve AKP Genel Ba\u015fkan\u0131 Recep Tayyip Erdo\u011fan\u2019a da iletildi. Erdo\u011fan\u2019\u0131n, sanat\u00e7\u0131ya gerekli t\u00fcm deste\u011fin sa\u011flanmas\u0131 i\u00e7in talimat verdi\u011fi \u00f6\u011frenildi. Erdo\u011fan ile Ta\u015f\u0131yan\u2019\u0131n, birka\u00e7 ay \u00f6nce Esenbo\u011fa Havaliman\u0131\u2019nda kar\u015f\u0131la\u015farak uzun s\u00fcre sohbet etti\u011fi de belirtildi.<\/p>\n<p><img loading=\"lazy\" decoding=\"async\" class=\"aligncenter size-full wp-image-295839\" src=\"https:\/\/www.tgrthaber.com\/mavikadin\/wp-content\/uploads\/2026\/01\/Hakan-Tasiyan-1.jpg\" alt=\"\" width=\"1600\" height=\"835\" title=\"\" srcset=\"https:\/\/www.tgrthaber.com\/mavikadin\/wp-content\/uploads\/2026\/01\/Hakan-Tasiyan-1.jpg 1600w, https:\/\/www.tgrthaber.com\/mavikadin\/wp-content\/uploads\/2026\/01\/Hakan-Tasiyan-1-300x157.jpg 300w, https:\/\/www.tgrthaber.com\/mavikadin\/wp-content\/uploads\/2026\/01\/Hakan-Tasiyan-1-1024x534.jpg 1024w, https:\/\/www.tgrthaber.com\/mavikadin\/wp-content\/uploads\/2026\/01\/Hakan-Tasiyan-1-768x401.jpg 768w, https:\/\/www.tgrthaber.com\/mavikadin\/wp-content\/uploads\/2026\/01\/Hakan-Tasiyan-1-1536x802.jpg 1536w\" sizes=\"(max-width: 1600px) 100vw, 1600px\" \/><\/p>\n<hr \/>\n<h3>HAKAN TA\u015eIYAN K\u0130MD\u0130R?<\/h3>\n<p>1973 y\u0131l\u0131nda Ankara\u2019da d\u00fcnyaya gelen Hakan Ta\u015f\u0131yan, m\u00fczi\u011fe k\u00fc\u00e7\u00fck ya\u015flarda ba\u011flama \u00e7alarak ba\u015flad\u0131. Askerlik d\u00f6neminde komutanlar\u0131n\u0131n deste\u011fiyle ilk alb\u00fcm\u00fcn\u00fc \u00e7\u0131karan Ta\u015f\u0131yan, S\u0131la M\u00fczik etiketiyle yay\u0131mlanan \u201cHesab\u0131m Bitmedi\u201d alb\u00fcm\u00fcyle m\u00fczik d\u00fcnyas\u0131na ad\u0131m att\u0131.<\/p>\n<p><img loading=\"lazy\" decoding=\"async\" class=\"aligncenter size-full wp-image-295840\" src=\"https:\/\/www.tgrthaber.com\/mavikadin\/wp-content\/uploads\/2026\/01\/Hakan-Tasiyan-3.jpg\" alt=\"\" width=\"1280\" height=\"720\" title=\"\" srcset=\"https:\/\/www.tgrthaber.com\/mavikadin\/wp-content\/uploads\/2026\/01\/Hakan-Tasiyan-3.jpg 1280w, https:\/\/www.tgrthaber.com\/mavikadin\/wp-content\/uploads\/2026\/01\/Hakan-Tasiyan-3-300x169.jpg 300w, https:\/\/www.tgrthaber.com\/mavikadin\/wp-content\/uploads\/2026\/01\/Hakan-Tasiyan-3-1024x576.jpg 1024w, https:\/\/www.tgrthaber.com\/mavikadin\/wp-content\/uploads\/2026\/01\/Hakan-Tasiyan-3-768x432.jpg 768w\" sizes=\"(max-width: 1280px) 100vw, 1280px\" \/><\/p>\n<hr \/>\n<p>1997\u2019de yay\u0131mlanan \u201cSensiz \u0130ki G\u00fcn\u201d alb\u00fcm\u00fcyle geni\u015f kitlelerce tan\u0131nan sanat\u00e7\u0131, ard\u0131ndan \u201cG\u00f6z\u00fcn Sevem\u201d alb\u00fcm\u00fcn\u00fc m\u00fczikseverlerle bulu\u015fturdu. Ta\u015f\u0131yan, m\u00fczik kariyerinin yan\u0131 s\u0131ra oyunculuk da yapt\u0131; 1998 y\u0131l\u0131nda kendi ad\u0131n\u0131 ta\u015f\u0131yan dizide, 2001\u2019de ise \u201cG\u00fcz G\u00fclleri\u201d dizisinde ba\u015frol oynad\u0131.<\/p>\n<h3>HAKAN TA\u015eIYAN ALB\u00dcMLER\u0130<\/h3>\n<p>Hesab\u0131m Bitmedi Seninle (1996)<\/p>\n<p>Sensiz \u0130ki G\u00fcn (1997)<\/p>\n<p>G\u00f6z\u00fcn Sevem (1998)<\/p>\n<p>A Can\u0131m \/ K\u0131ymetini Bilemedim (1999)<\/p>\n<p>G\u00fcz G\u00fclleri (2000)<\/p>\n<p><img loading=\"lazy\" decoding=\"async\" class=\"aligncenter size-full wp-image-295841\" src=\"https:\/\/www.tgrthaber.com\/mavikadin\/wp-content\/uploads\/2026\/01\/Hakan-Tasiyan-3.webp\" alt=\"\" width=\"1280\" height=\"720\" title=\"\" srcset=\"https:\/\/www.tgrthaber.com\/mavikadin\/wp-content\/uploads\/2026\/01\/Hakan-Tasiyan-3.webp 1280w, https:\/\/www.tgrthaber.com\/mavikadin\/wp-content\/uploads\/2026\/01\/Hakan-Tasiyan-3-300x169.webp 300w, https:\/\/www.tgrthaber.com\/mavikadin\/wp-content\/uploads\/2026\/01\/Hakan-Tasiyan-3-1024x576.webp 1024w, https:\/\/www.tgrthaber.com\/mavikadin\/wp-content\/uploads\/2026\/01\/Hakan-Tasiyan-3-768x432.webp 768w\" sizes=\"(max-width: 1280px) 100vw, 1280px\" \/><\/p>\n<hr \/>\n<p>Mor Hicranlar (2002)<\/p>\n<p>Hakan Ta\u015f\u0131yan (2003)<\/p>\n<p>T\u00fcrk\u00fclerle (2004)<\/p>\n<p>Mutluluk Ya\u011fmuru (tarih bilinmiyor)<\/p>\n<p>Ya Sen Ya Hi\u00e7 (2007)<\/p>\n<p>Klasikler, Vol. 1 (2020 civar\u0131)<\/p>\n<p>Klasikler, Vol. 2 (2020 civar\u0131)<\/p>\n<p>Konu\u015fsana Birtanem (2020 civar\u0131)<\/p>\n<p>Sessiz Sedas\u0131z D\u00f6n\u00fc\u015f (2018)<\/p>\n<p><img loading=\"lazy\" decoding=\"async\" class=\"aligncenter size-full wp-image-295842\" src=\"https:\/\/www.tgrthaber.com\/mavikadin\/wp-content\/uploads\/2026\/01\/Hakan-Tasiyan-1.webp\" alt=\"\" width=\"1280\" height=\"720\" title=\"\" srcset=\"https:\/\/www.tgrthaber.com\/mavikadin\/wp-content\/uploads\/2026\/01\/Hakan-Tasiyan-1.webp 1280w, https:\/\/www.tgrthaber.com\/mavikadin\/wp-content\/uploads\/2026\/01\/Hakan-Tasiyan-1-300x169.webp 300w, https:\/\/www.tgrthaber.com\/mavikadin\/wp-content\/uploads\/2026\/01\/Hakan-Tasiyan-1-1024x576.webp 1024w, https:\/\/www.tgrthaber.com\/mavikadin\/wp-content\/uploads\/2026\/01\/Hakan-Tasiyan-1-768x432.webp 768w\" sizes=\"(max-width: 1280px) 100vw, 1280px\" \/><\/p>\n<hr \/>\n<h3>HAKAN TA\u015eIYAN\u2019IN YER ALDI\u011eI D\u0130Z\u0130LER<\/h3>\n<p>Oyuncu Olarak Rol Ald\u0131\u011f\u0131 Diziler<\/p>\n<p>Hesab\u0131m Bitmedi (1998) \u2013 Dizide Hakan karakteriyle yer ald\u0131.<\/p>\n<p>G\u00fcz G\u00fclleri (2001) \u2013 Dizide Kemal karakterini canland\u0131rd\u0131.<\/p>\n<p>Karde\u015f Pay\u0131 (2015) \u2013 Kendisi olarak (konuk\/rol \u00fcstlenen) g\u00f6r\u00fcnd\u00fc.<\/p>\n","protected":false},"excerpt":{"rendered":"<p>Kalp krizi ge\u00e7iren \u00fcnl\u00fc sanat\u00e7\u0131 Hakan Ta\u015f\u0131yan\u2019\u0131n sa\u011fl\u0131k durumu merak konusu oldu. \u2018Hakan Ta\u015f\u0131yan hastal\u0131\u011f\u0131 nedir? Hakan Ta\u015f\u0131yan sa\u011f m\u0131?\u2019 gibi sorular\u0131n cevaplar\u0131 hayranlar\u0131 taraf\u0131ndan ara\u015ft\u0131r\u0131lmaya ba\u015fland\u0131. 52 ya\u015f\u0131ndaki sanat\u00e7\u0131n\u0131n durumunun a\u011f\u0131r oldu\u011fu bilgisi payla\u015f\u0131ld\u0131.\u00a0<\/p>\n","protected":false},"author":5,"featured_media":295843,"comment_status":"closed","ping_status":"closed","sticky":false,"template":"","format":"standard","meta":{"rank_math_lock_modified_date":false,"footnotes":""},"categories":[491],"tags":[3374,10403,71577,71578,71575],"class_list":["post-295837","post","type-post","status-publish","format-standard","has-post-thumbnail","hentry","category-biyografi","tag-biyografi","tag-hakan-tasiyan","tag-hakan-tasiyan-hastaligi","tag-hakan-tasiyan-kalp-krizi","tag-hakan-tasiyan-kimdir"],"_links":{"self":[{"href":"https:\/\/www.tgrthaber.com\/mavikadin\/wp-json\/wp\/v2\/posts\/295837"}],"collection":[{"href":"https:\/\/www.tgrthaber.com\/mavikadin\/wp-json\/wp\/v2\/posts"}],"about":[{"href":"https:\/\/www.tgrthaber.com\/mavikadin\/wp-json\/wp\/v2\/types\/post"}],"author":[{"embeddable":true,"href":"https:\/\/www.tgrthaber.com\/mavikadin\/wp-json\/wp\/v2\/users\/5"}],"replies":[{"embeddable":true,"href":"https:\/\/www.tgrthaber.com\/mavikadin\/wp-json\/wp\/v2\/comments?post=295837"}],"version-history":[{"count":2,"href":"https:\/\/www.tgrthaber.com\/mavikadin\/wp-json\/wp\/v2\/posts\/295837\/revisions"}],"predecessor-version":[{"id":295845,"href":"https:\/\/www.tgrthaber.com\/mavikadin\/wp-json\/wp\/v2\/posts\/295837\/revisions\/295845"}],"wp:featuredmedia":[{"embeddable":true,"href":"https:\/\/www.tgrthaber.com\/mavikadin\/wp-json\/wp\/v2\/media\/295843"}],"wp:attachment":[{"href":"https:\/\/www.tgrthaber.com\/mavikadin\/wp-json\/wp\/v2\/media?parent=295837"}],"wp:term":[{"taxonomy":"category","embeddable":true,"href":"https:\/\/www.tgrthaber.com\/mavikadin\/wp-json\/wp\/v2\/categories?post=295837"},{"taxonomy":"post_tag","embeddable":true,"href":"https:\/\/www.tgrthaber.com\/mavikadin\/wp-json\/wp\/v2\/tags?post=295837"}],"curies":[{"name":"wp","href":"https:\/\/api.w.org\/{rel}","templated":true}]}}