{"id":295846,"date":"2026-01-28T09:55:00","date_gmt":"2026-01-28T06:55:00","guid":{"rendered":"https:\/\/www.tgrthaber.com\/mavikadin\/?p=295846"},"modified":"2026-01-28T09:55:00","modified_gmt":"2026-01-28T06:55:00","slug":"damla-colak-kimdir-kac-yasinda-damla-colak-anne-babasi-kimdir","status":"publish","type":"post","link":"https:\/\/www.tgrthaber.com\/mavikadin\/damla-colak-kimdir-kac-yasinda-damla-colak-anne-babasi-kimdir\/","title":{"rendered":"Damla \u00c7olak kimdir, ka\u00e7 ya\u015f\u0131nda? Damla \u00c7olak anne babas\u0131 kimdir?"},"content":{"rendered":"<p>Yeni ku\u015fa\u011f\u0131n dikkat \u00e7eken \u00e7ocuk oyuncular\u0131 aras\u0131nda yer alan <a href=\"https:\/\/www.tgrthaber.com\/mavikadin\/emre-dinler-kimdir-kac-yasinda-emre-dinler-hangi-dizilerde-oynadi\/\">Damla \u00c7olak\u2019\u0131n<\/a> \u00f6zel hayat\u0131na dair detaylar merak ediliyor. Kariyerinin hen\u00fcz \u00e7ok ba\u015flar\u0131nda olan Damla \u00c7olak\u2019\u0131n kim oldu\u011fu da ara\u015ft\u0131r\u0131l\u0131yor. Kariyerinin ba\u015f\u0131nda olmas\u0131na ra\u011fmen rol ald\u0131\u011f\u0131 projeler ve sergiledi\u011fi performansla dikkat \u00e7ekiyor. Peki, Damla \u00c7olak kimdir? Damla \u00c7olak ka\u00e7 ya\u015f\u0131nda? Damla \u00c7olak anne babas\u0131 kimdir? Damla \u00c7olak hakk\u0131nda merak edilenleri sizin i\u00e7in ara\u015ft\u0131rd\u0131k. \u0130\u015fte Damla \u00c7olak\u2019a dair bilinmeyenler\u2026<\/p>\n<h3>DAMLA \u00c7OLAK K\u0130MD\u0130R?<\/h3>\n<p><a href=\"https:\/\/www.tgrthaber.com\/mavikadin\/alya-dormen-kimdir-kac-yasinda-alya-dormen-kimin-kizi\/\">Damla \u00c7olak<\/a>, T\u00fcrk sinema ve dizi sekt\u00f6r\u00fcnde \u00e7ocuk oyunculuk yapmaktad\u0131r. \u015eimdilerde ilkokul 4. s\u0131n\u0131fa giden \u00c7olak, oyunculuk kariyerine \u00e7ok erken ya\u015flarda ba\u015flad\u0131. Kariyerine e\u011fitim ald\u0131\u011f\u0131 kurslarda ba\u015flayan \u00c7olak\u2019\u0131n yetene\u011fi fark edilince \u2018Layla \u015eirin Ajans\u2019ta kariyerini devam ettirmeye ba\u015flad\u0131.<\/p>\n<p><img loading=\"lazy\" decoding=\"async\" class=\"size-full wp-image-295854\" src=\"https:\/\/www.tgrthaber.com\/mavikadin\/wp-content\/uploads\/2026\/01\/Damla-Colak-9.jpg\" alt=\"Damla \u00c7olak kimdir, ka\u00e7 ya\u015f\u0131nda? Damla \u00c7olak anne babas\u0131 kimdir?\" width=\"1208\" height=\"680\" title=\"\" srcset=\"https:\/\/www.tgrthaber.com\/mavikadin\/wp-content\/uploads\/2026\/01\/Damla-Colak-9.jpg 1208w, https:\/\/www.tgrthaber.com\/mavikadin\/wp-content\/uploads\/2026\/01\/Damla-Colak-9-300x169.jpg 300w, https:\/\/www.tgrthaber.com\/mavikadin\/wp-content\/uploads\/2026\/01\/Damla-Colak-9-1024x576.jpg 1024w, https:\/\/www.tgrthaber.com\/mavikadin\/wp-content\/uploads\/2026\/01\/Damla-Colak-9-768x432.jpg 768w\" sizes=\"(max-width: 1208px) 100vw, 1208px\" \/><\/p>\n<hr \/>\n<p>Oyunculuk kariyerine ba\u015flad\u0131\u011f\u0131 andan itibaren bir\u00e7ok ba\u015far\u0131l\u0131 projede boy g\u00f6steren Layla \u00c7olak, k\u0131sa s\u00fcrede farkl\u0131 yap\u0131mlarda yer ald\u0131. Kariyerine oyunculuk alan\u0131nda devam etmek isteyen \u00c7olak, k\u00fc\u00e7\u00fck ya\u015fta olmas\u0131na ra\u011fmen ba\u015far\u0131l\u0131 oyunculu\u011fuyla g\u00f6z kama\u015ft\u0131r\u0131yor.<\/p>\n<h3>DAMLA \u00c7OLAK KA\u00c7 YA\u015eINDA?<\/h3>\n<p>Ba\u015far\u0131l\u0131 \u00e7ocuk oyunculu\u011fuyla dikkatleri \u00fczerine \u00e7eken <a href=\"https:\/\/www.tgrthaber.com\/mavikadin\/hakan-tasiyan-kimdir-kac-yasinda-hakan-tasiyan-aslen-nereli\/\">Damla \u00c7olak<\/a>, g\u00fcn\u00fcm\u00fcz itibar\u0131yla 10 ya\u015f\u0131ndad\u0131r. Son zamanlar\u0131n dikkat \u00e7eken \u00e7ocuk oyuncular\u0131 aras\u0131nda yer alan \u00c7olak, oyunculuk alan\u0131nda gitti\u011fi kurslarda \u00e7e\u015fitli e\u011fitimler ald\u0131.<\/p>\n<p><img loading=\"lazy\" decoding=\"async\" class=\"size-full wp-image-295855\" src=\"https:\/\/www.tgrthaber.com\/mavikadin\/wp-content\/uploads\/2026\/01\/Damla-Colak-10.jpg\" alt=\"Damla \u00c7olak kimdir, ka\u00e7 ya\u015f\u0131nda? Damla \u00c7olak anne babas\u0131 kimdir?\" width=\"1208\" height=\"680\" title=\"\" srcset=\"https:\/\/www.tgrthaber.com\/mavikadin\/wp-content\/uploads\/2026\/01\/Damla-Colak-10.jpg 1208w, https:\/\/www.tgrthaber.com\/mavikadin\/wp-content\/uploads\/2026\/01\/Damla-Colak-10-300x169.jpg 300w, https:\/\/www.tgrthaber.com\/mavikadin\/wp-content\/uploads\/2026\/01\/Damla-Colak-10-1024x576.jpg 1024w, https:\/\/www.tgrthaber.com\/mavikadin\/wp-content\/uploads\/2026\/01\/Damla-Colak-10-768x432.jpg 768w\" sizes=\"(max-width: 1208px) 100vw, 1208px\" \/><\/p>\n<hr \/>\n<p>\u00d6zellikle \u015fimdilerde \u2018Mutluyuz mu?\u2019 adl\u0131 sinema filmiyle dikkatleri \u00fczerine \u00e7eken Damla \u00c7olak, \u00e7al\u0131\u015fkan yap\u0131s\u0131 ve yetenekli olu\u015fuyla k\u00fc\u00e7\u00fck ya\u015f\u0131nda olmas\u0131na ra\u011fmen b\u00fcy\u00fck performanslar sergiliyor.<\/p>\n<p>Sahnede sergiledi\u011fi do\u011fal tav\u0131rlar\u0131 ve disiplin sahibi ki\u015fili\u011fiyle son zamanlar\u0131n ba\u015far\u0131l\u0131 \u00e7ocuk oyuncular\u0131 aras\u0131nda yer alan \u00c7olak, kariyerinde emin ad\u0131mlarla ilerlemeye devam ediyor.<\/p>\n<p><img loading=\"lazy\" decoding=\"async\" class=\"size-full wp-image-295856\" src=\"https:\/\/www.tgrthaber.com\/mavikadin\/wp-content\/uploads\/2026\/01\/Damla-Colak-1.jpg\" alt=\"Damla \u00c7olak kimdir, ka\u00e7 ya\u015f\u0131nda? Damla \u00c7olak anne babas\u0131 kimdir?\" width=\"1208\" height=\"680\" title=\"\" srcset=\"https:\/\/www.tgrthaber.com\/mavikadin\/wp-content\/uploads\/2026\/01\/Damla-Colak-1.jpg 1208w, https:\/\/www.tgrthaber.com\/mavikadin\/wp-content\/uploads\/2026\/01\/Damla-Colak-1-300x169.jpg 300w, https:\/\/www.tgrthaber.com\/mavikadin\/wp-content\/uploads\/2026\/01\/Damla-Colak-1-1024x576.jpg 1024w, https:\/\/www.tgrthaber.com\/mavikadin\/wp-content\/uploads\/2026\/01\/Damla-Colak-1-768x432.jpg 768w\" sizes=\"(max-width: 1208px) 100vw, 1208px\" \/><\/p>\n<hr \/>\n<p>Oyunculuk kariyeri boyunca bir\u00e7ok ba\u015far\u0131l\u0131 projede boy g\u00f6steren Damla \u00c7olak, reklam filmleri, sinema ve \u00e7e\u015fitli dizilerde yer ald\u0131. Piyasa dizisinde \u0130layda Ali\u015fan\u2019\u0131n \u00e7ocuklu\u011funu oynayan \u00c7olak, \u015fimdilerde ATV ekranlar\u0131n\u0131n iddial\u0131 dizisi A.B.\u0130. de boy g\u00f6steriyor. Dizi projelerinin yan\u0131 s\u0131ra sinema filmlerinde de yer alan \u00c7olak, \u0130brahim B\u00fcy\u00fckak ve Yasemin Sakall\u0131o\u011flu\u2019nun ba\u015frol\u00fcnde yer ald\u0131\u011f\u0131 \u2018Mutluyuz mu?\u2019 filmdeki performans\u0131yla ad\u0131ndan s\u00f6z ettiriyor.<\/p>\n<p><img loading=\"lazy\" decoding=\"async\" class=\"size-full wp-image-295851\" src=\"https:\/\/www.tgrthaber.com\/mavikadin\/wp-content\/uploads\/2026\/01\/Damla-Colak-6.jpg\" alt=\"Damla \u00c7olak kimdir, ka\u00e7 ya\u015f\u0131nda? Damla \u00c7olak anne babas\u0131 kimdir?\" width=\"1208\" height=\"680\" title=\"\" srcset=\"https:\/\/www.tgrthaber.com\/mavikadin\/wp-content\/uploads\/2026\/01\/Damla-Colak-6.jpg 1208w, https:\/\/www.tgrthaber.com\/mavikadin\/wp-content\/uploads\/2026\/01\/Damla-Colak-6-300x169.jpg 300w, https:\/\/www.tgrthaber.com\/mavikadin\/wp-content\/uploads\/2026\/01\/Damla-Colak-6-1024x576.jpg 1024w, https:\/\/www.tgrthaber.com\/mavikadin\/wp-content\/uploads\/2026\/01\/Damla-Colak-6-768x432.jpg 768w\" sizes=\"(max-width: 1208px) 100vw, 1208px\" \/><\/p>\n<hr \/>\n<h3>DAMLA \u00c7OLAK ANNE BABASI K\u0130MD\u0130R?<\/h3>\n<p>Ba\u015far\u0131l\u0131 \u00e7ocuk oyuncu <a href=\"https:\/\/www.tgrthaber.com\/mavikadin\/hakan-tasiyan-hastaligi-nedir-hakan-tasiyan-sag-mi\/\">Damla \u00c7olak\u2019\u0131n<\/a> annesi ve babas\u0131 hakk\u0131nda kamuoyunda herhangi bir bilgi yer alm\u0131yor. Oyunculuk kariyerinde annesiyle birlikte ilerleyen \u00c7olak\u2019\u0131n aile ya\u015fant\u0131s\u0131na dair detaylar bilinmiyor. \u00d6zel hayat\u0131n\u0131 ve aile ya\u015fant\u0131s\u0131n\u0131 g\u00f6zlerden uzak ya\u015famay\u0131 tercih eden \u00c7olak\u2019\u0131n anne babas\u0131na dair herhangi bir bilgi bulunmuyor.<\/p>\n<p><img loading=\"lazy\" decoding=\"async\" class=\"size-full wp-image-295857\" src=\"https:\/\/www.tgrthaber.com\/mavikadin\/wp-content\/uploads\/2026\/01\/Damla-Colak-2.jpg\" alt=\"Damla \u00c7olak kimdir, ka\u00e7 ya\u015f\u0131nda? Damla \u00c7olak anne babas\u0131 kimdir?\" width=\"1208\" height=\"680\" title=\"\" srcset=\"https:\/\/www.tgrthaber.com\/mavikadin\/wp-content\/uploads\/2026\/01\/Damla-Colak-2.jpg 1208w, https:\/\/www.tgrthaber.com\/mavikadin\/wp-content\/uploads\/2026\/01\/Damla-Colak-2-300x169.jpg 300w, https:\/\/www.tgrthaber.com\/mavikadin\/wp-content\/uploads\/2026\/01\/Damla-Colak-2-1024x576.jpg 1024w, https:\/\/www.tgrthaber.com\/mavikadin\/wp-content\/uploads\/2026\/01\/Damla-Colak-2-768x432.jpg 768w\" sizes=\"(max-width: 1208px) 100vw, 1208px\" \/><\/p>\n<hr \/>\n<p>\u2018Mutlu muyuz?\u2019 adl\u0131 sinema filminde boy g\u00f6steren Damla \u00c7olak, gala gecesi yapt\u0131\u011f\u0131 konu\u015fmayla magazin g\u00fcndemine bomba gibi d\u00fc\u015ft\u00fc. Filmle ilgili d\u00fc\u015f\u00fcncelerini dile getirmek isteyen \u00e7ocuk oyuncu, konu\u015fmas\u0131n\u0131n ilerleyen dakikalar\u0131nda kaybetti\u011fi babas\u0131n\u0131 anmak isteyince, duygular\u0131na engel olamad\u0131 ve g\u00f6zya\u015flar\u0131na bo\u011fuldu.<\/p>\n<p><img loading=\"lazy\" decoding=\"async\" class=\"size-full wp-image-295850\" src=\"https:\/\/www.tgrthaber.com\/mavikadin\/wp-content\/uploads\/2026\/01\/Damla-Colak-5.jpg\" alt=\"Damla \u00c7olak kimdir, ka\u00e7 ya\u015f\u0131nda? Damla \u00c7olak anne babas\u0131 kimdir?\" width=\"1208\" height=\"680\" title=\"\" srcset=\"https:\/\/www.tgrthaber.com\/mavikadin\/wp-content\/uploads\/2026\/01\/Damla-Colak-5.jpg 1208w, https:\/\/www.tgrthaber.com\/mavikadin\/wp-content\/uploads\/2026\/01\/Damla-Colak-5-300x169.jpg 300w, https:\/\/www.tgrthaber.com\/mavikadin\/wp-content\/uploads\/2026\/01\/Damla-Colak-5-1024x576.jpg 1024w, https:\/\/www.tgrthaber.com\/mavikadin\/wp-content\/uploads\/2026\/01\/Damla-Colak-5-768x432.jpg 768w\" sizes=\"(max-width: 1208px) 100vw, 1208px\" \/><\/p>\n<hr \/>\n<p>Damla \u00c7olak\u2019\u0131n babas\u0131n\u0131 neden kaybetti\u011fi ise merak edildi. Fakat \u00c7olak\u2019\u0131n babas\u0131n\u0131 neden kaybetti\u011fine dair kamuoyunda herhangi bir bilgiye rastlanmad\u0131. Babas\u0131n\u0131 anmak istedi\u011fi s\u0131rada g\u00f6zya\u015flar\u0131na hakim olamayan minik oyuncuyu Yasemin Sakall\u0131o\u011flu sakinle\u015ftirdi. Galaya damga vuran h\u00fcz\u00fcnl\u00fc anlar sosyal medyada geni\u015f yank\u0131 uyand\u0131rd\u0131.<\/p>\n","protected":false},"excerpt":{"rendered":"<p>\u00c7ocuk oyuncu olarak boy g\u00f6steren Damla \u00c7olak\u2019\u0131n kim oldu\u011funa dair detaylar ara\u015ft\u0131r\u0131l\u0131yor. Peki, Damla \u00c7olak kimdir, ka\u00e7 ya\u015f\u0131nda? Damla \u00c7olak anne babas\u0131 kimdir? \u0130\u015fte detaylar\u2026<\/p>\n","protected":false},"author":26,"featured_media":295853,"comment_status":"closed","ping_status":"closed","sticky":false,"template":"","format":"standard","meta":{"rank_math_lock_modified_date":false,"footnotes":""},"categories":[491],"tags":[3374,16521,71579,71581,71580,71582],"class_list":["post-295846","post","type-post","status-publish","format-standard","has-post-thumbnail","hentry","category-biyografi","tag-biyografi","tag-biyografi-haberleri","tag-damla-colak","tag-damla-colak-babasi","tag-damla-colak-kimdir","tag-damla-colak-mutlu-muyuz-filmi"],"_links":{"self":[{"href":"https:\/\/www.tgrthaber.com\/mavikadin\/wp-json\/wp\/v2\/posts\/295846"}],"collection":[{"href":"https:\/\/www.tgrthaber.com\/mavikadin\/wp-json\/wp\/v2\/posts"}],"about":[{"href":"https:\/\/www.tgrthaber.com\/mavikadin\/wp-json\/wp\/v2\/types\/post"}],"author":[{"embeddable":true,"href":"https:\/\/www.tgrthaber.com\/mavikadin\/wp-json\/wp\/v2\/users\/26"}],"replies":[{"embeddable":true,"href":"https:\/\/www.tgrthaber.com\/mavikadin\/wp-json\/wp\/v2\/comments?post=295846"}],"version-history":[{"count":1,"href":"https:\/\/www.tgrthaber.com\/mavikadin\/wp-json\/wp\/v2\/posts\/295846\/revisions"}],"predecessor-version":[{"id":295859,"href":"https:\/\/www.tgrthaber.com\/mavikadin\/wp-json\/wp\/v2\/posts\/295846\/revisions\/295859"}],"wp:featuredmedia":[{"embeddable":true,"href":"https:\/\/www.tgrthaber.com\/mavikadin\/wp-json\/wp\/v2\/media\/295853"}],"wp:attachment":[{"href":"https:\/\/www.tgrthaber.com\/mavikadin\/wp-json\/wp\/v2\/media?parent=295846"}],"wp:term":[{"taxonomy":"category","embeddable":true,"href":"https:\/\/www.tgrthaber.com\/mavikadin\/wp-json\/wp\/v2\/categories?post=295846"},{"taxonomy":"post_tag","embeddable":true,"href":"https:\/\/www.tgrthaber.com\/mavikadin\/wp-json\/wp\/v2\/tags?post=295846"}],"curies":[{"name":"wp","href":"https:\/\/api.w.org\/{rel}","templated":true}]}}